{"id":11180,"date":"2025-07-15T21:37:05","date_gmt":"2025-07-15T19:37:05","guid":{"rendered":"https:\/\/www.qwien.at\/nicht-kategorisiert\/parada\/"},"modified":"2025-07-15T21:37:05","modified_gmt":"2025-07-15T19:37:05","slug":"parada","status":"publish","type":"post","link":"https:\/\/www.qwien.at\/en\/qwien\/parada\/","title":{"rendered":"Parada"},"content":{"rendered":"<p><strong>Eine\u00a0serbisch-kroatisch-slowenisch-mazedonisch-montenegrinische\u00a0Koproduktion ist eine der irrwitzigsten Kom\u00f6dien seit langem. Kaum zu glauben, dass ein Film mit schwulem Inhalt zum erfolgreichsten serbischen Film nach dem Krieg wurde und allein auf der\u00a0<\/strong><strong>Berlinale<\/strong><strong>\u00a0<\/strong><em><strong>2011 drei Preise abr\u00e4umte, darunter einen der\u00a0<\/strong><\/em><strong>\u00d6kumenischen Jury. Andreas Brunner<\/strong><em><strong>\u00a0hat den Film gesehen und versteht warum.<\/strong><\/em><\/p>\n<p>Radmilo, ein gutm\u00fctiger, tollpatschiger Tierarzt, und Mirko, ein liebevoll verhuschter Theaterregisseur, wollen eine Parade f\u00fcr Schwule und Lesben in Belgrad organisieren. Ein schwieriges Unterfangen bei der allt\u00e4glichen Homophobie in Serbien. Da sich die Polizei weigert, die Parade zu sch\u00fctzen, wenden sich die wackeren aber doch auch etwas weltfremden K\u00e4mpferInnen an einen privaten Sicherheitsdienst, was sich anf\u00e4nglich auch als aussichtslos herausstellt \u2013 w\u00fcrde Mirko nicht als Hochzeitsplaner arbeiten und gerade Pearl, die Braut des Halbweltbosses Mickey Limun, als Kundin haben. Radmilo hat gerade dessen Bulldoge nach einem Schussattentat gerettet. Die Bande sind gekn\u00fcpft. Pearl, die ihre Traumhochzeit nach Mirkos Vorschl\u00e4gen durchsetzen will, erpresst Limun, daf\u00fcr zu sorgen, dass die Parade gesch\u00fctzt wird. So macht sich Limun auf den Weg und sucht seine Kriegsveteranen, um sie zu \u00fcberzeugen, den Kampf der Homos zu sch\u00fctzen. Nach allerlei Verwicklungen stellt sich ein politisch gar nicht korrektes Quartett, neben dem serbischen Tschetnik Limun, ein kroatischer Ustascha-K\u00e4mpfer, ein Kosovo-Albaner und ein Moslem, wacker einem schier aussichtlosen Kampf gegen rechtsradikale Hooligans.<\/p>\n<p><a href=\"https:\/\/www.qwien.at\/wp-content\/uploads\/2012\/10\/parada-plakat_300dpi2-212x300.jpg\"><img loading=\"lazy\" decoding=\"async\" class=\"alignleft size-medium wp-image-2229\" title=\"parada-plakat_300dpi\" src=\"https:\/\/www.qwien.at\/wp-content\/uploads\/2012\/10\/parada-plakat_300dpi2-212x300.jpg\" sizes=\"auto, (max-width: 212px) 100vw, 212px\" srcset=\"http:\/\/www.qwien.at\/wp-content\/uploads\/2012\/10\/parada-plakat_300dpi2-212x300.jpg 212w, http:\/\/www.qwien.at\/wp-content\/uploads\/2012\/10\/parada-plakat_300dpi2-768x1086.jpg 768w, http:\/\/www.qwien.at\/wp-content\/uploads\/2012\/10\/parada-plakat_300dpi2-724x1024.jpg 724w\" alt=\"\" width=\"212\" height=\"300\" \/><\/a>Rasant erz\u00e4hlt, gespickt mit zweideutigen und politisch gewagten Dialogen zieht der serbische Regisseur Sr\u0111an Dragojevi\u0107 nicht nur Klischees \u00fcber Schwule und Lesben durch den Kakao, sondern auch die Nationalit\u00e4tenkonflikte in den Nachfolgestaaten des ehemaligen Jugoslawien. Kaum vorzustellen, dass \u201eParada\u201c mit staatlichen und privaten Mitteln finanziert wurde, wenn man etwa von der Untersagung der Parade in Belgrad gelesen hat. Kaum zu glauben, dass der Film zu einem der erfolgreichsten Filme in den ex-jugoslawischen Staaten wurde, wenn Medien regelm\u00e4\u00dfig von \u00dcbergriffen auf Homosexuelle berichten, bei denen die staatlichen Autorit\u00e4ten wegschauten.Dragojevi\u0107 widersetzt sich der homophoben Grundstimmung der ex-jugoslawischen Gesellschaft. In einem Interview meinte er, er wollte einen Film f\u00fcr Homohasser machen. Er will sie mit seinem Witz bek\u00e4mpfen.\u00a0 Und es gelingt ihm mit einem sehenswerten Ergebnis. Hingehen und mitlachen, auch wenn das Gel\u00e4chter vielleicht manchmal im Hals stecken bleibt.<em>Parada<\/em>\u00a0l\u00e4uft in Wien ab 26.10, tgl. um 20.30 Uhr im Wiener\u00a0<strong>Filmcasino, Margaretenstra\u00dfe 78, 1050 Wien<\/strong>\u00a0in serbischer Originalfassung mit deutschen Untertiteln. Der schauderhaft synchronisierte\u00a0<a href=\"http:\/\/www.parada-film.de\/\">deutsche Trailer<\/a>\u00a0l\u00e4sst den brachialen Witz des Films nicht wirklich erahnen.<\/p>\n","protected":false},"excerpt":{"rendered":"<p>\t\t\t\t<![CDATA[]]>\t\t<\/p>\n","protected":false},"author":4,"featured_media":9164,"comment_status":"closed","ping_status":"open","sticky":false,"template":"","format":"standard","meta":{"_acf_changed":false,"footnotes":""},"categories":[272,275,276],"tags":[],"class_list":["post-11180","post","type-post","status-publish","format-standard","has-post-thumbnail","hentry","category-qwien","category-qwien-tipp","category-webarchive","grve-entry-item","grve-blog-item"],"acf":[],"yoast_head":"<!-- This site is optimized with the Yoast SEO plugin v27.5 - https:\/\/yoast.com\/product\/yoast-seo-wordpress\/ -->\n<title>Parada - Blog - Qwien - Zentrum f\u00fcr queere Geschichte<\/title>\n<meta name=\"robots\" content=\"index, follow, max-snippet:-1, max-image-preview:large, max-video-preview:-1\" \/>\n<link rel=\"canonical\" href=\"https:\/\/www.qwien.at\/en\/qwien\/parada\/\" \/>\n<meta property=\"og:locale\" content=\"en_US\" \/>\n<meta property=\"og:type\" content=\"article\" \/>\n<meta property=\"og:title\" content=\"Parada - Blog - Qwien - Zentrum f\u00fcr queere Geschichte\" \/>\n<meta property=\"og:url\" content=\"https:\/\/www.qwien.at\/en\/qwien\/parada\/\" \/>\n<meta property=\"og:site_name\" content=\"Qwien - Zentrum f\u00fcr queere Geschichte\" \/>\n<meta property=\"article:published_time\" content=\"2025-07-15T19:37:05+00:00\" \/>\n<meta property=\"og:image\" content=\"https:\/\/www.qwien.at\/wp-content\/uploads\/2012\/10\/parada-plakat_300dpi2-724x1024.jpg\" \/>\n\t<meta property=\"og:image:width\" content=\"724\" \/>\n\t<meta property=\"og:image:height\" content=\"1024\" \/>\n\t<meta property=\"og:image:type\" content=\"image\/jpeg\" \/>\n<meta name=\"author\" content=\"Andreas Brunner\" \/>\n<meta name=\"twitter:card\" content=\"summary_large_image\" \/>\n<meta name=\"twitter:label1\" content=\"Written by\" \/>\n\t<meta name=\"twitter:data1\" content=\"Andreas Brunner\" \/>\n\t<meta name=\"twitter:label2\" content=\"Est. reading time\" \/>\n\t<meta name=\"twitter:data2\" content=\"2 minutes\" \/>\n<script type=\"application\/ld+json\" class=\"yoast-schema-graph\">{\"@context\":\"https:\\\/\\\/schema.org\",\"@graph\":[{\"@type\":[\"Article\",\"BlogPosting\"],\"@id\":\"https:\\\/\\\/www.qwien.at\\\/en\\\/qwien\\\/parada\\\/#article\",\"isPartOf\":{\"@id\":\"https:\\\/\\\/www.qwien.at\\\/en\\\/qwien\\\/parada\\\/\"},\"author\":{\"name\":\"Andreas Brunner\",\"@id\":\"https:\\\/\\\/www.qwien.at\\\/en\\\/#\\\/schema\\\/person\\\/d3fe9114b43d8e5a558a6d20ca3e2920\"},\"headline\":\"Parada\",\"datePublished\":\"2025-07-15T19:37:05+00:00\",\"mainEntityOfPage\":{\"@id\":\"https:\\\/\\\/www.qwien.at\\\/en\\\/qwien\\\/parada\\\/\"},\"wordCount\":409,\"publisher\":{\"@id\":\"https:\\\/\\\/www.qwien.at\\\/en\\\/#organization\"},\"image\":{\"@id\":\"https:\\\/\\\/www.qwien.at\\\/en\\\/qwien\\\/parada\\\/#primaryimage\"},\"thumbnailUrl\":\"https:\\\/\\\/www.qwien.at\\\/wp-content\\\/uploads\\\/2012\\\/10\\\/parada-presse21.jpg\",\"articleSection\":[\"Qwien\",\"Tipp\",\"Webarchiv\"],\"inLanguage\":\"en-US\"},{\"@type\":\"WebPage\",\"@id\":\"https:\\\/\\\/www.qwien.at\\\/en\\\/qwien\\\/parada\\\/\",\"url\":\"https:\\\/\\\/www.qwien.at\\\/en\\\/qwien\\\/parada\\\/\",\"name\":\"Parada - Blog - Qwien - Zentrum f\u00fcr queere Geschichte\",\"isPartOf\":{\"@id\":\"https:\\\/\\\/www.qwien.at\\\/en\\\/#website\"},\"primaryImageOfPage\":{\"@id\":\"https:\\\/\\\/www.qwien.at\\\/en\\\/qwien\\\/parada\\\/#primaryimage\"},\"image\":{\"@id\":\"https:\\\/\\\/www.qwien.at\\\/en\\\/qwien\\\/parada\\\/#primaryimage\"},\"thumbnailUrl\":\"https:\\\/\\\/www.qwien.at\\\/wp-content\\\/uploads\\\/2012\\\/10\\\/parada-presse21.jpg\",\"datePublished\":\"2025-07-15T19:37:05+00:00\",\"breadcrumb\":{\"@id\":\"https:\\\/\\\/www.qwien.at\\\/en\\\/qwien\\\/parada\\\/#breadcrumb\"},\"inLanguage\":\"en-US\",\"potentialAction\":[{\"@type\":\"ReadAction\",\"target\":[\"https:\\\/\\\/www.qwien.at\\\/en\\\/qwien\\\/parada\\\/\"]}]},{\"@type\":\"ImageObject\",\"inLanguage\":\"en-US\",\"@id\":\"https:\\\/\\\/www.qwien.at\\\/en\\\/qwien\\\/parada\\\/#primaryimage\",\"url\":\"https:\\\/\\\/www.qwien.at\\\/wp-content\\\/uploads\\\/2012\\\/10\\\/parada-presse21.jpg\",\"contentUrl\":\"https:\\\/\\\/www.qwien.at\\\/wp-content\\\/uploads\\\/2012\\\/10\\\/parada-presse21.jpg\",\"width\":1772,\"height\":1181,\"caption\":\"\"},{\"@type\":\"BreadcrumbList\",\"@id\":\"https:\\\/\\\/www.qwien.at\\\/en\\\/qwien\\\/parada\\\/#breadcrumb\",\"itemListElement\":[{\"@type\":\"ListItem\",\"position\":1,\"name\":\"Startseite\",\"item\":\"https:\\\/\\\/www.qwien.at\\\/en\\\/\"},{\"@type\":\"ListItem\",\"position\":2,\"name\":\"Parada\"}]},{\"@type\":\"WebSite\",\"@id\":\"https:\\\/\\\/www.qwien.at\\\/en\\\/#website\",\"url\":\"https:\\\/\\\/www.qwien.at\\\/en\\\/\",\"name\":\"Qwien - Zentrum f\u00fcr queere Geschichte\",\"description\":\"\",\"publisher\":{\"@id\":\"https:\\\/\\\/www.qwien.at\\\/en\\\/#organization\"},\"potentialAction\":[{\"@type\":\"SearchAction\",\"target\":{\"@type\":\"EntryPoint\",\"urlTemplate\":\"https:\\\/\\\/www.qwien.at\\\/en\\\/?s={search_term_string}\"},\"query-input\":{\"@type\":\"PropertyValueSpecification\",\"valueRequired\":true,\"valueName\":\"search_term_string\"}}],\"inLanguage\":\"en-US\"},{\"@type\":\"Organization\",\"@id\":\"https:\\\/\\\/www.qwien.at\\\/en\\\/#organization\",\"name\":\"Qwien\",\"url\":\"https:\\\/\\\/www.qwien.at\\\/en\\\/\",\"logo\":{\"@type\":\"ImageObject\",\"inLanguage\":\"en-US\",\"@id\":\"https:\\\/\\\/www.qwien.at\\\/en\\\/#\\\/schema\\\/logo\\\/image\\\/\",\"url\":\"https:\\\/\\\/www.qwien.at\\\/wp-content\\\/uploads\\\/2025\\\/06\\\/seo-yoast-2.png\",\"contentUrl\":\"https:\\\/\\\/www.qwien.at\\\/wp-content\\\/uploads\\\/2025\\\/06\\\/seo-yoast-2.png\",\"width\":697,\"height\":697,\"caption\":\"Qwien\"},\"image\":{\"@id\":\"https:\\\/\\\/www.qwien.at\\\/en\\\/#\\\/schema\\\/logo\\\/image\\\/\"},\"sameAs\":[\"https:\\\/\\\/www.instagram.com\\\/qwien.zentrum\\\/\"]},{\"@type\":\"Person\",\"@id\":\"https:\\\/\\\/www.qwien.at\\\/en\\\/#\\\/schema\\\/person\\\/d3fe9114b43d8e5a558a6d20ca3e2920\",\"name\":\"Andreas Brunner\"}]}<\/script>\n<!-- \/ Yoast SEO plugin. -->","yoast_head_json":{"title":"Parada - Blog - Qwien - Zentrum f\u00fcr queere Geschichte","robots":{"index":"index","follow":"follow","max-snippet":"max-snippet:-1","max-image-preview":"max-image-preview:large","max-video-preview":"max-video-preview:-1"},"canonical":"https:\/\/www.qwien.at\/en\/qwien\/parada\/","og_locale":"en_US","og_type":"article","og_title":"Parada - Blog - Qwien - Zentrum f\u00fcr queere Geschichte","og_url":"https:\/\/www.qwien.at\/en\/qwien\/parada\/","og_site_name":"Qwien - Zentrum f\u00fcr queere Geschichte","article_published_time":"2025-07-15T19:37:05+00:00","og_image":[{"width":724,"height":1024,"url":"https:\/\/www.qwien.at\/wp-content\/uploads\/2012\/10\/parada-plakat_300dpi2-724x1024.jpg","type":"image\/jpeg"}],"author":"Andreas Brunner","twitter_card":"summary_large_image","twitter_misc":{"Written by":"Andreas Brunner","Est. reading time":"2 minutes"},"schema":{"@context":"https:\/\/schema.org","@graph":[{"@type":["Article","BlogPosting"],"@id":"https:\/\/www.qwien.at\/en\/qwien\/parada\/#article","isPartOf":{"@id":"https:\/\/www.qwien.at\/en\/qwien\/parada\/"},"author":{"name":"Andreas Brunner","@id":"https:\/\/www.qwien.at\/en\/#\/schema\/person\/d3fe9114b43d8e5a558a6d20ca3e2920"},"headline":"Parada","datePublished":"2025-07-15T19:37:05+00:00","mainEntityOfPage":{"@id":"https:\/\/www.qwien.at\/en\/qwien\/parada\/"},"wordCount":409,"publisher":{"@id":"https:\/\/www.qwien.at\/en\/#organization"},"image":{"@id":"https:\/\/www.qwien.at\/en\/qwien\/parada\/#primaryimage"},"thumbnailUrl":"https:\/\/www.qwien.at\/wp-content\/uploads\/2012\/10\/parada-presse21.jpg","articleSection":["Qwien","Tipp","Webarchiv"],"inLanguage":"en-US"},{"@type":"WebPage","@id":"https:\/\/www.qwien.at\/en\/qwien\/parada\/","url":"https:\/\/www.qwien.at\/en\/qwien\/parada\/","name":"Parada - Blog - Qwien - Zentrum f\u00fcr queere Geschichte","isPartOf":{"@id":"https:\/\/www.qwien.at\/en\/#website"},"primaryImageOfPage":{"@id":"https:\/\/www.qwien.at\/en\/qwien\/parada\/#primaryimage"},"image":{"@id":"https:\/\/www.qwien.at\/en\/qwien\/parada\/#primaryimage"},"thumbnailUrl":"https:\/\/www.qwien.at\/wp-content\/uploads\/2012\/10\/parada-presse21.jpg","datePublished":"2025-07-15T19:37:05+00:00","breadcrumb":{"@id":"https:\/\/www.qwien.at\/en\/qwien\/parada\/#breadcrumb"},"inLanguage":"en-US","potentialAction":[{"@type":"ReadAction","target":["https:\/\/www.qwien.at\/en\/qwien\/parada\/"]}]},{"@type":"ImageObject","inLanguage":"en-US","@id":"https:\/\/www.qwien.at\/en\/qwien\/parada\/#primaryimage","url":"https:\/\/www.qwien.at\/wp-content\/uploads\/2012\/10\/parada-presse21.jpg","contentUrl":"https:\/\/www.qwien.at\/wp-content\/uploads\/2012\/10\/parada-presse21.jpg","width":1772,"height":1181,"caption":""},{"@type":"BreadcrumbList","@id":"https:\/\/www.qwien.at\/en\/qwien\/parada\/#breadcrumb","itemListElement":[{"@type":"ListItem","position":1,"name":"Startseite","item":"https:\/\/www.qwien.at\/en\/"},{"@type":"ListItem","position":2,"name":"Parada"}]},{"@type":"WebSite","@id":"https:\/\/www.qwien.at\/en\/#website","url":"https:\/\/www.qwien.at\/en\/","name":"Qwien - Zentrum f\u00fcr queere Geschichte","description":"","publisher":{"@id":"https:\/\/www.qwien.at\/en\/#organization"},"potentialAction":[{"@type":"SearchAction","target":{"@type":"EntryPoint","urlTemplate":"https:\/\/www.qwien.at\/en\/?s={search_term_string}"},"query-input":{"@type":"PropertyValueSpecification","valueRequired":true,"valueName":"search_term_string"}}],"inLanguage":"en-US"},{"@type":"Organization","@id":"https:\/\/www.qwien.at\/en\/#organization","name":"Qwien","url":"https:\/\/www.qwien.at\/en\/","logo":{"@type":"ImageObject","inLanguage":"en-US","@id":"https:\/\/www.qwien.at\/en\/#\/schema\/logo\/image\/","url":"https:\/\/www.qwien.at\/wp-content\/uploads\/2025\/06\/seo-yoast-2.png","contentUrl":"https:\/\/www.qwien.at\/wp-content\/uploads\/2025\/06\/seo-yoast-2.png","width":697,"height":697,"caption":"Qwien"},"image":{"@id":"https:\/\/www.qwien.at\/en\/#\/schema\/logo\/image\/"},"sameAs":["https:\/\/www.instagram.com\/qwien.zentrum\/"]},{"@type":"Person","@id":"https:\/\/www.qwien.at\/en\/#\/schema\/person\/d3fe9114b43d8e5a558a6d20ca3e2920","name":"Andreas Brunner"}]}},"_links":{"self":[{"href":"https:\/\/www.qwien.at\/en\/wp-json\/wp\/v2\/posts\/11180","targetHints":{"allow":["GET"]}}],"collection":[{"href":"https:\/\/www.qwien.at\/en\/wp-json\/wp\/v2\/posts"}],"about":[{"href":"https:\/\/www.qwien.at\/en\/wp-json\/wp\/v2\/types\/post"}],"author":[{"embeddable":true,"href":"https:\/\/www.qwien.at\/en\/wp-json\/wp\/v2\/users\/4"}],"replies":[{"embeddable":true,"href":"https:\/\/www.qwien.at\/en\/wp-json\/wp\/v2\/comments?post=11180"}],"version-history":[{"count":0,"href":"https:\/\/www.qwien.at\/en\/wp-json\/wp\/v2\/posts\/11180\/revisions"}],"wp:featuredmedia":[{"embeddable":true,"href":"https:\/\/www.qwien.at\/en\/wp-json\/wp\/v2\/media\/9164"}],"wp:attachment":[{"href":"https:\/\/www.qwien.at\/en\/wp-json\/wp\/v2\/media?parent=11180"}],"wp:term":[{"taxonomy":"category","embeddable":true,"href":"https:\/\/www.qwien.at\/en\/wp-json\/wp\/v2\/categories?post=11180"},{"taxonomy":"post_tag","embeddable":true,"href":"https:\/\/www.qwien.at\/en\/wp-json\/wp\/v2\/tags?post=11180"}],"curies":[{"name":"wp","href":"https:\/\/api.w.org\/{rel}","templated":true}]}}