{"id":11181,"date":"2025-07-15T21:37:05","date_gmt":"2025-07-15T19:37:05","guid":{"rendered":"https:\/\/www.qwien.at\/nicht-kategorisiert\/tim-fischer-als-zarah\/"},"modified":"2025-07-15T21:37:05","modified_gmt":"2025-07-15T19:37:05","slug":"tim-fischer-als-zarah","status":"publish","type":"post","link":"https:\/\/www.qwien.at\/en\/qwien-tipp\/tim-fischer-als-zarah\/","title":{"rendered":"Tim Fischer als Zarah"},"content":{"rendered":"<p><strong>Mit Zarah wurde er zum Star. Nun ist Tim Fischer wieder mit den Liedern der Nazi-Diva im Wiener Akzent zu Gast.<\/strong>\u00a0<em>\u201eZarah muss mal wieder aus dem Haus\u201c<\/em>, findet Tim Fischer.\u00a0<em>\u201eMeine erste gro\u00dfe Show in Hamburg \u2013 ich war gerade 17 Jahre alt \u2013 hie\u00df \u201aZarah ohne Kleid\u2019\u201c<\/em>, auch wenn ich nicht nackt war.\u00a0<em>\u201eOhne Kleid\u201c<\/em>\u00a0meinte: Ich wollte diese K\u00fcnstlerin nicht mit einer dieser Travestie-Nummern mit Blaufuchs, Glitzer und Per\u00fccke belegen. Es sollte ein posthumes Leander-Konzert werden, keine Lobhudelei, keine Diffamierung, aber nat\u00fcrlich wollte ich Zarah Leander auch mit ihren Fehltritten und der ach so ber\u00fchmten \u201eWir haben ja von nichts gewusst\u201c- Haltung zeigen.\u201c<\/p>\n<div id=\"attachment_2248\" style=\"width: 310px\" class=\"wp-caption alignleft\"><a href=\"https:\/\/www.qwien.at\/wp-content\/uploads\/2012\/10\/Tim-Fischer-c-Stefan-Malzkorn-300x200.jpg\"><img loading=\"lazy\" decoding=\"async\" aria-describedby=\"caption-attachment-2248\" class=\"size-medium wp-image-2248\" title=\"Tim Fischer-(c) Stefan Malzkorn\" src=\"https:\/\/www.qwien.at\/wp-content\/uploads\/2012\/10\/Tim-Fischer-c-Stefan-Malzkorn-300x200.jpg\" sizes=\"auto, (max-width: 300px) 100vw, 300px\" srcset=\"http:\/\/www.qwien.at\/wp-content\/uploads\/2012\/10\/Tim-Fischer-c-Stefan-Malzkorn-300x200.jpg 300w, http:\/\/www.qwien.at\/wp-content\/uploads\/2012\/10\/Tim-Fischer-c-Stefan-Malzkorn-768x512.jpg 768w, http:\/\/www.qwien.at\/wp-content\/uploads\/2012\/10\/Tim-Fischer-c-Stefan-Malzkorn-1024x683.jpg 1024w\" alt=\"\" width=\"300\" height=\"200\" \/><\/a><p id=\"caption-attachment-2248\" class=\"wp-caption-text\">\u00a0(c) Stefan Malzkorn<\/p><\/div>\n<p>Heute l\u00e4sst Tim Fischer die Leander noch einmal auf die B\u00fchne \u2013 auch dieses Mal ohne Kleid. Am Klavier begleitet von Rainer Bielfeldt singt er die gro\u00dfen Klassiker, hat aber vor allem auch Rarit\u00e4ten unter den Leander-Liedern ausgegraben. Au\u00dferdem legt er ihr augenzwinkernd Lieder in den Mund, die der Ufa-Star zwar nie gesungen hat, die ihr aber passen wie ein Ma\u00dfanzug. Tim Fischer ist ein komischer Mensch \u2013 schrieb Georg Kreisler. Und der wusste es, denn er arbeitete mit Tim Fischer gemeinsam an dem Musical\u00a0<em>Adam Schaf hat Angst<\/em>\u00a0und sa\u00df mit ihm in Talkshows. Tim Fischer ist ein gro\u00dfartiger Chansonnier, ein S\u00e4nger, der seit mehr als 20 Jahren Live-Programme auf die Beine stellt, die viel zu schade sind, um sie Theaterleuten, Feuilletonisten und dritten Programmen zu lassen \u2013eigentlich haben die ihn eh nicht mehr allein. Seit einigen Jahren nimmt er beispielsweise Filmrollen an.\u00a0<strong>Tim Fischer \u201eZarah ohne Kleid\u201c\u00a0<\/strong>am Klavier: Rainer Bielfeldt 7. November 2012, 19.30 Uhr Theater Akzent, Theresianumgasse 18, 1040 Wien Karten\u00a0<a href=\"http:\/\/www.qwien.at\/2012\/10\/25\/tim-fischer-als-zarah\/www.akzent.at\">hier<\/a>.<\/p>\n","protected":false},"excerpt":{"rendered":"<p>\t\t\t\t<![CDATA[]]>\t\t<\/p>\n","protected":false},"author":4,"featured_media":9168,"comment_status":"closed","ping_status":"open","sticky":false,"template":"","format":"standard","meta":{"_acf_changed":false,"footnotes":""},"categories":[275,276],"tags":[],"class_list":["post-11181","post","type-post","status-publish","format-standard","has-post-thumbnail","hentry","category-qwien-tipp","category-webarchive","grve-entry-item","grve-blog-item"],"acf":[],"yoast_head":"<!-- This site is optimized with the Yoast SEO plugin v27.5 - https:\/\/yoast.com\/product\/yoast-seo-wordpress\/ -->\n<title>Tim Fischer als Zarah - Blog - Qwien - Zentrum f\u00fcr queere Geschichte<\/title>\n<meta name=\"robots\" content=\"index, follow, max-snippet:-1, max-image-preview:large, max-video-preview:-1\" \/>\n<link rel=\"canonical\" href=\"https:\/\/www.qwien.at\/en\/qwien-tipp\/tim-fischer-als-zarah\/\" \/>\n<meta property=\"og:locale\" content=\"en_US\" \/>\n<meta property=\"og:type\" content=\"article\" \/>\n<meta property=\"og:title\" content=\"Tim Fischer als Zarah - Blog - Qwien - Zentrum f\u00fcr queere Geschichte\" \/>\n<meta property=\"og:url\" content=\"https:\/\/www.qwien.at\/en\/qwien-tipp\/tim-fischer-als-zarah\/\" \/>\n<meta property=\"og:site_name\" content=\"Qwien - Zentrum f\u00fcr queere Geschichte\" \/>\n<meta property=\"article:published_time\" content=\"2025-07-15T19:37:05+00:00\" \/>\n<meta property=\"og:image\" content=\"https:\/\/www.qwien.at\/wp-content\/uploads\/2012\/10\/Tim-Fischer-c-Stefan-Malzkorn.jpg\" \/>\n\t<meta property=\"og:image:width\" content=\"3720\" \/>\n\t<meta property=\"og:image:height\" content=\"2480\" \/>\n\t<meta property=\"og:image:type\" content=\"image\/jpeg\" \/>\n<meta name=\"author\" content=\"Andreas Brunner\" \/>\n<meta name=\"twitter:card\" content=\"summary_large_image\" \/>\n<meta name=\"twitter:label1\" content=\"Written by\" \/>\n\t<meta name=\"twitter:data1\" content=\"Andreas Brunner\" \/>\n\t<meta name=\"twitter:label2\" content=\"Est. reading time\" \/>\n\t<meta name=\"twitter:data2\" content=\"1 minute\" \/>\n<script type=\"application\/ld+json\" class=\"yoast-schema-graph\">{\"@context\":\"https:\\\/\\\/schema.org\",\"@graph\":[{\"@type\":[\"Article\",\"BlogPosting\"],\"@id\":\"https:\\\/\\\/www.qwien.at\\\/en\\\/qwien-tipp\\\/tim-fischer-als-zarah\\\/#article\",\"isPartOf\":{\"@id\":\"https:\\\/\\\/www.qwien.at\\\/en\\\/qwien-tipp\\\/tim-fischer-als-zarah\\\/\"},\"author\":{\"name\":\"Andreas Brunner\",\"@id\":\"https:\\\/\\\/www.qwien.at\\\/en\\\/#\\\/schema\\\/person\\\/d3fe9114b43d8e5a558a6d20ca3e2920\"},\"headline\":\"Tim Fischer als Zarah\",\"datePublished\":\"2025-07-15T19:37:05+00:00\",\"mainEntityOfPage\":{\"@id\":\"https:\\\/\\\/www.qwien.at\\\/en\\\/qwien-tipp\\\/tim-fischer-als-zarah\\\/\"},\"wordCount\":289,\"publisher\":{\"@id\":\"https:\\\/\\\/www.qwien.at\\\/en\\\/#organization\"},\"image\":{\"@id\":\"https:\\\/\\\/www.qwien.at\\\/en\\\/qwien-tipp\\\/tim-fischer-als-zarah\\\/#primaryimage\"},\"thumbnailUrl\":\"https:\\\/\\\/www.qwien.at\\\/wp-content\\\/uploads\\\/2012\\\/10\\\/Tim-Fischer-c-Stefan-Malzkorn.jpg\",\"articleSection\":[\"Tipp\",\"Webarchiv\"],\"inLanguage\":\"en-US\"},{\"@type\":\"WebPage\",\"@id\":\"https:\\\/\\\/www.qwien.at\\\/en\\\/qwien-tipp\\\/tim-fischer-als-zarah\\\/\",\"url\":\"https:\\\/\\\/www.qwien.at\\\/en\\\/qwien-tipp\\\/tim-fischer-als-zarah\\\/\",\"name\":\"Tim Fischer als Zarah - Blog - Qwien - Zentrum f\u00fcr queere Geschichte\",\"isPartOf\":{\"@id\":\"https:\\\/\\\/www.qwien.at\\\/en\\\/#website\"},\"primaryImageOfPage\":{\"@id\":\"https:\\\/\\\/www.qwien.at\\\/en\\\/qwien-tipp\\\/tim-fischer-als-zarah\\\/#primaryimage\"},\"image\":{\"@id\":\"https:\\\/\\\/www.qwien.at\\\/en\\\/qwien-tipp\\\/tim-fischer-als-zarah\\\/#primaryimage\"},\"thumbnailUrl\":\"https:\\\/\\\/www.qwien.at\\\/wp-content\\\/uploads\\\/2012\\\/10\\\/Tim-Fischer-c-Stefan-Malzkorn.jpg\",\"datePublished\":\"2025-07-15T19:37:05+00:00\",\"breadcrumb\":{\"@id\":\"https:\\\/\\\/www.qwien.at\\\/en\\\/qwien-tipp\\\/tim-fischer-als-zarah\\\/#breadcrumb\"},\"inLanguage\":\"en-US\",\"potentialAction\":[{\"@type\":\"ReadAction\",\"target\":[\"https:\\\/\\\/www.qwien.at\\\/en\\\/qwien-tipp\\\/tim-fischer-als-zarah\\\/\"]}]},{\"@type\":\"ImageObject\",\"inLanguage\":\"en-US\",\"@id\":\"https:\\\/\\\/www.qwien.at\\\/en\\\/qwien-tipp\\\/tim-fischer-als-zarah\\\/#primaryimage\",\"url\":\"https:\\\/\\\/www.qwien.at\\\/wp-content\\\/uploads\\\/2012\\\/10\\\/Tim-Fischer-c-Stefan-Malzkorn.jpg\",\"contentUrl\":\"https:\\\/\\\/www.qwien.at\\\/wp-content\\\/uploads\\\/2012\\\/10\\\/Tim-Fischer-c-Stefan-Malzkorn.jpg\",\"width\":3720,\"height\":2480,\"caption\":\"\"},{\"@type\":\"BreadcrumbList\",\"@id\":\"https:\\\/\\\/www.qwien.at\\\/en\\\/qwien-tipp\\\/tim-fischer-als-zarah\\\/#breadcrumb\",\"itemListElement\":[{\"@type\":\"ListItem\",\"position\":1,\"name\":\"Startseite\",\"item\":\"https:\\\/\\\/www.qwien.at\\\/en\\\/\"},{\"@type\":\"ListItem\",\"position\":2,\"name\":\"Tim Fischer als Zarah\"}]},{\"@type\":\"WebSite\",\"@id\":\"https:\\\/\\\/www.qwien.at\\\/en\\\/#website\",\"url\":\"https:\\\/\\\/www.qwien.at\\\/en\\\/\",\"name\":\"Qwien - Zentrum f\u00fcr queere Geschichte\",\"description\":\"\",\"publisher\":{\"@id\":\"https:\\\/\\\/www.qwien.at\\\/en\\\/#organization\"},\"potentialAction\":[{\"@type\":\"SearchAction\",\"target\":{\"@type\":\"EntryPoint\",\"urlTemplate\":\"https:\\\/\\\/www.qwien.at\\\/en\\\/?s={search_term_string}\"},\"query-input\":{\"@type\":\"PropertyValueSpecification\",\"valueRequired\":true,\"valueName\":\"search_term_string\"}}],\"inLanguage\":\"en-US\"},{\"@type\":\"Organization\",\"@id\":\"https:\\\/\\\/www.qwien.at\\\/en\\\/#organization\",\"name\":\"Qwien\",\"url\":\"https:\\\/\\\/www.qwien.at\\\/en\\\/\",\"logo\":{\"@type\":\"ImageObject\",\"inLanguage\":\"en-US\",\"@id\":\"https:\\\/\\\/www.qwien.at\\\/en\\\/#\\\/schema\\\/logo\\\/image\\\/\",\"url\":\"https:\\\/\\\/www.qwien.at\\\/wp-content\\\/uploads\\\/2025\\\/06\\\/seo-yoast-2.png\",\"contentUrl\":\"https:\\\/\\\/www.qwien.at\\\/wp-content\\\/uploads\\\/2025\\\/06\\\/seo-yoast-2.png\",\"width\":697,\"height\":697,\"caption\":\"Qwien\"},\"image\":{\"@id\":\"https:\\\/\\\/www.qwien.at\\\/en\\\/#\\\/schema\\\/logo\\\/image\\\/\"},\"sameAs\":[\"https:\\\/\\\/www.instagram.com\\\/qwien.zentrum\\\/\"]},{\"@type\":\"Person\",\"@id\":\"https:\\\/\\\/www.qwien.at\\\/en\\\/#\\\/schema\\\/person\\\/d3fe9114b43d8e5a558a6d20ca3e2920\",\"name\":\"Andreas Brunner\"}]}<\/script>\n<!-- \/ Yoast SEO plugin. -->","yoast_head_json":{"title":"Tim Fischer als Zarah - Blog - Qwien - Zentrum f\u00fcr queere Geschichte","robots":{"index":"index","follow":"follow","max-snippet":"max-snippet:-1","max-image-preview":"max-image-preview:large","max-video-preview":"max-video-preview:-1"},"canonical":"https:\/\/www.qwien.at\/en\/qwien-tipp\/tim-fischer-als-zarah\/","og_locale":"en_US","og_type":"article","og_title":"Tim Fischer als Zarah - Blog - Qwien - Zentrum f\u00fcr queere Geschichte","og_url":"https:\/\/www.qwien.at\/en\/qwien-tipp\/tim-fischer-als-zarah\/","og_site_name":"Qwien - Zentrum f\u00fcr queere Geschichte","article_published_time":"2025-07-15T19:37:05+00:00","og_image":[{"width":3720,"height":2480,"url":"https:\/\/www.qwien.at\/wp-content\/uploads\/2012\/10\/Tim-Fischer-c-Stefan-Malzkorn.jpg","type":"image\/jpeg"}],"author":"Andreas Brunner","twitter_card":"summary_large_image","twitter_misc":{"Written by":"Andreas Brunner","Est. reading time":"1 minute"},"schema":{"@context":"https:\/\/schema.org","@graph":[{"@type":["Article","BlogPosting"],"@id":"https:\/\/www.qwien.at\/en\/qwien-tipp\/tim-fischer-als-zarah\/#article","isPartOf":{"@id":"https:\/\/www.qwien.at\/en\/qwien-tipp\/tim-fischer-als-zarah\/"},"author":{"name":"Andreas Brunner","@id":"https:\/\/www.qwien.at\/en\/#\/schema\/person\/d3fe9114b43d8e5a558a6d20ca3e2920"},"headline":"Tim Fischer als Zarah","datePublished":"2025-07-15T19:37:05+00:00","mainEntityOfPage":{"@id":"https:\/\/www.qwien.at\/en\/qwien-tipp\/tim-fischer-als-zarah\/"},"wordCount":289,"publisher":{"@id":"https:\/\/www.qwien.at\/en\/#organization"},"image":{"@id":"https:\/\/www.qwien.at\/en\/qwien-tipp\/tim-fischer-als-zarah\/#primaryimage"},"thumbnailUrl":"https:\/\/www.qwien.at\/wp-content\/uploads\/2012\/10\/Tim-Fischer-c-Stefan-Malzkorn.jpg","articleSection":["Tipp","Webarchiv"],"inLanguage":"en-US"},{"@type":"WebPage","@id":"https:\/\/www.qwien.at\/en\/qwien-tipp\/tim-fischer-als-zarah\/","url":"https:\/\/www.qwien.at\/en\/qwien-tipp\/tim-fischer-als-zarah\/","name":"Tim Fischer als Zarah - Blog - Qwien - Zentrum f\u00fcr queere Geschichte","isPartOf":{"@id":"https:\/\/www.qwien.at\/en\/#website"},"primaryImageOfPage":{"@id":"https:\/\/www.qwien.at\/en\/qwien-tipp\/tim-fischer-als-zarah\/#primaryimage"},"image":{"@id":"https:\/\/www.qwien.at\/en\/qwien-tipp\/tim-fischer-als-zarah\/#primaryimage"},"thumbnailUrl":"https:\/\/www.qwien.at\/wp-content\/uploads\/2012\/10\/Tim-Fischer-c-Stefan-Malzkorn.jpg","datePublished":"2025-07-15T19:37:05+00:00","breadcrumb":{"@id":"https:\/\/www.qwien.at\/en\/qwien-tipp\/tim-fischer-als-zarah\/#breadcrumb"},"inLanguage":"en-US","potentialAction":[{"@type":"ReadAction","target":["https:\/\/www.qwien.at\/en\/qwien-tipp\/tim-fischer-als-zarah\/"]}]},{"@type":"ImageObject","inLanguage":"en-US","@id":"https:\/\/www.qwien.at\/en\/qwien-tipp\/tim-fischer-als-zarah\/#primaryimage","url":"https:\/\/www.qwien.at\/wp-content\/uploads\/2012\/10\/Tim-Fischer-c-Stefan-Malzkorn.jpg","contentUrl":"https:\/\/www.qwien.at\/wp-content\/uploads\/2012\/10\/Tim-Fischer-c-Stefan-Malzkorn.jpg","width":3720,"height":2480,"caption":""},{"@type":"BreadcrumbList","@id":"https:\/\/www.qwien.at\/en\/qwien-tipp\/tim-fischer-als-zarah\/#breadcrumb","itemListElement":[{"@type":"ListItem","position":1,"name":"Startseite","item":"https:\/\/www.qwien.at\/en\/"},{"@type":"ListItem","position":2,"name":"Tim Fischer als Zarah"}]},{"@type":"WebSite","@id":"https:\/\/www.qwien.at\/en\/#website","url":"https:\/\/www.qwien.at\/en\/","name":"Qwien - Zentrum f\u00fcr queere Geschichte","description":"","publisher":{"@id":"https:\/\/www.qwien.at\/en\/#organization"},"potentialAction":[{"@type":"SearchAction","target":{"@type":"EntryPoint","urlTemplate":"https:\/\/www.qwien.at\/en\/?s={search_term_string}"},"query-input":{"@type":"PropertyValueSpecification","valueRequired":true,"valueName":"search_term_string"}}],"inLanguage":"en-US"},{"@type":"Organization","@id":"https:\/\/www.qwien.at\/en\/#organization","name":"Qwien","url":"https:\/\/www.qwien.at\/en\/","logo":{"@type":"ImageObject","inLanguage":"en-US","@id":"https:\/\/www.qwien.at\/en\/#\/schema\/logo\/image\/","url":"https:\/\/www.qwien.at\/wp-content\/uploads\/2025\/06\/seo-yoast-2.png","contentUrl":"https:\/\/www.qwien.at\/wp-content\/uploads\/2025\/06\/seo-yoast-2.png","width":697,"height":697,"caption":"Qwien"},"image":{"@id":"https:\/\/www.qwien.at\/en\/#\/schema\/logo\/image\/"},"sameAs":["https:\/\/www.instagram.com\/qwien.zentrum\/"]},{"@type":"Person","@id":"https:\/\/www.qwien.at\/en\/#\/schema\/person\/d3fe9114b43d8e5a558a6d20ca3e2920","name":"Andreas Brunner"}]}},"_links":{"self":[{"href":"https:\/\/www.qwien.at\/en\/wp-json\/wp\/v2\/posts\/11181","targetHints":{"allow":["GET"]}}],"collection":[{"href":"https:\/\/www.qwien.at\/en\/wp-json\/wp\/v2\/posts"}],"about":[{"href":"https:\/\/www.qwien.at\/en\/wp-json\/wp\/v2\/types\/post"}],"author":[{"embeddable":true,"href":"https:\/\/www.qwien.at\/en\/wp-json\/wp\/v2\/users\/4"}],"replies":[{"embeddable":true,"href":"https:\/\/www.qwien.at\/en\/wp-json\/wp\/v2\/comments?post=11181"}],"version-history":[{"count":0,"href":"https:\/\/www.qwien.at\/en\/wp-json\/wp\/v2\/posts\/11181\/revisions"}],"wp:featuredmedia":[{"embeddable":true,"href":"https:\/\/www.qwien.at\/en\/wp-json\/wp\/v2\/media\/9168"}],"wp:attachment":[{"href":"https:\/\/www.qwien.at\/en\/wp-json\/wp\/v2\/media?parent=11181"}],"wp:term":[{"taxonomy":"category","embeddable":true,"href":"https:\/\/www.qwien.at\/en\/wp-json\/wp\/v2\/categories?post=11181"},{"taxonomy":"post_tag","embeddable":true,"href":"https:\/\/www.qwien.at\/en\/wp-json\/wp\/v2\/tags?post=11181"}],"curies":[{"name":"wp","href":"https:\/\/api.w.org\/{rel}","templated":true}]}}