{"id":11187,"date":"2025-07-15T21:37:04","date_gmt":"2025-07-15T19:37:04","guid":{"rendered":"https:\/\/www.qwien.at\/nicht-kategorisiert\/1-vorbereitungstreffen-zur-budapest-pride-2012\/"},"modified":"2025-07-15T21:37:04","modified_gmt":"2025-07-15T19:37:04","slug":"1-vorbereitungstreffen-zur-budapest-pride-2012","status":"publish","type":"post","link":"https:\/\/www.qwien.at\/en\/qwien-tipp\/1-vorbereitungstreffen-zur-budapest-pride-2012\/","title":{"rendered":"1. Vorbereitungstreffen zur Budapest Pride 2012"},"content":{"rendered":"<p><strong>\u00a01. Vorbereitungstreffen zur Budapest Pride 2012<\/strong><br \/>\n<strong>Dienstag, 15. Mai 2012, 19 Uhr<\/strong><br \/>\n<strong>W23, Wipplingerstra\u00dfe 23, 1010 Wien<\/strong><\/p>\n<p><a href=\"http:\/\/radicalqueer.blogsport.eu\/\">http:\/\/radicalqueer.blogsport.eu\/<\/a><br \/>\n<a href=\"https:\/\/www.qwien.at\/wp-content\/uploads\/2012\/05\/budapest-pride.png\"><img loading=\"lazy\" decoding=\"async\" class=\"alignleft size-full wp-image-1571\" src=\"https:\/\/www.qwien.at\/wp-content\/uploads\/2012\/05\/budapest-pride.png\" alt=\"\" width=\"300\" height=\"213\" \/><\/a><br \/>\n<em>&#8220;Auch heuer ist wieder angedacht, Busse von Wien nach Budapest zu <\/em><br \/>\n<em>organisieren, um Menschen aus Wien\/\u00d6sterreich die Teilnahme an der <\/em><br \/>\n<em>Budapest Pride zu erleichtern und die Aufmerksamkeit daf\u00fcr zu st\u00e4rken. <\/em><br \/>\n<em>F\u00fcr den 7. Juli angek\u00fcndigt, wurde die Pride anf\u00e4nglich von der Polizei <\/em><br \/>\n<em>mit schaler Begr\u00fcndung untersagt, das Verbot allerdings vom Gericht <\/em><br \/>\n<em>wieder aufgehoben.<\/em><\/p>\n<p><em>Wir rechnen damit, dass sie trotz Schikanen und repressiver Stimmung <\/em><em>stattfinden wird und planen deshalb ein erstes Vorbereitungstreffen <\/em><em>Mitte Mai, zu dem du\/ihr herzlich eingeladen bist\/seid. Die Pride Parade<\/em><em> in Budapest ist bei dem Treffen zwar der Dreh- und Angelpunkt, es soll <\/em><em>aber durchaus auch den Raum bieten, sich weitere themenbezogene- und <\/em><em>verwandte Veranstaltungen zu \u00fcberlegen. Ideen willkommen, aber kein Muss .&#8221;<\/em><\/p>\n","protected":false},"excerpt":{"rendered":"<p>\t\t\t\t<![CDATA[]]>\t\t<\/p>\n","protected":false},"author":4,"featured_media":0,"comment_status":"closed","ping_status":"open","sticky":false,"template":"","format":"standard","meta":{"_acf_changed":false,"footnotes":""},"categories":[275,276],"tags":[],"class_list":["post-11187","post","type-post","status-publish","format-standard","hentry","category-qwien-tipp","category-webarchive","grve-entry-item","grve-blog-item"],"acf":[],"yoast_head":"<!-- This site is optimized with the Yoast SEO plugin v27.5 - https:\/\/yoast.com\/product\/yoast-seo-wordpress\/ -->\n<title>1. Vorbereitungstreffen zur Budapest Pride 2012 - Blog - Qwien - Zentrum f\u00fcr queere Geschichte<\/title>\n<meta name=\"robots\" content=\"index, follow, max-snippet:-1, max-image-preview:large, max-video-preview:-1\" \/>\n<link rel=\"canonical\" href=\"https:\/\/www.qwien.at\/en\/qwien-tipp\/1-vorbereitungstreffen-zur-budapest-pride-2012\/\" \/>\n<meta property=\"og:locale\" content=\"en_US\" \/>\n<meta property=\"og:type\" content=\"article\" \/>\n<meta property=\"og:title\" content=\"1. Vorbereitungstreffen zur Budapest Pride 2012 - Blog - Qwien - Zentrum f\u00fcr queere Geschichte\" \/>\n<meta property=\"og:url\" content=\"https:\/\/www.qwien.at\/en\/qwien-tipp\/1-vorbereitungstreffen-zur-budapest-pride-2012\/\" \/>\n<meta property=\"og:site_name\" content=\"Qwien - Zentrum f\u00fcr queere Geschichte\" \/>\n<meta property=\"article:published_time\" content=\"2025-07-15T19:37:04+00:00\" \/>\n<meta property=\"og:image\" content=\"https:\/\/www.qwien.at\/wp-content\/uploads\/2012\/05\/budapest-pride.png\" \/>\n\t<meta property=\"og:image:width\" content=\"300\" \/>\n\t<meta property=\"og:image:height\" content=\"213\" \/>\n\t<meta property=\"og:image:type\" content=\"image\/png\" \/>\n<meta name=\"author\" content=\"Andreas Brunner\" \/>\n<meta name=\"twitter:card\" content=\"summary_large_image\" \/>\n<meta name=\"twitter:label1\" content=\"Written by\" \/>\n\t<meta name=\"twitter:data1\" content=\"Andreas Brunner\" \/>\n\t<meta name=\"twitter:label2\" content=\"Est. reading time\" \/>\n\t<meta name=\"twitter:data2\" content=\"1 minute\" \/>\n<script type=\"application\/ld+json\" class=\"yoast-schema-graph\">{\"@context\":\"https:\\\/\\\/schema.org\",\"@graph\":[{\"@type\":[\"Article\",\"BlogPosting\"],\"@id\":\"https:\\\/\\\/www.qwien.at\\\/en\\\/qwien-tipp\\\/1-vorbereitungstreffen-zur-budapest-pride-2012\\\/#article\",\"isPartOf\":{\"@id\":\"https:\\\/\\\/www.qwien.at\\\/en\\\/qwien-tipp\\\/1-vorbereitungstreffen-zur-budapest-pride-2012\\\/\"},\"author\":{\"name\":\"Andreas Brunner\",\"@id\":\"https:\\\/\\\/www.qwien.at\\\/en\\\/#\\\/schema\\\/person\\\/d3fe9114b43d8e5a558a6d20ca3e2920\"},\"headline\":\"1. Vorbereitungstreffen zur Budapest Pride 2012\",\"datePublished\":\"2025-07-15T19:37:04+00:00\",\"mainEntityOfPage\":{\"@id\":\"https:\\\/\\\/www.qwien.at\\\/en\\\/qwien-tipp\\\/1-vorbereitungstreffen-zur-budapest-pride-2012\\\/\"},\"wordCount\":141,\"publisher\":{\"@id\":\"https:\\\/\\\/www.qwien.at\\\/en\\\/#organization\"},\"image\":{\"@id\":\"https:\\\/\\\/www.qwien.at\\\/en\\\/qwien-tipp\\\/1-vorbereitungstreffen-zur-budapest-pride-2012\\\/#primaryimage\"},\"thumbnailUrl\":\"https:\\\/\\\/www.qwien.at\\\/wp-content\\\/uploads\\\/2012\\\/05\\\/budapest-pride.png\",\"articleSection\":[\"Tipp\",\"Webarchiv\"],\"inLanguage\":\"en-US\"},{\"@type\":\"WebPage\",\"@id\":\"https:\\\/\\\/www.qwien.at\\\/en\\\/qwien-tipp\\\/1-vorbereitungstreffen-zur-budapest-pride-2012\\\/\",\"url\":\"https:\\\/\\\/www.qwien.at\\\/en\\\/qwien-tipp\\\/1-vorbereitungstreffen-zur-budapest-pride-2012\\\/\",\"name\":\"1. Vorbereitungstreffen zur Budapest Pride 2012 - Blog - Qwien - Zentrum f\u00fcr queere Geschichte\",\"isPartOf\":{\"@id\":\"https:\\\/\\\/www.qwien.at\\\/en\\\/#website\"},\"primaryImageOfPage\":{\"@id\":\"https:\\\/\\\/www.qwien.at\\\/en\\\/qwien-tipp\\\/1-vorbereitungstreffen-zur-budapest-pride-2012\\\/#primaryimage\"},\"image\":{\"@id\":\"https:\\\/\\\/www.qwien.at\\\/en\\\/qwien-tipp\\\/1-vorbereitungstreffen-zur-budapest-pride-2012\\\/#primaryimage\"},\"thumbnailUrl\":\"https:\\\/\\\/www.qwien.at\\\/wp-content\\\/uploads\\\/2012\\\/05\\\/budapest-pride.png\",\"datePublished\":\"2025-07-15T19:37:04+00:00\",\"breadcrumb\":{\"@id\":\"https:\\\/\\\/www.qwien.at\\\/en\\\/qwien-tipp\\\/1-vorbereitungstreffen-zur-budapest-pride-2012\\\/#breadcrumb\"},\"inLanguage\":\"en-US\",\"potentialAction\":[{\"@type\":\"ReadAction\",\"target\":[\"https:\\\/\\\/www.qwien.at\\\/en\\\/qwien-tipp\\\/1-vorbereitungstreffen-zur-budapest-pride-2012\\\/\"]}]},{\"@type\":\"ImageObject\",\"inLanguage\":\"en-US\",\"@id\":\"https:\\\/\\\/www.qwien.at\\\/en\\\/qwien-tipp\\\/1-vorbereitungstreffen-zur-budapest-pride-2012\\\/#primaryimage\",\"url\":\"https:\\\/\\\/www.qwien.at\\\/wp-content\\\/uploads\\\/2012\\\/05\\\/budapest-pride.png\",\"contentUrl\":\"https:\\\/\\\/www.qwien.at\\\/wp-content\\\/uploads\\\/2012\\\/05\\\/budapest-pride.png\"},{\"@type\":\"BreadcrumbList\",\"@id\":\"https:\\\/\\\/www.qwien.at\\\/en\\\/qwien-tipp\\\/1-vorbereitungstreffen-zur-budapest-pride-2012\\\/#breadcrumb\",\"itemListElement\":[{\"@type\":\"ListItem\",\"position\":1,\"name\":\"Startseite\",\"item\":\"https:\\\/\\\/www.qwien.at\\\/en\\\/\"},{\"@type\":\"ListItem\",\"position\":2,\"name\":\"1. Vorbereitungstreffen zur Budapest Pride 2012\"}]},{\"@type\":\"WebSite\",\"@id\":\"https:\\\/\\\/www.qwien.at\\\/en\\\/#website\",\"url\":\"https:\\\/\\\/www.qwien.at\\\/en\\\/\",\"name\":\"Qwien - Zentrum f\u00fcr queere Geschichte\",\"description\":\"\",\"publisher\":{\"@id\":\"https:\\\/\\\/www.qwien.at\\\/en\\\/#organization\"},\"potentialAction\":[{\"@type\":\"SearchAction\",\"target\":{\"@type\":\"EntryPoint\",\"urlTemplate\":\"https:\\\/\\\/www.qwien.at\\\/en\\\/?s={search_term_string}\"},\"query-input\":{\"@type\":\"PropertyValueSpecification\",\"valueRequired\":true,\"valueName\":\"search_term_string\"}}],\"inLanguage\":\"en-US\"},{\"@type\":\"Organization\",\"@id\":\"https:\\\/\\\/www.qwien.at\\\/en\\\/#organization\",\"name\":\"Qwien\",\"url\":\"https:\\\/\\\/www.qwien.at\\\/en\\\/\",\"logo\":{\"@type\":\"ImageObject\",\"inLanguage\":\"en-US\",\"@id\":\"https:\\\/\\\/www.qwien.at\\\/en\\\/#\\\/schema\\\/logo\\\/image\\\/\",\"url\":\"https:\\\/\\\/www.qwien.at\\\/wp-content\\\/uploads\\\/2025\\\/06\\\/seo-yoast-2.png\",\"contentUrl\":\"https:\\\/\\\/www.qwien.at\\\/wp-content\\\/uploads\\\/2025\\\/06\\\/seo-yoast-2.png\",\"width\":697,\"height\":697,\"caption\":\"Qwien\"},\"image\":{\"@id\":\"https:\\\/\\\/www.qwien.at\\\/en\\\/#\\\/schema\\\/logo\\\/image\\\/\"},\"sameAs\":[\"https:\\\/\\\/www.instagram.com\\\/qwien.zentrum\\\/\"]},{\"@type\":\"Person\",\"@id\":\"https:\\\/\\\/www.qwien.at\\\/en\\\/#\\\/schema\\\/person\\\/d3fe9114b43d8e5a558a6d20ca3e2920\",\"name\":\"Andreas Brunner\"}]}<\/script>\n<!-- \/ Yoast SEO plugin. -->","yoast_head_json":{"title":"1. Vorbereitungstreffen zur Budapest Pride 2012 - Blog - Qwien - Zentrum f\u00fcr queere Geschichte","robots":{"index":"index","follow":"follow","max-snippet":"max-snippet:-1","max-image-preview":"max-image-preview:large","max-video-preview":"max-video-preview:-1"},"canonical":"https:\/\/www.qwien.at\/en\/qwien-tipp\/1-vorbereitungstreffen-zur-budapest-pride-2012\/","og_locale":"en_US","og_type":"article","og_title":"1. Vorbereitungstreffen zur Budapest Pride 2012 - Blog - Qwien - Zentrum f\u00fcr queere Geschichte","og_url":"https:\/\/www.qwien.at\/en\/qwien-tipp\/1-vorbereitungstreffen-zur-budapest-pride-2012\/","og_site_name":"Qwien - Zentrum f\u00fcr queere Geschichte","article_published_time":"2025-07-15T19:37:04+00:00","og_image":[{"width":300,"height":213,"url":"https:\/\/www.qwien.at\/wp-content\/uploads\/2012\/05\/budapest-pride.png","type":"image\/png"}],"author":"Andreas Brunner","twitter_card":"summary_large_image","twitter_misc":{"Written by":"Andreas Brunner","Est. reading time":"1 minute"},"schema":{"@context":"https:\/\/schema.org","@graph":[{"@type":["Article","BlogPosting"],"@id":"https:\/\/www.qwien.at\/en\/qwien-tipp\/1-vorbereitungstreffen-zur-budapest-pride-2012\/#article","isPartOf":{"@id":"https:\/\/www.qwien.at\/en\/qwien-tipp\/1-vorbereitungstreffen-zur-budapest-pride-2012\/"},"author":{"name":"Andreas Brunner","@id":"https:\/\/www.qwien.at\/en\/#\/schema\/person\/d3fe9114b43d8e5a558a6d20ca3e2920"},"headline":"1. Vorbereitungstreffen zur Budapest Pride 2012","datePublished":"2025-07-15T19:37:04+00:00","mainEntityOfPage":{"@id":"https:\/\/www.qwien.at\/en\/qwien-tipp\/1-vorbereitungstreffen-zur-budapest-pride-2012\/"},"wordCount":141,"publisher":{"@id":"https:\/\/www.qwien.at\/en\/#organization"},"image":{"@id":"https:\/\/www.qwien.at\/en\/qwien-tipp\/1-vorbereitungstreffen-zur-budapest-pride-2012\/#primaryimage"},"thumbnailUrl":"https:\/\/www.qwien.at\/wp-content\/uploads\/2012\/05\/budapest-pride.png","articleSection":["Tipp","Webarchiv"],"inLanguage":"en-US"},{"@type":"WebPage","@id":"https:\/\/www.qwien.at\/en\/qwien-tipp\/1-vorbereitungstreffen-zur-budapest-pride-2012\/","url":"https:\/\/www.qwien.at\/en\/qwien-tipp\/1-vorbereitungstreffen-zur-budapest-pride-2012\/","name":"1. Vorbereitungstreffen zur Budapest Pride 2012 - Blog - Qwien - Zentrum f\u00fcr queere Geschichte","isPartOf":{"@id":"https:\/\/www.qwien.at\/en\/#website"},"primaryImageOfPage":{"@id":"https:\/\/www.qwien.at\/en\/qwien-tipp\/1-vorbereitungstreffen-zur-budapest-pride-2012\/#primaryimage"},"image":{"@id":"https:\/\/www.qwien.at\/en\/qwien-tipp\/1-vorbereitungstreffen-zur-budapest-pride-2012\/#primaryimage"},"thumbnailUrl":"https:\/\/www.qwien.at\/wp-content\/uploads\/2012\/05\/budapest-pride.png","datePublished":"2025-07-15T19:37:04+00:00","breadcrumb":{"@id":"https:\/\/www.qwien.at\/en\/qwien-tipp\/1-vorbereitungstreffen-zur-budapest-pride-2012\/#breadcrumb"},"inLanguage":"en-US","potentialAction":[{"@type":"ReadAction","target":["https:\/\/www.qwien.at\/en\/qwien-tipp\/1-vorbereitungstreffen-zur-budapest-pride-2012\/"]}]},{"@type":"ImageObject","inLanguage":"en-US","@id":"https:\/\/www.qwien.at\/en\/qwien-tipp\/1-vorbereitungstreffen-zur-budapest-pride-2012\/#primaryimage","url":"https:\/\/www.qwien.at\/wp-content\/uploads\/2012\/05\/budapest-pride.png","contentUrl":"https:\/\/www.qwien.at\/wp-content\/uploads\/2012\/05\/budapest-pride.png"},{"@type":"BreadcrumbList","@id":"https:\/\/www.qwien.at\/en\/qwien-tipp\/1-vorbereitungstreffen-zur-budapest-pride-2012\/#breadcrumb","itemListElement":[{"@type":"ListItem","position":1,"name":"Startseite","item":"https:\/\/www.qwien.at\/en\/"},{"@type":"ListItem","position":2,"name":"1. Vorbereitungstreffen zur Budapest Pride 2012"}]},{"@type":"WebSite","@id":"https:\/\/www.qwien.at\/en\/#website","url":"https:\/\/www.qwien.at\/en\/","name":"Qwien - Zentrum f\u00fcr queere Geschichte","description":"","publisher":{"@id":"https:\/\/www.qwien.at\/en\/#organization"},"potentialAction":[{"@type":"SearchAction","target":{"@type":"EntryPoint","urlTemplate":"https:\/\/www.qwien.at\/en\/?s={search_term_string}"},"query-input":{"@type":"PropertyValueSpecification","valueRequired":true,"valueName":"search_term_string"}}],"inLanguage":"en-US"},{"@type":"Organization","@id":"https:\/\/www.qwien.at\/en\/#organization","name":"Qwien","url":"https:\/\/www.qwien.at\/en\/","logo":{"@type":"ImageObject","inLanguage":"en-US","@id":"https:\/\/www.qwien.at\/en\/#\/schema\/logo\/image\/","url":"https:\/\/www.qwien.at\/wp-content\/uploads\/2025\/06\/seo-yoast-2.png","contentUrl":"https:\/\/www.qwien.at\/wp-content\/uploads\/2025\/06\/seo-yoast-2.png","width":697,"height":697,"caption":"Qwien"},"image":{"@id":"https:\/\/www.qwien.at\/en\/#\/schema\/logo\/image\/"},"sameAs":["https:\/\/www.instagram.com\/qwien.zentrum\/"]},{"@type":"Person","@id":"https:\/\/www.qwien.at\/en\/#\/schema\/person\/d3fe9114b43d8e5a558a6d20ca3e2920","name":"Andreas Brunner"}]}},"_links":{"self":[{"href":"https:\/\/www.qwien.at\/en\/wp-json\/wp\/v2\/posts\/11187","targetHints":{"allow":["GET"]}}],"collection":[{"href":"https:\/\/www.qwien.at\/en\/wp-json\/wp\/v2\/posts"}],"about":[{"href":"https:\/\/www.qwien.at\/en\/wp-json\/wp\/v2\/types\/post"}],"author":[{"embeddable":true,"href":"https:\/\/www.qwien.at\/en\/wp-json\/wp\/v2\/users\/4"}],"replies":[{"embeddable":true,"href":"https:\/\/www.qwien.at\/en\/wp-json\/wp\/v2\/comments?post=11187"}],"version-history":[{"count":0,"href":"https:\/\/www.qwien.at\/en\/wp-json\/wp\/v2\/posts\/11187\/revisions"}],"wp:attachment":[{"href":"https:\/\/www.qwien.at\/en\/wp-json\/wp\/v2\/media?parent=11187"}],"wp:term":[{"taxonomy":"category","embeddable":true,"href":"https:\/\/www.qwien.at\/en\/wp-json\/wp\/v2\/categories?post=11187"},{"taxonomy":"post_tag","embeddable":true,"href":"https:\/\/www.qwien.at\/en\/wp-json\/wp\/v2\/tags?post=11187"}],"curies":[{"name":"wp","href":"https:\/\/api.w.org\/{rel}","templated":true}]}}