{"id":11188,"date":"2025-07-15T21:37:04","date_gmt":"2025-07-15T19:37:04","guid":{"rendered":"https:\/\/www.qwien.at\/nicht-kategorisiert\/call-bis-3-6-feminismen-leben-fur-die-frauensommeruniversitat-wien-19-22-9-2012\/"},"modified":"2025-07-15T21:37:04","modified_gmt":"2025-07-15T19:37:04","slug":"call-bis-3-6-feminismen-leben-fur-die-frauensommeruniversitat-wien-19-22-9-2012","status":"publish","type":"post","link":"https:\/\/www.qwien.at\/en\/qwien-tipp\/call-bis-3-6-feminismen-leben-fur-die-frauensommeruniversitat-wien-19-22-9-2012\/","title":{"rendered":"Call bis 3.6. &quot;Feminismen leben&quot; f\u00fcr die FrauenSommerUniversit\u00e4t Wien 19.-22.9.2012"},"content":{"rendered":"<p>Feminismen leben<\/p>\n<p>Den Feminismus gibt es nicht. So vielf\u00e4ltig wie die Lebensrealit\u00e4ten von Frauen sind auch feministische Str\u00f6mungen. Feminismen sind nicht nur theoretische Konzepte \u2013 sie sind Ausgangspunkte f\u00fcr politische Bewegungen und werden von Feminist*innen im Alltag gelebt. Im Rahmen der FrauenSommerUniversit\u00e4t 2012 in Wien m\u00f6chten wir uns mit dieser feministischen Praxis auseinandersetzen und rufen euch dazu auf, uns eure Ideen zum Thema \u201eFeminismen leben\u201c zu schicken. Frauenuniversit\u00e4ten haben in \u00d6sterreich eine lange Tradition, wurden 2007 wiederbelebt und finden seither j\u00e4hrlich in einem anderen Bundesland statt. Die Frauenuniversit\u00e4t schafft R\u00e4ume, um sich auszutauschen, zu diskutieren, sich zu vernetzen und frauenpolitisch aktiv zu werden. Alle FrauenLesbenInterTranspersonen jeden Alters, jeder Bildung, jeder Herkunft und jeder sexuellen Orientierung sind dazu eingeladen, einen Vortrag zu halten, einen Workshop oder eine k\u00fcnstlerische \/ politische Aktion zu gestalten, eine Diskussion zu leiten \u2013 oder sich in ganz anderer Form einzubringen. Feminismen leben \u2013 Themenbereiche 1. Alltagsfeminismus Kinder feministisch erziehen, eine feministische Partner_innenschaft leben, sich rassistischer und (hetero-)sexistischer Diskriminierung im Alltag entgegenstellen, feministisch einkaufen\u2026? Feminismen finden auch au\u00dferhalb von H\u00f6rs\u00e4len und FrauenLesbendemonstrationen statt: Wir m\u00f6chten wissen, wie ihr Feminismus im Alltag lebt und welche Herausforderungen sich dabei f\u00fcr euch ergeben! Nachahmung erw\u00fcnscht!? 2. Jeder Generation ihren eigenen Feminismus!? 2. Welle, 3. Welle \u2013 der Generationenkonflikt der Feministinnen* wird (zumindest medial) seit einigen Jahren diskutiert. Gibt es einen solchen Konflikt tats\u00e4chlich? Hat jede \u201eGeneration\u201c ihren Kampf zu f\u00fchren und ben\u00f6tigt so auch ihren eigenen Feminismus? Verlaufen Konfliktlinien auf g\u00e4nzlich anderen Ebenen? Wirken solche Konflikte produktiv oder schaden sie der FrauenLesbenbewegung? Eure Positionen sind gefragt! 3. Verhandlungen von Feminismen und Antifeminismen im Netz Das Internet schafft (virtuelle) feministische R\u00e4ume: Auch im deutschsprachigen Raum gibt es mittlerweile zahlreiche feministische Weblogs, in sozialen Netzwerken findet der feministische Austausch \u00fcber nationale Grenzen hinweg statt. Zugleich hat sich das Netz aber auch zum Treffpunkt f\u00fcr M\u00e4nnerrechtler*innen und Antifeminist*innen entwickelt: In feministischen Foren werden Diskussionen verunm\u00f6glicht, Drohungen und Beschimpfen stehen auf der Tagesordnung. Wir interessieren uns f\u00fcr eure Ideen und Strategien: Wie geht ihr mit dieser Situation um? Welche Bedeutung hat das Internet f\u00fcr eure feministische Lebenspraxis? 4. Feminismen in Theorie und Praxis Die Diskussion um das Verh\u00e4ltnis von feministischer Theorie und Praxis begleitet die feministische Bewegung seit vielen Jahrzehnten. Welche Bedeutung hat die Theorie-Praxis-Schere f\u00fcr die vielf\u00e4ltigen feministischen Str\u00f6mungen? Wie viel Vielfalt vertr\u00e4gt Feminismus? Wie verl\u00e4uft eine Kommunikation von feministischer Wissenschaft und findet sie \u00fcberhaupt statt? Wird feministische Wissenschaft von den \u201eGender Studies\u201c abgel\u00f6st? Oder sind \u201eGender Studies\u201c und \u201eQueer Theory\u201c nur neue Labels f\u00fcr bestehende Diskurse. Lasst uns gemeinsam Theorie und Praxis verbinden! 5. FSU in Action! Feministischer Aktionismus im \u00f6ffentlichen Raum hat vielf\u00e4ltige Formen angenommen: Flashmobs, Guerilla Knitting, Adbusting \u2013 wir m\u00f6chten bei der FrauenSommerUniversit\u00e4t in Wien eure Kreativit\u00e4t nutzen, Handlungsanleitungen entwerfen und selbst aktiv werden! Eure Ideen sind gefragt! Eure Beitr\u00e4ge Was die Form eurer Beitr\u00e4ge betrifft, m\u00f6chten wir euch m\u00f6glichst wenig einschr\u00e4nken. Ob ihr einen klassischen Vortrag halten und eure Forschungsergebnisse pr\u00e4sentieren m\u00f6chtet oder andere f\u00fcr einen Projektentwurf, eine k\u00fcnstlerische Aktion oder eine Diskussion begeistern m\u00f6chtet \u2013 die FrauenSommerUniversit\u00e4t bietet Raum f\u00fcr eure Ideen. Wir bitten euch um eine kurze Beschreibung (ca. eine A4 Seite) eures Vorhabens und welche R\u00e4umlichkeiten und welches Material ihr dazu ben\u00f6tigt. Wir sind bem\u00fcht, gen\u00fcgend F\u00f6rdermittel zu gewinnen, um eure Beitr\u00e4ge angemessen zu honorieren, k\u00f6nnen das aber im Moment noch nicht zusagen. Wir werden auf jeden Fall eventuelle Fahrt-, \u00dcbernachtungs- und Materialkosten \u00fcbernehmen. Bitte schickt uns eure Ideen bis sp\u00e4testens 03.06.2012 am besten per E-Mail an: <a href=\"https:\/\/service.gmx.net\/de\/cgi\/g.fcgi\/mail\/new?CUSTOMERNO=16078578&amp;t=de996942414.1337073366.5054dc58&amp;to=fsu.wien%40gmail.com\">fsu.wien@gmail.com<\/a>\u00a0Wir werden uns anschlie\u00dfend alle Einreichungen ansehen und euch so bald als m\u00f6glich \u00fcber unsere Entscheidung informieren. Wir freuen uns auf eure Beitr\u00e4ge! Das Orga-Team der FrauenSommerUniversit\u00e4t Wien Frauensommeruni Wien 2012\u00a0<a href=\"https:\/\/service.gmx.net\/de\/cgi\/derefer?TYPE=3&amp;DEST=http%3A%2F%2Fwww.frauenuni.net\" target=\"_blank\" rel=\"noopener noreferrer\">www.frauenuni.net<\/a>\u00a0Wir sind auch auf facebook vertreten! Verein Freund_innen der Frauenuniversit\u00e4t Wien ZVR-Zahl: 539915676<\/p>\n","protected":false},"excerpt":{"rendered":"<p>\t\t\t\t<![CDATA[]]>\t\t<\/p>\n","protected":false},"author":4,"featured_media":0,"comment_status":"closed","ping_status":"open","sticky":false,"template":"","format":"standard","meta":{"_acf_changed":false,"footnotes":""},"categories":[275,276],"tags":[],"class_list":["post-11188","post","type-post","status-publish","format-standard","hentry","category-qwien-tipp","category-webarchive","grve-entry-item","grve-blog-item"],"acf":[],"yoast_head":"<!-- This site is optimized with the Yoast SEO plugin v27.5 - https:\/\/yoast.com\/product\/yoast-seo-wordpress\/ -->\n<title>Call bis 3.6. &quot;Feminismen leben&quot; f\u00fcr die FrauenSommerUniversit\u00e4t Wien 19.-22.9.2012 - Blog - Qwien - Zentrum f\u00fcr queere Geschichte<\/title>\n<meta name=\"robots\" content=\"index, follow, max-snippet:-1, max-image-preview:large, max-video-preview:-1\" \/>\n<link rel=\"canonical\" href=\"https:\/\/www.qwien.at\/en\/qwien-tipp\/call-bis-3-6-feminismen-leben-fur-die-frauensommeruniversitat-wien-19-22-9-2012\/\" \/>\n<meta property=\"og:locale\" content=\"en_US\" \/>\n<meta property=\"og:type\" content=\"article\" \/>\n<meta property=\"og:title\" content=\"Call bis 3.6. &quot;Feminismen leben&quot; f\u00fcr die FrauenSommerUniversit\u00e4t Wien 19.-22.9.2012 - Blog - Qwien - Zentrum f\u00fcr queere Geschichte\" \/>\n<meta property=\"og:url\" content=\"https:\/\/www.qwien.at\/en\/qwien-tipp\/call-bis-3-6-feminismen-leben-fur-die-frauensommeruniversitat-wien-19-22-9-2012\/\" \/>\n<meta property=\"og:site_name\" content=\"Qwien - Zentrum f\u00fcr queere Geschichte\" \/>\n<meta property=\"article:published_time\" content=\"2025-07-15T19:37:04+00:00\" \/>\n<meta property=\"og:image\" content=\"https:\/\/www.qwien.at\/wp-content\/uploads\/2025\/06\/seo-yoast-1.png\" \/>\n\t<meta property=\"og:image:width\" content=\"1921\" \/>\n\t<meta property=\"og:image:height\" content=\"1081\" \/>\n\t<meta property=\"og:image:type\" content=\"image\/png\" \/>\n<meta name=\"author\" content=\"Andreas Brunner\" \/>\n<meta name=\"twitter:card\" content=\"summary_large_image\" \/>\n<meta name=\"twitter:label1\" content=\"Written by\" \/>\n\t<meta name=\"twitter:data1\" content=\"Andreas Brunner\" \/>\n\t<meta name=\"twitter:label2\" content=\"Est. reading time\" \/>\n\t<meta name=\"twitter:data2\" content=\"3 minutes\" \/>\n<script type=\"application\/ld+json\" class=\"yoast-schema-graph\">{\"@context\":\"https:\\\/\\\/schema.org\",\"@graph\":[{\"@type\":[\"Article\",\"BlogPosting\"],\"@id\":\"https:\\\/\\\/www.qwien.at\\\/en\\\/qwien-tipp\\\/call-bis-3-6-feminismen-leben-fur-die-frauensommeruniversitat-wien-19-22-9-2012\\\/#article\",\"isPartOf\":{\"@id\":\"https:\\\/\\\/www.qwien.at\\\/en\\\/qwien-tipp\\\/call-bis-3-6-feminismen-leben-fur-die-frauensommeruniversitat-wien-19-22-9-2012\\\/\"},\"author\":{\"name\":\"Andreas Brunner\",\"@id\":\"https:\\\/\\\/www.qwien.at\\\/en\\\/#\\\/schema\\\/person\\\/d3fe9114b43d8e5a558a6d20ca3e2920\"},\"headline\":\"Call bis 3.6. &quot;Feminismen leben&quot; f\u00fcr die FrauenSommerUniversit\u00e4t Wien 19.-22.9.2012\",\"datePublished\":\"2025-07-15T19:37:04+00:00\",\"mainEntityOfPage\":{\"@id\":\"https:\\\/\\\/www.qwien.at\\\/en\\\/qwien-tipp\\\/call-bis-3-6-feminismen-leben-fur-die-frauensommeruniversitat-wien-19-22-9-2012\\\/\"},\"wordCount\":687,\"publisher\":{\"@id\":\"https:\\\/\\\/www.qwien.at\\\/en\\\/#organization\"},\"articleSection\":[\"Tipp\",\"Webarchiv\"],\"inLanguage\":\"en-US\"},{\"@type\":\"WebPage\",\"@id\":\"https:\\\/\\\/www.qwien.at\\\/en\\\/qwien-tipp\\\/call-bis-3-6-feminismen-leben-fur-die-frauensommeruniversitat-wien-19-22-9-2012\\\/\",\"url\":\"https:\\\/\\\/www.qwien.at\\\/en\\\/qwien-tipp\\\/call-bis-3-6-feminismen-leben-fur-die-frauensommeruniversitat-wien-19-22-9-2012\\\/\",\"name\":\"Call bis 3.6. &quot;Feminismen leben&quot; f\u00fcr die FrauenSommerUniversit\u00e4t Wien 19.-22.9.2012 - Blog - Qwien - Zentrum f\u00fcr queere Geschichte\",\"isPartOf\":{\"@id\":\"https:\\\/\\\/www.qwien.at\\\/en\\\/#website\"},\"datePublished\":\"2025-07-15T19:37:04+00:00\",\"breadcrumb\":{\"@id\":\"https:\\\/\\\/www.qwien.at\\\/en\\\/qwien-tipp\\\/call-bis-3-6-feminismen-leben-fur-die-frauensommeruniversitat-wien-19-22-9-2012\\\/#breadcrumb\"},\"inLanguage\":\"en-US\",\"potentialAction\":[{\"@type\":\"ReadAction\",\"target\":[\"https:\\\/\\\/www.qwien.at\\\/en\\\/qwien-tipp\\\/call-bis-3-6-feminismen-leben-fur-die-frauensommeruniversitat-wien-19-22-9-2012\\\/\"]}]},{\"@type\":\"BreadcrumbList\",\"@id\":\"https:\\\/\\\/www.qwien.at\\\/en\\\/qwien-tipp\\\/call-bis-3-6-feminismen-leben-fur-die-frauensommeruniversitat-wien-19-22-9-2012\\\/#breadcrumb\",\"itemListElement\":[{\"@type\":\"ListItem\",\"position\":1,\"name\":\"Startseite\",\"item\":\"https:\\\/\\\/www.qwien.at\\\/en\\\/\"},{\"@type\":\"ListItem\",\"position\":2,\"name\":\"Call bis 3.6. &quot;Feminismen leben&quot; f\u00fcr die FrauenSommerUniversit\u00e4t Wien 19.-22.9.2012\"}]},{\"@type\":\"WebSite\",\"@id\":\"https:\\\/\\\/www.qwien.at\\\/en\\\/#website\",\"url\":\"https:\\\/\\\/www.qwien.at\\\/en\\\/\",\"name\":\"Qwien - Zentrum f\u00fcr queere Geschichte\",\"description\":\"\",\"publisher\":{\"@id\":\"https:\\\/\\\/www.qwien.at\\\/en\\\/#organization\"},\"potentialAction\":[{\"@type\":\"SearchAction\",\"target\":{\"@type\":\"EntryPoint\",\"urlTemplate\":\"https:\\\/\\\/www.qwien.at\\\/en\\\/?s={search_term_string}\"},\"query-input\":{\"@type\":\"PropertyValueSpecification\",\"valueRequired\":true,\"valueName\":\"search_term_string\"}}],\"inLanguage\":\"en-US\"},{\"@type\":\"Organization\",\"@id\":\"https:\\\/\\\/www.qwien.at\\\/en\\\/#organization\",\"name\":\"Qwien\",\"url\":\"https:\\\/\\\/www.qwien.at\\\/en\\\/\",\"logo\":{\"@type\":\"ImageObject\",\"inLanguage\":\"en-US\",\"@id\":\"https:\\\/\\\/www.qwien.at\\\/en\\\/#\\\/schema\\\/logo\\\/image\\\/\",\"url\":\"https:\\\/\\\/www.qwien.at\\\/wp-content\\\/uploads\\\/2025\\\/06\\\/seo-yoast-2.png\",\"contentUrl\":\"https:\\\/\\\/www.qwien.at\\\/wp-content\\\/uploads\\\/2025\\\/06\\\/seo-yoast-2.png\",\"width\":697,\"height\":697,\"caption\":\"Qwien\"},\"image\":{\"@id\":\"https:\\\/\\\/www.qwien.at\\\/en\\\/#\\\/schema\\\/logo\\\/image\\\/\"},\"sameAs\":[\"https:\\\/\\\/www.instagram.com\\\/qwien.zentrum\\\/\"]},{\"@type\":\"Person\",\"@id\":\"https:\\\/\\\/www.qwien.at\\\/en\\\/#\\\/schema\\\/person\\\/d3fe9114b43d8e5a558a6d20ca3e2920\",\"name\":\"Andreas Brunner\"}]}<\/script>\n<!-- \/ Yoast SEO plugin. -->","yoast_head_json":{"title":"Call bis 3.6. &quot;Feminismen leben&quot; f\u00fcr die FrauenSommerUniversit\u00e4t Wien 19.-22.9.2012 - Blog - Qwien - Zentrum f\u00fcr queere Geschichte","robots":{"index":"index","follow":"follow","max-snippet":"max-snippet:-1","max-image-preview":"max-image-preview:large","max-video-preview":"max-video-preview:-1"},"canonical":"https:\/\/www.qwien.at\/en\/qwien-tipp\/call-bis-3-6-feminismen-leben-fur-die-frauensommeruniversitat-wien-19-22-9-2012\/","og_locale":"en_US","og_type":"article","og_title":"Call bis 3.6. &quot;Feminismen leben&quot; f\u00fcr die FrauenSommerUniversit\u00e4t Wien 19.-22.9.2012 - Blog - Qwien - Zentrum f\u00fcr queere Geschichte","og_url":"https:\/\/www.qwien.at\/en\/qwien-tipp\/call-bis-3-6-feminismen-leben-fur-die-frauensommeruniversitat-wien-19-22-9-2012\/","og_site_name":"Qwien - Zentrum f\u00fcr queere Geschichte","article_published_time":"2025-07-15T19:37:04+00:00","og_image":[{"width":1921,"height":1081,"url":"https:\/\/www.qwien.at\/wp-content\/uploads\/2025\/06\/seo-yoast-1.png","type":"image\/png"}],"author":"Andreas Brunner","twitter_card":"summary_large_image","twitter_misc":{"Written by":"Andreas Brunner","Est. reading time":"3 minutes"},"schema":{"@context":"https:\/\/schema.org","@graph":[{"@type":["Article","BlogPosting"],"@id":"https:\/\/www.qwien.at\/en\/qwien-tipp\/call-bis-3-6-feminismen-leben-fur-die-frauensommeruniversitat-wien-19-22-9-2012\/#article","isPartOf":{"@id":"https:\/\/www.qwien.at\/en\/qwien-tipp\/call-bis-3-6-feminismen-leben-fur-die-frauensommeruniversitat-wien-19-22-9-2012\/"},"author":{"name":"Andreas Brunner","@id":"https:\/\/www.qwien.at\/en\/#\/schema\/person\/d3fe9114b43d8e5a558a6d20ca3e2920"},"headline":"Call bis 3.6. &quot;Feminismen leben&quot; f\u00fcr die FrauenSommerUniversit\u00e4t Wien 19.-22.9.2012","datePublished":"2025-07-15T19:37:04+00:00","mainEntityOfPage":{"@id":"https:\/\/www.qwien.at\/en\/qwien-tipp\/call-bis-3-6-feminismen-leben-fur-die-frauensommeruniversitat-wien-19-22-9-2012\/"},"wordCount":687,"publisher":{"@id":"https:\/\/www.qwien.at\/en\/#organization"},"articleSection":["Tipp","Webarchiv"],"inLanguage":"en-US"},{"@type":"WebPage","@id":"https:\/\/www.qwien.at\/en\/qwien-tipp\/call-bis-3-6-feminismen-leben-fur-die-frauensommeruniversitat-wien-19-22-9-2012\/","url":"https:\/\/www.qwien.at\/en\/qwien-tipp\/call-bis-3-6-feminismen-leben-fur-die-frauensommeruniversitat-wien-19-22-9-2012\/","name":"Call bis 3.6. &quot;Feminismen leben&quot; f\u00fcr die FrauenSommerUniversit\u00e4t Wien 19.-22.9.2012 - Blog - Qwien - Zentrum f\u00fcr queere Geschichte","isPartOf":{"@id":"https:\/\/www.qwien.at\/en\/#website"},"datePublished":"2025-07-15T19:37:04+00:00","breadcrumb":{"@id":"https:\/\/www.qwien.at\/en\/qwien-tipp\/call-bis-3-6-feminismen-leben-fur-die-frauensommeruniversitat-wien-19-22-9-2012\/#breadcrumb"},"inLanguage":"en-US","potentialAction":[{"@type":"ReadAction","target":["https:\/\/www.qwien.at\/en\/qwien-tipp\/call-bis-3-6-feminismen-leben-fur-die-frauensommeruniversitat-wien-19-22-9-2012\/"]}]},{"@type":"BreadcrumbList","@id":"https:\/\/www.qwien.at\/en\/qwien-tipp\/call-bis-3-6-feminismen-leben-fur-die-frauensommeruniversitat-wien-19-22-9-2012\/#breadcrumb","itemListElement":[{"@type":"ListItem","position":1,"name":"Startseite","item":"https:\/\/www.qwien.at\/en\/"},{"@type":"ListItem","position":2,"name":"Call bis 3.6. &quot;Feminismen leben&quot; f\u00fcr die FrauenSommerUniversit\u00e4t Wien 19.-22.9.2012"}]},{"@type":"WebSite","@id":"https:\/\/www.qwien.at\/en\/#website","url":"https:\/\/www.qwien.at\/en\/","name":"Qwien - Zentrum f\u00fcr queere Geschichte","description":"","publisher":{"@id":"https:\/\/www.qwien.at\/en\/#organization"},"potentialAction":[{"@type":"SearchAction","target":{"@type":"EntryPoint","urlTemplate":"https:\/\/www.qwien.at\/en\/?s={search_term_string}"},"query-input":{"@type":"PropertyValueSpecification","valueRequired":true,"valueName":"search_term_string"}}],"inLanguage":"en-US"},{"@type":"Organization","@id":"https:\/\/www.qwien.at\/en\/#organization","name":"Qwien","url":"https:\/\/www.qwien.at\/en\/","logo":{"@type":"ImageObject","inLanguage":"en-US","@id":"https:\/\/www.qwien.at\/en\/#\/schema\/logo\/image\/","url":"https:\/\/www.qwien.at\/wp-content\/uploads\/2025\/06\/seo-yoast-2.png","contentUrl":"https:\/\/www.qwien.at\/wp-content\/uploads\/2025\/06\/seo-yoast-2.png","width":697,"height":697,"caption":"Qwien"},"image":{"@id":"https:\/\/www.qwien.at\/en\/#\/schema\/logo\/image\/"},"sameAs":["https:\/\/www.instagram.com\/qwien.zentrum\/"]},{"@type":"Person","@id":"https:\/\/www.qwien.at\/en\/#\/schema\/person\/d3fe9114b43d8e5a558a6d20ca3e2920","name":"Andreas Brunner"}]}},"_links":{"self":[{"href":"https:\/\/www.qwien.at\/en\/wp-json\/wp\/v2\/posts\/11188","targetHints":{"allow":["GET"]}}],"collection":[{"href":"https:\/\/www.qwien.at\/en\/wp-json\/wp\/v2\/posts"}],"about":[{"href":"https:\/\/www.qwien.at\/en\/wp-json\/wp\/v2\/types\/post"}],"author":[{"embeddable":true,"href":"https:\/\/www.qwien.at\/en\/wp-json\/wp\/v2\/users\/4"}],"replies":[{"embeddable":true,"href":"https:\/\/www.qwien.at\/en\/wp-json\/wp\/v2\/comments?post=11188"}],"version-history":[{"count":0,"href":"https:\/\/www.qwien.at\/en\/wp-json\/wp\/v2\/posts\/11188\/revisions"}],"wp:attachment":[{"href":"https:\/\/www.qwien.at\/en\/wp-json\/wp\/v2\/media?parent=11188"}],"wp:term":[{"taxonomy":"category","embeddable":true,"href":"https:\/\/www.qwien.at\/en\/wp-json\/wp\/v2\/categories?post=11188"},{"taxonomy":"post_tag","embeddable":true,"href":"https:\/\/www.qwien.at\/en\/wp-json\/wp\/v2\/tags?post=11188"}],"curies":[{"name":"wp","href":"https:\/\/api.w.org\/{rel}","templated":true}]}}