{"id":11189,"date":"2025-07-15T21:37:04","date_gmt":"2025-07-15T19:37:04","guid":{"rendered":"https:\/\/www.qwien.at\/nicht-kategorisiert\/der-parade-nazi\/"},"modified":"2025-07-15T21:37:04","modified_gmt":"2025-07-15T19:37:04","slug":"der-parade-nazi","status":"publish","type":"post","link":"https:\/\/www.qwien.at\/en\/qwien-books\/der-parade-nazi\/","title":{"rendered":"Der Parade-Nazi"},"content":{"rendered":"<p><em>Sein fr\u00fches Lebensende im Jahr 1942 \u00e4nderte nichts an der Angst, die allein sein Name verbreitete: Reinhard Heydrich, einer von Hitlers brutalsten Karrieristen, wurde zum Thema einer pr\u00e4zisen und lesenswerten Biografie. Robert Gerwarth analysiert darin den beruflichen Aufstieg des fanatischen Nationalsozialisten und Judenhassers. Ein wenig erf\u00e4hrt man auch \u00fcber die Verfolgung der Schwulen, f\u00fcr die er ebenso mitverantwortlich zeichnete.<\/em><\/p>\n<p><a href=\"https:\/\/www.qwien.at\/wp-content\/uploads\/2012\/05\/Heydrich-Cover-197x300.jpg\"><img loading=\"lazy\" decoding=\"async\" class=\"alignleft size-medium wp-image-1592\" title=\"Heydrich Cover\" src=\"https:\/\/www.qwien.at\/wp-content\/uploads\/2012\/05\/Heydrich-Cover-197x300.jpg\" sizes=\"auto, (max-width: 197px) 100vw, 197px\" srcset=\"http:\/\/www.qwien.at\/wp-content\/uploads\/2012\/05\/Heydrich-Cover-197x300.jpg 197w, http:\/\/www.qwien.at\/wp-content\/uploads\/2012\/05\/Heydrich-Cover.jpg 350w\" alt=\"\" width=\"197\" height=\"300\" \/><\/a>Reinhard Heydrich entstammte einem gutb\u00fcrgerlichen, musikalischen Elternhaus, sein Vater war bekannter Komponist und Operns\u00e4nger, baute rund um die Jahrhundertwende ein Konservatorium in Halle an der Saale auf, das bis in die 1920er Jahre pr\u00e4chtig lief. Weltanschaulich war man zun\u00e4chst dem wilhelminischen Kaiserreich und sp\u00e4ter der v\u00f6lkischen Rechten verbunden, der 16-j\u00e4hrige Reinhard wurde Mitglied des Deutschv\u00f6lkischen Schutz- und Trutzbundes von Halle. Mit 18 trat er in die Reichsmarine ein, als Seekadett, der von seinen Kameraden als eigensinnig und als Sonderling angesehen wurde. Er begann ein Verh\u00e4ltnis mit einer unbekannten Frau, mit der er sich ab und zu am Wochenende traf, und widmete sich seiner Karriere und vor allem dem Sport. 1930 lernte er Lina von Osten kennen, die sieben Jahre j\u00fcnger war als er, und gl\u00fchende Nationalsozialistin und Antisemitin. Zwei Wochen sp\u00e4ter waren sie verlobt, doch der Ehe standen zwei Dinge entgegen: Heydrich hatte seiner ehemaligen Geliebten die Verlobungsanzeige mit Lina von Osten zugesandt, was jene bzw. ihr Vater mit einer Eingabe an die Marineleitung wegen des damit erfolgten \u201egebrochenen Hochzeitsversprechens\u201c quittierten und zur Entlassung Heydrichs aus der Marine f\u00fchrte, aber nicht wegen des Umstandes der vorehelichen Beziehung an sich (wer hatte das nicht?), sondern wegen Heydrichs arrogantem Auftreten vor dem Marinegericht, in dem er seine Ex-Geliebte derma\u00dfen anschw\u00e4rzte und belastete, dass die Marineleitung die \u201eW\u00fcrde\u201c der Seestreitkr\u00e4fte verletzt sah. Der zweite Hinderungsgrund f\u00fcr die Ehe resultierte daraus: Heydrich hatte kein Geld. Der von der Schwiegerfamilie eingef\u00e4delte erste Job bei der NSDAP brachte auch zu wenig Geld f\u00fcr die Existenzsicherung, die Partei hatte 1931 noch nicht viele, gutdozierte Jobs zu vergeben. Als Heydrich in diesem Jahr Heinrich Himmler vorgestellt wurde, beauftragte ihn dieser mit einer raschen Skizze f\u00fcr den Aufbau und die Organisation eines Nachrichtendienstes, eine Aufgabe, die er mit dem intellektuellen R\u00fcstzeug seiner Lekt\u00fcre von Kriminal- und Spionageromanen zu Himmlers bester Zufriedenheit erf\u00fcllte, da Himmler selbst keine solchen Romane gelesen hatte. Heydrich baute nun den Sicherheitsdienst der SS auf. 1933 \u00e4nderte sich alles. Partei und SS hatten pl\u00f6tzlich legalen Zugang zur Macht. Die verschiedenen polizei\u00e4hnlichen Parteieinheiten wie Gestapo, SS und SD wurden allm\u00e4hlich mit der staatlichen Polizei verschmolzen, Reinhard Heydrich wurde zun\u00e4chst stellvertretender Chef der bayrischen Polizei, durch seine und Himmlers sorgsame Machtpolitik bald zum Chef des preu\u00dfischen Gestapa (Geheimes Staatspolizeiamt). Er zog nach Berlin und nahm einen seiner zuverl\u00e4ssigsten Beamten aus M\u00fcnchen mit, Josef Meisinger. Die Berliner Gestapo-Zentrale in der Prinz-Albrecht-Stra\u00dfe wurde unter Heydrich zur Zentrale des nationalsozialistischen Terrors, Meisinger baute darin die kleine Abteilung auf, die sich der Schwulenverfolgung (\u201eSonderdezernat II S Bek\u00e4mpfung der Homosexualit\u00e4t und Abtreibung\u201c) widmete.<\/p>\n<p>Beider Karrieren liefen blendend: Sie trugen die fingierten Beweise f\u00fcr den sogenannten \u201eR\u00f6hm-Putsch\u201c zusammen, mit dessen \u201eNiederschlagung\u201c die F\u00fchrungselite der SA ermordet oder entmachtet wurde. 1939 werden auf Wunsch von Himmler und Heydrich der SD und die Sicherheitspolizei zum Reichssicherheitshauptamt fusioniert, als dessen Chef Heydrich installiert wird. Schon 1936 wurde Josef Meisinger zum Leiter der \u201eReichszentrale zur Bek\u00e4mpfung der Homosexualit\u00e4t und Abtreibung\u201c. Genau legt Robert Gerwarth dar, dass es sich bei Heydrich nicht um den ideologiefreien Karrieristen handelte, sondern dass seine Karriere zwar durchaus nicht ohne Ellbogen, aber auch nicht ohne ideologische Basis geschah. \u00c4hnliches ist f\u00fcr seinen treuen Mitarbeiter Meisinger zu vermuten. Ins Stolpern gerieten die geradlinigen Aufsteiger dann durch die Fritsch-Aff\u00e4re: Werner von Fritsch, Oberbefehlshaber des Heeres, wurde der Homosexualit\u00e4t bezichtigt, Heydrich und Meisinger betrieben die Abl\u00f6se des auch bei Hitler in Ungnade gefallenen Milit\u00e4rs. Josef Meisinger fuhr sogar nach \u00c4gypten, an den Ort, an dem von Fritsch Urlaub gemacht hatte, um Beweise f\u00fcr dessen Homosexualit\u00e4t zu finden. Von Fritsch wurde abgesetzt, Hitler hatte damit handstreichartig auch die Schaltstellen der milit\u00e4rischen Macht besetzt. Man wartete auf den Prozess. Der sich als Untergang erwies. Die Anklage brach in sich zusammen, die Gestapo war blamiert, Heydrich hatte Angst vor dem Karriereknick. Und Josef Meisinger erlebte ihn. Er wurde strafversetzt ins Archiv des Hauptamtes des Sicherheitsdienstes (SD), wo er bis zum \u00dcberfall auf Polen blieb (Dort wird ihm sp\u00e4ter die Sicherheitspolizei f\u00fcr den Distrikt Warschau anvertraut, er verantwortet dort die brutalsten Ausschreitungen, Terrorma\u00dfnahmen und Massenerschie\u00dfungen. 1945 wird er von den Alliierten verhaftet werden und 1947 vom Obersten Gerichtshof in Warschau zum Tode verurteilt werden). Am deutschen \u00dcberfall auf Polen war Heydrich bereits wieder federf\u00fchrend dabei, er inszenierte schon im Vorfeld einige der \u201eZwischenf\u00e4lle\u201c, die als polnische Provokationen den deutschen Einmarsch legitimeren sollten. Zeitgleich machte Heydrich den Sicherheitsdienst zu einer Schl\u00fcsselinstitution der Judenverfolgung und Judenvernichtung: 1938 hatte er Adolf Eichmann nach Wien geschickt, um dort die \u201eZentralstelle f\u00fcr j\u00fcdische Auswanderung\u201c einzurichten, sie wurde zum Vorbild f\u00fcr die im Januar 1939 eingerichtete \u201eReichszentrale f\u00fcr j\u00fcdische Auswanderung\u201c in Berlin. Denn zun\u00e4chst sollten die Juden durch ein System von Enteignung und Vertreibung aus dem Reich gedr\u00e4ngt werden. Bald wechselte die antij\u00fcdische Agenda aber von der Vertreibung zur Ermordung, Reinhard Heydrich organisierte und \u00fcberwachte Massenerschie\u00dfungs-Kommandos. Am 31. Juli 1941 wurde er von Hermann G\u00f6ring beauftragt, alle erforderlichen Vorbereitungen f\u00fcr eine \u201eGesamtl\u00f6sung der Judenfrage\u201c zu treffen, seien sie finanzieller, organisatorischer oder verwaltungstechnischer Natur, was ihn dazu veranlasste, die daf\u00fcr erforderliche gro\u00dfe Koordinations-Sitzung, die \u201eWannsee-Konferenz\u201c, abzuhalten. Er wurde am laufenden Band belohnt: 1941 wurde er zus\u00e4tzlich zu seinen polizeilichen Leitungsfunktion zum stellvertretenden \u201eReichsprotektor f\u00fcr B\u00f6hmen und M\u00e4hren\u201c ernannt. Dort \u201earisierte\u201c er ein Landgut, das dem \u00f6sterreichischen Zuckerfabrikanten Ferdinand Bloch-Bauer und seiner Frau Adele (heute weltber\u00fchmt, da von Klimt als \u201eGoldene Adele\u201c verewigt) geh\u00f6rte. Wieder errichtete Heydrich ein System drakonischer Brutalit\u00e4t und Willk\u00fcr, f\u00fcr die ans\u00e4ssigen Juden lie\u00df er das KZ Theresienstadt errichten. Er war am Zenit seiner Macht. Der tschechische Widerstand, vor allem die tschechische Exil-Regierung in London, wussten, dass sie von den f\u00fchrenden Nationalsozialisten noch am ehesten Heydrich erwischen w\u00fcrden. Er fuhr t\u00e4glich vom Hradschin in die Prager Innenstadt eine kurze Strecke im Cabrio, auf der er so gut wie ungesichert war. Die Attent\u00e4ter Jozef Gab\u010d\u00edk und Jan Kubi\u0161 warteten an einer Haarnadelkurve und verletzten Heydrich lebensgef\u00e4hrlich, er starb eine Woche sp\u00e4ter an den Folgen der Verletzung. Die Vergeltung der deutschen Besetzer f\u00fcr das Attentat auf Heydrich war entsetzlich. Man unterstellte den D\u00f6rfern Lidice und Le\u017e\u00e1ky, die T\u00e4ter beherbergt zu haben (was sich sp\u00e4ter als falsch herausstellte), und zerst\u00f6rte sie vollends. Die M\u00e4nner der D\u00f6rfer wurden get\u00f6tet, die Frauen in Lager verschleppt, die Kinder entweder vergast oder in deutsche \u201eLebensborn\u201c-Heime verbracht. Sogar Heydrichs Tod hinterlie\u00df die Blutspuren Hunderter Unschuldiger.\u00a0<strong>Robert Gerwarth: Reinhard Heydrich. Biographie. M\u00fcnchen: Siedler 2011, \u20ac 30,90<\/strong><\/p>\n","protected":false},"excerpt":{"rendered":"<p>\t\t\t\t<![CDATA[]]>\t\t<\/p>\n","protected":false},"author":4,"featured_media":0,"comment_status":"closed","ping_status":"open","sticky":false,"template":"","format":"standard","meta":{"_acf_changed":false,"footnotes":""},"categories":[267,271,272],"tags":[],"class_list":["post-11189","post","type-post","status-publish","format-standard","hentry","category-qwien-books","category-literature-archive","category-qwien","grve-entry-item","grve-blog-item"],"acf":[],"yoast_head":"<!-- This site is optimized with the Yoast SEO plugin v27.5 - https:\/\/yoast.com\/product\/yoast-seo-wordpress\/ -->\n<title>Der Parade-Nazi - Blog - Qwien - Zentrum f\u00fcr queere Geschichte<\/title>\n<meta name=\"robots\" content=\"index, follow, max-snippet:-1, max-image-preview:large, max-video-preview:-1\" \/>\n<link rel=\"canonical\" href=\"https:\/\/www.qwien.at\/en\/qwien-books\/der-parade-nazi\/\" \/>\n<meta property=\"og:locale\" content=\"en_US\" \/>\n<meta property=\"og:type\" content=\"article\" \/>\n<meta property=\"og:title\" content=\"Der Parade-Nazi - Blog - Qwien - Zentrum f\u00fcr queere Geschichte\" \/>\n<meta property=\"og:url\" content=\"https:\/\/www.qwien.at\/en\/qwien-books\/der-parade-nazi\/\" \/>\n<meta property=\"og:site_name\" content=\"Qwien - Zentrum f\u00fcr queere Geschichte\" \/>\n<meta property=\"article:published_time\" content=\"2025-07-15T19:37:04+00:00\" \/>\n<meta property=\"og:image\" content=\"https:\/\/www.qwien.at\/wp-content\/uploads\/2012\/05\/Heydrich-Cover.jpg\" \/>\n\t<meta property=\"og:image:width\" content=\"350\" \/>\n\t<meta property=\"og:image:height\" content=\"532\" \/>\n\t<meta property=\"og:image:type\" content=\"image\/jpeg\" \/>\n<meta name=\"author\" content=\"Andreas Brunner\" \/>\n<meta name=\"twitter:card\" content=\"summary_large_image\" \/>\n<meta name=\"twitter:label1\" content=\"Written by\" \/>\n\t<meta name=\"twitter:data1\" content=\"Andreas Brunner\" \/>\n\t<meta name=\"twitter:label2\" content=\"Est. reading time\" \/>\n\t<meta name=\"twitter:data2\" content=\"6 minutes\" \/>\n<script type=\"application\/ld+json\" class=\"yoast-schema-graph\">{\"@context\":\"https:\\\/\\\/schema.org\",\"@graph\":[{\"@type\":[\"Article\",\"BlogPosting\"],\"@id\":\"https:\\\/\\\/www.qwien.at\\\/en\\\/qwien-books\\\/der-parade-nazi\\\/#article\",\"isPartOf\":{\"@id\":\"https:\\\/\\\/www.qwien.at\\\/en\\\/qwien-books\\\/der-parade-nazi\\\/\"},\"author\":{\"name\":\"Andreas Brunner\",\"@id\":\"https:\\\/\\\/www.qwien.at\\\/en\\\/#\\\/schema\\\/person\\\/d3fe9114b43d8e5a558a6d20ca3e2920\"},\"headline\":\"Der Parade-Nazi\",\"datePublished\":\"2025-07-15T19:37:04+00:00\",\"mainEntityOfPage\":{\"@id\":\"https:\\\/\\\/www.qwien.at\\\/en\\\/qwien-books\\\/der-parade-nazi\\\/\"},\"wordCount\":1186,\"publisher\":{\"@id\":\"https:\\\/\\\/www.qwien.at\\\/en\\\/#organization\"},\"image\":{\"@id\":\"https:\\\/\\\/www.qwien.at\\\/en\\\/qwien-books\\\/der-parade-nazi\\\/#primaryimage\"},\"thumbnailUrl\":\"https:\\\/\\\/www.qwien.at\\\/wp-content\\\/uploads\\\/2012\\\/05\\\/Heydrich-Cover-197x300.jpg\",\"articleSection\":[\"Books\",\"Literature archive\",\"Qwien\"],\"inLanguage\":\"en-US\"},{\"@type\":\"WebPage\",\"@id\":\"https:\\\/\\\/www.qwien.at\\\/en\\\/qwien-books\\\/der-parade-nazi\\\/\",\"url\":\"https:\\\/\\\/www.qwien.at\\\/en\\\/qwien-books\\\/der-parade-nazi\\\/\",\"name\":\"Der Parade-Nazi - Blog - Qwien - Zentrum f\u00fcr queere Geschichte\",\"isPartOf\":{\"@id\":\"https:\\\/\\\/www.qwien.at\\\/en\\\/#website\"},\"primaryImageOfPage\":{\"@id\":\"https:\\\/\\\/www.qwien.at\\\/en\\\/qwien-books\\\/der-parade-nazi\\\/#primaryimage\"},\"image\":{\"@id\":\"https:\\\/\\\/www.qwien.at\\\/en\\\/qwien-books\\\/der-parade-nazi\\\/#primaryimage\"},\"thumbnailUrl\":\"https:\\\/\\\/www.qwien.at\\\/wp-content\\\/uploads\\\/2012\\\/05\\\/Heydrich-Cover-197x300.jpg\",\"datePublished\":\"2025-07-15T19:37:04+00:00\",\"breadcrumb\":{\"@id\":\"https:\\\/\\\/www.qwien.at\\\/en\\\/qwien-books\\\/der-parade-nazi\\\/#breadcrumb\"},\"inLanguage\":\"en-US\",\"potentialAction\":[{\"@type\":\"ReadAction\",\"target\":[\"https:\\\/\\\/www.qwien.at\\\/en\\\/qwien-books\\\/der-parade-nazi\\\/\"]}]},{\"@type\":\"ImageObject\",\"inLanguage\":\"en-US\",\"@id\":\"https:\\\/\\\/www.qwien.at\\\/en\\\/qwien-books\\\/der-parade-nazi\\\/#primaryimage\",\"url\":\"https:\\\/\\\/www.qwien.at\\\/wp-content\\\/uploads\\\/2012\\\/05\\\/Heydrich-Cover-197x300.jpg\",\"contentUrl\":\"https:\\\/\\\/www.qwien.at\\\/wp-content\\\/uploads\\\/2012\\\/05\\\/Heydrich-Cover-197x300.jpg\"},{\"@type\":\"BreadcrumbList\",\"@id\":\"https:\\\/\\\/www.qwien.at\\\/en\\\/qwien-books\\\/der-parade-nazi\\\/#breadcrumb\",\"itemListElement\":[{\"@type\":\"ListItem\",\"position\":1,\"name\":\"Startseite\",\"item\":\"https:\\\/\\\/www.qwien.at\\\/en\\\/\"},{\"@type\":\"ListItem\",\"position\":2,\"name\":\"Der Parade-Nazi\"}]},{\"@type\":\"WebSite\",\"@id\":\"https:\\\/\\\/www.qwien.at\\\/en\\\/#website\",\"url\":\"https:\\\/\\\/www.qwien.at\\\/en\\\/\",\"name\":\"Qwien - Zentrum f\u00fcr queere Geschichte\",\"description\":\"\",\"publisher\":{\"@id\":\"https:\\\/\\\/www.qwien.at\\\/en\\\/#organization\"},\"potentialAction\":[{\"@type\":\"SearchAction\",\"target\":{\"@type\":\"EntryPoint\",\"urlTemplate\":\"https:\\\/\\\/www.qwien.at\\\/en\\\/?s={search_term_string}\"},\"query-input\":{\"@type\":\"PropertyValueSpecification\",\"valueRequired\":true,\"valueName\":\"search_term_string\"}}],\"inLanguage\":\"en-US\"},{\"@type\":\"Organization\",\"@id\":\"https:\\\/\\\/www.qwien.at\\\/en\\\/#organization\",\"name\":\"Qwien\",\"url\":\"https:\\\/\\\/www.qwien.at\\\/en\\\/\",\"logo\":{\"@type\":\"ImageObject\",\"inLanguage\":\"en-US\",\"@id\":\"https:\\\/\\\/www.qwien.at\\\/en\\\/#\\\/schema\\\/logo\\\/image\\\/\",\"url\":\"https:\\\/\\\/www.qwien.at\\\/wp-content\\\/uploads\\\/2025\\\/06\\\/seo-yoast-2.png\",\"contentUrl\":\"https:\\\/\\\/www.qwien.at\\\/wp-content\\\/uploads\\\/2025\\\/06\\\/seo-yoast-2.png\",\"width\":697,\"height\":697,\"caption\":\"Qwien\"},\"image\":{\"@id\":\"https:\\\/\\\/www.qwien.at\\\/en\\\/#\\\/schema\\\/logo\\\/image\\\/\"},\"sameAs\":[\"https:\\\/\\\/www.instagram.com\\\/qwien.zentrum\\\/\"]},{\"@type\":\"Person\",\"@id\":\"https:\\\/\\\/www.qwien.at\\\/en\\\/#\\\/schema\\\/person\\\/d3fe9114b43d8e5a558a6d20ca3e2920\",\"name\":\"Andreas Brunner\"}]}<\/script>\n<!-- \/ Yoast SEO plugin. -->","yoast_head_json":{"title":"Der Parade-Nazi - Blog - Qwien - Zentrum f\u00fcr queere Geschichte","robots":{"index":"index","follow":"follow","max-snippet":"max-snippet:-1","max-image-preview":"max-image-preview:large","max-video-preview":"max-video-preview:-1"},"canonical":"https:\/\/www.qwien.at\/en\/qwien-books\/der-parade-nazi\/","og_locale":"en_US","og_type":"article","og_title":"Der Parade-Nazi - Blog - Qwien - Zentrum f\u00fcr queere Geschichte","og_url":"https:\/\/www.qwien.at\/en\/qwien-books\/der-parade-nazi\/","og_site_name":"Qwien - Zentrum f\u00fcr queere Geschichte","article_published_time":"2025-07-15T19:37:04+00:00","og_image":[{"width":350,"height":532,"url":"https:\/\/www.qwien.at\/wp-content\/uploads\/2012\/05\/Heydrich-Cover.jpg","type":"image\/jpeg"}],"author":"Andreas Brunner","twitter_card":"summary_large_image","twitter_misc":{"Written by":"Andreas Brunner","Est. reading time":"6 minutes"},"schema":{"@context":"https:\/\/schema.org","@graph":[{"@type":["Article","BlogPosting"],"@id":"https:\/\/www.qwien.at\/en\/qwien-books\/der-parade-nazi\/#article","isPartOf":{"@id":"https:\/\/www.qwien.at\/en\/qwien-books\/der-parade-nazi\/"},"author":{"name":"Andreas Brunner","@id":"https:\/\/www.qwien.at\/en\/#\/schema\/person\/d3fe9114b43d8e5a558a6d20ca3e2920"},"headline":"Der Parade-Nazi","datePublished":"2025-07-15T19:37:04+00:00","mainEntityOfPage":{"@id":"https:\/\/www.qwien.at\/en\/qwien-books\/der-parade-nazi\/"},"wordCount":1186,"publisher":{"@id":"https:\/\/www.qwien.at\/en\/#organization"},"image":{"@id":"https:\/\/www.qwien.at\/en\/qwien-books\/der-parade-nazi\/#primaryimage"},"thumbnailUrl":"https:\/\/www.qwien.at\/wp-content\/uploads\/2012\/05\/Heydrich-Cover-197x300.jpg","articleSection":["Books","Literature archive","Qwien"],"inLanguage":"en-US"},{"@type":"WebPage","@id":"https:\/\/www.qwien.at\/en\/qwien-books\/der-parade-nazi\/","url":"https:\/\/www.qwien.at\/en\/qwien-books\/der-parade-nazi\/","name":"Der Parade-Nazi - Blog - Qwien - Zentrum f\u00fcr queere Geschichte","isPartOf":{"@id":"https:\/\/www.qwien.at\/en\/#website"},"primaryImageOfPage":{"@id":"https:\/\/www.qwien.at\/en\/qwien-books\/der-parade-nazi\/#primaryimage"},"image":{"@id":"https:\/\/www.qwien.at\/en\/qwien-books\/der-parade-nazi\/#primaryimage"},"thumbnailUrl":"https:\/\/www.qwien.at\/wp-content\/uploads\/2012\/05\/Heydrich-Cover-197x300.jpg","datePublished":"2025-07-15T19:37:04+00:00","breadcrumb":{"@id":"https:\/\/www.qwien.at\/en\/qwien-books\/der-parade-nazi\/#breadcrumb"},"inLanguage":"en-US","potentialAction":[{"@type":"ReadAction","target":["https:\/\/www.qwien.at\/en\/qwien-books\/der-parade-nazi\/"]}]},{"@type":"ImageObject","inLanguage":"en-US","@id":"https:\/\/www.qwien.at\/en\/qwien-books\/der-parade-nazi\/#primaryimage","url":"https:\/\/www.qwien.at\/wp-content\/uploads\/2012\/05\/Heydrich-Cover-197x300.jpg","contentUrl":"https:\/\/www.qwien.at\/wp-content\/uploads\/2012\/05\/Heydrich-Cover-197x300.jpg"},{"@type":"BreadcrumbList","@id":"https:\/\/www.qwien.at\/en\/qwien-books\/der-parade-nazi\/#breadcrumb","itemListElement":[{"@type":"ListItem","position":1,"name":"Startseite","item":"https:\/\/www.qwien.at\/en\/"},{"@type":"ListItem","position":2,"name":"Der Parade-Nazi"}]},{"@type":"WebSite","@id":"https:\/\/www.qwien.at\/en\/#website","url":"https:\/\/www.qwien.at\/en\/","name":"Qwien - Zentrum f\u00fcr queere Geschichte","description":"","publisher":{"@id":"https:\/\/www.qwien.at\/en\/#organization"},"potentialAction":[{"@type":"SearchAction","target":{"@type":"EntryPoint","urlTemplate":"https:\/\/www.qwien.at\/en\/?s={search_term_string}"},"query-input":{"@type":"PropertyValueSpecification","valueRequired":true,"valueName":"search_term_string"}}],"inLanguage":"en-US"},{"@type":"Organization","@id":"https:\/\/www.qwien.at\/en\/#organization","name":"Qwien","url":"https:\/\/www.qwien.at\/en\/","logo":{"@type":"ImageObject","inLanguage":"en-US","@id":"https:\/\/www.qwien.at\/en\/#\/schema\/logo\/image\/","url":"https:\/\/www.qwien.at\/wp-content\/uploads\/2025\/06\/seo-yoast-2.png","contentUrl":"https:\/\/www.qwien.at\/wp-content\/uploads\/2025\/06\/seo-yoast-2.png","width":697,"height":697,"caption":"Qwien"},"image":{"@id":"https:\/\/www.qwien.at\/en\/#\/schema\/logo\/image\/"},"sameAs":["https:\/\/www.instagram.com\/qwien.zentrum\/"]},{"@type":"Person","@id":"https:\/\/www.qwien.at\/en\/#\/schema\/person\/d3fe9114b43d8e5a558a6d20ca3e2920","name":"Andreas Brunner"}]}},"_links":{"self":[{"href":"https:\/\/www.qwien.at\/en\/wp-json\/wp\/v2\/posts\/11189","targetHints":{"allow":["GET"]}}],"collection":[{"href":"https:\/\/www.qwien.at\/en\/wp-json\/wp\/v2\/posts"}],"about":[{"href":"https:\/\/www.qwien.at\/en\/wp-json\/wp\/v2\/types\/post"}],"author":[{"embeddable":true,"href":"https:\/\/www.qwien.at\/en\/wp-json\/wp\/v2\/users\/4"}],"replies":[{"embeddable":true,"href":"https:\/\/www.qwien.at\/en\/wp-json\/wp\/v2\/comments?post=11189"}],"version-history":[{"count":0,"href":"https:\/\/www.qwien.at\/en\/wp-json\/wp\/v2\/posts\/11189\/revisions"}],"wp:attachment":[{"href":"https:\/\/www.qwien.at\/en\/wp-json\/wp\/v2\/media?parent=11189"}],"wp:term":[{"taxonomy":"category","embeddable":true,"href":"https:\/\/www.qwien.at\/en\/wp-json\/wp\/v2\/categories?post=11189"},{"taxonomy":"post_tag","embeddable":true,"href":"https:\/\/www.qwien.at\/en\/wp-json\/wp\/v2\/tags?post=11189"}],"curies":[{"name":"wp","href":"https:\/\/api.w.org\/{rel}","templated":true}]}}