{"id":11190,"date":"2025-07-15T21:37:04","date_gmt":"2025-07-15T19:37:04","guid":{"rendered":"https:\/\/www.qwien.at\/nicht-kategorisiert\/fiuvagylany-vagy-das-neue-projekt-der-kunstlerin-adrienn-kiss\/"},"modified":"2025-07-15T21:37:04","modified_gmt":"2025-07-15T19:37:04","slug":"fiuvagylany-vagy-das-neue-projekt-der-kunstlerin-adrienn-kiss","status":"publish","type":"post","link":"https:\/\/www.qwien.at\/en\/qwien\/fiuvagylany-vagy-das-neue-projekt-der-kunstlerin-adrienn-kiss\/","title":{"rendered":"\u201eFiuvagylany vagy?\u201c  das neue Projekt der K\u00fcnstlerin* Adrienn Kiss"},"content":{"rendered":"<p><a href=\"https:\/\/www.qwien.at\/wp-content\/uploads\/2012\/05\/fiuvagylany-225x300.jpg\"><img loading=\"lazy\" decoding=\"async\" class=\"size-medium wp-image-1606 alignleft\" src=\"https:\/\/www.qwien.at\/wp-content\/uploads\/2012\/05\/fiuvagylany-225x300.jpg\" sizes=\"auto, (max-width: 225px) 100vw, 225px\" srcset=\"http:\/\/www.qwien.at\/wp-content\/uploads\/2012\/05\/fiuvagylany-225x300.jpg 225w, http:\/\/www.qwien.at\/wp-content\/uploads\/2012\/05\/fiuvagylany-768x1024.jpg 768w\" alt=\"\" width=\"225\" height=\"300\" \/><\/a>Wer \u00a0ist \u00a0Adrienn Kiss? eine visuelle K\u00fcnstlerin. Hat 2008 an der Akademie der Bildenden K\u00fcnste Wien in der Klasse von Prof. Gunter Damisch in Grafik &amp; Malerei diplomiert. Arbeitet meistens mit dem Medium Zeichnung und Digitalfotografie, diesmal- bei der aktuellen\u00a0 Austellung in der Galerie Geyling -auch mit Glas und Licht.\u00a0<em>\u201eIch bin die beste Zeichnerin, die ich kenne; eine Perfektionistin und eine leidenschaftliche Effekthascherin.\u201c<\/em><\/p>\n<p><strong>Was ist das Hauptanliegen deiner Kunst?<\/strong><\/p>\n<p>Selbstdarstellung. Ich versuche genauso meine Ideen und Gedanken zu kommunizieren wie alle anderen K\u00fcnstler_innen. Meine Kunst ist aber sehr pers\u00f6nlich: die Motive finde ich in \u00a0meinem engsten Umfeld. Sie kreisen um mich selbst und Menschen, die mich umgeben. Grunds\u00e4tzlich bin ich von Emotionen geleitet. Ich visualisiere eine\u00a0 Interpretation von der Wirklichkeit durch die Verzerrung meiner Gef\u00fchle und daydreams sind manchmal auch herzlich wilkommen.<\/p>\n<p>Und bez\u00fcglich der Bedeutung: Ich denke, dass Kunst noch immer so funktionieren sollte, wie damals als die meisten Leute noch nicht lesen konnten, und K\u00fcnstler_innen die wichtigen Dinge so darstellen mussten, dass sie \u00a0eine Ahnung kriegten; wie \u00a0z.B. religi\u00f6se Darstellungen oder\u00a0 illustrierte B\u00fccher der Geschichte.<\/p>\n<p>Mein Arbeitsmotto lautet:\u00a0<em>\u201cthe right to create, \u00a0without appology, from a stance beyond gender or social definition, but not beyond the responsibility to create something of worth\u201d<\/em>\u00a0(Patti Smith)<\/p>\n<p><strong>Derzeit ist in der Galerie Geyling eine Installation von dir zu sehen, worum geht es da<\/strong><strong>?<\/strong>\u00a0In der Galerie Geyling sind derzeit die ersten Arbeiten von mir mit Glas zu sehen. Der Ausgangspunkt war eine fr\u00fchere gro\u00dfe Buntstiftzeichnung aus 2010 mit dem Titel \u201eHappened to fade\u201c, die die Verg\u00e4nglichkeit und verlorene Liebe zum Thema macht. Als Gegenst\u00fcck dazu habe ich ein Glasbild mit dem Titel \u201eNot fade away\u201c geschaffen: zum Teil realistisch, aber meist gotisiert. In meinen Zeichnungen habe ich keine Konturlinien, daf\u00fcr ineinanderflie\u00dfende Farben und einen starken Realismus. Die Glasmalerei ist das komplette Gegenteil von meiner bisherigen Arbeit. Die zwei Arbeiten sind gegen\u00fcber von einander ausgestellt.\u00a0<a href=\"https:\/\/www.qwien.at\/wp-content\/uploads\/2012\/05\/geyling-galerie-adrienn-kiss-219x300.jpg\"><img loading=\"lazy\" decoding=\"async\" class=\"size-medium wp-image-1604 alignright\" src=\"https:\/\/www.qwien.at\/wp-content\/uploads\/2012\/05\/geyling-galerie-adrienn-kiss-219x300.jpg\" sizes=\"auto, (max-width: 219px) 100vw, 219px\" srcset=\"http:\/\/www.qwien.at\/wp-content\/uploads\/2012\/05\/geyling-galerie-adrienn-kiss-219x300.jpg 219w, http:\/\/www.qwien.at\/wp-content\/uploads\/2012\/05\/geyling-galerie-adrienn-kiss-768x1052.jpg 768w, http:\/\/www.qwien.at\/wp-content\/uploads\/2012\/05\/geyling-galerie-adrienn-kiss-748x1024.jpg 748w, http:\/\/www.qwien.at\/wp-content\/uploads\/2012\/05\/geyling-galerie-adrienn-kiss.jpg 1208w\" alt=\"\" width=\"219\" height=\"300\" \/><\/a>Der Titel dieser Ausstellung \u201cThere is a light that never goes out\u201d ist\u00a0 zugleich der Titel meiner Installation. Was steht technisch gesehen zwischen der Zeichnung und dem Glasbild? Es ist eine Lichtprojektion mit Glas, welche \u00a0einen Farbkreis oder \u2013ring zeigt, dessen Zentrum wei\u00df ist.<\/p>\n<p>Er erinnert an den Farbkreis aus Goethes Farbenlehre und auch an die Farben der Regenbogenfahne. Die Installation besch\u00e4ftigt sich jedoch nicht oberfl\u00e4chlich mit dem Ph\u00e4nomen Licht und Farbe, sondern l\u00e4dt zu Assoziationen ein.\u00a0 F\u00fcr mich m\u00fcsste es also ein Licht sein, das nie endet\u2026\u00a0 Die ganze Ausstellung hat einen transzendenten Charakter. Sie besch\u00e4ftigt sich mit Verg\u00e4nglichkeit, Kontinuit\u00e4t und Ewigkeit, wobei Religion und auch Queeridentit\u00e4t einen Platz hat. Es ist ein gedankliches Spiel mit Licht und Dunkel, Gott und Teufel \u2013 Letzteres mit einem humorvollen Augenzwinkern.\u00a0<strong>Du bist in Ungarn aufgewachsen und arbeitest dort auch immer wieder. Wie beeinflusst dich die politische Situation von ungarischen LGBTI?\u00a0<\/strong>Es ist logisch, dass die\u00a0 Situation mein Leben und dadurch meine \u00a0Arbeit beeinflusst. Ich mag meine Heimat. Deswegen ist es auch angenehm in \u00a0Wien zu leben, da ich nicht weit weg von Ungarn bin. Ich \u00a0f\u00fchle mich aber nicht wirklich wohl zu Hause. Mich st\u00f6ren die \u201eScheuklappen-Attit\u00fcden\u201c der Menschen, das riesige Unwissen \u00a0\u00fcber das Thema und die\u00a0 Widerwilligkeit\u00a0 dar\u00fcber zu lernen. Es hat nat\u00fcrlich viel mit der Regierung zu tun, die immer wichtigere Probleme hat \u00a0als civil rights. Das ganze macht mich w\u00fctend und inspiriert mich gleichzeitig; deswegen m\u00f6chte ich mich st\u00e4rker innerhalb der LGBTI-Bewegung positionieren. In Ungarn es gibt n\u00e4mlich keine\u00a0 Stimme aus\u00a0 dem Kunstbereich in dem Diskurs von LGBTI Problemen. My time has arrived!<\/p>\n<div style=\"width: 222px\" class=\"wp-caption alignleft\"><a href=\"https:\/\/www.qwien.at\/wp-content\/uploads\/2012\/05\/yin-yang-me-212x300.jpg\"><img loading=\"lazy\" decoding=\"async\" src=\"https:\/\/www.qwien.at\/wp-content\/uploads\/2012\/05\/yin-yang-me-212x300.jpg\" alt=\"\" width=\"212\" height=\"300\" \/><\/a><p class=\"wp-caption-text\">Yin Yang me<\/p><\/div>\n<p><strong>Wie wirken sich die politischen Umst\u00e4nde\u00a0 auf deine Kunst aus?<\/strong>\u00a0Je \u00e4lter ich werde, desto mehr besch\u00e4ftige ich \u00a0mich mit Politik \u2013 das ist wahrscheinlich ein Zeichen vom Erwachsensein. Fr\u00fcher \u2013 als ich\u00a0 noch ein\u201eGr\u00fcnhorn\u201c war \u2013 habe ich generell wenig von Theorie und besonders von den zeitgen\u00f6ssichen post-feministischen\u00a0 Strategien gehalten. Ich fand sie damals\u00a0 zu popul\u00e4r und damit\u00a0 zu \u00fcbertrieben. Ich wollte einfach \u201einstinct-driven\u201c bleiben und zeichnete was mir gefallen hat ohne mich auf besondere Ideologien zu beziehen.\u00a0 Aber durch meine Lebenserfahrungen bin ich draufkommen, dass die Gesellschaft \u2013 wie schon am Anfang gesagt \u2013 etwas mehr von K\u00fcnstler_innen erwartet. Mein erstes politisches\u00a0 Bild ist \u00a0aus 2005, ich habe es f\u00fcr das erste Jubil\u00e4um der EU-Mitgliedschaft Ungarns gemacht. Es geht um Popkultur und Konstruktionen von Identit\u00e4t, wie auch Nationalit\u00e4t.<\/p>\n<div id=\"attachment_1603\" style=\"width: 169px\" class=\"wp-caption alignright\"><a href=\"https:\/\/www.qwien.at\/wp-content\/uploads\/2012\/05\/HunHeart2-159x300.jpg\"><img loading=\"lazy\" decoding=\"async\" aria-describedby=\"caption-attachment-1603\" class=\"size-medium wp-image-1603 \" src=\"https:\/\/www.qwien.at\/wp-content\/uploads\/2012\/05\/HunHeart2-159x300.jpg\" sizes=\"auto, (max-width: 159px) 100vw, 159px\" srcset=\"http:\/\/www.qwien.at\/wp-content\/uploads\/2012\/05\/HunHeart2-159x300.jpg 159w, http:\/\/www.qwien.at\/wp-content\/uploads\/2012\/05\/HunHeart2-768x1445.jpg 768w, http:\/\/www.qwien.at\/wp-content\/uploads\/2012\/05\/HunHeart2-544x1024.jpg 544w, http:\/\/www.qwien.at\/wp-content\/uploads\/2012\/05\/HunHeart2.jpg 1417w\" alt=\"\" width=\"159\" height=\"300\" \/><\/a><p id=\"caption-attachment-1603\" class=\"wp-caption-text\">Hunheart 2005<\/p><\/div>\n<p><strong>\u00a0<\/strong>\u00a0<strong>Planst du neue Projekte und Ausstellungen?<\/strong>\u00a0Ja, sicher. Ohne Pl\u00e4ne geht es nicht weiterzuarbeiten, da ich sehr organisiert und\u00a0 systematisch bin! Ich arbeite gerade an einem Konzept um Genderidentit\u00e4t. Es heisst \u201eFiuvagylany vagy?\u201c \u00a0Es ist stark\u00a0 von meinen letzten Erlebnissen in Ungarn inspiriert, da manche\u00a0 Leute mich auf der Strasse einfach gefragt haben: \u201eBist du ein Mann oder eine Frau?\u201c\u00a0 Der ungarische Titel ist gleichzeitig ein Wortspiel, da das Wort \u201evagy\u201c auch \u201edu bist\u201c und \u201eoder\u201c auf \u00a0Ungarisch bedeutet. (Es ist eine lustige Sprache.) Ich m\u00f6chte dieses Projekt nat\u00fcrlich gerne in Ungarn zeigen, muss aberdaf\u00fcr noch daf\u00fcr Ausstellungslobbying betreiben.<\/p>\n<p><strong>Danke f\u00fcr das Interview!<\/strong><\/p>\n<p><strong>N\u00e4here Infos zur K\u00fcnstlerin* unter\u00a0<a href=\"http:\/\/www.adriennkiss.com\/\">www.adriennkiss.com<\/a><\/strong><\/p>\n<p><strong>Die Ausstellung \u201eThere is a light that never goes out\u201c in der<a href=\"http:\/\/www.geyling.at\/galerie\/aktuell.htm\" target=\"_blank\" rel=\"noopener noreferrer\">\u00a0Galerie Geyling<\/a>\u00a0l\u00e4uft noch bis 24.5.2012!<\/strong><\/p>\n","protected":false},"excerpt":{"rendered":"<p>\t\t\t\t<![CDATA[]]>\t\t<\/p>\n","protected":false},"author":4,"featured_media":0,"comment_status":"closed","ping_status":"open","sticky":false,"template":"","format":"standard","meta":{"_acf_changed":false,"footnotes":""},"categories":[272,275,276],"tags":[],"class_list":["post-11190","post","type-post","status-publish","format-standard","hentry","category-qwien","category-qwien-tipp","category-webarchive","grve-entry-item","grve-blog-item"],"acf":[],"yoast_head":"<!-- This site is optimized with the Yoast SEO plugin v27.5 - https:\/\/yoast.com\/product\/yoast-seo-wordpress\/ -->\n<title>\u201eFiuvagylany vagy?\u201c das neue Projekt der K\u00fcnstlerin* Adrienn Kiss - Blog - Qwien - Zentrum f\u00fcr queere Geschichte<\/title>\n<meta name=\"robots\" content=\"index, follow, max-snippet:-1, max-image-preview:large, max-video-preview:-1\" \/>\n<link rel=\"canonical\" href=\"https:\/\/www.qwien.at\/en\/qwien\/fiuvagylany-vagy-das-neue-projekt-der-kunstlerin-adrienn-kiss\/\" \/>\n<meta property=\"og:locale\" content=\"en_US\" \/>\n<meta property=\"og:type\" content=\"article\" \/>\n<meta property=\"og:title\" content=\"\u201eFiuvagylany vagy?\u201c das neue Projekt der K\u00fcnstlerin* Adrienn Kiss - Blog - Qwien - Zentrum f\u00fcr queere Geschichte\" \/>\n<meta property=\"og:url\" content=\"https:\/\/www.qwien.at\/en\/qwien\/fiuvagylany-vagy-das-neue-projekt-der-kunstlerin-adrienn-kiss\/\" \/>\n<meta property=\"og:site_name\" content=\"Qwien - Zentrum f\u00fcr queere Geschichte\" \/>\n<meta property=\"article:published_time\" content=\"2025-07-15T19:37:04+00:00\" \/>\n<meta property=\"og:image\" content=\"https:\/\/www.qwien.at\/wp-content\/uploads\/2012\/05\/fiuvagylany-768x1024.jpg\" \/>\n\t<meta property=\"og:image:width\" content=\"768\" \/>\n\t<meta property=\"og:image:height\" content=\"1024\" \/>\n\t<meta property=\"og:image:type\" content=\"image\/jpeg\" \/>\n<meta name=\"author\" content=\"Andreas Brunner\" \/>\n<meta name=\"twitter:card\" content=\"summary_large_image\" \/>\n<meta name=\"twitter:label1\" content=\"Written by\" \/>\n\t<meta name=\"twitter:data1\" content=\"Andreas Brunner\" \/>\n\t<meta name=\"twitter:label2\" content=\"Est. reading time\" \/>\n\t<meta name=\"twitter:data2\" content=\"5 minutes\" \/>\n<script type=\"application\/ld+json\" class=\"yoast-schema-graph\">{\"@context\":\"https:\\\/\\\/schema.org\",\"@graph\":[{\"@type\":[\"Article\",\"BlogPosting\"],\"@id\":\"https:\\\/\\\/www.qwien.at\\\/en\\\/qwien\\\/fiuvagylany-vagy-das-neue-projekt-der-kunstlerin-adrienn-kiss\\\/#article\",\"isPartOf\":{\"@id\":\"https:\\\/\\\/www.qwien.at\\\/en\\\/qwien\\\/fiuvagylany-vagy-das-neue-projekt-der-kunstlerin-adrienn-kiss\\\/\"},\"author\":{\"name\":\"Andreas Brunner\",\"@id\":\"https:\\\/\\\/www.qwien.at\\\/en\\\/#\\\/schema\\\/person\\\/d3fe9114b43d8e5a558a6d20ca3e2920\"},\"headline\":\"\u201eFiuvagylany vagy?\u201c das neue Projekt der K\u00fcnstlerin* Adrienn Kiss\",\"datePublished\":\"2025-07-15T19:37:04+00:00\",\"mainEntityOfPage\":{\"@id\":\"https:\\\/\\\/www.qwien.at\\\/en\\\/qwien\\\/fiuvagylany-vagy-das-neue-projekt-der-kunstlerin-adrienn-kiss\\\/\"},\"wordCount\":917,\"publisher\":{\"@id\":\"https:\\\/\\\/www.qwien.at\\\/en\\\/#organization\"},\"image\":{\"@id\":\"https:\\\/\\\/www.qwien.at\\\/en\\\/qwien\\\/fiuvagylany-vagy-das-neue-projekt-der-kunstlerin-adrienn-kiss\\\/#primaryimage\"},\"thumbnailUrl\":\"https:\\\/\\\/www.qwien.at\\\/wp-content\\\/uploads\\\/2012\\\/05\\\/fiuvagylany-225x300.jpg\",\"articleSection\":[\"Qwien\",\"Tipp\",\"Webarchiv\"],\"inLanguage\":\"en-US\"},{\"@type\":\"WebPage\",\"@id\":\"https:\\\/\\\/www.qwien.at\\\/en\\\/qwien\\\/fiuvagylany-vagy-das-neue-projekt-der-kunstlerin-adrienn-kiss\\\/\",\"url\":\"https:\\\/\\\/www.qwien.at\\\/en\\\/qwien\\\/fiuvagylany-vagy-das-neue-projekt-der-kunstlerin-adrienn-kiss\\\/\",\"name\":\"\u201eFiuvagylany vagy?\u201c das neue Projekt der K\u00fcnstlerin* Adrienn Kiss - Blog - Qwien - Zentrum f\u00fcr queere Geschichte\",\"isPartOf\":{\"@id\":\"https:\\\/\\\/www.qwien.at\\\/en\\\/#website\"},\"primaryImageOfPage\":{\"@id\":\"https:\\\/\\\/www.qwien.at\\\/en\\\/qwien\\\/fiuvagylany-vagy-das-neue-projekt-der-kunstlerin-adrienn-kiss\\\/#primaryimage\"},\"image\":{\"@id\":\"https:\\\/\\\/www.qwien.at\\\/en\\\/qwien\\\/fiuvagylany-vagy-das-neue-projekt-der-kunstlerin-adrienn-kiss\\\/#primaryimage\"},\"thumbnailUrl\":\"https:\\\/\\\/www.qwien.at\\\/wp-content\\\/uploads\\\/2012\\\/05\\\/fiuvagylany-225x300.jpg\",\"datePublished\":\"2025-07-15T19:37:04+00:00\",\"breadcrumb\":{\"@id\":\"https:\\\/\\\/www.qwien.at\\\/en\\\/qwien\\\/fiuvagylany-vagy-das-neue-projekt-der-kunstlerin-adrienn-kiss\\\/#breadcrumb\"},\"inLanguage\":\"en-US\",\"potentialAction\":[{\"@type\":\"ReadAction\",\"target\":[\"https:\\\/\\\/www.qwien.at\\\/en\\\/qwien\\\/fiuvagylany-vagy-das-neue-projekt-der-kunstlerin-adrienn-kiss\\\/\"]}]},{\"@type\":\"ImageObject\",\"inLanguage\":\"en-US\",\"@id\":\"https:\\\/\\\/www.qwien.at\\\/en\\\/qwien\\\/fiuvagylany-vagy-das-neue-projekt-der-kunstlerin-adrienn-kiss\\\/#primaryimage\",\"url\":\"https:\\\/\\\/www.qwien.at\\\/wp-content\\\/uploads\\\/2012\\\/05\\\/fiuvagylany-225x300.jpg\",\"contentUrl\":\"https:\\\/\\\/www.qwien.at\\\/wp-content\\\/uploads\\\/2012\\\/05\\\/fiuvagylany-225x300.jpg\"},{\"@type\":\"BreadcrumbList\",\"@id\":\"https:\\\/\\\/www.qwien.at\\\/en\\\/qwien\\\/fiuvagylany-vagy-das-neue-projekt-der-kunstlerin-adrienn-kiss\\\/#breadcrumb\",\"itemListElement\":[{\"@type\":\"ListItem\",\"position\":1,\"name\":\"Startseite\",\"item\":\"https:\\\/\\\/www.qwien.at\\\/en\\\/\"},{\"@type\":\"ListItem\",\"position\":2,\"name\":\"\u201eFiuvagylany vagy?\u201c das neue Projekt der K\u00fcnstlerin* Adrienn Kiss\"}]},{\"@type\":\"WebSite\",\"@id\":\"https:\\\/\\\/www.qwien.at\\\/en\\\/#website\",\"url\":\"https:\\\/\\\/www.qwien.at\\\/en\\\/\",\"name\":\"Qwien - Zentrum f\u00fcr queere Geschichte\",\"description\":\"\",\"publisher\":{\"@id\":\"https:\\\/\\\/www.qwien.at\\\/en\\\/#organization\"},\"potentialAction\":[{\"@type\":\"SearchAction\",\"target\":{\"@type\":\"EntryPoint\",\"urlTemplate\":\"https:\\\/\\\/www.qwien.at\\\/en\\\/?s={search_term_string}\"},\"query-input\":{\"@type\":\"PropertyValueSpecification\",\"valueRequired\":true,\"valueName\":\"search_term_string\"}}],\"inLanguage\":\"en-US\"},{\"@type\":\"Organization\",\"@id\":\"https:\\\/\\\/www.qwien.at\\\/en\\\/#organization\",\"name\":\"Qwien\",\"url\":\"https:\\\/\\\/www.qwien.at\\\/en\\\/\",\"logo\":{\"@type\":\"ImageObject\",\"inLanguage\":\"en-US\",\"@id\":\"https:\\\/\\\/www.qwien.at\\\/en\\\/#\\\/schema\\\/logo\\\/image\\\/\",\"url\":\"https:\\\/\\\/www.qwien.at\\\/wp-content\\\/uploads\\\/2025\\\/06\\\/seo-yoast-2.png\",\"contentUrl\":\"https:\\\/\\\/www.qwien.at\\\/wp-content\\\/uploads\\\/2025\\\/06\\\/seo-yoast-2.png\",\"width\":697,\"height\":697,\"caption\":\"Qwien\"},\"image\":{\"@id\":\"https:\\\/\\\/www.qwien.at\\\/en\\\/#\\\/schema\\\/logo\\\/image\\\/\"},\"sameAs\":[\"https:\\\/\\\/www.instagram.com\\\/qwien.zentrum\\\/\"]},{\"@type\":\"Person\",\"@id\":\"https:\\\/\\\/www.qwien.at\\\/en\\\/#\\\/schema\\\/person\\\/d3fe9114b43d8e5a558a6d20ca3e2920\",\"name\":\"Andreas Brunner\"}]}<\/script>\n<!-- \/ Yoast SEO plugin. -->","yoast_head_json":{"title":"\u201eFiuvagylany vagy?\u201c das neue Projekt der K\u00fcnstlerin* Adrienn Kiss - Blog - Qwien - Zentrum f\u00fcr queere Geschichte","robots":{"index":"index","follow":"follow","max-snippet":"max-snippet:-1","max-image-preview":"max-image-preview:large","max-video-preview":"max-video-preview:-1"},"canonical":"https:\/\/www.qwien.at\/en\/qwien\/fiuvagylany-vagy-das-neue-projekt-der-kunstlerin-adrienn-kiss\/","og_locale":"en_US","og_type":"article","og_title":"\u201eFiuvagylany vagy?\u201c das neue Projekt der K\u00fcnstlerin* Adrienn Kiss - Blog - Qwien - Zentrum f\u00fcr queere Geschichte","og_url":"https:\/\/www.qwien.at\/en\/qwien\/fiuvagylany-vagy-das-neue-projekt-der-kunstlerin-adrienn-kiss\/","og_site_name":"Qwien - Zentrum f\u00fcr queere Geschichte","article_published_time":"2025-07-15T19:37:04+00:00","og_image":[{"width":768,"height":1024,"url":"https:\/\/www.qwien.at\/wp-content\/uploads\/2012\/05\/fiuvagylany-768x1024.jpg","type":"image\/jpeg"}],"author":"Andreas Brunner","twitter_card":"summary_large_image","twitter_misc":{"Written by":"Andreas Brunner","Est. reading time":"5 minutes"},"schema":{"@context":"https:\/\/schema.org","@graph":[{"@type":["Article","BlogPosting"],"@id":"https:\/\/www.qwien.at\/en\/qwien\/fiuvagylany-vagy-das-neue-projekt-der-kunstlerin-adrienn-kiss\/#article","isPartOf":{"@id":"https:\/\/www.qwien.at\/en\/qwien\/fiuvagylany-vagy-das-neue-projekt-der-kunstlerin-adrienn-kiss\/"},"author":{"name":"Andreas Brunner","@id":"https:\/\/www.qwien.at\/en\/#\/schema\/person\/d3fe9114b43d8e5a558a6d20ca3e2920"},"headline":"\u201eFiuvagylany vagy?\u201c das neue Projekt der K\u00fcnstlerin* Adrienn Kiss","datePublished":"2025-07-15T19:37:04+00:00","mainEntityOfPage":{"@id":"https:\/\/www.qwien.at\/en\/qwien\/fiuvagylany-vagy-das-neue-projekt-der-kunstlerin-adrienn-kiss\/"},"wordCount":917,"publisher":{"@id":"https:\/\/www.qwien.at\/en\/#organization"},"image":{"@id":"https:\/\/www.qwien.at\/en\/qwien\/fiuvagylany-vagy-das-neue-projekt-der-kunstlerin-adrienn-kiss\/#primaryimage"},"thumbnailUrl":"https:\/\/www.qwien.at\/wp-content\/uploads\/2012\/05\/fiuvagylany-225x300.jpg","articleSection":["Qwien","Tipp","Webarchiv"],"inLanguage":"en-US"},{"@type":"WebPage","@id":"https:\/\/www.qwien.at\/en\/qwien\/fiuvagylany-vagy-das-neue-projekt-der-kunstlerin-adrienn-kiss\/","url":"https:\/\/www.qwien.at\/en\/qwien\/fiuvagylany-vagy-das-neue-projekt-der-kunstlerin-adrienn-kiss\/","name":"\u201eFiuvagylany vagy?\u201c das neue Projekt der K\u00fcnstlerin* Adrienn Kiss - Blog - Qwien - Zentrum f\u00fcr queere Geschichte","isPartOf":{"@id":"https:\/\/www.qwien.at\/en\/#website"},"primaryImageOfPage":{"@id":"https:\/\/www.qwien.at\/en\/qwien\/fiuvagylany-vagy-das-neue-projekt-der-kunstlerin-adrienn-kiss\/#primaryimage"},"image":{"@id":"https:\/\/www.qwien.at\/en\/qwien\/fiuvagylany-vagy-das-neue-projekt-der-kunstlerin-adrienn-kiss\/#primaryimage"},"thumbnailUrl":"https:\/\/www.qwien.at\/wp-content\/uploads\/2012\/05\/fiuvagylany-225x300.jpg","datePublished":"2025-07-15T19:37:04+00:00","breadcrumb":{"@id":"https:\/\/www.qwien.at\/en\/qwien\/fiuvagylany-vagy-das-neue-projekt-der-kunstlerin-adrienn-kiss\/#breadcrumb"},"inLanguage":"en-US","potentialAction":[{"@type":"ReadAction","target":["https:\/\/www.qwien.at\/en\/qwien\/fiuvagylany-vagy-das-neue-projekt-der-kunstlerin-adrienn-kiss\/"]}]},{"@type":"ImageObject","inLanguage":"en-US","@id":"https:\/\/www.qwien.at\/en\/qwien\/fiuvagylany-vagy-das-neue-projekt-der-kunstlerin-adrienn-kiss\/#primaryimage","url":"https:\/\/www.qwien.at\/wp-content\/uploads\/2012\/05\/fiuvagylany-225x300.jpg","contentUrl":"https:\/\/www.qwien.at\/wp-content\/uploads\/2012\/05\/fiuvagylany-225x300.jpg"},{"@type":"BreadcrumbList","@id":"https:\/\/www.qwien.at\/en\/qwien\/fiuvagylany-vagy-das-neue-projekt-der-kunstlerin-adrienn-kiss\/#breadcrumb","itemListElement":[{"@type":"ListItem","position":1,"name":"Startseite","item":"https:\/\/www.qwien.at\/en\/"},{"@type":"ListItem","position":2,"name":"\u201eFiuvagylany vagy?\u201c das neue Projekt der K\u00fcnstlerin* Adrienn Kiss"}]},{"@type":"WebSite","@id":"https:\/\/www.qwien.at\/en\/#website","url":"https:\/\/www.qwien.at\/en\/","name":"Qwien - Zentrum f\u00fcr queere Geschichte","description":"","publisher":{"@id":"https:\/\/www.qwien.at\/en\/#organization"},"potentialAction":[{"@type":"SearchAction","target":{"@type":"EntryPoint","urlTemplate":"https:\/\/www.qwien.at\/en\/?s={search_term_string}"},"query-input":{"@type":"PropertyValueSpecification","valueRequired":true,"valueName":"search_term_string"}}],"inLanguage":"en-US"},{"@type":"Organization","@id":"https:\/\/www.qwien.at\/en\/#organization","name":"Qwien","url":"https:\/\/www.qwien.at\/en\/","logo":{"@type":"ImageObject","inLanguage":"en-US","@id":"https:\/\/www.qwien.at\/en\/#\/schema\/logo\/image\/","url":"https:\/\/www.qwien.at\/wp-content\/uploads\/2025\/06\/seo-yoast-2.png","contentUrl":"https:\/\/www.qwien.at\/wp-content\/uploads\/2025\/06\/seo-yoast-2.png","width":697,"height":697,"caption":"Qwien"},"image":{"@id":"https:\/\/www.qwien.at\/en\/#\/schema\/logo\/image\/"},"sameAs":["https:\/\/www.instagram.com\/qwien.zentrum\/"]},{"@type":"Person","@id":"https:\/\/www.qwien.at\/en\/#\/schema\/person\/d3fe9114b43d8e5a558a6d20ca3e2920","name":"Andreas Brunner"}]}},"_links":{"self":[{"href":"https:\/\/www.qwien.at\/en\/wp-json\/wp\/v2\/posts\/11190","targetHints":{"allow":["GET"]}}],"collection":[{"href":"https:\/\/www.qwien.at\/en\/wp-json\/wp\/v2\/posts"}],"about":[{"href":"https:\/\/www.qwien.at\/en\/wp-json\/wp\/v2\/types\/post"}],"author":[{"embeddable":true,"href":"https:\/\/www.qwien.at\/en\/wp-json\/wp\/v2\/users\/4"}],"replies":[{"embeddable":true,"href":"https:\/\/www.qwien.at\/en\/wp-json\/wp\/v2\/comments?post=11190"}],"version-history":[{"count":0,"href":"https:\/\/www.qwien.at\/en\/wp-json\/wp\/v2\/posts\/11190\/revisions"}],"wp:attachment":[{"href":"https:\/\/www.qwien.at\/en\/wp-json\/wp\/v2\/media?parent=11190"}],"wp:term":[{"taxonomy":"category","embeddable":true,"href":"https:\/\/www.qwien.at\/en\/wp-json\/wp\/v2\/categories?post=11190"},{"taxonomy":"post_tag","embeddable":true,"href":"https:\/\/www.qwien.at\/en\/wp-json\/wp\/v2\/tags?post=11190"}],"curies":[{"name":"wp","href":"https:\/\/api.w.org\/{rel}","templated":true}]}}