{"id":11194,"date":"2025-07-15T21:37:04","date_gmt":"2025-07-15T19:37:04","guid":{"rendered":"https:\/\/www.qwien.at\/nicht-kategorisiert\/stonewall-in-wien-die-1990er-nadja-boris-schefzig\/"},"modified":"2025-07-15T21:37:04","modified_gmt":"2025-07-15T19:37:04","slug":"stonewall-in-wien-die-1990er-nadja-boris-schefzig","status":"publish","type":"post","link":"https:\/\/www.qwien.at\/en\/qwien\/stonewall-in-wien-die-1990er-nadja-boris-schefzig\/","title":{"rendered":"Stonewall in Wien \u2013 die 1990er: Nadja B. Schefzig"},"content":{"rendered":"<p><em>Wann hast du zum ersten Mal von Stonewall geh\u00f6rt?<\/em><br \/>\n<a href=\"https:\/\/www.qwien.at\/wp-content\/uploads\/2012\/10\/Bild_NSC.jpg\"><img loading=\"lazy\" decoding=\"async\" class=\"alignleft size-full wp-image-2045\" title=\"Bild_NSC\" src=\"https:\/\/www.qwien.at\/wp-content\/uploads\/2012\/10\/Bild_NSC.jpg\" alt=\"\" width=\"126\" height=\"101\" \/><\/a>Ich erinnere mich nicht an den konkreten Moment, ich kann nur sch\u00e4tzen, wann das gewesen sein k\u00f6nnte: so Mitte der neunziger Jahre.<br \/>\n<em>Wann bist du selber in die Szene gekommen?<\/em><br \/>\nBisschen fr\u00fcher, so 1992 war das. Ich hab das damals noch nicht als Coming-out betrachtet, doch im Herbst drauf hab ich mich dann total verliebt. Das erste Lokal, in dem ich 1992 war, war die Villa. Da waren auf den Tischen so St\u00e4nder mit Flyern und in denen ging\u2019s um Safer Sex f\u00fcr Lesben, eine Veranstaltung der HOSI. Wir haben dann so gescherzt, wie geht denn das, haben uns das so vorgestellt und haben spa\u00dfeshalber gesagt: \u201eMit Handschuhen vielleicht?\u201c Also gehen wir zur HOSI, und die HOSI ist voll mit Frauen \u2013 und die Handschuhe sind schon rausgezogen worden. Wir\u00a0 waren irgendwie zwischen \u00fcberrascht, schockiert und interessiert. Das blieb f\u00fcr die 90er Jahre mein Gef\u00fchl: Das war so eine sexy Zeit, eine sexuelle Zeit und auch eine sexualisierte Zeit. Deshalb sind wir hier auch am Spielplatz, wir waren damals verspielt. F\u00fcr den Sex war\u2019s gut, f\u00fcr die Liebe nicht immer so gut, und f\u00fcr die Beziehungen war\u2019s schwierig.<br \/>\n<em>Du warst ja zu Zeiten des \u201equeer turn\u201c an der Universit\u00e4t, wie hat sich das abgespielt?<\/em><br \/>\nDer \u201equeer turn\u201c war nat\u00fcrlich sehr verbunden mit Judith Butler, zu der ich aus meinem Fach, der Philosophie heraus, einen guten Zugang hatte. Ich hatte jedenfalls das Gef\u00fchl, dass ihr Begriff \u201equeer\u201c genau trifft, wie ich mich befinde, was ich sp\u00fcre, was mich interessiert, was in mei-nem ganz pers\u00f6nlichen Leben abgeht. Die beschreibt das, was ich bin: Eine Identit\u00e4t, die keine ist, was ich auf mich total anwenden konnte. F\u00fcr mich war klar, ich bin keine Lesbe, f\u00fcr mich war eigentlich auch nie verst\u00e4ndlich, was eine Frau ist. Ich hab\u2019s halt ben\u00fctzt, weil es die Gesellschaft ben\u00fctzt hat, aber ich wusste nie genau, was das hei\u00dfen soll. Ich hab dann auch meine m\u00e4nnlichen Anteile ausprobiert und bin in meiner Arbeit neben dem Studium viel Lastwagen gefahren und hab auf Baustellen in ganz m\u00e4nnlichen Zusammenh\u00e4ngen gearbeitet. F\u00fcr mich war klar, was die Liebe angeht und den Sex: Ich find\u2019 den Menschen interessant und anziehend und attraktiv. Und ob es nun eine Frau oder ein Mann ist: Nicht, dass es mir egal ist, aber ich war f\u00fcr beides offen. Und es war auch so was Widerst\u00e4ndiges in mir, das sich nicht einordnen lassen wollte. In den 90ern ist in \u00d6sterreich auch die Transgender-Bewegung zur Lesben- und Schwulenbewegung gesto\u00dfen und man hat sich gegenseitig vorsichtig vereinnahmt. Transgenders selber hatten aber oft gro\u00dfe Schwierigkeiten mit der Akzeptanz durch Lesben.<br \/>\n<em>Wie hat sich das aus der doch privilegierten queeren Perspektive der Universit\u00e4t dargestellt?<\/em><br \/>\nEs gab viele Diskussionen um \u201ewomen-only\u201c-places, was aus meiner Sicht an einer bestimmten Stelle der Geschichte durchaus Sinn gemacht hat und f\u00fcr manche aus ihrer Geschichte heraus noch immer Sinn macht. Die Gem\u00fcter haben sich bis zum Geht-nicht-mehr erhitzt dar\u00fcber, ob eine Transgender-Frau nun solche Orte betreten darf oder nicht. Meine Perspektive war ein\u00a0 antidiskriminierender Ansatz, ein emanzipatorischer. Ich dachte mir, wenn wir das nun ernst nehmen wollen, dass nicht unsere Biologie unser Geschlecht konstruiert, sondern dass es sozial konstruiert ist, dann muss ich das ernst nehmen, wenn da ein Mensch steht, der als Mann geboren wurde und sagt, \u201eIch lebe jetzt gesellschaftlich als Frau. Ich m\u00f6chte rein.\u201c Dann sag\u2019 ich: \u201eKomm rein!\u201c Und das blieb mir so: Das was jemand sein m\u00f6chte, das gilt f\u00fcr mich.<br \/>\n<em>Hast du eine Erinnerung an die erste Regenbogenparade?<\/em><br \/>\nDie erste war 1996, und das war f\u00fcr mich so umwerfend, G\u00e4nsehaut all\u00fcberall. Es hat mich so ber\u00fchrt, so bewegt \u2013 ich krieg bis heute G\u00e4nsehaut, wenn ich dr\u00fcber spreche \u2013 so toll. Ich hatte das auch noch in keinem anderen Land vorher erlebt, das war \u00fcberhaupt meine erste Parade. Die zweite war noch sch\u00f6n, und dann war ich manchmal dort oder manchmal auch nicht. Und jetzt ist das Jahr 2009, und ich geh\u2019 wahrscheinlich nicht zur Regenbogenparade, au\u00dfer ich komm\u2019 zuf\u00e4llig vorbei. F\u00fcr mich pers\u00f6nlich ist das nicht mehr so interessant oder so wichtig, das ist die Wahrheit und schon l\u00e4nger so. Ich kann jetzt nicht sagen, ist das eine gesellschaftliche Entwicklung oder eine pers\u00f6nliche von mir.<br \/>\n<br \/>Alle Interviews von &#8220;Stonewall in Wien&#8221;: <a href=\"http:\/\/www.qwien.at\/stonewall-in-wien\/\">http:\/\/www.qwien.at\/stonewall-in-wien\/<\/a><\/p>\n<p><iframe loading=\"lazy\" width=\"560\" height=\"630\" src=\"http:\/\/www.youtube.com\/embed\/DC9GY7TRxHc\" frameborder=\"0\" allowfullscreen><\/iframe><\/p>\n","protected":false},"excerpt":{"rendered":"<p>\t\t\t\t<![CDATA[]]>\t\t<\/p>\n","protected":false},"author":4,"featured_media":0,"comment_status":"closed","ping_status":"open","sticky":false,"template":"","format":"standard","meta":{"_acf_changed":false,"footnotes":""},"categories":[272,276],"tags":[],"class_list":["post-11194","post","type-post","status-publish","format-standard","hentry","category-qwien","category-webarchive","grve-entry-item","grve-blog-item"],"acf":[],"yoast_head":"<!-- This site is optimized with the Yoast SEO plugin v27.5 - https:\/\/yoast.com\/product\/yoast-seo-wordpress\/ -->\n<title>Stonewall in Wien \u2013 die 1990er: Nadja B. Schefzig - Blog - Qwien - Zentrum f\u00fcr queere Geschichte<\/title>\n<meta name=\"robots\" content=\"index, follow, max-snippet:-1, max-image-preview:large, max-video-preview:-1\" \/>\n<link rel=\"canonical\" href=\"https:\/\/www.qwien.at\/en\/qwien\/stonewall-in-wien-die-1990er-nadja-boris-schefzig\/\" \/>\n<meta property=\"og:locale\" content=\"en_US\" \/>\n<meta property=\"og:type\" content=\"article\" \/>\n<meta property=\"og:title\" content=\"Stonewall in Wien \u2013 die 1990er: Nadja B. Schefzig - Blog - Qwien - Zentrum f\u00fcr queere Geschichte\" \/>\n<meta property=\"og:url\" content=\"https:\/\/www.qwien.at\/en\/qwien\/stonewall-in-wien-die-1990er-nadja-boris-schefzig\/\" \/>\n<meta property=\"og:site_name\" content=\"Qwien - Zentrum f\u00fcr queere Geschichte\" \/>\n<meta property=\"article:published_time\" content=\"2025-07-15T19:37:04+00:00\" \/>\n<meta property=\"og:image\" content=\"https:\/\/www.qwien.at\/wp-content\/uploads\/2012\/10\/Bild_NSC.jpg\" \/>\n\t<meta property=\"og:image:width\" content=\"126\" \/>\n\t<meta property=\"og:image:height\" content=\"101\" \/>\n\t<meta property=\"og:image:type\" content=\"image\/jpeg\" \/>\n<meta name=\"author\" content=\"Andreas Brunner\" \/>\n<meta name=\"twitter:card\" content=\"summary_large_image\" \/>\n<meta name=\"twitter:label1\" content=\"Written by\" \/>\n\t<meta name=\"twitter:data1\" content=\"Andreas Brunner\" \/>\n\t<meta name=\"twitter:label2\" content=\"Est. reading time\" \/>\n\t<meta name=\"twitter:data2\" content=\"4 minutes\" \/>\n<script type=\"application\/ld+json\" class=\"yoast-schema-graph\">{\"@context\":\"https:\\\/\\\/schema.org\",\"@graph\":[{\"@type\":[\"Article\",\"BlogPosting\"],\"@id\":\"https:\\\/\\\/www.qwien.at\\\/en\\\/qwien\\\/stonewall-in-wien-die-1990er-nadja-boris-schefzig\\\/#article\",\"isPartOf\":{\"@id\":\"https:\\\/\\\/www.qwien.at\\\/en\\\/qwien\\\/stonewall-in-wien-die-1990er-nadja-boris-schefzig\\\/\"},\"author\":{\"name\":\"Andreas Brunner\",\"@id\":\"https:\\\/\\\/www.qwien.at\\\/en\\\/#\\\/schema\\\/person\\\/d3fe9114b43d8e5a558a6d20ca3e2920\"},\"headline\":\"Stonewall in Wien \u2013 die 1990er: Nadja B. Schefzig\",\"datePublished\":\"2025-07-15T19:37:04+00:00\",\"mainEntityOfPage\":{\"@id\":\"https:\\\/\\\/www.qwien.at\\\/en\\\/qwien\\\/stonewall-in-wien-die-1990er-nadja-boris-schefzig\\\/\"},\"wordCount\":773,\"publisher\":{\"@id\":\"https:\\\/\\\/www.qwien.at\\\/en\\\/#organization\"},\"image\":{\"@id\":\"https:\\\/\\\/www.qwien.at\\\/en\\\/qwien\\\/stonewall-in-wien-die-1990er-nadja-boris-schefzig\\\/#primaryimage\"},\"thumbnailUrl\":\"https:\\\/\\\/www.qwien.at\\\/wp-content\\\/uploads\\\/2012\\\/10\\\/Bild_NSC.jpg\",\"articleSection\":[\"Qwien\",\"Webarchiv\"],\"inLanguage\":\"en-US\"},{\"@type\":\"WebPage\",\"@id\":\"https:\\\/\\\/www.qwien.at\\\/en\\\/qwien\\\/stonewall-in-wien-die-1990er-nadja-boris-schefzig\\\/\",\"url\":\"https:\\\/\\\/www.qwien.at\\\/en\\\/qwien\\\/stonewall-in-wien-die-1990er-nadja-boris-schefzig\\\/\",\"name\":\"Stonewall in Wien \u2013 die 1990er: Nadja B. Schefzig - Blog - Qwien - Zentrum f\u00fcr queere Geschichte\",\"isPartOf\":{\"@id\":\"https:\\\/\\\/www.qwien.at\\\/en\\\/#website\"},\"primaryImageOfPage\":{\"@id\":\"https:\\\/\\\/www.qwien.at\\\/en\\\/qwien\\\/stonewall-in-wien-die-1990er-nadja-boris-schefzig\\\/#primaryimage\"},\"image\":{\"@id\":\"https:\\\/\\\/www.qwien.at\\\/en\\\/qwien\\\/stonewall-in-wien-die-1990er-nadja-boris-schefzig\\\/#primaryimage\"},\"thumbnailUrl\":\"https:\\\/\\\/www.qwien.at\\\/wp-content\\\/uploads\\\/2012\\\/10\\\/Bild_NSC.jpg\",\"datePublished\":\"2025-07-15T19:37:04+00:00\",\"breadcrumb\":{\"@id\":\"https:\\\/\\\/www.qwien.at\\\/en\\\/qwien\\\/stonewall-in-wien-die-1990er-nadja-boris-schefzig\\\/#breadcrumb\"},\"inLanguage\":\"en-US\",\"potentialAction\":[{\"@type\":\"ReadAction\",\"target\":[\"https:\\\/\\\/www.qwien.at\\\/en\\\/qwien\\\/stonewall-in-wien-die-1990er-nadja-boris-schefzig\\\/\"]}]},{\"@type\":\"ImageObject\",\"inLanguage\":\"en-US\",\"@id\":\"https:\\\/\\\/www.qwien.at\\\/en\\\/qwien\\\/stonewall-in-wien-die-1990er-nadja-boris-schefzig\\\/#primaryimage\",\"url\":\"https:\\\/\\\/www.qwien.at\\\/wp-content\\\/uploads\\\/2012\\\/10\\\/Bild_NSC.jpg\",\"contentUrl\":\"https:\\\/\\\/www.qwien.at\\\/wp-content\\\/uploads\\\/2012\\\/10\\\/Bild_NSC.jpg\"},{\"@type\":\"BreadcrumbList\",\"@id\":\"https:\\\/\\\/www.qwien.at\\\/en\\\/qwien\\\/stonewall-in-wien-die-1990er-nadja-boris-schefzig\\\/#breadcrumb\",\"itemListElement\":[{\"@type\":\"ListItem\",\"position\":1,\"name\":\"Startseite\",\"item\":\"https:\\\/\\\/www.qwien.at\\\/en\\\/\"},{\"@type\":\"ListItem\",\"position\":2,\"name\":\"Stonewall in Wien \u2013 die 1990er: Nadja B. Schefzig\"}]},{\"@type\":\"WebSite\",\"@id\":\"https:\\\/\\\/www.qwien.at\\\/en\\\/#website\",\"url\":\"https:\\\/\\\/www.qwien.at\\\/en\\\/\",\"name\":\"Qwien - Zentrum f\u00fcr queere Geschichte\",\"description\":\"\",\"publisher\":{\"@id\":\"https:\\\/\\\/www.qwien.at\\\/en\\\/#organization\"},\"potentialAction\":[{\"@type\":\"SearchAction\",\"target\":{\"@type\":\"EntryPoint\",\"urlTemplate\":\"https:\\\/\\\/www.qwien.at\\\/en\\\/?s={search_term_string}\"},\"query-input\":{\"@type\":\"PropertyValueSpecification\",\"valueRequired\":true,\"valueName\":\"search_term_string\"}}],\"inLanguage\":\"en-US\"},{\"@type\":\"Organization\",\"@id\":\"https:\\\/\\\/www.qwien.at\\\/en\\\/#organization\",\"name\":\"Qwien\",\"url\":\"https:\\\/\\\/www.qwien.at\\\/en\\\/\",\"logo\":{\"@type\":\"ImageObject\",\"inLanguage\":\"en-US\",\"@id\":\"https:\\\/\\\/www.qwien.at\\\/en\\\/#\\\/schema\\\/logo\\\/image\\\/\",\"url\":\"https:\\\/\\\/www.qwien.at\\\/wp-content\\\/uploads\\\/2025\\\/06\\\/seo-yoast-2.png\",\"contentUrl\":\"https:\\\/\\\/www.qwien.at\\\/wp-content\\\/uploads\\\/2025\\\/06\\\/seo-yoast-2.png\",\"width\":697,\"height\":697,\"caption\":\"Qwien\"},\"image\":{\"@id\":\"https:\\\/\\\/www.qwien.at\\\/en\\\/#\\\/schema\\\/logo\\\/image\\\/\"},\"sameAs\":[\"https:\\\/\\\/www.instagram.com\\\/qwien.zentrum\\\/\"]},{\"@type\":\"Person\",\"@id\":\"https:\\\/\\\/www.qwien.at\\\/en\\\/#\\\/schema\\\/person\\\/d3fe9114b43d8e5a558a6d20ca3e2920\",\"name\":\"Andreas Brunner\"}]}<\/script>\n<!-- \/ Yoast SEO plugin. -->","yoast_head_json":{"title":"Stonewall in Wien \u2013 die 1990er: Nadja B. Schefzig - Blog - Qwien - Zentrum f\u00fcr queere Geschichte","robots":{"index":"index","follow":"follow","max-snippet":"max-snippet:-1","max-image-preview":"max-image-preview:large","max-video-preview":"max-video-preview:-1"},"canonical":"https:\/\/www.qwien.at\/en\/qwien\/stonewall-in-wien-die-1990er-nadja-boris-schefzig\/","og_locale":"en_US","og_type":"article","og_title":"Stonewall in Wien \u2013 die 1990er: Nadja B. Schefzig - Blog - Qwien - Zentrum f\u00fcr queere Geschichte","og_url":"https:\/\/www.qwien.at\/en\/qwien\/stonewall-in-wien-die-1990er-nadja-boris-schefzig\/","og_site_name":"Qwien - Zentrum f\u00fcr queere Geschichte","article_published_time":"2025-07-15T19:37:04+00:00","og_image":[{"width":126,"height":101,"url":"https:\/\/www.qwien.at\/wp-content\/uploads\/2012\/10\/Bild_NSC.jpg","type":"image\/jpeg"}],"author":"Andreas Brunner","twitter_card":"summary_large_image","twitter_misc":{"Written by":"Andreas Brunner","Est. reading time":"4 minutes"},"schema":{"@context":"https:\/\/schema.org","@graph":[{"@type":["Article","BlogPosting"],"@id":"https:\/\/www.qwien.at\/en\/qwien\/stonewall-in-wien-die-1990er-nadja-boris-schefzig\/#article","isPartOf":{"@id":"https:\/\/www.qwien.at\/en\/qwien\/stonewall-in-wien-die-1990er-nadja-boris-schefzig\/"},"author":{"name":"Andreas Brunner","@id":"https:\/\/www.qwien.at\/en\/#\/schema\/person\/d3fe9114b43d8e5a558a6d20ca3e2920"},"headline":"Stonewall in Wien \u2013 die 1990er: Nadja B. Schefzig","datePublished":"2025-07-15T19:37:04+00:00","mainEntityOfPage":{"@id":"https:\/\/www.qwien.at\/en\/qwien\/stonewall-in-wien-die-1990er-nadja-boris-schefzig\/"},"wordCount":773,"publisher":{"@id":"https:\/\/www.qwien.at\/en\/#organization"},"image":{"@id":"https:\/\/www.qwien.at\/en\/qwien\/stonewall-in-wien-die-1990er-nadja-boris-schefzig\/#primaryimage"},"thumbnailUrl":"https:\/\/www.qwien.at\/wp-content\/uploads\/2012\/10\/Bild_NSC.jpg","articleSection":["Qwien","Webarchiv"],"inLanguage":"en-US"},{"@type":"WebPage","@id":"https:\/\/www.qwien.at\/en\/qwien\/stonewall-in-wien-die-1990er-nadja-boris-schefzig\/","url":"https:\/\/www.qwien.at\/en\/qwien\/stonewall-in-wien-die-1990er-nadja-boris-schefzig\/","name":"Stonewall in Wien \u2013 die 1990er: Nadja B. Schefzig - Blog - Qwien - Zentrum f\u00fcr queere Geschichte","isPartOf":{"@id":"https:\/\/www.qwien.at\/en\/#website"},"primaryImageOfPage":{"@id":"https:\/\/www.qwien.at\/en\/qwien\/stonewall-in-wien-die-1990er-nadja-boris-schefzig\/#primaryimage"},"image":{"@id":"https:\/\/www.qwien.at\/en\/qwien\/stonewall-in-wien-die-1990er-nadja-boris-schefzig\/#primaryimage"},"thumbnailUrl":"https:\/\/www.qwien.at\/wp-content\/uploads\/2012\/10\/Bild_NSC.jpg","datePublished":"2025-07-15T19:37:04+00:00","breadcrumb":{"@id":"https:\/\/www.qwien.at\/en\/qwien\/stonewall-in-wien-die-1990er-nadja-boris-schefzig\/#breadcrumb"},"inLanguage":"en-US","potentialAction":[{"@type":"ReadAction","target":["https:\/\/www.qwien.at\/en\/qwien\/stonewall-in-wien-die-1990er-nadja-boris-schefzig\/"]}]},{"@type":"ImageObject","inLanguage":"en-US","@id":"https:\/\/www.qwien.at\/en\/qwien\/stonewall-in-wien-die-1990er-nadja-boris-schefzig\/#primaryimage","url":"https:\/\/www.qwien.at\/wp-content\/uploads\/2012\/10\/Bild_NSC.jpg","contentUrl":"https:\/\/www.qwien.at\/wp-content\/uploads\/2012\/10\/Bild_NSC.jpg"},{"@type":"BreadcrumbList","@id":"https:\/\/www.qwien.at\/en\/qwien\/stonewall-in-wien-die-1990er-nadja-boris-schefzig\/#breadcrumb","itemListElement":[{"@type":"ListItem","position":1,"name":"Startseite","item":"https:\/\/www.qwien.at\/en\/"},{"@type":"ListItem","position":2,"name":"Stonewall in Wien \u2013 die 1990er: Nadja B. Schefzig"}]},{"@type":"WebSite","@id":"https:\/\/www.qwien.at\/en\/#website","url":"https:\/\/www.qwien.at\/en\/","name":"Qwien - Zentrum f\u00fcr queere Geschichte","description":"","publisher":{"@id":"https:\/\/www.qwien.at\/en\/#organization"},"potentialAction":[{"@type":"SearchAction","target":{"@type":"EntryPoint","urlTemplate":"https:\/\/www.qwien.at\/en\/?s={search_term_string}"},"query-input":{"@type":"PropertyValueSpecification","valueRequired":true,"valueName":"search_term_string"}}],"inLanguage":"en-US"},{"@type":"Organization","@id":"https:\/\/www.qwien.at\/en\/#organization","name":"Qwien","url":"https:\/\/www.qwien.at\/en\/","logo":{"@type":"ImageObject","inLanguage":"en-US","@id":"https:\/\/www.qwien.at\/en\/#\/schema\/logo\/image\/","url":"https:\/\/www.qwien.at\/wp-content\/uploads\/2025\/06\/seo-yoast-2.png","contentUrl":"https:\/\/www.qwien.at\/wp-content\/uploads\/2025\/06\/seo-yoast-2.png","width":697,"height":697,"caption":"Qwien"},"image":{"@id":"https:\/\/www.qwien.at\/en\/#\/schema\/logo\/image\/"},"sameAs":["https:\/\/www.instagram.com\/qwien.zentrum\/"]},{"@type":"Person","@id":"https:\/\/www.qwien.at\/en\/#\/schema\/person\/d3fe9114b43d8e5a558a6d20ca3e2920","name":"Andreas Brunner"}]}},"_links":{"self":[{"href":"https:\/\/www.qwien.at\/en\/wp-json\/wp\/v2\/posts\/11194","targetHints":{"allow":["GET"]}}],"collection":[{"href":"https:\/\/www.qwien.at\/en\/wp-json\/wp\/v2\/posts"}],"about":[{"href":"https:\/\/www.qwien.at\/en\/wp-json\/wp\/v2\/types\/post"}],"author":[{"embeddable":true,"href":"https:\/\/www.qwien.at\/en\/wp-json\/wp\/v2\/users\/4"}],"replies":[{"embeddable":true,"href":"https:\/\/www.qwien.at\/en\/wp-json\/wp\/v2\/comments?post=11194"}],"version-history":[{"count":0,"href":"https:\/\/www.qwien.at\/en\/wp-json\/wp\/v2\/posts\/11194\/revisions"}],"wp:attachment":[{"href":"https:\/\/www.qwien.at\/en\/wp-json\/wp\/v2\/media?parent=11194"}],"wp:term":[{"taxonomy":"category","embeddable":true,"href":"https:\/\/www.qwien.at\/en\/wp-json\/wp\/v2\/categories?post=11194"},{"taxonomy":"post_tag","embeddable":true,"href":"https:\/\/www.qwien.at\/en\/wp-json\/wp\/v2\/tags?post=11194"}],"curies":[{"name":"wp","href":"https:\/\/api.w.org\/{rel}","templated":true}]}}