{"id":11208,"date":"2025-07-15T21:37:04","date_gmt":"2025-07-15T19:37:04","guid":{"rendered":"https:\/\/www.qwien.at\/nicht-kategorisiert\/gibt-es-etwas-schoneres-als-sehnsucht\/"},"modified":"2025-07-15T21:37:04","modified_gmt":"2025-07-15T19:37:04","slug":"gibt-es-etwas-schoneres-als-sehnsucht","status":"publish","type":"post","link":"https:\/\/www.qwien.at\/en\/qwien-books\/gibt-es-etwas-schoneres-als-sehnsucht\/","title":{"rendered":"Gibt es etwas Sch\u00f6neres als Sehnsucht?"},"content":{"rendered":"<p><strong>Ines Rieder\u00a0hat f\u00fcr QWIEN die spannende und materialreiche Biografie von Thomas Blubacher \u00fcber des Geschwisterpaars Eleonora und Francesco von Mendelssohn gelesen.<\/strong>\u00a0<em>\u201eVor allem aber ist Francesco von Mendelssohn der sicherlich exzentrischste glamorous boy der Weimarer Republik, der schillerndste Paradiesvogel der Berliner Gesellschaft \u2013 und zugleich ein prominentes Mitglied der schwulen Subkultur, immer gut f\u00fcr einen Skandal oder zumindest Anlass f\u00fcr eine Klatschgeschichte.\u201c<\/em><\/p>\n<div id=\"attachment_1764\" style=\"width: 310px\" class=\"wp-caption alignleft\"><a href=\"https:\/\/www.qwien.at\/wp-content\/uploads\/2012\/06\/Schloss-Kammer_Markus-Wiederkehr-2006-300x200.jpg\"><img loading=\"lazy\" decoding=\"async\" aria-describedby=\"caption-attachment-1764\" class=\"size-medium wp-image-1764\" title=\"Schloss-Kammer_Markus Wiederkehr 2006\" src=\"https:\/\/www.qwien.at\/wp-content\/uploads\/2012\/06\/Schloss-Kammer_Markus-Wiederkehr-2006-300x200.jpg\" sizes=\"auto, (max-width: 300px) 100vw, 300px\" srcset=\"http:\/\/www.qwien.at\/wp-content\/uploads\/2012\/06\/Schloss-Kammer_Markus-Wiederkehr-2006-300x200.jpg 300w, http:\/\/www.qwien.at\/wp-content\/uploads\/2012\/06\/Schloss-Kammer_Markus-Wiederkehr-2006-768x512.jpg 768w, http:\/\/www.qwien.at\/wp-content\/uploads\/2012\/06\/Schloss-Kammer_Markus-Wiederkehr-2006-1024x683.jpg 1024w\" alt=\"\" width=\"300\" height=\"200\" \/><\/a><p id=\"caption-attachment-1764\" class=\"wp-caption-text\">Schloss Kammer am Attersee 2006, Foto Markus Wiederkehr (Wikipedia)<\/p><\/div>\n<p>Dass der 1901 in Berlin geborene Francesco von Mendelssohn nicht nur zu einem hervorragenden Cellisten, sondern auch zu einer schillernden Figur der Berliner 20er Jahre werden konnte, verdankte er dem famili\u00e4ren Verm\u00f6gen, den eigenen Talenten und dem gro\u00dfen Kreis inspirierenden Pers\u00f6nlichkeiten und FreundInnen, die ihn umgaben. Seine 1900 geborene Schwester Eleonora schillerte auf ihre Weise \u2013 in den 20er Jahren allerdings nicht in Berlin, sondern auf vielen deutschsprachigen B\u00fchnen und obendrein hatte sie 1925 \u2013 gemeinsam mit einem ihrer sp\u00e4teren Ehem\u00e4nner \u2013 das Schloss Kammer am Attersee erworben, wo sie bis zum Jahre 1938 Gastgeberin f\u00fcr die internationale queere Szene war. Mittelpunkt des Berliner Treibens in den 20er Jahren war die Familienvilla im Grunewald, dort traf sich alles was im lesbischwulen Berlin einen Namen und einen Platz hatte. Dort \u201evermischte sich die Elite mit Strichjungen und Morphinisten\u201c. Bekannt sind die Auftritte Francescos mit der Schriftstellerin Rut Landshoff \u2013 er in Abendkleid, sie in Smoking \u2013 und die unz\u00e4hligen Feste in der Villa, meistens gemeinsam organisiert mit seinem Liebhaber, dem Pianisten Vladimir Horowitz, mit dem Francesco auch seine Vorliebe f\u00fcr muskul\u00f6se Jungs in Matrosenhemden teilte. Unter den unz\u00e4hligen Anwesenden waren Erika und Klaus Mann, der Schauspieler Gustaf Gr\u00fcndgens \u2013 mit dem Francesco auch ein l\u00e4ngere Beziehung hatte \u2013die B\u00fchnenbildnerin Mopsa Sternheim, die Autorin Annemarie Schwarzenbach, der Regisseur Veit Harlan, der in der Nazizeit eine steile Karriere machte und der zu Francescos engsten Freunden z\u00e4hlte.<\/p>\n<h3>Schwul\/lesbisches Who-Is-Who<\/h3>\n<p>Ein kleiner Auszug aus der schwul\/lesbischen-und-FreundInnen G\u00e4steliste, die Nennung von noch mehr Namen w\u00fcrde den Rahmen dieser Rezension sprengen: Eddy Sackville-West, Andr\u00e9 Gide, Marc Allegret, Ren\u00e9<\/p>\n<div id=\"attachment_1765\" style=\"width: 213px\" class=\"wp-caption alignright\"><img loading=\"lazy\" decoding=\"async\" aria-describedby=\"caption-attachment-1765\" class=\"size-medium wp-image-1765\" src=\"http:\/\/www.qwien.at\/wp-content\/uploads\/2012\/06\/Gr\u00fcndgens2-203x300.jpg\" alt=\"\" width=\"203\" height=\"300\" srcset=\"https:\/\/www.qwien.at\/wp-content\/uploads\/2012\/06\/Gr\u00fcndgens2-203x300.jpg 203w, https:\/\/www.qwien.at\/wp-content\/uploads\/2012\/06\/Gr\u00fcndgens2.jpg 406w\" sizes=\"auto, (max-width: 203px) 100vw, 203px\" \/><p id=\"caption-attachment-1765\" class=\"wp-caption-text\"><![CDATA[Gustaf Gr\u00fcndens, Starpostkarte sp\u00e4te 1920er Jahre]]><\/p><\/div>Crevel, Pablo Casals, Veit Harlan, Salka Viertel, Tilla Durieux, Fritz Kortner, Elisabeth Bergner, Yvette Guilbert, Harald Kreutzberg, Yvonne Georgi, Mechthilde F\u00fcrstin von Lichnowsky, Ren\u00e9e Sintenis, Curt Bois, Baronin Baby von Goldschmidt-Rothschild, Alfred Flechtheim, Hans Siemsen, Frieda G. Riess, Hubert von Meyerinck, Ramon Novarro, Victor Graf Henckel von Donnersmarck Zur selben Zeit empfing Eleonora auf Schloss Kammer, u.a. Fritzi Massary, Max Pallenberg, Wilhelm Furtw\u00e4ngler, Bruno Walter, Werner Krau\u00df, Rudolf Forster, Elisabeth Bergner, Richard Billinger, Bruno Frank, Carl Zuckmayer, Arturo Toscanini, Noel Coward, Mercedes de Acosta, Marlene Dietrich, Iris Tree, Friedrich Graf von Ledebur und Raimund von Hofmannsthal. Ab 1933 beobachten Francesco und seine schwulen Freunde das Geschehen in Berlin aus dem einstweilen noch sicheren Exil in Paris. Zuerst kommentieren sie den Aufstieg des einst gemeinsamen Freunds Gustaf Gr\u00fcndgens zum Leiter des Preu\u00dfischen Schauspiels, dann die Verfolgung von tausenden ihrer schwulen Freunde und Kollegen.<\/p>\n<p>Auf Schloss Kammer empf\u00e4ngt Eleonora weiterhin G\u00e4ste. Die Geschwister Mann sind da, ebenso Marlene Dietrich, Horst P. Horst, der Liebhaber von Luchino Visconti, der mit Noel Coward verkuppelt werden soll, David Herbert, Cecil Beaton und Elisabeth Bergner, die von Eleonora umschw\u00e4rmt wird. Aber schon 1935 machen sich die Geschwister in die USA auf, wo sie sich in New York niederlassen, verbringen aber bis zum Ausbruch des Zweiten Weltkriegs noch viel Zeit in Europa. In New York erwarb Francesco ein kleines Haus in der East 83rd Street, wo er, wie in Berlin zahllose Feste veranstaltete. Eleonore teilt in East 73rd Street ein Haus mit Annette Kolb und Rut Landshoff.<\/p>\n<h2>New Yorker Exil<\/h2>\n<p>Gesundheitlich geht es beiden Geschwistern nicht gut, Francesco trinkt zu viel und nimmt wie seine Schwester Tabletten und Morphin. An einer \u00dcberdosis stirbt Eleonore 1951 in New York \u2013 auch wenn sich \u00fcber Jahre hartn\u00e4ckig die Ger\u00fcchte halten, dass sie ermordet wurde. Nach Eleonores Tod verschlimmerte sich Francescos gesundheitlicher Zustand und er wird letztendlich in eine geschlossene Anstalt eingewiesen. Dort wird er mit den g\u00e4ngigen psychiatrischen Methoden der damaligen Zeit behandelt: Elektroschocks, Psychopharmaka und Lobotomie. Ab Herbst 1957 pflegt ihn Lilly Wittels, die Witwe Fritz Wittels gegen Bezahlung. Ab 1960 reisen die beiden jeden Sommer nach Europa, wo er auch alte FreundInnen trifft, die \u00fcber die Ver\u00e4nderungen in ihrem einstigen lebensfrohen, exzentrischen Freund entsetzt und traurig sind. Im September 1972 nach einer Krebsoperation stirbt Francesco, nachdem im Juni desselben Jahres Lilly Wittels gestorben war. W\u00e4hrend Eleonoras Papiere der New York Public Library \u00fcbergeben werden, flie\u00dft das verbleibende Geld der Mendelssohns in eine Foundation, die Geld an Musiker verleiht.\u00a0<a href=\"https:\/\/www.qwien.at\/wp-content\/uploads\/2012\/06\/Cover_Blubacher-186x300.jpg\"><img loading=\"lazy\" decoding=\"async\" class=\"alignleft size-medium wp-image-1767\" title=\"Cover_Blubacher\" src=\"https:\/\/www.qwien.at\/wp-content\/uploads\/2012\/06\/Cover_Blubacher-186x300.jpg\" sizes=\"auto, (max-width: 149px) 100vw, 149px\" srcset=\"http:\/\/www.qwien.at\/wp-content\/uploads\/2012\/06\/Cover_Blubacher-186x300.jpg 186w, http:\/\/www.qwien.at\/wp-content\/uploads\/2012\/06\/Cover_Blubacher.jpg 397w\" alt=\"\" width=\"149\" height=\"240\" \/><\/a>Anstatt auf die tausenden von Thomas Blubacher wunderbar beschriebenen Details in den Biografien der Geschwister Mendelssohn einzugehen, habe ich mich beim Schreiben dieser Rezension darauf beschr\u00e4nkt die Namen aufzuz\u00e4hlen, die in dieser Biographie eine Rolle spielen und deren eigene Lebensl\u00e4ufe, sowie die von Eleonora und Francesco, auf brutale Weise von den Nationalsozialisten unterbrochen, in anderen F\u00e4llen beendet und f\u00fcr ganz wenige aus ihrem Berliner Kreis einen Aufstieg brachten. So weckt mein Versuch die vielen Personen und Orten, die im Leben der Mendelssohn Geschwister eine Rolle gespielt haben und in denen vor allem sie eine Rolle spielten, zusammen zu stellen, hoffentlich den Appetit auf den 354 Seiten dieser Taschenbuchausgabe nachzulesen, wer wann wo mit wem unterwegs war.\u00a0<strong>Thomas Blubacher \u201eGibt es etwas Sch\u00f6neres als Sehnsucht?\u201c Die Geschwister Eleonora und Francesco von Mendelssohn. Berin: Insel Taschenbuch 2012<\/strong>\u00a0(erh\u00e4ltlich bei\u00a0<a href=\"http:\/\/www.loewenherz.at\/index_lw_nr.php?LWNR=8334\">L\u00f6wenherz<\/a>)<\/p>\n","protected":false},"excerpt":{"rendered":"<p>\t\t\t\t<![CDATA[]]>\t\t<\/p>\n","protected":false},"author":4,"featured_media":0,"comment_status":"closed","ping_status":"open","sticky":false,"template":"","format":"standard","meta":{"_acf_changed":false,"footnotes":""},"categories":[267,271,272],"tags":[],"class_list":["post-11208","post","type-post","status-publish","format-standard","hentry","category-qwien-books","category-literature-archive","category-qwien","grve-entry-item","grve-blog-item"],"acf":[],"yoast_head":"<!-- This site is optimized with the Yoast SEO plugin v27.5 - https:\/\/yoast.com\/product\/yoast-seo-wordpress\/ -->\n<title>Gibt es etwas Sch\u00f6neres als Sehnsucht? - Blog - Qwien - Zentrum f\u00fcr queere Geschichte<\/title>\n<meta name=\"robots\" content=\"index, follow, max-snippet:-1, max-image-preview:large, max-video-preview:-1\" \/>\n<link rel=\"canonical\" href=\"https:\/\/www.qwien.at\/en\/qwien-books\/gibt-es-etwas-schoneres-als-sehnsucht\/\" \/>\n<meta property=\"og:locale\" content=\"en_US\" \/>\n<meta property=\"og:type\" content=\"article\" \/>\n<meta property=\"og:title\" content=\"Gibt es etwas Sch\u00f6neres als Sehnsucht? - Blog - Qwien - Zentrum f\u00fcr queere Geschichte\" \/>\n<meta property=\"og:url\" content=\"https:\/\/www.qwien.at\/en\/qwien-books\/gibt-es-etwas-schoneres-als-sehnsucht\/\" \/>\n<meta property=\"og:site_name\" content=\"Qwien - Zentrum f\u00fcr queere Geschichte\" \/>\n<meta property=\"article:published_time\" content=\"2025-07-15T19:37:04+00:00\" \/>\n<meta property=\"og:image\" content=\"https:\/\/www.qwien.at\/wp-content\/uploads\/2012\/06\/Schloss-Kammer_Markus-Wiederkehr-2006.jpg\" \/>\n\t<meta property=\"og:image:width\" content=\"1800\" \/>\n\t<meta property=\"og:image:height\" content=\"1200\" \/>\n\t<meta property=\"og:image:type\" content=\"image\/jpeg\" \/>\n<meta name=\"author\" content=\"Andreas Brunner\" \/>\n<meta name=\"twitter:card\" content=\"summary_large_image\" \/>\n<meta name=\"twitter:label1\" content=\"Written by\" \/>\n\t<meta name=\"twitter:data1\" content=\"Andreas Brunner\" \/>\n\t<meta name=\"twitter:label2\" content=\"Est. reading time\" \/>\n\t<meta name=\"twitter:data2\" content=\"5 minutes\" \/>\n<script type=\"application\/ld+json\" class=\"yoast-schema-graph\">{\"@context\":\"https:\\\/\\\/schema.org\",\"@graph\":[{\"@type\":[\"Article\",\"BlogPosting\"],\"@id\":\"https:\\\/\\\/www.qwien.at\\\/en\\\/qwien-books\\\/gibt-es-etwas-schoneres-als-sehnsucht\\\/#article\",\"isPartOf\":{\"@id\":\"https:\\\/\\\/www.qwien.at\\\/en\\\/qwien-books\\\/gibt-es-etwas-schoneres-als-sehnsucht\\\/\"},\"author\":{\"name\":\"Andreas Brunner\",\"@id\":\"https:\\\/\\\/www.qwien.at\\\/en\\\/#\\\/schema\\\/person\\\/d3fe9114b43d8e5a558a6d20ca3e2920\"},\"headline\":\"Gibt es etwas Sch\u00f6neres als Sehnsucht?\",\"datePublished\":\"2025-07-15T19:37:04+00:00\",\"mainEntityOfPage\":{\"@id\":\"https:\\\/\\\/www.qwien.at\\\/en\\\/qwien-books\\\/gibt-es-etwas-schoneres-als-sehnsucht\\\/\"},\"wordCount\":928,\"publisher\":{\"@id\":\"https:\\\/\\\/www.qwien.at\\\/en\\\/#organization\"},\"image\":{\"@id\":\"https:\\\/\\\/www.qwien.at\\\/en\\\/qwien-books\\\/gibt-es-etwas-schoneres-als-sehnsucht\\\/#primaryimage\"},\"thumbnailUrl\":\"https:\\\/\\\/www.qwien.at\\\/wp-content\\\/uploads\\\/2012\\\/06\\\/Schloss-Kammer_Markus-Wiederkehr-2006-300x200.jpg\",\"articleSection\":[\"Books\",\"Literature archive\",\"Qwien\"],\"inLanguage\":\"en-US\"},{\"@type\":\"WebPage\",\"@id\":\"https:\\\/\\\/www.qwien.at\\\/en\\\/qwien-books\\\/gibt-es-etwas-schoneres-als-sehnsucht\\\/\",\"url\":\"https:\\\/\\\/www.qwien.at\\\/en\\\/qwien-books\\\/gibt-es-etwas-schoneres-als-sehnsucht\\\/\",\"name\":\"Gibt es etwas Sch\u00f6neres als Sehnsucht? - Blog - Qwien - Zentrum f\u00fcr queere Geschichte\",\"isPartOf\":{\"@id\":\"https:\\\/\\\/www.qwien.at\\\/en\\\/#website\"},\"primaryImageOfPage\":{\"@id\":\"https:\\\/\\\/www.qwien.at\\\/en\\\/qwien-books\\\/gibt-es-etwas-schoneres-als-sehnsucht\\\/#primaryimage\"},\"image\":{\"@id\":\"https:\\\/\\\/www.qwien.at\\\/en\\\/qwien-books\\\/gibt-es-etwas-schoneres-als-sehnsucht\\\/#primaryimage\"},\"thumbnailUrl\":\"https:\\\/\\\/www.qwien.at\\\/wp-content\\\/uploads\\\/2012\\\/06\\\/Schloss-Kammer_Markus-Wiederkehr-2006-300x200.jpg\",\"datePublished\":\"2025-07-15T19:37:04+00:00\",\"breadcrumb\":{\"@id\":\"https:\\\/\\\/www.qwien.at\\\/en\\\/qwien-books\\\/gibt-es-etwas-schoneres-als-sehnsucht\\\/#breadcrumb\"},\"inLanguage\":\"en-US\",\"potentialAction\":[{\"@type\":\"ReadAction\",\"target\":[\"https:\\\/\\\/www.qwien.at\\\/en\\\/qwien-books\\\/gibt-es-etwas-schoneres-als-sehnsucht\\\/\"]}]},{\"@type\":\"ImageObject\",\"inLanguage\":\"en-US\",\"@id\":\"https:\\\/\\\/www.qwien.at\\\/en\\\/qwien-books\\\/gibt-es-etwas-schoneres-als-sehnsucht\\\/#primaryimage\",\"url\":\"https:\\\/\\\/www.qwien.at\\\/wp-content\\\/uploads\\\/2012\\\/06\\\/Schloss-Kammer_Markus-Wiederkehr-2006-300x200.jpg\",\"contentUrl\":\"https:\\\/\\\/www.qwien.at\\\/wp-content\\\/uploads\\\/2012\\\/06\\\/Schloss-Kammer_Markus-Wiederkehr-2006-300x200.jpg\"},{\"@type\":\"BreadcrumbList\",\"@id\":\"https:\\\/\\\/www.qwien.at\\\/en\\\/qwien-books\\\/gibt-es-etwas-schoneres-als-sehnsucht\\\/#breadcrumb\",\"itemListElement\":[{\"@type\":\"ListItem\",\"position\":1,\"name\":\"Startseite\",\"item\":\"https:\\\/\\\/www.qwien.at\\\/en\\\/\"},{\"@type\":\"ListItem\",\"position\":2,\"name\":\"Gibt es etwas Sch\u00f6neres als Sehnsucht?\"}]},{\"@type\":\"WebSite\",\"@id\":\"https:\\\/\\\/www.qwien.at\\\/en\\\/#website\",\"url\":\"https:\\\/\\\/www.qwien.at\\\/en\\\/\",\"name\":\"Qwien - Zentrum f\u00fcr queere Geschichte\",\"description\":\"\",\"publisher\":{\"@id\":\"https:\\\/\\\/www.qwien.at\\\/en\\\/#organization\"},\"potentialAction\":[{\"@type\":\"SearchAction\",\"target\":{\"@type\":\"EntryPoint\",\"urlTemplate\":\"https:\\\/\\\/www.qwien.at\\\/en\\\/?s={search_term_string}\"},\"query-input\":{\"@type\":\"PropertyValueSpecification\",\"valueRequired\":true,\"valueName\":\"search_term_string\"}}],\"inLanguage\":\"en-US\"},{\"@type\":\"Organization\",\"@id\":\"https:\\\/\\\/www.qwien.at\\\/en\\\/#organization\",\"name\":\"Qwien\",\"url\":\"https:\\\/\\\/www.qwien.at\\\/en\\\/\",\"logo\":{\"@type\":\"ImageObject\",\"inLanguage\":\"en-US\",\"@id\":\"https:\\\/\\\/www.qwien.at\\\/en\\\/#\\\/schema\\\/logo\\\/image\\\/\",\"url\":\"https:\\\/\\\/www.qwien.at\\\/wp-content\\\/uploads\\\/2025\\\/06\\\/seo-yoast-2.png\",\"contentUrl\":\"https:\\\/\\\/www.qwien.at\\\/wp-content\\\/uploads\\\/2025\\\/06\\\/seo-yoast-2.png\",\"width\":697,\"height\":697,\"caption\":\"Qwien\"},\"image\":{\"@id\":\"https:\\\/\\\/www.qwien.at\\\/en\\\/#\\\/schema\\\/logo\\\/image\\\/\"},\"sameAs\":[\"https:\\\/\\\/www.instagram.com\\\/qwien.zentrum\\\/\"]},{\"@type\":\"Person\",\"@id\":\"https:\\\/\\\/www.qwien.at\\\/en\\\/#\\\/schema\\\/person\\\/d3fe9114b43d8e5a558a6d20ca3e2920\",\"name\":\"Andreas Brunner\"}]}<\/script>\n<!-- \/ Yoast SEO plugin. -->","yoast_head_json":{"title":"Gibt es etwas Sch\u00f6neres als Sehnsucht? - Blog - Qwien - Zentrum f\u00fcr queere Geschichte","robots":{"index":"index","follow":"follow","max-snippet":"max-snippet:-1","max-image-preview":"max-image-preview:large","max-video-preview":"max-video-preview:-1"},"canonical":"https:\/\/www.qwien.at\/en\/qwien-books\/gibt-es-etwas-schoneres-als-sehnsucht\/","og_locale":"en_US","og_type":"article","og_title":"Gibt es etwas Sch\u00f6neres als Sehnsucht? - Blog - Qwien - Zentrum f\u00fcr queere Geschichte","og_url":"https:\/\/www.qwien.at\/en\/qwien-books\/gibt-es-etwas-schoneres-als-sehnsucht\/","og_site_name":"Qwien - Zentrum f\u00fcr queere Geschichte","article_published_time":"2025-07-15T19:37:04+00:00","og_image":[{"width":1800,"height":1200,"url":"https:\/\/www.qwien.at\/wp-content\/uploads\/2012\/06\/Schloss-Kammer_Markus-Wiederkehr-2006.jpg","type":"image\/jpeg"}],"author":"Andreas Brunner","twitter_card":"summary_large_image","twitter_misc":{"Written by":"Andreas Brunner","Est. reading time":"5 minutes"},"schema":{"@context":"https:\/\/schema.org","@graph":[{"@type":["Article","BlogPosting"],"@id":"https:\/\/www.qwien.at\/en\/qwien-books\/gibt-es-etwas-schoneres-als-sehnsucht\/#article","isPartOf":{"@id":"https:\/\/www.qwien.at\/en\/qwien-books\/gibt-es-etwas-schoneres-als-sehnsucht\/"},"author":{"name":"Andreas Brunner","@id":"https:\/\/www.qwien.at\/en\/#\/schema\/person\/d3fe9114b43d8e5a558a6d20ca3e2920"},"headline":"Gibt es etwas Sch\u00f6neres als Sehnsucht?","datePublished":"2025-07-15T19:37:04+00:00","mainEntityOfPage":{"@id":"https:\/\/www.qwien.at\/en\/qwien-books\/gibt-es-etwas-schoneres-als-sehnsucht\/"},"wordCount":928,"publisher":{"@id":"https:\/\/www.qwien.at\/en\/#organization"},"image":{"@id":"https:\/\/www.qwien.at\/en\/qwien-books\/gibt-es-etwas-schoneres-als-sehnsucht\/#primaryimage"},"thumbnailUrl":"https:\/\/www.qwien.at\/wp-content\/uploads\/2012\/06\/Schloss-Kammer_Markus-Wiederkehr-2006-300x200.jpg","articleSection":["Books","Literature archive","Qwien"],"inLanguage":"en-US"},{"@type":"WebPage","@id":"https:\/\/www.qwien.at\/en\/qwien-books\/gibt-es-etwas-schoneres-als-sehnsucht\/","url":"https:\/\/www.qwien.at\/en\/qwien-books\/gibt-es-etwas-schoneres-als-sehnsucht\/","name":"Gibt es etwas Sch\u00f6neres als Sehnsucht? - Blog - Qwien - Zentrum f\u00fcr queere Geschichte","isPartOf":{"@id":"https:\/\/www.qwien.at\/en\/#website"},"primaryImageOfPage":{"@id":"https:\/\/www.qwien.at\/en\/qwien-books\/gibt-es-etwas-schoneres-als-sehnsucht\/#primaryimage"},"image":{"@id":"https:\/\/www.qwien.at\/en\/qwien-books\/gibt-es-etwas-schoneres-als-sehnsucht\/#primaryimage"},"thumbnailUrl":"https:\/\/www.qwien.at\/wp-content\/uploads\/2012\/06\/Schloss-Kammer_Markus-Wiederkehr-2006-300x200.jpg","datePublished":"2025-07-15T19:37:04+00:00","breadcrumb":{"@id":"https:\/\/www.qwien.at\/en\/qwien-books\/gibt-es-etwas-schoneres-als-sehnsucht\/#breadcrumb"},"inLanguage":"en-US","potentialAction":[{"@type":"ReadAction","target":["https:\/\/www.qwien.at\/en\/qwien-books\/gibt-es-etwas-schoneres-als-sehnsucht\/"]}]},{"@type":"ImageObject","inLanguage":"en-US","@id":"https:\/\/www.qwien.at\/en\/qwien-books\/gibt-es-etwas-schoneres-als-sehnsucht\/#primaryimage","url":"https:\/\/www.qwien.at\/wp-content\/uploads\/2012\/06\/Schloss-Kammer_Markus-Wiederkehr-2006-300x200.jpg","contentUrl":"https:\/\/www.qwien.at\/wp-content\/uploads\/2012\/06\/Schloss-Kammer_Markus-Wiederkehr-2006-300x200.jpg"},{"@type":"BreadcrumbList","@id":"https:\/\/www.qwien.at\/en\/qwien-books\/gibt-es-etwas-schoneres-als-sehnsucht\/#breadcrumb","itemListElement":[{"@type":"ListItem","position":1,"name":"Startseite","item":"https:\/\/www.qwien.at\/en\/"},{"@type":"ListItem","position":2,"name":"Gibt es etwas Sch\u00f6neres als Sehnsucht?"}]},{"@type":"WebSite","@id":"https:\/\/www.qwien.at\/en\/#website","url":"https:\/\/www.qwien.at\/en\/","name":"Qwien - Zentrum f\u00fcr queere Geschichte","description":"","publisher":{"@id":"https:\/\/www.qwien.at\/en\/#organization"},"potentialAction":[{"@type":"SearchAction","target":{"@type":"EntryPoint","urlTemplate":"https:\/\/www.qwien.at\/en\/?s={search_term_string}"},"query-input":{"@type":"PropertyValueSpecification","valueRequired":true,"valueName":"search_term_string"}}],"inLanguage":"en-US"},{"@type":"Organization","@id":"https:\/\/www.qwien.at\/en\/#organization","name":"Qwien","url":"https:\/\/www.qwien.at\/en\/","logo":{"@type":"ImageObject","inLanguage":"en-US","@id":"https:\/\/www.qwien.at\/en\/#\/schema\/logo\/image\/","url":"https:\/\/www.qwien.at\/wp-content\/uploads\/2025\/06\/seo-yoast-2.png","contentUrl":"https:\/\/www.qwien.at\/wp-content\/uploads\/2025\/06\/seo-yoast-2.png","width":697,"height":697,"caption":"Qwien"},"image":{"@id":"https:\/\/www.qwien.at\/en\/#\/schema\/logo\/image\/"},"sameAs":["https:\/\/www.instagram.com\/qwien.zentrum\/"]},{"@type":"Person","@id":"https:\/\/www.qwien.at\/en\/#\/schema\/person\/d3fe9114b43d8e5a558a6d20ca3e2920","name":"Andreas Brunner"}]}},"_links":{"self":[{"href":"https:\/\/www.qwien.at\/en\/wp-json\/wp\/v2\/posts\/11208","targetHints":{"allow":["GET"]}}],"collection":[{"href":"https:\/\/www.qwien.at\/en\/wp-json\/wp\/v2\/posts"}],"about":[{"href":"https:\/\/www.qwien.at\/en\/wp-json\/wp\/v2\/types\/post"}],"author":[{"embeddable":true,"href":"https:\/\/www.qwien.at\/en\/wp-json\/wp\/v2\/users\/4"}],"replies":[{"embeddable":true,"href":"https:\/\/www.qwien.at\/en\/wp-json\/wp\/v2\/comments?post=11208"}],"version-history":[{"count":0,"href":"https:\/\/www.qwien.at\/en\/wp-json\/wp\/v2\/posts\/11208\/revisions"}],"wp:attachment":[{"href":"https:\/\/www.qwien.at\/en\/wp-json\/wp\/v2\/media?parent=11208"}],"wp:term":[{"taxonomy":"category","embeddable":true,"href":"https:\/\/www.qwien.at\/en\/wp-json\/wp\/v2\/categories?post=11208"},{"taxonomy":"post_tag","embeddable":true,"href":"https:\/\/www.qwien.at\/en\/wp-json\/wp\/v2\/tags?post=11208"}],"curies":[{"name":"wp","href":"https:\/\/api.w.org\/{rel}","templated":true}]}}