{"id":11214,"date":"2025-07-15T21:37:03","date_gmt":"2025-07-15T19:37:03","guid":{"rendered":"https:\/\/www.qwien.at\/nicht-kategorisiert\/zeitschriftenschau-literatur-und-kritik\/"},"modified":"2025-07-15T21:37:03","modified_gmt":"2025-07-15T19:37:03","slug":"zeitschriftenschau-literatur-und-kritik","status":"publish","type":"post","link":"https:\/\/www.qwien.at\/en\/qwien-books\/zeitschriftenschau-literatur-und-kritik\/","title":{"rendered":"Zeitschriftenschau: Literatur und Kritik"},"content":{"rendered":"<p><strong>Der Schwerpunkt der aktuellen Ausgabe der \u00f6sterreichischen Literaturzeitschrift\u00a0<\/strong><strong>Literatur und Kritik<\/strong><em><strong>\u00a0widmet sich \u201eLiteratur, Ethik und Medizin\u201c, wir m\u00f6chten aber zwei Beitr\u00e4ge hervorheben, die am Rande erschienen sind:<\/strong><\/em>\u00a0<a href=\"https:\/\/www.qwien.at\/wp-content\/uploads\/2012\/07\/LuK001-194x300.jpg\"><img loading=\"lazy\" decoding=\"async\" class=\"size-medium wp-image-1851 alignleft\" title=\"LuK001\" src=\"https:\/\/www.qwien.at\/wp-content\/uploads\/2012\/07\/LuK001-194x300.jpg\" sizes=\"auto, (max-width: 194px) 100vw, 194px\" srcset=\"http:\/\/www.qwien.at\/wp-content\/uploads\/2012\/07\/LuK001-194x300.jpg 194w, http:\/\/www.qwien.at\/wp-content\/uploads\/2012\/07\/LuK001-768x1187.jpg 768w, http:\/\/www.qwien.at\/wp-content\/uploads\/2012\/07\/LuK001-663x1024.jpg 663w\" alt=\"\" width=\"194\" height=\"300\" \/><\/a>Einmal der Laudatio, die Vladimir Vertlieb auf die Theodor-Kramer-Preisstr\u00e4gerin 2012, Eva Kollisch, hielt und andererseits dem werkbiografischen Abriss von Volker B\u00fchn \u00fcber den wiederzuentdeckenden \u00f6sterreichischen Lyriker Alfred Gr\u00fcnewald. Beide verbindet, dass sie vom Terror des NS-Regimes betroffen waren, Kollisch gelang als Jugendliche die rettende Flucht in die USA, die Flucht von Gr\u00fcnewald endete in S\u00fcdfrankreich, wo er vom Vichy-Regime an die Nazis ausgeliefert und kurz darauf in Auschwitz ermordet wurde. Vertlieb erinnert in seiner Laudatio daran, dass die Erfahrung der Vertreibung das Leben von Eva Kollisch massgeblich gepr\u00e4gt hat. 1925 in Wien geboren gelang ihr mit einem \u201eKindertransport\u201c zuerst die Fluch nach England und schlie\u00dflich nach New York, wo sie noch heute mit ihrer Partnerin, der Dichterin Naomi Replansky, lebt. In den 1950 Jahren war sie mit dem von ihr geleiteten\u00a0<em>Caf\u00e9 Rienzi<\/em>\u00a0im Zentrum der Avantgarde im Greenwich Village und engagierte sich schon fr\u00fch Frauen. und Minderheitenrechte. Wie sehr sie weiterhin eine \u201eEntfremdete\u201c blieb, zeigt eine Episode, die Vertlieb zitiert. Auf einem Treffen von Holocaust\u00fcberlebenden wagte sie es nicht, von ihrer Beziehun zu einer Frau zu sprechen. \u201eW\u00fcrden sie mich mit anderen Augen ansehen, wenn sie w\u00fcssten, dass ich lesbisch bin?\u201c, war ihre Bef\u00fcrchtung. Sie wollte nicht wieder in die Position einer Au\u00dfenseiterin gedr\u00e4ngt werden und schwieg, obwohl sie sich gleichzeitig f\u00fcr ihr Schweigen sch\u00e4mte. Es war wieder die Angst vor der \u201ejohlenden Menge\u201c, die sie aber bei einem anderen Treffen \u00fcberwand und merken durfte, dass \u201eniemand auch nur mit der Wimper gezuckt hatte\u201c.<\/p>\n<p><a href=\"http:\/\/www.qwien.at\/wp-content\/uploads\/Gr%C3%BCnewald-signiert1.jpg\"><img loading=\"lazy\" decoding=\"async\" class=\"size-medium wp-image-1833\" title=\"Gr\u00fcnewald signiert\" src=\"http:\/\/www.qwien.at\/wp-content\/uploads\/Gr%C3%BCnewald-signiert1-203x300.jpg\" alt=\"\" width=\"203\" height=\"300\" \/><\/a>Alfred Gr\u00fcnewald konnte schon auf einige ver\u00f6ffentlichte Gedichtb\u00e4nde zur\u00fcckblicken, als Eva Kollisch das Licht der Welt erblickte. 1925 waren die wichtigsten Teile seines Werkes, die Gedichtb\u00e4nde\u00a0<em>Sonette an einen Knaben<\/em>\u00a0und\u00a0<em>Renatos Gesang<\/em>\u00a0bereits erschienen. Vor allem mit dem ersten der beiden Gedichtzyklen hatte sich Gr\u00fcnewald, wie der Autor des werkbiografischen Aufsatzes, Volker B\u00fchn, betont, ziemlich weit aus dem Fenster gelehnt, denn \u201eder Zyklus bestand zwar aus zarten, zur\u00fcckhaltenden, oftmals ins Traumhafte gleitenden Versen, zugleich handelte er vom Liebeswerben eines Mannes um einen J\u00fcngling\u201c. Das war dem Rezensenten der Homosexuellenzeitschrift\u00a0<em>Der Eigene<\/em>\u00a0zu \u201esublimiert\u201c, andere behielten den Autor im Auge, wie ein 14 Jahre sp\u00e4ter erscheinender Artikel im antisemitischen Hetzblatt\u00a0<em>Der St\u00fcrmer<\/em>\u00a0belegt. Volker B\u00fchn und seiner ausgedehnten Recherche, bei der er auch bislang unbekannte und unpublizierte Werke von Gr\u00fcnewald aufsp\u00fcrte, ist es zu verdanken, dass sich ein ganz neues Bild vom Leben, Werk und Sterben Gr\u00fcnewalds erschlie\u00dft. Seine Darstellung ist die bislang umfangreichste zu diesem vergessenen Dichter der \u00f6sterreichischen Literaturgeschichte. Da Gr\u00fcnewald schon zu Lebzeiten mit seinem Beharren auf klassischen Gedichtformen und einer oft ans Altert\u00fcmelnde anklingenden Sprache ein Unmoderner war, waren auch diverse Wiederentdeckungsversuche in der Nachkriegszeit, hier vor allem durch Oskar Jan Tauschinski, von wenig Erfolg gekr\u00f6nt. Vielleicht gelingt es mit dem Wissen, das Volker B\u00fchn \u00fcber den Dichter gesammelt hat, Gr\u00fcnewalds Platz in der \u00f6sterreichischen Literaturgeschichte neu zu bewerten. Am 9. September 2012 j\u00e4hrt sich der Jahrestag von Gr\u00fcnewalds Ermordung im Konzentrationslager Auschwitz zum 70. Mal. Literatur und Kritik Nr. 465\/466, Juli 2012;\u00a0<a href=\"http:\/\/www.omvs.at\/\">Otto M\u00fcller Verlag Salzburg<\/a><\/p>\n","protected":false},"excerpt":{"rendered":"<p>\t\t\t\t<![CDATA[]]>\t\t<\/p>\n","protected":false},"author":4,"featured_media":0,"comment_status":"closed","ping_status":"open","sticky":false,"template":"","format":"standard","meta":{"_acf_changed":false,"footnotes":""},"categories":[267,271],"tags":[],"class_list":["post-11214","post","type-post","status-publish","format-standard","hentry","category-qwien-books","category-literature-archive","grve-entry-item","grve-blog-item"],"acf":[],"yoast_head":"<!-- This site is optimized with the Yoast SEO plugin v27.5 - https:\/\/yoast.com\/product\/yoast-seo-wordpress\/ -->\n<title>Zeitschriftenschau: Literatur und Kritik - Blog - Qwien - Zentrum f\u00fcr queere Geschichte<\/title>\n<meta name=\"robots\" content=\"index, follow, max-snippet:-1, max-image-preview:large, max-video-preview:-1\" \/>\n<link rel=\"canonical\" href=\"https:\/\/www.qwien.at\/en\/qwien-books\/zeitschriftenschau-literatur-und-kritik\/\" \/>\n<meta property=\"og:locale\" content=\"en_US\" \/>\n<meta property=\"og:type\" content=\"article\" \/>\n<meta property=\"og:title\" content=\"Zeitschriftenschau: Literatur und Kritik - Blog - Qwien - Zentrum f\u00fcr queere Geschichte\" \/>\n<meta property=\"og:url\" content=\"https:\/\/www.qwien.at\/en\/qwien-books\/zeitschriftenschau-literatur-und-kritik\/\" \/>\n<meta property=\"og:site_name\" content=\"Qwien - Zentrum f\u00fcr queere Geschichte\" \/>\n<meta property=\"article:published_time\" content=\"2025-07-15T19:37:03+00:00\" \/>\n<meta property=\"og:image\" content=\"https:\/\/www.qwien.at\/wp-content\/uploads\/2012\/07\/LuK001.jpg\" \/>\n\t<meta property=\"og:image:width\" content=\"1774\" \/>\n\t<meta property=\"og:image:height\" content=\"2742\" \/>\n\t<meta property=\"og:image:type\" content=\"image\/jpeg\" \/>\n<meta name=\"author\" content=\"Andreas Brunner\" \/>\n<meta name=\"twitter:card\" content=\"summary_large_image\" \/>\n<meta name=\"twitter:label1\" content=\"Written by\" \/>\n\t<meta name=\"twitter:data1\" content=\"Andreas Brunner\" \/>\n\t<meta name=\"twitter:label2\" content=\"Est. reading time\" \/>\n\t<meta name=\"twitter:data2\" content=\"3 minutes\" \/>\n<script type=\"application\/ld+json\" class=\"yoast-schema-graph\">{\"@context\":\"https:\\\/\\\/schema.org\",\"@graph\":[{\"@type\":[\"Article\",\"BlogPosting\"],\"@id\":\"https:\\\/\\\/www.qwien.at\\\/en\\\/qwien-books\\\/zeitschriftenschau-literatur-und-kritik\\\/#article\",\"isPartOf\":{\"@id\":\"https:\\\/\\\/www.qwien.at\\\/en\\\/qwien-books\\\/zeitschriftenschau-literatur-und-kritik\\\/\"},\"author\":{\"name\":\"Andreas Brunner\",\"@id\":\"https:\\\/\\\/www.qwien.at\\\/en\\\/#\\\/schema\\\/person\\\/d3fe9114b43d8e5a558a6d20ca3e2920\"},\"headline\":\"Zeitschriftenschau: Literatur und Kritik\",\"datePublished\":\"2025-07-15T19:37:03+00:00\",\"mainEntityOfPage\":{\"@id\":\"https:\\\/\\\/www.qwien.at\\\/en\\\/qwien-books\\\/zeitschriftenschau-literatur-und-kritik\\\/\"},\"wordCount\":560,\"publisher\":{\"@id\":\"https:\\\/\\\/www.qwien.at\\\/en\\\/#organization\"},\"image\":{\"@id\":\"https:\\\/\\\/www.qwien.at\\\/en\\\/qwien-books\\\/zeitschriftenschau-literatur-und-kritik\\\/#primaryimage\"},\"thumbnailUrl\":\"https:\\\/\\\/www.qwien.at\\\/wp-content\\\/uploads\\\/2012\\\/07\\\/LuK001-194x300.jpg\",\"articleSection\":[\"Books\",\"Literature archive\"],\"inLanguage\":\"en-US\"},{\"@type\":\"WebPage\",\"@id\":\"https:\\\/\\\/www.qwien.at\\\/en\\\/qwien-books\\\/zeitschriftenschau-literatur-und-kritik\\\/\",\"url\":\"https:\\\/\\\/www.qwien.at\\\/en\\\/qwien-books\\\/zeitschriftenschau-literatur-und-kritik\\\/\",\"name\":\"Zeitschriftenschau: Literatur und Kritik - Blog - Qwien - Zentrum f\u00fcr queere Geschichte\",\"isPartOf\":{\"@id\":\"https:\\\/\\\/www.qwien.at\\\/en\\\/#website\"},\"primaryImageOfPage\":{\"@id\":\"https:\\\/\\\/www.qwien.at\\\/en\\\/qwien-books\\\/zeitschriftenschau-literatur-und-kritik\\\/#primaryimage\"},\"image\":{\"@id\":\"https:\\\/\\\/www.qwien.at\\\/en\\\/qwien-books\\\/zeitschriftenschau-literatur-und-kritik\\\/#primaryimage\"},\"thumbnailUrl\":\"https:\\\/\\\/www.qwien.at\\\/wp-content\\\/uploads\\\/2012\\\/07\\\/LuK001-194x300.jpg\",\"datePublished\":\"2025-07-15T19:37:03+00:00\",\"breadcrumb\":{\"@id\":\"https:\\\/\\\/www.qwien.at\\\/en\\\/qwien-books\\\/zeitschriftenschau-literatur-und-kritik\\\/#breadcrumb\"},\"inLanguage\":\"en-US\",\"potentialAction\":[{\"@type\":\"ReadAction\",\"target\":[\"https:\\\/\\\/www.qwien.at\\\/en\\\/qwien-books\\\/zeitschriftenschau-literatur-und-kritik\\\/\"]}]},{\"@type\":\"ImageObject\",\"inLanguage\":\"en-US\",\"@id\":\"https:\\\/\\\/www.qwien.at\\\/en\\\/qwien-books\\\/zeitschriftenschau-literatur-und-kritik\\\/#primaryimage\",\"url\":\"https:\\\/\\\/www.qwien.at\\\/wp-content\\\/uploads\\\/2012\\\/07\\\/LuK001-194x300.jpg\",\"contentUrl\":\"https:\\\/\\\/www.qwien.at\\\/wp-content\\\/uploads\\\/2012\\\/07\\\/LuK001-194x300.jpg\"},{\"@type\":\"BreadcrumbList\",\"@id\":\"https:\\\/\\\/www.qwien.at\\\/en\\\/qwien-books\\\/zeitschriftenschau-literatur-und-kritik\\\/#breadcrumb\",\"itemListElement\":[{\"@type\":\"ListItem\",\"position\":1,\"name\":\"Startseite\",\"item\":\"https:\\\/\\\/www.qwien.at\\\/en\\\/\"},{\"@type\":\"ListItem\",\"position\":2,\"name\":\"Zeitschriftenschau: Literatur und Kritik\"}]},{\"@type\":\"WebSite\",\"@id\":\"https:\\\/\\\/www.qwien.at\\\/en\\\/#website\",\"url\":\"https:\\\/\\\/www.qwien.at\\\/en\\\/\",\"name\":\"Qwien - Zentrum f\u00fcr queere Geschichte\",\"description\":\"\",\"publisher\":{\"@id\":\"https:\\\/\\\/www.qwien.at\\\/en\\\/#organization\"},\"potentialAction\":[{\"@type\":\"SearchAction\",\"target\":{\"@type\":\"EntryPoint\",\"urlTemplate\":\"https:\\\/\\\/www.qwien.at\\\/en\\\/?s={search_term_string}\"},\"query-input\":{\"@type\":\"PropertyValueSpecification\",\"valueRequired\":true,\"valueName\":\"search_term_string\"}}],\"inLanguage\":\"en-US\"},{\"@type\":\"Organization\",\"@id\":\"https:\\\/\\\/www.qwien.at\\\/en\\\/#organization\",\"name\":\"Qwien\",\"url\":\"https:\\\/\\\/www.qwien.at\\\/en\\\/\",\"logo\":{\"@type\":\"ImageObject\",\"inLanguage\":\"en-US\",\"@id\":\"https:\\\/\\\/www.qwien.at\\\/en\\\/#\\\/schema\\\/logo\\\/image\\\/\",\"url\":\"https:\\\/\\\/www.qwien.at\\\/wp-content\\\/uploads\\\/2025\\\/06\\\/seo-yoast-2.png\",\"contentUrl\":\"https:\\\/\\\/www.qwien.at\\\/wp-content\\\/uploads\\\/2025\\\/06\\\/seo-yoast-2.png\",\"width\":697,\"height\":697,\"caption\":\"Qwien\"},\"image\":{\"@id\":\"https:\\\/\\\/www.qwien.at\\\/en\\\/#\\\/schema\\\/logo\\\/image\\\/\"},\"sameAs\":[\"https:\\\/\\\/www.instagram.com\\\/qwien.zentrum\\\/\"]},{\"@type\":\"Person\",\"@id\":\"https:\\\/\\\/www.qwien.at\\\/en\\\/#\\\/schema\\\/person\\\/d3fe9114b43d8e5a558a6d20ca3e2920\",\"name\":\"Andreas Brunner\"}]}<\/script>\n<!-- \/ Yoast SEO plugin. -->","yoast_head_json":{"title":"Zeitschriftenschau: Literatur und Kritik - Blog - Qwien - Zentrum f\u00fcr queere Geschichte","robots":{"index":"index","follow":"follow","max-snippet":"max-snippet:-1","max-image-preview":"max-image-preview:large","max-video-preview":"max-video-preview:-1"},"canonical":"https:\/\/www.qwien.at\/en\/qwien-books\/zeitschriftenschau-literatur-und-kritik\/","og_locale":"en_US","og_type":"article","og_title":"Zeitschriftenschau: Literatur und Kritik - Blog - Qwien - Zentrum f\u00fcr queere Geschichte","og_url":"https:\/\/www.qwien.at\/en\/qwien-books\/zeitschriftenschau-literatur-und-kritik\/","og_site_name":"Qwien - Zentrum f\u00fcr queere Geschichte","article_published_time":"2025-07-15T19:37:03+00:00","og_image":[{"width":1774,"height":2742,"url":"https:\/\/www.qwien.at\/wp-content\/uploads\/2012\/07\/LuK001.jpg","type":"image\/jpeg"}],"author":"Andreas Brunner","twitter_card":"summary_large_image","twitter_misc":{"Written by":"Andreas Brunner","Est. reading time":"3 minutes"},"schema":{"@context":"https:\/\/schema.org","@graph":[{"@type":["Article","BlogPosting"],"@id":"https:\/\/www.qwien.at\/en\/qwien-books\/zeitschriftenschau-literatur-und-kritik\/#article","isPartOf":{"@id":"https:\/\/www.qwien.at\/en\/qwien-books\/zeitschriftenschau-literatur-und-kritik\/"},"author":{"name":"Andreas Brunner","@id":"https:\/\/www.qwien.at\/en\/#\/schema\/person\/d3fe9114b43d8e5a558a6d20ca3e2920"},"headline":"Zeitschriftenschau: Literatur und Kritik","datePublished":"2025-07-15T19:37:03+00:00","mainEntityOfPage":{"@id":"https:\/\/www.qwien.at\/en\/qwien-books\/zeitschriftenschau-literatur-und-kritik\/"},"wordCount":560,"publisher":{"@id":"https:\/\/www.qwien.at\/en\/#organization"},"image":{"@id":"https:\/\/www.qwien.at\/en\/qwien-books\/zeitschriftenschau-literatur-und-kritik\/#primaryimage"},"thumbnailUrl":"https:\/\/www.qwien.at\/wp-content\/uploads\/2012\/07\/LuK001-194x300.jpg","articleSection":["Books","Literature archive"],"inLanguage":"en-US"},{"@type":"WebPage","@id":"https:\/\/www.qwien.at\/en\/qwien-books\/zeitschriftenschau-literatur-und-kritik\/","url":"https:\/\/www.qwien.at\/en\/qwien-books\/zeitschriftenschau-literatur-und-kritik\/","name":"Zeitschriftenschau: Literatur und Kritik - Blog - Qwien - Zentrum f\u00fcr queere Geschichte","isPartOf":{"@id":"https:\/\/www.qwien.at\/en\/#website"},"primaryImageOfPage":{"@id":"https:\/\/www.qwien.at\/en\/qwien-books\/zeitschriftenschau-literatur-und-kritik\/#primaryimage"},"image":{"@id":"https:\/\/www.qwien.at\/en\/qwien-books\/zeitschriftenschau-literatur-und-kritik\/#primaryimage"},"thumbnailUrl":"https:\/\/www.qwien.at\/wp-content\/uploads\/2012\/07\/LuK001-194x300.jpg","datePublished":"2025-07-15T19:37:03+00:00","breadcrumb":{"@id":"https:\/\/www.qwien.at\/en\/qwien-books\/zeitschriftenschau-literatur-und-kritik\/#breadcrumb"},"inLanguage":"en-US","potentialAction":[{"@type":"ReadAction","target":["https:\/\/www.qwien.at\/en\/qwien-books\/zeitschriftenschau-literatur-und-kritik\/"]}]},{"@type":"ImageObject","inLanguage":"en-US","@id":"https:\/\/www.qwien.at\/en\/qwien-books\/zeitschriftenschau-literatur-und-kritik\/#primaryimage","url":"https:\/\/www.qwien.at\/wp-content\/uploads\/2012\/07\/LuK001-194x300.jpg","contentUrl":"https:\/\/www.qwien.at\/wp-content\/uploads\/2012\/07\/LuK001-194x300.jpg"},{"@type":"BreadcrumbList","@id":"https:\/\/www.qwien.at\/en\/qwien-books\/zeitschriftenschau-literatur-und-kritik\/#breadcrumb","itemListElement":[{"@type":"ListItem","position":1,"name":"Startseite","item":"https:\/\/www.qwien.at\/en\/"},{"@type":"ListItem","position":2,"name":"Zeitschriftenschau: Literatur und Kritik"}]},{"@type":"WebSite","@id":"https:\/\/www.qwien.at\/en\/#website","url":"https:\/\/www.qwien.at\/en\/","name":"Qwien - Zentrum f\u00fcr queere Geschichte","description":"","publisher":{"@id":"https:\/\/www.qwien.at\/en\/#organization"},"potentialAction":[{"@type":"SearchAction","target":{"@type":"EntryPoint","urlTemplate":"https:\/\/www.qwien.at\/en\/?s={search_term_string}"},"query-input":{"@type":"PropertyValueSpecification","valueRequired":true,"valueName":"search_term_string"}}],"inLanguage":"en-US"},{"@type":"Organization","@id":"https:\/\/www.qwien.at\/en\/#organization","name":"Qwien","url":"https:\/\/www.qwien.at\/en\/","logo":{"@type":"ImageObject","inLanguage":"en-US","@id":"https:\/\/www.qwien.at\/en\/#\/schema\/logo\/image\/","url":"https:\/\/www.qwien.at\/wp-content\/uploads\/2025\/06\/seo-yoast-2.png","contentUrl":"https:\/\/www.qwien.at\/wp-content\/uploads\/2025\/06\/seo-yoast-2.png","width":697,"height":697,"caption":"Qwien"},"image":{"@id":"https:\/\/www.qwien.at\/en\/#\/schema\/logo\/image\/"},"sameAs":["https:\/\/www.instagram.com\/qwien.zentrum\/"]},{"@type":"Person","@id":"https:\/\/www.qwien.at\/en\/#\/schema\/person\/d3fe9114b43d8e5a558a6d20ca3e2920","name":"Andreas Brunner"}]}},"_links":{"self":[{"href":"https:\/\/www.qwien.at\/en\/wp-json\/wp\/v2\/posts\/11214","targetHints":{"allow":["GET"]}}],"collection":[{"href":"https:\/\/www.qwien.at\/en\/wp-json\/wp\/v2\/posts"}],"about":[{"href":"https:\/\/www.qwien.at\/en\/wp-json\/wp\/v2\/types\/post"}],"author":[{"embeddable":true,"href":"https:\/\/www.qwien.at\/en\/wp-json\/wp\/v2\/users\/4"}],"replies":[{"embeddable":true,"href":"https:\/\/www.qwien.at\/en\/wp-json\/wp\/v2\/comments?post=11214"}],"version-history":[{"count":0,"href":"https:\/\/www.qwien.at\/en\/wp-json\/wp\/v2\/posts\/11214\/revisions"}],"wp:attachment":[{"href":"https:\/\/www.qwien.at\/en\/wp-json\/wp\/v2\/media?parent=11214"}],"wp:term":[{"taxonomy":"category","embeddable":true,"href":"https:\/\/www.qwien.at\/en\/wp-json\/wp\/v2\/categories?post=11214"},{"taxonomy":"post_tag","embeddable":true,"href":"https:\/\/www.qwien.at\/en\/wp-json\/wp\/v2\/tags?post=11214"}],"curies":[{"name":"wp","href":"https:\/\/api.w.org\/{rel}","templated":true}]}}