{"id":11216,"date":"2025-07-15T21:37:03","date_gmt":"2025-07-15T19:37:03","guid":{"rendered":"https:\/\/www.qwien.at\/nicht-kategorisiert\/zeitschriftenschau-dr-med-mabuse\/"},"modified":"2025-07-15T21:37:03","modified_gmt":"2025-07-15T19:37:03","slug":"zeitschriftenschau-dr-med-mabuse","status":"publish","type":"post","link":"https:\/\/www.qwien.at\/en\/qwien-books\/zeitschriftenschau-dr-med-mabuse\/","title":{"rendered":"Zeitschriftenschau: Dr. med. Mabuse"},"content":{"rendered":"<p><strong><a href=\"https:\/\/www.qwien.at\/wp-content\/uploads\/2012\/07\/Dr.med_.Mabuse-217x300.jpg\"><img loading=\"lazy\" decoding=\"async\" class=\"size-medium wp-image-1840 alignleft\" title=\"Dr.med.Mabuse\" src=\"https:\/\/www.qwien.at\/wp-content\/uploads\/2012\/07\/Dr.med_.Mabuse-217x300.jpg\" sizes=\"auto, (max-width: 217px) 100vw, 217px\" srcset=\"http:\/\/www.qwien.at\/wp-content\/uploads\/2012\/07\/Dr.med_.Mabuse-217x300.jpg 217w, http:\/\/www.qwien.at\/wp-content\/uploads\/2012\/07\/Dr.med_.Mabuse.jpg 300w\" alt=\"\" width=\"217\" height=\"300\" \/><\/a>Die in Deutschland erscheinende \u201eZeitschrift f\u00fcr alle Gesundheitsberufe\u201c hat eine Schwerpunktnummer zu HIV\/Aids ver\u00f6ffentlicht.<\/strong>\u00a0W\u00e4hrend in Washington gerade der diesj\u00e4hrige Welt-Aids-Kongress AIDS 2012 abgehalten wird, blickt die Redaktion von\u00a0<em>Dr. med. Mabuse<\/em> auf 30 Jahre HIV zur\u00fcck und zieht Bilanz. Wie sehr sich die Bedrohung durch HIV\/Aids in diesen 30 Jahren ver\u00e4ndert hat, zeigt vielleicht am deutlichsten der Titel des Artikels von Holger Wicht, dem Pressesprecher der Deutschen Aidshilfe: \u201eDie Erfolgsgeschichte einer Katastrophe\u201c. War in den Jahren bis zur Einf\u00fchrung einer wirksamen Therapie f\u00fcr Viele die Infektion gleichbedeutend mit einem Todesurteil, hat sich das Bild von HIV\/Aids seither auch in der \u00f6ffentlichen Wahrnehmung drastisch ge\u00e4ndert, vorausgesetzt man kann sich die Therapie leisten, was nicht \u00fcberall auf der Welt \u2013 und hier vor allem in den heute am st\u00e4rksten betroffenen Regionen in Afrika, Asien und Osteuropa \u2013 nicht der Fall ist.\u00a0Dieses Problem der ungleichen Chancen lag lange Zeit am Patentschutz der Pharmakonzerne, der den Preis f\u00fcr die HIV-Medikamente hochhielt, heute aber auch an den schlecht entwickelten Versorgungssystemen in wenig entwickelten Regionen. In L\u00e4ndern, in denen die medizinische Grundversorgung der Bev\u00f6lkerung kaum gew\u00e4hrleistet ist, ist eine regelm\u00e4\u00dfige Aids-Behandlung doppelt schwierig, wie in einem Artikel von J\u00f6rg Schaaber festgehalten wird. Die Themen des Schwerpunkts sind breit gestreut, so kommt ein Langzeit\u00fcberlebender zu Wort, der auch die schweren Nebenwirkungen der lebensrettenden Medikamente nicht verschwiegt, was vielleicht manchem Unvorsichtigen eine Warnung vor unsafem Sex sein sollte. In diesem Zusammenhang werden auch die Probleme der HIV-Pr\u00e4vention thematisiert, die leider auch in \u00d6sterreich im Argen liegt. Wann ist hierzulande die letzte gro\u00dfe Pr\u00e4ventionskampagne zu sehen gewesen? Welche Strategien m\u00fcssen ergriffen werden, angesichts der stark zunehmenden Risikobereitschaft? Darauf findet auch Michael Eckert in seinem Beitrag nur vage Antworten. Artikel \u00fcber die Herausforderungen in einem Wohn- und Pflegeheim f\u00fcr Menschen mit fortgeschrittener HIV-Infektion oder Aids-Erkrankung in Frankfurt, Dem Erinnerungsprojekt \u201eMemory Books\u201c und zu HIV und Schwangerschaft runden die Themenpalette ab. Da auch Menschen in Gesundheitsberufen nicht frei von Vorurteilen und Wissensdefiziten zu HIV\/Aids sind, ist der niederschwellige \u00dcberblick \u00fcber 30 Jahre Leben und Sterben mit dem Virus sehr begr\u00fc\u00dfenswert.\u00a0<em><strong>Dr. med. Mabuse<\/strong><\/em>\u00a0Nr. 198, Juli\/August 2012 ist im\u00a0<a href=\"http:\/\/www.mabuse-verlag.de\/\">Mabuse-Verlag<\/a> erschienen.<\/p>\n","protected":false},"excerpt":{"rendered":"<p>\t\t\t\t<![CDATA[]]>\t\t<\/p>\n","protected":false},"author":4,"featured_media":0,"comment_status":"closed","ping_status":"open","sticky":false,"template":"","format":"standard","meta":{"_acf_changed":false,"footnotes":""},"categories":[267,271],"tags":[],"class_list":["post-11216","post","type-post","status-publish","format-standard","hentry","category-qwien-books","category-literature-archive","grve-entry-item","grve-blog-item"],"acf":[],"yoast_head":"<!-- This site is optimized with the Yoast SEO plugin v27.5 - https:\/\/yoast.com\/product\/yoast-seo-wordpress\/ -->\n<title>Zeitschriftenschau: Dr. med. Mabuse - Blog - Qwien - Zentrum f\u00fcr queere Geschichte<\/title>\n<meta name=\"robots\" content=\"index, follow, max-snippet:-1, max-image-preview:large, max-video-preview:-1\" \/>\n<link rel=\"canonical\" href=\"https:\/\/www.qwien.at\/en\/qwien-books\/zeitschriftenschau-dr-med-mabuse\/\" \/>\n<meta property=\"og:locale\" content=\"en_US\" \/>\n<meta property=\"og:type\" content=\"article\" \/>\n<meta property=\"og:title\" content=\"Zeitschriftenschau: Dr. med. Mabuse - Blog - Qwien - Zentrum f\u00fcr queere Geschichte\" \/>\n<meta property=\"og:url\" content=\"https:\/\/www.qwien.at\/en\/qwien-books\/zeitschriftenschau-dr-med-mabuse\/\" \/>\n<meta property=\"og:site_name\" content=\"Qwien - Zentrum f\u00fcr queere Geschichte\" \/>\n<meta property=\"article:published_time\" content=\"2025-07-15T19:37:03+00:00\" \/>\n<meta property=\"og:image\" content=\"https:\/\/www.qwien.at\/wp-content\/uploads\/2012\/07\/Dr.med_.Mabuse.jpg\" \/>\n\t<meta property=\"og:image:width\" content=\"300\" \/>\n\t<meta property=\"og:image:height\" content=\"414\" \/>\n\t<meta property=\"og:image:type\" content=\"image\/jpeg\" \/>\n<meta name=\"author\" content=\"Andreas Brunner\" \/>\n<meta name=\"twitter:card\" content=\"summary_large_image\" \/>\n<meta name=\"twitter:label1\" content=\"Written by\" \/>\n\t<meta name=\"twitter:data1\" content=\"Andreas Brunner\" \/>\n\t<meta name=\"twitter:label2\" content=\"Est. reading time\" \/>\n\t<meta name=\"twitter:data2\" content=\"2 minutes\" \/>\n<script type=\"application\/ld+json\" class=\"yoast-schema-graph\">{\"@context\":\"https:\\\/\\\/schema.org\",\"@graph\":[{\"@type\":[\"Article\",\"BlogPosting\"],\"@id\":\"https:\\\/\\\/www.qwien.at\\\/en\\\/qwien-books\\\/zeitschriftenschau-dr-med-mabuse\\\/#article\",\"isPartOf\":{\"@id\":\"https:\\\/\\\/www.qwien.at\\\/en\\\/qwien-books\\\/zeitschriftenschau-dr-med-mabuse\\\/\"},\"author\":{\"name\":\"Andreas Brunner\",\"@id\":\"https:\\\/\\\/www.qwien.at\\\/en\\\/#\\\/schema\\\/person\\\/d3fe9114b43d8e5a558a6d20ca3e2920\"},\"headline\":\"Zeitschriftenschau: Dr. med. Mabuse\",\"datePublished\":\"2025-07-15T19:37:03+00:00\",\"mainEntityOfPage\":{\"@id\":\"https:\\\/\\\/www.qwien.at\\\/en\\\/qwien-books\\\/zeitschriftenschau-dr-med-mabuse\\\/\"},\"wordCount\":376,\"publisher\":{\"@id\":\"https:\\\/\\\/www.qwien.at\\\/en\\\/#organization\"},\"image\":{\"@id\":\"https:\\\/\\\/www.qwien.at\\\/en\\\/qwien-books\\\/zeitschriftenschau-dr-med-mabuse\\\/#primaryimage\"},\"thumbnailUrl\":\"https:\\\/\\\/www.qwien.at\\\/wp-content\\\/uploads\\\/2012\\\/07\\\/Dr.med_.Mabuse-217x300.jpg\",\"articleSection\":[\"Books\",\"Literature archive\"],\"inLanguage\":\"en-US\"},{\"@type\":\"WebPage\",\"@id\":\"https:\\\/\\\/www.qwien.at\\\/en\\\/qwien-books\\\/zeitschriftenschau-dr-med-mabuse\\\/\",\"url\":\"https:\\\/\\\/www.qwien.at\\\/en\\\/qwien-books\\\/zeitschriftenschau-dr-med-mabuse\\\/\",\"name\":\"Zeitschriftenschau: Dr. med. Mabuse - Blog - Qwien - Zentrum f\u00fcr queere Geschichte\",\"isPartOf\":{\"@id\":\"https:\\\/\\\/www.qwien.at\\\/en\\\/#website\"},\"primaryImageOfPage\":{\"@id\":\"https:\\\/\\\/www.qwien.at\\\/en\\\/qwien-books\\\/zeitschriftenschau-dr-med-mabuse\\\/#primaryimage\"},\"image\":{\"@id\":\"https:\\\/\\\/www.qwien.at\\\/en\\\/qwien-books\\\/zeitschriftenschau-dr-med-mabuse\\\/#primaryimage\"},\"thumbnailUrl\":\"https:\\\/\\\/www.qwien.at\\\/wp-content\\\/uploads\\\/2012\\\/07\\\/Dr.med_.Mabuse-217x300.jpg\",\"datePublished\":\"2025-07-15T19:37:03+00:00\",\"breadcrumb\":{\"@id\":\"https:\\\/\\\/www.qwien.at\\\/en\\\/qwien-books\\\/zeitschriftenschau-dr-med-mabuse\\\/#breadcrumb\"},\"inLanguage\":\"en-US\",\"potentialAction\":[{\"@type\":\"ReadAction\",\"target\":[\"https:\\\/\\\/www.qwien.at\\\/en\\\/qwien-books\\\/zeitschriftenschau-dr-med-mabuse\\\/\"]}]},{\"@type\":\"ImageObject\",\"inLanguage\":\"en-US\",\"@id\":\"https:\\\/\\\/www.qwien.at\\\/en\\\/qwien-books\\\/zeitschriftenschau-dr-med-mabuse\\\/#primaryimage\",\"url\":\"https:\\\/\\\/www.qwien.at\\\/wp-content\\\/uploads\\\/2012\\\/07\\\/Dr.med_.Mabuse-217x300.jpg\",\"contentUrl\":\"https:\\\/\\\/www.qwien.at\\\/wp-content\\\/uploads\\\/2012\\\/07\\\/Dr.med_.Mabuse-217x300.jpg\"},{\"@type\":\"BreadcrumbList\",\"@id\":\"https:\\\/\\\/www.qwien.at\\\/en\\\/qwien-books\\\/zeitschriftenschau-dr-med-mabuse\\\/#breadcrumb\",\"itemListElement\":[{\"@type\":\"ListItem\",\"position\":1,\"name\":\"Startseite\",\"item\":\"https:\\\/\\\/www.qwien.at\\\/en\\\/\"},{\"@type\":\"ListItem\",\"position\":2,\"name\":\"Zeitschriftenschau: Dr. med. Mabuse\"}]},{\"@type\":\"WebSite\",\"@id\":\"https:\\\/\\\/www.qwien.at\\\/en\\\/#website\",\"url\":\"https:\\\/\\\/www.qwien.at\\\/en\\\/\",\"name\":\"Qwien - Zentrum f\u00fcr queere Geschichte\",\"description\":\"\",\"publisher\":{\"@id\":\"https:\\\/\\\/www.qwien.at\\\/en\\\/#organization\"},\"potentialAction\":[{\"@type\":\"SearchAction\",\"target\":{\"@type\":\"EntryPoint\",\"urlTemplate\":\"https:\\\/\\\/www.qwien.at\\\/en\\\/?s={search_term_string}\"},\"query-input\":{\"@type\":\"PropertyValueSpecification\",\"valueRequired\":true,\"valueName\":\"search_term_string\"}}],\"inLanguage\":\"en-US\"},{\"@type\":\"Organization\",\"@id\":\"https:\\\/\\\/www.qwien.at\\\/en\\\/#organization\",\"name\":\"Qwien\",\"url\":\"https:\\\/\\\/www.qwien.at\\\/en\\\/\",\"logo\":{\"@type\":\"ImageObject\",\"inLanguage\":\"en-US\",\"@id\":\"https:\\\/\\\/www.qwien.at\\\/en\\\/#\\\/schema\\\/logo\\\/image\\\/\",\"url\":\"https:\\\/\\\/www.qwien.at\\\/wp-content\\\/uploads\\\/2025\\\/06\\\/seo-yoast-2.png\",\"contentUrl\":\"https:\\\/\\\/www.qwien.at\\\/wp-content\\\/uploads\\\/2025\\\/06\\\/seo-yoast-2.png\",\"width\":697,\"height\":697,\"caption\":\"Qwien\"},\"image\":{\"@id\":\"https:\\\/\\\/www.qwien.at\\\/en\\\/#\\\/schema\\\/logo\\\/image\\\/\"},\"sameAs\":[\"https:\\\/\\\/www.instagram.com\\\/qwien.zentrum\\\/\"]},{\"@type\":\"Person\",\"@id\":\"https:\\\/\\\/www.qwien.at\\\/en\\\/#\\\/schema\\\/person\\\/d3fe9114b43d8e5a558a6d20ca3e2920\",\"name\":\"Andreas Brunner\"}]}<\/script>\n<!-- \/ Yoast SEO plugin. -->","yoast_head_json":{"title":"Zeitschriftenschau: Dr. med. Mabuse - Blog - Qwien - Zentrum f\u00fcr queere Geschichte","robots":{"index":"index","follow":"follow","max-snippet":"max-snippet:-1","max-image-preview":"max-image-preview:large","max-video-preview":"max-video-preview:-1"},"canonical":"https:\/\/www.qwien.at\/en\/qwien-books\/zeitschriftenschau-dr-med-mabuse\/","og_locale":"en_US","og_type":"article","og_title":"Zeitschriftenschau: Dr. med. Mabuse - Blog - Qwien - Zentrum f\u00fcr queere Geschichte","og_url":"https:\/\/www.qwien.at\/en\/qwien-books\/zeitschriftenschau-dr-med-mabuse\/","og_site_name":"Qwien - Zentrum f\u00fcr queere Geschichte","article_published_time":"2025-07-15T19:37:03+00:00","og_image":[{"width":300,"height":414,"url":"https:\/\/www.qwien.at\/wp-content\/uploads\/2012\/07\/Dr.med_.Mabuse.jpg","type":"image\/jpeg"}],"author":"Andreas Brunner","twitter_card":"summary_large_image","twitter_misc":{"Written by":"Andreas Brunner","Est. reading time":"2 minutes"},"schema":{"@context":"https:\/\/schema.org","@graph":[{"@type":["Article","BlogPosting"],"@id":"https:\/\/www.qwien.at\/en\/qwien-books\/zeitschriftenschau-dr-med-mabuse\/#article","isPartOf":{"@id":"https:\/\/www.qwien.at\/en\/qwien-books\/zeitschriftenschau-dr-med-mabuse\/"},"author":{"name":"Andreas Brunner","@id":"https:\/\/www.qwien.at\/en\/#\/schema\/person\/d3fe9114b43d8e5a558a6d20ca3e2920"},"headline":"Zeitschriftenschau: Dr. med. Mabuse","datePublished":"2025-07-15T19:37:03+00:00","mainEntityOfPage":{"@id":"https:\/\/www.qwien.at\/en\/qwien-books\/zeitschriftenschau-dr-med-mabuse\/"},"wordCount":376,"publisher":{"@id":"https:\/\/www.qwien.at\/en\/#organization"},"image":{"@id":"https:\/\/www.qwien.at\/en\/qwien-books\/zeitschriftenschau-dr-med-mabuse\/#primaryimage"},"thumbnailUrl":"https:\/\/www.qwien.at\/wp-content\/uploads\/2012\/07\/Dr.med_.Mabuse-217x300.jpg","articleSection":["Books","Literature archive"],"inLanguage":"en-US"},{"@type":"WebPage","@id":"https:\/\/www.qwien.at\/en\/qwien-books\/zeitschriftenschau-dr-med-mabuse\/","url":"https:\/\/www.qwien.at\/en\/qwien-books\/zeitschriftenschau-dr-med-mabuse\/","name":"Zeitschriftenschau: Dr. med. Mabuse - Blog - Qwien - Zentrum f\u00fcr queere Geschichte","isPartOf":{"@id":"https:\/\/www.qwien.at\/en\/#website"},"primaryImageOfPage":{"@id":"https:\/\/www.qwien.at\/en\/qwien-books\/zeitschriftenschau-dr-med-mabuse\/#primaryimage"},"image":{"@id":"https:\/\/www.qwien.at\/en\/qwien-books\/zeitschriftenschau-dr-med-mabuse\/#primaryimage"},"thumbnailUrl":"https:\/\/www.qwien.at\/wp-content\/uploads\/2012\/07\/Dr.med_.Mabuse-217x300.jpg","datePublished":"2025-07-15T19:37:03+00:00","breadcrumb":{"@id":"https:\/\/www.qwien.at\/en\/qwien-books\/zeitschriftenschau-dr-med-mabuse\/#breadcrumb"},"inLanguage":"en-US","potentialAction":[{"@type":"ReadAction","target":["https:\/\/www.qwien.at\/en\/qwien-books\/zeitschriftenschau-dr-med-mabuse\/"]}]},{"@type":"ImageObject","inLanguage":"en-US","@id":"https:\/\/www.qwien.at\/en\/qwien-books\/zeitschriftenschau-dr-med-mabuse\/#primaryimage","url":"https:\/\/www.qwien.at\/wp-content\/uploads\/2012\/07\/Dr.med_.Mabuse-217x300.jpg","contentUrl":"https:\/\/www.qwien.at\/wp-content\/uploads\/2012\/07\/Dr.med_.Mabuse-217x300.jpg"},{"@type":"BreadcrumbList","@id":"https:\/\/www.qwien.at\/en\/qwien-books\/zeitschriftenschau-dr-med-mabuse\/#breadcrumb","itemListElement":[{"@type":"ListItem","position":1,"name":"Startseite","item":"https:\/\/www.qwien.at\/en\/"},{"@type":"ListItem","position":2,"name":"Zeitschriftenschau: Dr. med. Mabuse"}]},{"@type":"WebSite","@id":"https:\/\/www.qwien.at\/en\/#website","url":"https:\/\/www.qwien.at\/en\/","name":"Qwien - Zentrum f\u00fcr queere Geschichte","description":"","publisher":{"@id":"https:\/\/www.qwien.at\/en\/#organization"},"potentialAction":[{"@type":"SearchAction","target":{"@type":"EntryPoint","urlTemplate":"https:\/\/www.qwien.at\/en\/?s={search_term_string}"},"query-input":{"@type":"PropertyValueSpecification","valueRequired":true,"valueName":"search_term_string"}}],"inLanguage":"en-US"},{"@type":"Organization","@id":"https:\/\/www.qwien.at\/en\/#organization","name":"Qwien","url":"https:\/\/www.qwien.at\/en\/","logo":{"@type":"ImageObject","inLanguage":"en-US","@id":"https:\/\/www.qwien.at\/en\/#\/schema\/logo\/image\/","url":"https:\/\/www.qwien.at\/wp-content\/uploads\/2025\/06\/seo-yoast-2.png","contentUrl":"https:\/\/www.qwien.at\/wp-content\/uploads\/2025\/06\/seo-yoast-2.png","width":697,"height":697,"caption":"Qwien"},"image":{"@id":"https:\/\/www.qwien.at\/en\/#\/schema\/logo\/image\/"},"sameAs":["https:\/\/www.instagram.com\/qwien.zentrum\/"]},{"@type":"Person","@id":"https:\/\/www.qwien.at\/en\/#\/schema\/person\/d3fe9114b43d8e5a558a6d20ca3e2920","name":"Andreas Brunner"}]}},"_links":{"self":[{"href":"https:\/\/www.qwien.at\/en\/wp-json\/wp\/v2\/posts\/11216","targetHints":{"allow":["GET"]}}],"collection":[{"href":"https:\/\/www.qwien.at\/en\/wp-json\/wp\/v2\/posts"}],"about":[{"href":"https:\/\/www.qwien.at\/en\/wp-json\/wp\/v2\/types\/post"}],"author":[{"embeddable":true,"href":"https:\/\/www.qwien.at\/en\/wp-json\/wp\/v2\/users\/4"}],"replies":[{"embeddable":true,"href":"https:\/\/www.qwien.at\/en\/wp-json\/wp\/v2\/comments?post=11216"}],"version-history":[{"count":0,"href":"https:\/\/www.qwien.at\/en\/wp-json\/wp\/v2\/posts\/11216\/revisions"}],"wp:attachment":[{"href":"https:\/\/www.qwien.at\/en\/wp-json\/wp\/v2\/media?parent=11216"}],"wp:term":[{"taxonomy":"category","embeddable":true,"href":"https:\/\/www.qwien.at\/en\/wp-json\/wp\/v2\/categories?post=11216"},{"taxonomy":"post_tag","embeddable":true,"href":"https:\/\/www.qwien.at\/en\/wp-json\/wp\/v2\/tags?post=11216"}],"curies":[{"name":"wp","href":"https:\/\/api.w.org\/{rel}","templated":true}]}}