{"id":11222,"date":"2025-07-15T21:37:03","date_gmt":"2025-07-15T19:37:03","guid":{"rendered":"https:\/\/www.qwien.at\/nicht-kategorisiert\/phallische-petitesse\/"},"modified":"2025-07-15T21:37:03","modified_gmt":"2025-07-15T19:37:03","slug":"phallische-petitesse","status":"publish","type":"post","link":"https:\/\/www.qwien.at\/en\/qwien-books\/phallische-petitesse\/","title":{"rendered":"Phallische Petitesse"},"content":{"rendered":"<p><em><strong>Christoph Steinbrener und Thomas Mie\u00dfgang leisten sich einen kunsthistorisch-literarischen Scherz. <\/strong><\/em><strong>QWIEN<\/strong><em><strong> findet ihn gelungen.<\/strong><\/em><br \/>\nHaben Sie schon etwas von der bedeutenden Sammlerpers\u00f6nlichkeit Wendelin Rentsch-Tetzlaff geh\u00f6rt? Oder von seiner au\u00dfergew\u00f6hnlichen Sammlung von Kunstwerken, die ausschlie\u00dflich Schw\u00e4nze darstellen? Nein? Dann lesen Sie diesen sch\u00f6n gestalteten Kunstbuchband und Sie werden eintauchen in die skurrile Geschichte des deutschen Emigranten Rentsch-Tetzlaff, der in den USA zu Verm\u00f6gen kam und dieses in eine bis heute gut verborgene Kunstsammlung investierte.<br \/>\n<a href=\"https:\/\/www.qwien.at\/wp-content\/uploads\/2012\/09\/Cover_Phallus_cmyk_300dpi-250x300.jpg\"><img loading=\"lazy\" decoding=\"async\" class=\"alignleft size-medium wp-image-1929\" title=\"Cover_Phallus_cmyk_300dpi\" src=\"https:\/\/www.qwien.at\/wp-content\/uploads\/2012\/09\/Cover_Phallus_cmyk_300dpi-250x300.jpg\" alt=\"\" width=\"250\" height=\"300\" srcset=\"https:\/\/www.qwien.at\/wp-content\/uploads\/2012\/09\/Cover_Phallus_cmyk_300dpi-250x300.jpg 250w, https:\/\/www.qwien.at\/wp-content\/uploads\/2012\/09\/Cover_Phallus_cmyk_300dpi-768x921.jpg 768w, https:\/\/www.qwien.at\/wp-content\/uploads\/2012\/09\/Cover_Phallus_cmyk_300dpi-853x1024.jpg 853w, https:\/\/www.qwien.at\/wp-content\/uploads\/2012\/09\/Cover_Phallus_cmyk_300dpi.jpg 1181w\" sizes=\"auto, (max-width: 250px) 100vw, 250px\" \/><\/a>Er hielt diese Sammlung wohl auf Scham versteckt, denn sie h\u00e4tte seine verborgenste Leidenschaft offenbart &#8211; die nach Schw\u00e4nzen. Der Kurator Thomas Mie\u00dfgang und der K\u00fcnstler Christoph Steinbrener kn\u00fcpfen ein verwirrendes Netz an Bez\u00fcgen, ironisieren Sprache und Topoi der Kunstgeschichtsschreibung und Kuratorenhybris und pr\u00e4sentieren bislang unbekannte Werke bedeutender K\u00fcnstlerInnen der Moderne: von Marcel Duchamp bis Damien Hirst, von Man Ray bis Jenny Holzer, von Meret Oppenheim bis Erwin Wurm. Und alle Bilder zeigen nur das Eine: den m\u00e4nnlichen Phallus.<br \/>\nVielleicht sollte eine Kleinigkeit noch erw\u00e4hnt werden: Steinbrener und Mie\u00dfgang haben das alles erfunden, es gab Rentsch-Tetzlaff so wenig wie seine Sammlung. Das tut dem Vergn\u00fcgen aber keinen Abbruch, anhand von Penis-Variationen durch die Kunstgeschichte des 20. Jahrhunderts zu wandern. Ein ideales Geschenk f\u00fcr LiebhaberInnen des m\u00e4nnlichen Glieds!<br \/>\n<strong>Christoph Steinbrener\/Thomas Mie\u00dfgang: Der phantastische Phallus. Berlin: Rogner&amp;Bernhard 2012<\/strong> (erh\u00e4ltlich bei <a href=\"http:\/\/www.loewenherz.at\/index_lw_nr.php?LWNR=9010\">L\u00f6wenherz<\/a>)<br \/>\nAm 26. 9., 18.00 Uhr wird <em>Der Phantastische Phallus<\/em> im Lesesaal der Wienbibliothek im Rathaus pr\u00e4sentiert. Es spricht der Autor Thomas Mie\u00dfgang, aus dem Buch lesen wird der Volkstheater-Schauspieler Till Firit.<br \/>\n<strong>Ort. Lesesaal der Wienbibliothek, Rathaus, Eingang Lichtenfelsgasse 2, Stiege 6 (Glaslift), 1. Stock<\/strong><\/p>\n","protected":false},"excerpt":{"rendered":"<p>\t\t\t\t<![CDATA[]]>\t\t<\/p>\n","protected":false},"author":4,"featured_media":0,"comment_status":"closed","ping_status":"open","sticky":false,"template":"","format":"standard","meta":{"_acf_changed":false,"footnotes":""},"categories":[267,271],"tags":[],"class_list":["post-11222","post","type-post","status-publish","format-standard","hentry","category-qwien-books","category-literature-archive","grve-entry-item","grve-blog-item"],"acf":[],"yoast_head":"<!-- This site is optimized with the Yoast SEO plugin v27.5 - https:\/\/yoast.com\/product\/yoast-seo-wordpress\/ -->\n<title>Phallische Petitesse - Blog - Qwien - Zentrum f\u00fcr queere Geschichte<\/title>\n<meta name=\"robots\" content=\"index, follow, max-snippet:-1, max-image-preview:large, max-video-preview:-1\" \/>\n<link rel=\"canonical\" href=\"https:\/\/www.qwien.at\/en\/qwien-books\/phallische-petitesse\/\" \/>\n<meta property=\"og:locale\" content=\"en_US\" \/>\n<meta property=\"og:type\" content=\"article\" \/>\n<meta property=\"og:title\" content=\"Phallische Petitesse - Blog - Qwien - Zentrum f\u00fcr queere Geschichte\" \/>\n<meta property=\"og:url\" content=\"https:\/\/www.qwien.at\/en\/qwien-books\/phallische-petitesse\/\" \/>\n<meta property=\"og:site_name\" content=\"Qwien - Zentrum f\u00fcr queere Geschichte\" \/>\n<meta property=\"article:published_time\" content=\"2025-07-15T19:37:03+00:00\" \/>\n<meta property=\"og:image\" content=\"https:\/\/www.qwien.at\/wp-content\/uploads\/2012\/09\/Cover_Phallus_cmyk_300dpi.jpg\" \/>\n\t<meta property=\"og:image:width\" content=\"1181\" \/>\n\t<meta property=\"og:image:height\" content=\"1417\" \/>\n\t<meta property=\"og:image:type\" content=\"image\/jpeg\" \/>\n<meta name=\"author\" content=\"Andreas Brunner\" \/>\n<meta name=\"twitter:card\" content=\"summary_large_image\" \/>\n<meta name=\"twitter:label1\" content=\"Written by\" \/>\n\t<meta name=\"twitter:data1\" content=\"Andreas Brunner\" \/>\n\t<meta name=\"twitter:label2\" content=\"Est. reading time\" \/>\n\t<meta name=\"twitter:data2\" content=\"1 minute\" \/>\n<script type=\"application\/ld+json\" class=\"yoast-schema-graph\">{\"@context\":\"https:\\\/\\\/schema.org\",\"@graph\":[{\"@type\":[\"Article\",\"BlogPosting\"],\"@id\":\"https:\\\/\\\/www.qwien.at\\\/en\\\/qwien-books\\\/phallische-petitesse\\\/#article\",\"isPartOf\":{\"@id\":\"https:\\\/\\\/www.qwien.at\\\/en\\\/qwien-books\\\/phallische-petitesse\\\/\"},\"author\":{\"name\":\"Andreas Brunner\",\"@id\":\"https:\\\/\\\/www.qwien.at\\\/en\\\/#\\\/schema\\\/person\\\/d3fe9114b43d8e5a558a6d20ca3e2920\"},\"headline\":\"Phallische Petitesse\",\"datePublished\":\"2025-07-15T19:37:03+00:00\",\"mainEntityOfPage\":{\"@id\":\"https:\\\/\\\/www.qwien.at\\\/en\\\/qwien-books\\\/phallische-petitesse\\\/\"},\"wordCount\":281,\"publisher\":{\"@id\":\"https:\\\/\\\/www.qwien.at\\\/en\\\/#organization\"},\"image\":{\"@id\":\"https:\\\/\\\/www.qwien.at\\\/en\\\/qwien-books\\\/phallische-petitesse\\\/#primaryimage\"},\"thumbnailUrl\":\"https:\\\/\\\/www.qwien.at\\\/wp-content\\\/uploads\\\/2012\\\/09\\\/Cover_Phallus_cmyk_300dpi-250x300.jpg\",\"articleSection\":[\"Books\",\"Literature archive\"],\"inLanguage\":\"en-US\"},{\"@type\":\"WebPage\",\"@id\":\"https:\\\/\\\/www.qwien.at\\\/en\\\/qwien-books\\\/phallische-petitesse\\\/\",\"url\":\"https:\\\/\\\/www.qwien.at\\\/en\\\/qwien-books\\\/phallische-petitesse\\\/\",\"name\":\"Phallische Petitesse - Blog - Qwien - Zentrum f\u00fcr queere Geschichte\",\"isPartOf\":{\"@id\":\"https:\\\/\\\/www.qwien.at\\\/en\\\/#website\"},\"primaryImageOfPage\":{\"@id\":\"https:\\\/\\\/www.qwien.at\\\/en\\\/qwien-books\\\/phallische-petitesse\\\/#primaryimage\"},\"image\":{\"@id\":\"https:\\\/\\\/www.qwien.at\\\/en\\\/qwien-books\\\/phallische-petitesse\\\/#primaryimage\"},\"thumbnailUrl\":\"https:\\\/\\\/www.qwien.at\\\/wp-content\\\/uploads\\\/2012\\\/09\\\/Cover_Phallus_cmyk_300dpi-250x300.jpg\",\"datePublished\":\"2025-07-15T19:37:03+00:00\",\"breadcrumb\":{\"@id\":\"https:\\\/\\\/www.qwien.at\\\/en\\\/qwien-books\\\/phallische-petitesse\\\/#breadcrumb\"},\"inLanguage\":\"en-US\",\"potentialAction\":[{\"@type\":\"ReadAction\",\"target\":[\"https:\\\/\\\/www.qwien.at\\\/en\\\/qwien-books\\\/phallische-petitesse\\\/\"]}]},{\"@type\":\"ImageObject\",\"inLanguage\":\"en-US\",\"@id\":\"https:\\\/\\\/www.qwien.at\\\/en\\\/qwien-books\\\/phallische-petitesse\\\/#primaryimage\",\"url\":\"https:\\\/\\\/www.qwien.at\\\/wp-content\\\/uploads\\\/2012\\\/09\\\/Cover_Phallus_cmyk_300dpi-250x300.jpg\",\"contentUrl\":\"https:\\\/\\\/www.qwien.at\\\/wp-content\\\/uploads\\\/2012\\\/09\\\/Cover_Phallus_cmyk_300dpi-250x300.jpg\"},{\"@type\":\"BreadcrumbList\",\"@id\":\"https:\\\/\\\/www.qwien.at\\\/en\\\/qwien-books\\\/phallische-petitesse\\\/#breadcrumb\",\"itemListElement\":[{\"@type\":\"ListItem\",\"position\":1,\"name\":\"Startseite\",\"item\":\"https:\\\/\\\/www.qwien.at\\\/en\\\/\"},{\"@type\":\"ListItem\",\"position\":2,\"name\":\"Phallische Petitesse\"}]},{\"@type\":\"WebSite\",\"@id\":\"https:\\\/\\\/www.qwien.at\\\/en\\\/#website\",\"url\":\"https:\\\/\\\/www.qwien.at\\\/en\\\/\",\"name\":\"Qwien - Zentrum f\u00fcr queere Geschichte\",\"description\":\"\",\"publisher\":{\"@id\":\"https:\\\/\\\/www.qwien.at\\\/en\\\/#organization\"},\"potentialAction\":[{\"@type\":\"SearchAction\",\"target\":{\"@type\":\"EntryPoint\",\"urlTemplate\":\"https:\\\/\\\/www.qwien.at\\\/en\\\/?s={search_term_string}\"},\"query-input\":{\"@type\":\"PropertyValueSpecification\",\"valueRequired\":true,\"valueName\":\"search_term_string\"}}],\"inLanguage\":\"en-US\"},{\"@type\":\"Organization\",\"@id\":\"https:\\\/\\\/www.qwien.at\\\/en\\\/#organization\",\"name\":\"Qwien\",\"url\":\"https:\\\/\\\/www.qwien.at\\\/en\\\/\",\"logo\":{\"@type\":\"ImageObject\",\"inLanguage\":\"en-US\",\"@id\":\"https:\\\/\\\/www.qwien.at\\\/en\\\/#\\\/schema\\\/logo\\\/image\\\/\",\"url\":\"https:\\\/\\\/www.qwien.at\\\/wp-content\\\/uploads\\\/2025\\\/06\\\/seo-yoast-2.png\",\"contentUrl\":\"https:\\\/\\\/www.qwien.at\\\/wp-content\\\/uploads\\\/2025\\\/06\\\/seo-yoast-2.png\",\"width\":697,\"height\":697,\"caption\":\"Qwien\"},\"image\":{\"@id\":\"https:\\\/\\\/www.qwien.at\\\/en\\\/#\\\/schema\\\/logo\\\/image\\\/\"},\"sameAs\":[\"https:\\\/\\\/www.instagram.com\\\/qwien.zentrum\\\/\"]},{\"@type\":\"Person\",\"@id\":\"https:\\\/\\\/www.qwien.at\\\/en\\\/#\\\/schema\\\/person\\\/d3fe9114b43d8e5a558a6d20ca3e2920\",\"name\":\"Andreas Brunner\"}]}<\/script>\n<!-- \/ Yoast SEO plugin. -->","yoast_head_json":{"title":"Phallische Petitesse - Blog - Qwien - Zentrum f\u00fcr queere Geschichte","robots":{"index":"index","follow":"follow","max-snippet":"max-snippet:-1","max-image-preview":"max-image-preview:large","max-video-preview":"max-video-preview:-1"},"canonical":"https:\/\/www.qwien.at\/en\/qwien-books\/phallische-petitesse\/","og_locale":"en_US","og_type":"article","og_title":"Phallische Petitesse - Blog - Qwien - Zentrum f\u00fcr queere Geschichte","og_url":"https:\/\/www.qwien.at\/en\/qwien-books\/phallische-petitesse\/","og_site_name":"Qwien - Zentrum f\u00fcr queere Geschichte","article_published_time":"2025-07-15T19:37:03+00:00","og_image":[{"width":1181,"height":1417,"url":"https:\/\/www.qwien.at\/wp-content\/uploads\/2012\/09\/Cover_Phallus_cmyk_300dpi.jpg","type":"image\/jpeg"}],"author":"Andreas Brunner","twitter_card":"summary_large_image","twitter_misc":{"Written by":"Andreas Brunner","Est. reading time":"1 minute"},"schema":{"@context":"https:\/\/schema.org","@graph":[{"@type":["Article","BlogPosting"],"@id":"https:\/\/www.qwien.at\/en\/qwien-books\/phallische-petitesse\/#article","isPartOf":{"@id":"https:\/\/www.qwien.at\/en\/qwien-books\/phallische-petitesse\/"},"author":{"name":"Andreas Brunner","@id":"https:\/\/www.qwien.at\/en\/#\/schema\/person\/d3fe9114b43d8e5a558a6d20ca3e2920"},"headline":"Phallische Petitesse","datePublished":"2025-07-15T19:37:03+00:00","mainEntityOfPage":{"@id":"https:\/\/www.qwien.at\/en\/qwien-books\/phallische-petitesse\/"},"wordCount":281,"publisher":{"@id":"https:\/\/www.qwien.at\/en\/#organization"},"image":{"@id":"https:\/\/www.qwien.at\/en\/qwien-books\/phallische-petitesse\/#primaryimage"},"thumbnailUrl":"https:\/\/www.qwien.at\/wp-content\/uploads\/2012\/09\/Cover_Phallus_cmyk_300dpi-250x300.jpg","articleSection":["Books","Literature archive"],"inLanguage":"en-US"},{"@type":"WebPage","@id":"https:\/\/www.qwien.at\/en\/qwien-books\/phallische-petitesse\/","url":"https:\/\/www.qwien.at\/en\/qwien-books\/phallische-petitesse\/","name":"Phallische Petitesse - Blog - Qwien - Zentrum f\u00fcr queere Geschichte","isPartOf":{"@id":"https:\/\/www.qwien.at\/en\/#website"},"primaryImageOfPage":{"@id":"https:\/\/www.qwien.at\/en\/qwien-books\/phallische-petitesse\/#primaryimage"},"image":{"@id":"https:\/\/www.qwien.at\/en\/qwien-books\/phallische-petitesse\/#primaryimage"},"thumbnailUrl":"https:\/\/www.qwien.at\/wp-content\/uploads\/2012\/09\/Cover_Phallus_cmyk_300dpi-250x300.jpg","datePublished":"2025-07-15T19:37:03+00:00","breadcrumb":{"@id":"https:\/\/www.qwien.at\/en\/qwien-books\/phallische-petitesse\/#breadcrumb"},"inLanguage":"en-US","potentialAction":[{"@type":"ReadAction","target":["https:\/\/www.qwien.at\/en\/qwien-books\/phallische-petitesse\/"]}]},{"@type":"ImageObject","inLanguage":"en-US","@id":"https:\/\/www.qwien.at\/en\/qwien-books\/phallische-petitesse\/#primaryimage","url":"https:\/\/www.qwien.at\/wp-content\/uploads\/2012\/09\/Cover_Phallus_cmyk_300dpi-250x300.jpg","contentUrl":"https:\/\/www.qwien.at\/wp-content\/uploads\/2012\/09\/Cover_Phallus_cmyk_300dpi-250x300.jpg"},{"@type":"BreadcrumbList","@id":"https:\/\/www.qwien.at\/en\/qwien-books\/phallische-petitesse\/#breadcrumb","itemListElement":[{"@type":"ListItem","position":1,"name":"Startseite","item":"https:\/\/www.qwien.at\/en\/"},{"@type":"ListItem","position":2,"name":"Phallische Petitesse"}]},{"@type":"WebSite","@id":"https:\/\/www.qwien.at\/en\/#website","url":"https:\/\/www.qwien.at\/en\/","name":"Qwien - Zentrum f\u00fcr queere Geschichte","description":"","publisher":{"@id":"https:\/\/www.qwien.at\/en\/#organization"},"potentialAction":[{"@type":"SearchAction","target":{"@type":"EntryPoint","urlTemplate":"https:\/\/www.qwien.at\/en\/?s={search_term_string}"},"query-input":{"@type":"PropertyValueSpecification","valueRequired":true,"valueName":"search_term_string"}}],"inLanguage":"en-US"},{"@type":"Organization","@id":"https:\/\/www.qwien.at\/en\/#organization","name":"Qwien","url":"https:\/\/www.qwien.at\/en\/","logo":{"@type":"ImageObject","inLanguage":"en-US","@id":"https:\/\/www.qwien.at\/en\/#\/schema\/logo\/image\/","url":"https:\/\/www.qwien.at\/wp-content\/uploads\/2025\/06\/seo-yoast-2.png","contentUrl":"https:\/\/www.qwien.at\/wp-content\/uploads\/2025\/06\/seo-yoast-2.png","width":697,"height":697,"caption":"Qwien"},"image":{"@id":"https:\/\/www.qwien.at\/en\/#\/schema\/logo\/image\/"},"sameAs":["https:\/\/www.instagram.com\/qwien.zentrum\/"]},{"@type":"Person","@id":"https:\/\/www.qwien.at\/en\/#\/schema\/person\/d3fe9114b43d8e5a558a6d20ca3e2920","name":"Andreas Brunner"}]}},"_links":{"self":[{"href":"https:\/\/www.qwien.at\/en\/wp-json\/wp\/v2\/posts\/11222","targetHints":{"allow":["GET"]}}],"collection":[{"href":"https:\/\/www.qwien.at\/en\/wp-json\/wp\/v2\/posts"}],"about":[{"href":"https:\/\/www.qwien.at\/en\/wp-json\/wp\/v2\/types\/post"}],"author":[{"embeddable":true,"href":"https:\/\/www.qwien.at\/en\/wp-json\/wp\/v2\/users\/4"}],"replies":[{"embeddable":true,"href":"https:\/\/www.qwien.at\/en\/wp-json\/wp\/v2\/comments?post=11222"}],"version-history":[{"count":0,"href":"https:\/\/www.qwien.at\/en\/wp-json\/wp\/v2\/posts\/11222\/revisions"}],"wp:attachment":[{"href":"https:\/\/www.qwien.at\/en\/wp-json\/wp\/v2\/media?parent=11222"}],"wp:term":[{"taxonomy":"category","embeddable":true,"href":"https:\/\/www.qwien.at\/en\/wp-json\/wp\/v2\/categories?post=11222"},{"taxonomy":"post_tag","embeddable":true,"href":"https:\/\/www.qwien.at\/en\/wp-json\/wp\/v2\/tags?post=11222"}],"curies":[{"name":"wp","href":"https:\/\/api.w.org\/{rel}","templated":true}]}}