{"id":11223,"date":"2025-07-15T21:37:03","date_gmt":"2025-07-15T19:37:03","guid":{"rendered":"https:\/\/www.qwien.at\/nicht-kategorisiert\/biografisches\/"},"modified":"2025-07-15T21:37:03","modified_gmt":"2025-07-15T19:37:03","slug":"biografisches","status":"publish","type":"post","link":"https:\/\/www.qwien.at\/en\/qwien-books\/biografisches\/","title":{"rendered":"Biografisches"},"content":{"rendered":"<p><strong>In den letzten Monaten sind einige (auto) biografische B\u00fccher \u00fcber und von homosexuelle M\u00e4nner erschienen. Es ist noch gar nicht so lange her, das wurde das \u201epeinliche Thema\u201c in Biografien oft umschifft. QWIEN hat die aktuellen B\u00fccher gelesen.<\/strong><strong>Rainer Werner Fassbinder<\/strong>\u00a0<br \/>\n<\/a>Nun war Fassbinders Homosexualit\u00e4t schon zu Lebzeiten kein Geheimnis, so ist es auch nicht verwunderlich, dass sie auch in J\u00fcrgen Trimborns Biografie \u00fcber den vielleicht wichtigsten, auf jeden Fall aber produktivsten deutschen Regisseur der Nachkriegszeit breiten Raum einnimmt. Bekannte, fr\u00fchere Biografien \u00fcber Fassbinder stammten oft von Mitgliedern des Fassbinder-Clans wie etwa die von Harry Baer oder Kurt Raab und pendelten zwischen Hagiografie und Abrechnung, die aktuelle von J\u00fcrgen Trimborn hingegen zeichnet sich vor allem durch eine entsprechende historische Distanz zum biografierten Subjekt aus. Trimborn wurde 1971 geboren, da hatte Fassbinder schon ein halbes Dutzend seiner mehr als 40 Filme zwischen 1969 und 1982 abgedreht. Auch das Lebensgef\u00fchl der bundesrepublikanischen Aufbruchsjahre zwischen Studentenrevolte und RAF kennt der Biograf nicht aus eigenem, bewusstem Erleben, was ihm einen ausgewogeneren, nicht involvierten Blick auf die f\u00fcr Fassbinder so zentralen politischen Fragen der Zeit erm\u00f6glicht. So kann er, ohne verletzend zu werden, Fassbinder als egomanen Exzentriker schildern, der vor allem die Frauen in seinem Umfeld mit sadistischen Machtspielen qu\u00e4lte, und daneben den k\u00fcnstlerischen Werdegang Fassbinders in seiner Verwobenheit in der Zeit nachzeichnen. Und Trimborn kann etwas, das vielen Biografen abgeht: Er kann schreiben. M\u00fchelos baut er zahllose Belegstellen (denn Trimborn hat auch gl\u00e4nzend recherchiert) in seinen fl\u00fcssig, lesbaren Text ein, hinterfragt immer wieder \u00fcberlieferte Geschichten und versucht die Zeitumst\u00e4nde, die Einfl\u00fcsse und Anregungen, die Fassbinder aufnahm, darzustellen. Dazu schafft es Trimborn auch das ausufernde, verschiedenste Themen aufnehmende Werk Fassbinders darzustellen, seinen Aufstieg zum Starregisseur, aber auch seine R\u00fcckschl\u00e4ge und st\u00e4ndigen Selbstzweifel.\u00a0<strong>J\u00fcrgen Trimborn: Ein Tag ist ein Jahr ist ein Leben. Rainer Werner Fassbinder. Die Biografie. Berlin: Propyl\u00e4en 2012<\/strong>\u00a0(erh\u00e4ltlich bei\u00a0<a href=\"http:\/\/www.loewenherz.at\/index_lw_nr.php?LWNR=8489\">L\u00f6wenherz<\/a>)\u00a0<strong>Werner Schroeter<\/strong>\u00a0<a href=\"https:\/\/www.qwien.at\/wp-content\/uploads\/2012\/09\/Cover_Schroeter-174x300.jpg\"><img loading=\"lazy\" decoding=\"async\" class=\"alignright size-medium wp-image-1945\" title=\"av_schoeter_tage_indd\" src=\"https:\/\/www.qwien.at\/wp-content\/uploads\/2012\/09\/Cover_Schroeter-174x300.jpg\" sizes=\"auto, (max-width: 174px) 100vw, 174px\" srcset=\"http:\/\/www.qwien.at\/wp-content\/uploads\/2012\/09\/Cover_Schroeter-174x300.jpg 174w, http:\/\/www.qwien.at\/wp-content\/uploads\/2012\/09\/Cover_Schroeter-768x1322.jpg 768w, http:\/\/www.qwien.at\/wp-content\/uploads\/2012\/09\/Cover_Schroeter-595x1024.jpg 595w, http:\/\/www.qwien.at\/wp-content\/uploads\/2012\/09\/Cover_Schroeter.jpg 1046w\" alt=\"\" width=\"174\" height=\"300\" \/><\/a>Einem viel kleineren Kreis ist Werner Schroeter, Freund und Weggef\u00e4hrte Fassbinders, bekannt. Er blieb immer ein Au\u00dfenseiter, sowohl als Film- als auch als Theaterregisseur. Sp\u00e4t erst erlangte er Anerkennung, als ihm beim Filmfestival von Venedig 2008 von Wim Wenders der \u201eGoldene L\u00f6we\u201c f\u00fcr sein Lebenswerk \u00fcberreicht wurde und er im selben Jahr auch auf der Viennale in Wien mit einer Werkschau geehrt wurde, obwohl er zur selben Zeit wie Fassbinder die ersten Filme drehte. Zu opernhaft, metaphorisch auf intensive Bilder bauend waren seine Filme, jenseits eines Mainstream-Geschmacks. In \u00d6sterreich fanden nur wenige seiner Filme den Weg in die regul\u00e4ren Kinos, am erfolgreichsten war wohl\u00a0<em>Malina<\/em>, der Film nach dem Roman von Ingeborg Bachmann mit Isabelle Huppert in der Hauptrolle, f\u00fcr den Elfriede Jelinek das Drehbuch schrieb, die auch ein eine pers\u00f6nliche Erinnerung als Vorwort zur nun vorliegenden Autobiografie von Werner Schroeter beisteuert. Schroeters Autobiografie blieb Fragment, auch wenn er in den letzten Jahren immer wieder an ihr arbeitete. Der Krebs war jedoch schneller, seine Krankheit schritt rasch voran. Da er selbst weder Mu\u00dfe noch Ruhe zum Schreiben hatte, so viele Projekte wollte er noch umsetzen, erz\u00e4hlte er der Autorin Claudia Lenssen aus seinem Leben. Sie machte aus den Gespr\u00e4chen den Text der Autobiografie, wobei es ihr gl\u00e4nzend gelangt, das eigenwillige Parlando in den Text zu retten. Von seiner Liebe zur Oper, zu ihren Diven, allen voran die g\u00f6ttliche Callas, von seiner Freundschaft und Zusammenarbeit mit Regisseurskollegen wie Rosa von Praunheim, Rainer Werner Fassbinder oder Daniel Schmid erz\u00e4hlt Schroeter und nat\u00fcrlich von der Muse aller: Ingrid Caven. \u201eUnser utopischer Gedanke war, man erfindet das Leben neu, und dieses Leben ist Kunst\u201c, beschriebt er diese Jahre. Von Oper, Theater, Film und Fotografie, von seinen k\u00fcnstlerischen Arbeiten erz\u00e4hlt Schroeter wie von Pers\u00f6nlichem, von Liebe, Sex und Rausch. Seiner Utopie kam Schroeter erstaunlich nahe: Einem Leben, das Kunst ist.\u00a0<strong>Werner Schroeter (mit Claudia Lenssen): Tage im D\u00e4mmer, N\u00e4chte im Rausch. Autobiografie. Berlin: Aufbau 2012<\/strong>\u00a0(erh\u00e4ltlich bei\u00a0<a href=\"http:\/\/www.loewenherz.at\/index_lw_nr.php?LWNR=8421\">L\u00f6wenherz<\/a>)\u00a0<strong>Edward James<\/strong>\u00a0<a href=\"https:\/\/www.qwien.at\/wp-content\/uploads\/2012\/09\/Cover_James-185x300.jpg\"><img loading=\"lazy\" decoding=\"async\" class=\"alignleft size-medium wp-image-1946\" title=\"Cover_James\" src=\"https:\/\/www.qwien.at\/wp-content\/uploads\/2012\/09\/Cover_James-185x300.jpg\" sizes=\"auto, (max-width: 185px) 100vw, 185px\" srcset=\"http:\/\/www.qwien.at\/wp-content\/uploads\/2012\/09\/Cover_James-185x300.jpg 185w, http:\/\/www.qwien.at\/wp-content\/uploads\/2012\/09\/Cover_James.jpg 400w\" alt=\"\" width=\"185\" height=\"300\" \/><\/a>Der vollst\u00e4ndige Untertitel der Autobiografie von Edward James lautet:\u00a0<em>Mein Leben als reiches Kind, meine vier Jahre mit Tilly Losch und das Ende meiner Jugend<\/em>. Edward James konnte sich ein Luxusleben leisten, entstammte er doch einer einflussreichen irisch-amerikanischen Dynastie, in deren weit verzweigtem Stammbaum sich auch der Schriftsteller Henry James findet. Bekannt wurde James als M\u00e4zen und Sammler der jungen Surrealisten, allen voran Salvador Dali, der ihn in dem Gem\u00e4lde\u00a0<em>Schw\u00e4ne spiegeln Elefanten<\/em>\u00a0portr\u00e4tierte, und Ren\u00e9 Magritte, der ihn in zwei seiner r\u00e4tselhaften Bilder darstellte. Sp\u00e4ter baute sich der Exzentriker, der sich auch als Poet versuchte, einen surrealistischen Figurenpark mitten im mexikanischen Dschungel, wohin er sich zur\u00fcckgezogen hatte. Mitverantwortlich f\u00fcr diesen R\u00fcckzug war ein Skandalprozess im Jahr 1934, in dem ihn seine Frau Tilly Losch, eine Wiener T\u00e4nzerin, der Homosexualit\u00e4t bezichtigte. James gibt in den Gespr\u00e4chen mit George Melly, die wie bei Schroeter die Basis der Autobiografie waren, unumwunden zu, dass er vor Tilly M\u00e4nner bevorzugte und auch sp\u00e4ter gleichgeschlechtliche Beziehungen hatte, mit ihr entdeckte er aber die Freuden des Heterosex. Um ihr k\u00fcnstlerisch eine Basis in New York zu sichern, beauftragte er etwa Kurt Weill zur Komposition der\u00a0<em>Sieben Tods\u00fcnden<\/em>unter der Auflage, dass es ein t\u00e4nzerisches Alter Ego zur Figur der Anna, die von Lotte Lenya gesungen wurde, gab \u2013 die Rolle f\u00fcr seine Frau Tilly. Trotzdem verliefen die vier Jahre Ehe ungl\u00fccklich, bald von gegenseitigem Misstrauen gepr\u00e4gt. Da Tilly ihn betrog, reichte Edward die Scheidung ein, die sie mit einer Gegenklage um James\u2018 vermeintliche Homosexualit\u00e4t beantwortete. Obwohl James den Prozess gewann, war sein Ruf besch\u00e4digt, sodass er sich aus dem schicken Luxusleben immer mehr in seine Kunstwelt zur\u00fcckzog. Leisten konnte er es sich ja\u2026\u00a0<strong>Edward James: Schw\u00e4ne spiegeln Elefanten. Mein Leben als reiches Kind\u2026 M\u00fcnchen: Schirmer\/Mosel 2012<\/strong>\u00a0(erh\u00e4ltlich bei\u00a0<a href=\"http:\/\/www.loewenherz.at\/index_lw_nr.php?LWNR=8601\">L\u00f6wenherz<\/a>)\u00a0<strong>Ludwig Wittgenstein<\/strong>\u00a0<a href=\"https:\/\/www.qwien.at\/wp-content\/uploads\/2012\/09\/Cover_Wittgenstein.jpg\"><img loading=\"lazy\" decoding=\"async\" class=\"alignright size-medium wp-image-1947\" title=\"Cover_Wittgenstein\" src=\"https:\/\/www.qwien.at\/wp-content\/uploads\/2012\/09\/Cover_Wittgenstein.jpg\" alt=\"\" width=\"225\" height=\"300\" srcset=\"https:\/\/www.qwien.at\/wp-content\/uploads\/2012\/09\/Cover_Wittgenstein.jpg 316w, https:\/\/www.qwien.at\/wp-content\/uploads\/2012\/09\/Cover_Wittgenstein-226x300.jpg 226w\" sizes=\"auto, (max-width: 225px) 100vw, 225px\" \/><\/a>Obwohl er sich auf philosophischer Ebene in der Manuskripten zu den\u00a0<em>Philosophischen Bemerkungen<\/em>\u00a0mit der Idee einer Autobiografie besch\u00e4ftigte, w\u00e4re es wohl in der Tat nie dazu gekommen, denn Wittgenstein stellte an sich den Anspruch, danach zu trachten \u201emein Leben ganz wahrheitsgetreu darzustellen\u201c. Dabei h\u00e4tte er auch sein problematisches Verh\u00e4ltnis zu seiner eigenen Homosexualit\u00e4t offen legen m\u00fcssen, wie er verklausuliert weiter folgert: \u201eSo darf meine unheldenhafte Natur nicht als ein bedauerliches Accidens erscheinen, sondern eben als eine wesentliche Eigenschaft (nicht eine Tugend).\u201c Der Herausgeber und Wittgenstein-Kenner Michael Nedo nahm sich aber Vorstellungen Wittgensteins f\u00fcr Aufbau und Gestaltung des\u00a0<em>biographischen Albums<\/em>\u00a0als Vorlage. Wittgenstein montierte selbst in seinen Alben auf Doppelseiten Bilder in thematischen Zusammenh\u00e4ngen. So ergeben sich bei Nedo Schautableaus, die er mit den notwendigsten Erl\u00e4uterungen und Originalzitaten aus Schriften, Briefen, Tageb\u00fcchern, Erinnerungen von Wittgenstein selbst und seiner Freunde und Familien erg\u00e4nzt. Man ist angehalten zwischen den Texten und den wundersch\u00f6n reproduzierten alten Fotografien, Manuskriptseiten, Erinnerungsschnippseln Beziehungen herzustellen. Leben und Werk werden immer wieder in Bezug gesetzt. Dabei entstehen auch intime Einblicke, etwa auch in das Zusammenleben Wittgensteins mit seiner ersten gro\u00dfen Liebe David Pinsent, wenn er in sein Tagebuch schreibt: \u201eI am writing my diary \u2013 and Ludwig working. When he is working he mutters to himself (in a mixture of German and English) and strides up and down the room all the while.\u201c Wissend dass Pinsent im 1. Weltkrieg ums Leben kam wirkt das abgebildete Widmungsblatt der\u00a0<em>Logisch-Philosophischen Abhandlungen<\/em>\u00a0mit dem handschriftlichen Eintrag: \u201eDem Andenken meines Freundes David H. Pinsent gewidmet\u201c wie ein Memento Mori. In Nedos Album entfaltet sich Wittgensteins Leben facettenreich und bilderprall, Wittgensteins Menschen und Orte werden augenscheinlich. Ein Buch, in dem man immer wieder gerne bl\u00e4ttert und h\u00e4ngenbleibt.\u00a0<strong>Michael Nedo (Hg): Ludwig Wittgenstein. Ein biographisches Album. M\u00fcnchen: C. H. Beck 2012<\/strong>\u00a0(erh\u00e4ltlich bei\u00a0<a href=\"http:\/\/www.loewenherz.at\/index_lw_nr.php?LWNR=9026\">L\u00f6wenherz<\/a>)\u00a0<strong>Jack Kerouac &amp; Allen Ginsberg<\/strong>\u00a0<a href=\"https:\/\/www.qwien.at\/wp-content\/uploads\/2012\/09\/Cover_Kerouac_Ginsberg_300-198x300.jpg\"><img loading=\"lazy\" decoding=\"async\" class=\"alignleft size-medium wp-image-1948\" title=\"Cover_Kerouac_Ginsberg_300\" src=\"https:\/\/www.qwien.at\/wp-content\/uploads\/2012\/09\/Cover_Kerouac_Ginsberg_300-198x300.jpg\" sizes=\"auto, (max-width: 198px) 100vw, 198px\" srcset=\"http:\/\/www.qwien.at\/wp-content\/uploads\/2012\/09\/Cover_Kerouac_Ginsberg_300-198x300.jpg 198w, http:\/\/www.qwien.at\/wp-content\/uploads\/2012\/09\/Cover_Kerouac_Ginsberg_300-768x1161.jpg 768w, http:\/\/www.qwien.at\/wp-content\/uploads\/2012\/09\/Cover_Kerouac_Ginsberg_300-677x1024.jpg 677w, http:\/\/www.qwien.at\/wp-content\/uploads\/2012\/09\/Cover_Kerouac_Ginsberg_300.jpg 937w\" alt=\"\" width=\"198\" height=\"300\" \/><\/a>Beide geh\u00f6rten zu den pr\u00e4genden Autoren der amerikanischen Nachkriegsmoderne: Der Eine, Jack Kerouac, mit seinem Kultroman\u00a0<em>On the Road<\/em>, der Andere, Allen Ginsberg, mit seinem Gedichtband\u00a0<em>Howl<\/em>, der mit einer Auflage von \u00fcber 1 Million wahrscheinlich erfolgreichste Gedichtband der Moderne \u00fcberhaupt. Der Heterosexuelle, der sich in Alkohol und Drogen versunken immer mehr zur\u00fcckzieht, und der offen Homosexuelle, der immer auf der Suche nach Neuem auch nichts auslie\u00df \u2013 Sex, Drogen, Spiritualit\u00e4t oder Politik. Von 1944 an, in den Jahren vor dem Ruhm, als sie erste literarische Projekte entwickelten, bis Anfang der 1960er Jahre, den Jahren der zunehmenden Entfremdung, spannt sich der Briefwechsel der beiden so ungleichen Weggef\u00e4hrten der Beat Generation. Berichte von Freunden, Parties, Reisen oder Liebschaften wechseln mit Diskussionen und kritischen Betrachtungen \u00fcber Literatur, \u00fcber die Werke der Freunde aber auch die Eigenen. Von den Herausgebern instruktiv kommentiert entsteht beim Lesen eine Doppelbiografie, fragmentarisch, weil Unterbrechungen des Briefwechsels zu L\u00fccken f\u00fchren und die Freunde auch in ihren Mitteilungen selektiv sind. LiebhaberInnen der Beat Literatur sollten diesen \u00fcber 450 Seiten dicken Schm\u00f6ker keinesfalls auslassen, selten bekommt man einen so umfangreichen und pers\u00f6nlichen Einblick in eine Generation von Dichtern, die bis heute zu den einflussreichsten der Nachkriegsliteratur im englischsprachigen Raum sind.\u00a0<strong>Bill Morgan &amp; David Stanford (Hrsg.): Ruhm t\u00f6tet alles. Jack Kerouac. Allen Ginsberg. Die Briefe. Berlin: Rogner&amp;Bernhard 2012<\/strong>\u00a0(erh\u00e4ltlich bei\u00a0<a href=\"http:\/\/www.loewenherz.at\/index_lw_nr.php?LWNR=8678\">L\u00f6wenherz<\/a>)<\/p>\n","protected":false},"excerpt":{"rendered":"<p>\t\t\t\t<![CDATA[]]>\t\t<\/p>\n","protected":false},"author":4,"featured_media":0,"comment_status":"closed","ping_status":"open","sticky":false,"template":"","format":"standard","meta":{"_acf_changed":false,"footnotes":""},"categories":[267,271],"tags":[],"class_list":["post-11223","post","type-post","status-publish","format-standard","hentry","category-qwien-books","category-literature-archive","grve-entry-item","grve-blog-item"],"acf":[],"yoast_head":"<!-- This site is optimized with the Yoast SEO plugin v27.5 - https:\/\/yoast.com\/product\/yoast-seo-wordpress\/ -->\n<title>Biografisches - Blog - Qwien - Zentrum f\u00fcr queere Geschichte<\/title>\n<meta name=\"robots\" content=\"index, follow, max-snippet:-1, max-image-preview:large, max-video-preview:-1\" \/>\n<link rel=\"canonical\" href=\"https:\/\/www.qwien.at\/en\/qwien-books\/biografisches\/\" \/>\n<meta property=\"og:locale\" content=\"en_US\" \/>\n<meta property=\"og:type\" content=\"article\" \/>\n<meta property=\"og:title\" content=\"Biografisches - Blog - Qwien - Zentrum f\u00fcr queere Geschichte\" \/>\n<meta property=\"og:url\" content=\"https:\/\/www.qwien.at\/en\/qwien-books\/biografisches\/\" \/>\n<meta property=\"og:site_name\" content=\"Qwien - Zentrum f\u00fcr queere Geschichte\" \/>\n<meta property=\"article:published_time\" content=\"2025-07-15T19:37:03+00:00\" \/>\n<meta property=\"og:image\" content=\"https:\/\/www.qwien.at\/wp-content\/uploads\/2012\/09\/Cover_Schroeter.jpg\" \/>\n\t<meta property=\"og:image:width\" content=\"1046\" \/>\n\t<meta property=\"og:image:height\" content=\"1800\" \/>\n\t<meta property=\"og:image:type\" content=\"image\/jpeg\" \/>\n<meta name=\"author\" content=\"Andreas Brunner\" \/>\n<meta name=\"twitter:card\" content=\"summary_large_image\" \/>\n<meta name=\"twitter:label1\" content=\"Written by\" \/>\n\t<meta name=\"twitter:data1\" content=\"Andreas Brunner\" \/>\n\t<meta name=\"twitter:label2\" content=\"Est. reading time\" \/>\n\t<meta name=\"twitter:data2\" content=\"8 minutes\" \/>\n<script type=\"application\/ld+json\" class=\"yoast-schema-graph\">{\"@context\":\"https:\\\/\\\/schema.org\",\"@graph\":[{\"@type\":[\"Article\",\"BlogPosting\"],\"@id\":\"https:\\\/\\\/www.qwien.at\\\/en\\\/qwien-books\\\/biografisches\\\/#article\",\"isPartOf\":{\"@id\":\"https:\\\/\\\/www.qwien.at\\\/en\\\/qwien-books\\\/biografisches\\\/\"},\"author\":{\"name\":\"Andreas Brunner\",\"@id\":\"https:\\\/\\\/www.qwien.at\\\/en\\\/#\\\/schema\\\/person\\\/d3fe9114b43d8e5a558a6d20ca3e2920\"},\"headline\":\"Biografisches\",\"datePublished\":\"2025-07-15T19:37:03+00:00\",\"mainEntityOfPage\":{\"@id\":\"https:\\\/\\\/www.qwien.at\\\/en\\\/qwien-books\\\/biografisches\\\/\"},\"wordCount\":1545,\"publisher\":{\"@id\":\"https:\\\/\\\/www.qwien.at\\\/en\\\/#organization\"},\"image\":{\"@id\":\"https:\\\/\\\/www.qwien.at\\\/en\\\/qwien-books\\\/biografisches\\\/#primaryimage\"},\"thumbnailUrl\":\"https:\\\/\\\/www.qwien.at\\\/wp-content\\\/uploads\\\/2012\\\/09\\\/Cover_Schroeter-174x300.jpg\",\"articleSection\":[\"Books\",\"Literature archive\"],\"inLanguage\":\"en-US\"},{\"@type\":\"WebPage\",\"@id\":\"https:\\\/\\\/www.qwien.at\\\/en\\\/qwien-books\\\/biografisches\\\/\",\"url\":\"https:\\\/\\\/www.qwien.at\\\/en\\\/qwien-books\\\/biografisches\\\/\",\"name\":\"Biografisches - Blog - Qwien - Zentrum f\u00fcr queere Geschichte\",\"isPartOf\":{\"@id\":\"https:\\\/\\\/www.qwien.at\\\/en\\\/#website\"},\"primaryImageOfPage\":{\"@id\":\"https:\\\/\\\/www.qwien.at\\\/en\\\/qwien-books\\\/biografisches\\\/#primaryimage\"},\"image\":{\"@id\":\"https:\\\/\\\/www.qwien.at\\\/en\\\/qwien-books\\\/biografisches\\\/#primaryimage\"},\"thumbnailUrl\":\"https:\\\/\\\/www.qwien.at\\\/wp-content\\\/uploads\\\/2012\\\/09\\\/Cover_Schroeter-174x300.jpg\",\"datePublished\":\"2025-07-15T19:37:03+00:00\",\"breadcrumb\":{\"@id\":\"https:\\\/\\\/www.qwien.at\\\/en\\\/qwien-books\\\/biografisches\\\/#breadcrumb\"},\"inLanguage\":\"en-US\",\"potentialAction\":[{\"@type\":\"ReadAction\",\"target\":[\"https:\\\/\\\/www.qwien.at\\\/en\\\/qwien-books\\\/biografisches\\\/\"]}]},{\"@type\":\"ImageObject\",\"inLanguage\":\"en-US\",\"@id\":\"https:\\\/\\\/www.qwien.at\\\/en\\\/qwien-books\\\/biografisches\\\/#primaryimage\",\"url\":\"https:\\\/\\\/www.qwien.at\\\/wp-content\\\/uploads\\\/2012\\\/09\\\/Cover_Schroeter-174x300.jpg\",\"contentUrl\":\"https:\\\/\\\/www.qwien.at\\\/wp-content\\\/uploads\\\/2012\\\/09\\\/Cover_Schroeter-174x300.jpg\"},{\"@type\":\"BreadcrumbList\",\"@id\":\"https:\\\/\\\/www.qwien.at\\\/en\\\/qwien-books\\\/biografisches\\\/#breadcrumb\",\"itemListElement\":[{\"@type\":\"ListItem\",\"position\":1,\"name\":\"Startseite\",\"item\":\"https:\\\/\\\/www.qwien.at\\\/en\\\/\"},{\"@type\":\"ListItem\",\"position\":2,\"name\":\"Biografisches\"}]},{\"@type\":\"WebSite\",\"@id\":\"https:\\\/\\\/www.qwien.at\\\/en\\\/#website\",\"url\":\"https:\\\/\\\/www.qwien.at\\\/en\\\/\",\"name\":\"Qwien - Zentrum f\u00fcr queere Geschichte\",\"description\":\"\",\"publisher\":{\"@id\":\"https:\\\/\\\/www.qwien.at\\\/en\\\/#organization\"},\"potentialAction\":[{\"@type\":\"SearchAction\",\"target\":{\"@type\":\"EntryPoint\",\"urlTemplate\":\"https:\\\/\\\/www.qwien.at\\\/en\\\/?s={search_term_string}\"},\"query-input\":{\"@type\":\"PropertyValueSpecification\",\"valueRequired\":true,\"valueName\":\"search_term_string\"}}],\"inLanguage\":\"en-US\"},{\"@type\":\"Organization\",\"@id\":\"https:\\\/\\\/www.qwien.at\\\/en\\\/#organization\",\"name\":\"Qwien\",\"url\":\"https:\\\/\\\/www.qwien.at\\\/en\\\/\",\"logo\":{\"@type\":\"ImageObject\",\"inLanguage\":\"en-US\",\"@id\":\"https:\\\/\\\/www.qwien.at\\\/en\\\/#\\\/schema\\\/logo\\\/image\\\/\",\"url\":\"https:\\\/\\\/www.qwien.at\\\/wp-content\\\/uploads\\\/2025\\\/06\\\/seo-yoast-2.png\",\"contentUrl\":\"https:\\\/\\\/www.qwien.at\\\/wp-content\\\/uploads\\\/2025\\\/06\\\/seo-yoast-2.png\",\"width\":697,\"height\":697,\"caption\":\"Qwien\"},\"image\":{\"@id\":\"https:\\\/\\\/www.qwien.at\\\/en\\\/#\\\/schema\\\/logo\\\/image\\\/\"},\"sameAs\":[\"https:\\\/\\\/www.instagram.com\\\/qwien.zentrum\\\/\"]},{\"@type\":\"Person\",\"@id\":\"https:\\\/\\\/www.qwien.at\\\/en\\\/#\\\/schema\\\/person\\\/d3fe9114b43d8e5a558a6d20ca3e2920\",\"name\":\"Andreas Brunner\"}]}<\/script>\n<!-- \/ Yoast SEO plugin. -->","yoast_head_json":{"title":"Biografisches - Blog - Qwien - Zentrum f\u00fcr queere Geschichte","robots":{"index":"index","follow":"follow","max-snippet":"max-snippet:-1","max-image-preview":"max-image-preview:large","max-video-preview":"max-video-preview:-1"},"canonical":"https:\/\/www.qwien.at\/en\/qwien-books\/biografisches\/","og_locale":"en_US","og_type":"article","og_title":"Biografisches - Blog - Qwien - Zentrum f\u00fcr queere Geschichte","og_url":"https:\/\/www.qwien.at\/en\/qwien-books\/biografisches\/","og_site_name":"Qwien - Zentrum f\u00fcr queere Geschichte","article_published_time":"2025-07-15T19:37:03+00:00","og_image":[{"width":1046,"height":1800,"url":"https:\/\/www.qwien.at\/wp-content\/uploads\/2012\/09\/Cover_Schroeter.jpg","type":"image\/jpeg"}],"author":"Andreas Brunner","twitter_card":"summary_large_image","twitter_misc":{"Written by":"Andreas Brunner","Est. reading time":"8 minutes"},"schema":{"@context":"https:\/\/schema.org","@graph":[{"@type":["Article","BlogPosting"],"@id":"https:\/\/www.qwien.at\/en\/qwien-books\/biografisches\/#article","isPartOf":{"@id":"https:\/\/www.qwien.at\/en\/qwien-books\/biografisches\/"},"author":{"name":"Andreas Brunner","@id":"https:\/\/www.qwien.at\/en\/#\/schema\/person\/d3fe9114b43d8e5a558a6d20ca3e2920"},"headline":"Biografisches","datePublished":"2025-07-15T19:37:03+00:00","mainEntityOfPage":{"@id":"https:\/\/www.qwien.at\/en\/qwien-books\/biografisches\/"},"wordCount":1545,"publisher":{"@id":"https:\/\/www.qwien.at\/en\/#organization"},"image":{"@id":"https:\/\/www.qwien.at\/en\/qwien-books\/biografisches\/#primaryimage"},"thumbnailUrl":"https:\/\/www.qwien.at\/wp-content\/uploads\/2012\/09\/Cover_Schroeter-174x300.jpg","articleSection":["Books","Literature archive"],"inLanguage":"en-US"},{"@type":"WebPage","@id":"https:\/\/www.qwien.at\/en\/qwien-books\/biografisches\/","url":"https:\/\/www.qwien.at\/en\/qwien-books\/biografisches\/","name":"Biografisches - Blog - Qwien - Zentrum f\u00fcr queere Geschichte","isPartOf":{"@id":"https:\/\/www.qwien.at\/en\/#website"},"primaryImageOfPage":{"@id":"https:\/\/www.qwien.at\/en\/qwien-books\/biografisches\/#primaryimage"},"image":{"@id":"https:\/\/www.qwien.at\/en\/qwien-books\/biografisches\/#primaryimage"},"thumbnailUrl":"https:\/\/www.qwien.at\/wp-content\/uploads\/2012\/09\/Cover_Schroeter-174x300.jpg","datePublished":"2025-07-15T19:37:03+00:00","breadcrumb":{"@id":"https:\/\/www.qwien.at\/en\/qwien-books\/biografisches\/#breadcrumb"},"inLanguage":"en-US","potentialAction":[{"@type":"ReadAction","target":["https:\/\/www.qwien.at\/en\/qwien-books\/biografisches\/"]}]},{"@type":"ImageObject","inLanguage":"en-US","@id":"https:\/\/www.qwien.at\/en\/qwien-books\/biografisches\/#primaryimage","url":"https:\/\/www.qwien.at\/wp-content\/uploads\/2012\/09\/Cover_Schroeter-174x300.jpg","contentUrl":"https:\/\/www.qwien.at\/wp-content\/uploads\/2012\/09\/Cover_Schroeter-174x300.jpg"},{"@type":"BreadcrumbList","@id":"https:\/\/www.qwien.at\/en\/qwien-books\/biografisches\/#breadcrumb","itemListElement":[{"@type":"ListItem","position":1,"name":"Startseite","item":"https:\/\/www.qwien.at\/en\/"},{"@type":"ListItem","position":2,"name":"Biografisches"}]},{"@type":"WebSite","@id":"https:\/\/www.qwien.at\/en\/#website","url":"https:\/\/www.qwien.at\/en\/","name":"Qwien - Zentrum f\u00fcr queere Geschichte","description":"","publisher":{"@id":"https:\/\/www.qwien.at\/en\/#organization"},"potentialAction":[{"@type":"SearchAction","target":{"@type":"EntryPoint","urlTemplate":"https:\/\/www.qwien.at\/en\/?s={search_term_string}"},"query-input":{"@type":"PropertyValueSpecification","valueRequired":true,"valueName":"search_term_string"}}],"inLanguage":"en-US"},{"@type":"Organization","@id":"https:\/\/www.qwien.at\/en\/#organization","name":"Qwien","url":"https:\/\/www.qwien.at\/en\/","logo":{"@type":"ImageObject","inLanguage":"en-US","@id":"https:\/\/www.qwien.at\/en\/#\/schema\/logo\/image\/","url":"https:\/\/www.qwien.at\/wp-content\/uploads\/2025\/06\/seo-yoast-2.png","contentUrl":"https:\/\/www.qwien.at\/wp-content\/uploads\/2025\/06\/seo-yoast-2.png","width":697,"height":697,"caption":"Qwien"},"image":{"@id":"https:\/\/www.qwien.at\/en\/#\/schema\/logo\/image\/"},"sameAs":["https:\/\/www.instagram.com\/qwien.zentrum\/"]},{"@type":"Person","@id":"https:\/\/www.qwien.at\/en\/#\/schema\/person\/d3fe9114b43d8e5a558a6d20ca3e2920","name":"Andreas Brunner"}]}},"_links":{"self":[{"href":"https:\/\/www.qwien.at\/en\/wp-json\/wp\/v2\/posts\/11223","targetHints":{"allow":["GET"]}}],"collection":[{"href":"https:\/\/www.qwien.at\/en\/wp-json\/wp\/v2\/posts"}],"about":[{"href":"https:\/\/www.qwien.at\/en\/wp-json\/wp\/v2\/types\/post"}],"author":[{"embeddable":true,"href":"https:\/\/www.qwien.at\/en\/wp-json\/wp\/v2\/users\/4"}],"replies":[{"embeddable":true,"href":"https:\/\/www.qwien.at\/en\/wp-json\/wp\/v2\/comments?post=11223"}],"version-history":[{"count":0,"href":"https:\/\/www.qwien.at\/en\/wp-json\/wp\/v2\/posts\/11223\/revisions"}],"wp:attachment":[{"href":"https:\/\/www.qwien.at\/en\/wp-json\/wp\/v2\/media?parent=11223"}],"wp:term":[{"taxonomy":"category","embeddable":true,"href":"https:\/\/www.qwien.at\/en\/wp-json\/wp\/v2\/categories?post=11223"},{"taxonomy":"post_tag","embeddable":true,"href":"https:\/\/www.qwien.at\/en\/wp-json\/wp\/v2\/tags?post=11223"}],"curies":[{"name":"wp","href":"https:\/\/api.w.org\/{rel}","templated":true}]}}