{"id":11237,"date":"2025-07-15T21:37:02","date_gmt":"2025-07-15T19:37:02","guid":{"rendered":"https:\/\/www.qwien.at\/nicht-kategorisiert\/nordisches-doppel\/"},"modified":"2025-07-15T21:37:02","modified_gmt":"2025-07-15T19:37:02","slug":"nordisches-doppel","status":"publish","type":"post","link":"https:\/\/www.qwien.at\/en\/qwien-books\/nordisches-doppel\/","title":{"rendered":"Nordisches Doppel"},"content":{"rendered":"<p><strong>Der Deutsche Kunstverlag stellt in seiner Reihe \u201eLeben in Bildern\u201c zwei schwule d\u00e4nische Autoren vor. Eine Lekt\u00fcre mit Gewinn.<\/strong><\/p>\n<p><img loading=\"lazy\" decoding=\"async\" class=\"size-medium wp-image-1363 alignleft\" src=\"http:\/\/www.qwien.at\/wp-content\/uploads\/2012\/02\/Andersen_Detering-e1329313710643-224x300.jpg\" alt=\"\" width=\"224\" height=\"300\" srcset=\"https:\/\/www.qwien.at\/wp-content\/uploads\/2012\/02\/Andersen_Detering-e1329313710643-224x300.jpg 224w, https:\/\/www.qwien.at\/wp-content\/uploads\/2012\/02\/Andersen_Detering-e1329313710643.jpg 373w\" sizes=\"auto, (max-width: 224px) 100vw, 224px\" \/><\/p>\n<p>Die beiden wichtigsten d\u00e4nischen Autoren auf dem Weg zur Moderne, Hans Christian Andersen und Herman Bang, waren schwul. Wobei, das ist etwas leichthin gesagt. Andersen traf auf einer seiner vielen Reisen den \u00f6sterreichisch-ungarischen Schriftsteller Karl-Maria Kertbeny, der 1867 erstmals die Bezeichnung \u201ehomosexual\u201c verwendet hat. Nicht einmal von homosexuell war zu Andersens Lebzeiten die Rede, erst Bang sollte dieser Begriff gel\u00e4ufig werden. Mit \u201eschwul\u201c und allem, was wir heute damit implizieren, h\u00e4tte beide wenig anfangen k\u00f6nnen.\u00a0Trotzdem steht in beiden gro\u00dfformatigen Bildbiografien die Homosexualit\u00e4t der Autoren im Zentrum, weil sie als Antrieb f\u00fcr ihr Schreiben gesehen wird. Der ausgewiesene Andersen-Experte Heinrich Detering zeigt anhand vieler Texte aus allen Genres, die Andersen pflegte, ob Lyrik, M\u00e4rchen, Roman, Drama oder Reisebereicht, dass die Einzigartigkeit dieser Werke in einer Wahrnehmung des Anderssein liegt, die auch eine Renitenz \u2013 Detering betont sie mehrmals \u2013 aufweist, die ihn gegen die M\u00e4chtigen anschreiben l\u00e4sst. Obwohl als G\u00fcnstling des Adels und reichen Gro\u00dfb\u00fcrgertums verschrieen \u2013 der Dichter besa\u00df zeitlebens keine eigene Wohnung, sondern lebte nur bei F\u00f6rderern in Logis \u2013 stand Andersen immer auf Seiten der Unterdr\u00fcckten, verpackte seine Kritik aber geschickt in seine M\u00e4rchen und Romane, nur ein sp\u00e4tes M\u00e4rchen lie\u00df er auf Grund der harschen Gesellschaftskritik nur auf englisch erscheinen: das einzige publizierte Werk des Dichters, das erst posthum in D\u00e4nemark erschien. Andersen wusste warum. Um die Zeit als die Gebr\u00fcder Grimm noch immer ihre\u00a0<em>Kinder- und Hausm\u00e4rchen<\/em>\u00a0sammelten, schuf Andersen mit seinen Kunstm\u00e4rchen eine Form, die sp\u00e4ter Oscar Wilde und andere anregten. Immer an den Neuigkeiten der Zeit interessiert \u2013 so besuchte er auch die Weltausstellung 1867 in Paris und verarbeitete sie literarisch \u2013 hatte er auch ein Sensorium f\u00fcr unterschwellige Themen. So thematisiert Andersen erstmals in einem M\u00e4rchen Selbstmord und kritisiert die Menschenverachtung des fr\u00fchen Kapitalismus. Seine M\u00e4rchen haben nicht die archaische Grausamkeit der Grimm\u2019schen, sie sind direkt und aktuell, denn oft spielen die Geschichten in der Gegenwart. All dies stellt Detering als mit Andersens Empfinden verkn\u00fcpft dar, er zeigt ihn als einen Schriftsteller, der aus einer tiefen Verzweiflung sch\u00f6pfte, weil er sein wahres Empfinden nie richtig ausleben konnte.<\/p>\n<p>Nicht un\u00e4hnlich erging es eine Generation sp\u00e4ter Herman Bang, dessen Romane auch im deutschsprachigen Raum gefeierte Erfolge wurden. Auch er wusste fr\u00fch um sein Anderssein, hatte aber weniger Skrupel dieses auch auszuleben. Tuschelte man bei Andersen meist nur hinter vorgehaltener Hand, ging das von Bang in seinen satirischen journalistischen Arbeiten d\u00fcpierte B\u00fcrgertum zum Angriff \u00fcber und denunzierte Bang \u00f6ffentlich. Um einer Verfolgung durch das Gericht zu entkommen, floh Bang nach Deutschland. Zuvor hatte er mit dem homoerotischen K\u00fcnstlerroman\u00a0<em>Michael<\/em>Aufsehen erregt. Der als Dandy geschm\u00e4hte aber auch bewunderte Bang verfasste in Berlin unter Einfluss der Homosexuellen-Bewegung von Magnus Hirschfeld selbst seine\u00a0<em>Gedanken zum Sexualit\u00e4tsproblem<\/em>, die zwar erst zehn Jahre nach Bangs Tod ver\u00f6ffentlicht wurden, die aber \u201ewie durch ein unterirdisches R\u00f6hrensystem (\u2026) mit dem literarischen Werk Herman Bangs verbunden\u201c sind, wie Lothar M\u00fcller, der Autor der Bang-Biografie feststellt. Was die Form der gro\u00dfformatigen Bildbiografie gerade bei diesen beiden Autoren so reizend macht, beide hatten ein inniges Verh\u00e4ltnis zur Kamera und lie\u00dfen sich gerne fotografieren. So gibt es von beiden zahlreiche Fotos, die in diesem Format besonders zur Geltung kommen. Erh\u00e4ltlich bei Buchhandlung L\u00f6wenherz<\/p>\n<p><strong><a href=\"http:\/\/www.loewenherz.at\/index_lw_nr.php?LWNR=8424\">Heinrich Detering<\/a>: Hans Christian Andersen. Berlin\/M\u00fcnchen: Deutscher Kunstverlag 2011. ISBN: 978-3-422-07041-7, \u20ac 20,46<\/strong><\/p>\n<p><strong><a href=\"http:\/\/www.loewenherz.at\/index_lw_nr.php?LWNR=8425\">Lothar M\u00fcller<\/a>: Herman Bang. Berlin\/M\u00fcnchen: Deutscher Kunstverlag 2011. ISBN: 978-3-422-07042-4, \u20ac 20,46<\/strong><\/p>\n","protected":false},"excerpt":{"rendered":"<p>\t\t\t\t<![CDATA[]]>\t\t<\/p>\n","protected":false},"author":4,"featured_media":0,"comment_status":"closed","ping_status":"open","sticky":false,"template":"","format":"standard","meta":{"_acf_changed":false,"footnotes":""},"categories":[267,271],"tags":[],"class_list":["post-11237","post","type-post","status-publish","format-standard","hentry","category-qwien-books","category-literature-archive","grve-entry-item","grve-blog-item"],"acf":[],"yoast_head":"<!-- This site is optimized with the Yoast SEO plugin v27.5 - https:\/\/yoast.com\/product\/yoast-seo-wordpress\/ -->\n<title>Nordisches Doppel - Blog - Qwien - Zentrum f\u00fcr queere Geschichte<\/title>\n<meta name=\"robots\" content=\"index, follow, max-snippet:-1, max-image-preview:large, max-video-preview:-1\" \/>\n<link rel=\"canonical\" href=\"https:\/\/www.qwien.at\/en\/qwien-books\/nordisches-doppel\/\" \/>\n<meta property=\"og:locale\" content=\"en_US\" \/>\n<meta property=\"og:type\" content=\"article\" \/>\n<meta property=\"og:title\" content=\"Nordisches Doppel - Blog - Qwien - Zentrum f\u00fcr queere Geschichte\" \/>\n<meta property=\"og:url\" content=\"https:\/\/www.qwien.at\/en\/qwien-books\/nordisches-doppel\/\" \/>\n<meta property=\"og:site_name\" content=\"Qwien - Zentrum f\u00fcr queere Geschichte\" \/>\n<meta property=\"article:published_time\" content=\"2025-07-15T19:37:02+00:00\" \/>\n<meta property=\"og:image\" content=\"http:\/\/www.qwien.at\/wp-content\/uploads\/2012\/02\/Andersen_Detering-e1329313710643-224x300.jpg\" \/>\n<meta name=\"author\" content=\"Andreas Brunner\" \/>\n<meta name=\"twitter:card\" content=\"summary_large_image\" \/>\n<meta name=\"twitter:label1\" content=\"Written by\" \/>\n\t<meta name=\"twitter:data1\" content=\"Andreas Brunner\" \/>\n\t<meta name=\"twitter:label2\" content=\"Est. reading time\" \/>\n\t<meta name=\"twitter:data2\" content=\"3 minutes\" \/>\n<script type=\"application\/ld+json\" class=\"yoast-schema-graph\">{\"@context\":\"https:\\\/\\\/schema.org\",\"@graph\":[{\"@type\":[\"Article\",\"BlogPosting\"],\"@id\":\"https:\\\/\\\/www.qwien.at\\\/en\\\/qwien-books\\\/nordisches-doppel\\\/#article\",\"isPartOf\":{\"@id\":\"https:\\\/\\\/www.qwien.at\\\/en\\\/qwien-books\\\/nordisches-doppel\\\/\"},\"author\":{\"name\":\"Andreas Brunner\",\"@id\":\"https:\\\/\\\/www.qwien.at\\\/en\\\/#\\\/schema\\\/person\\\/d3fe9114b43d8e5a558a6d20ca3e2920\"},\"headline\":\"Nordisches Doppel\",\"datePublished\":\"2025-07-15T19:37:02+00:00\",\"mainEntityOfPage\":{\"@id\":\"https:\\\/\\\/www.qwien.at\\\/en\\\/qwien-books\\\/nordisches-doppel\\\/\"},\"wordCount\":617,\"publisher\":{\"@id\":\"https:\\\/\\\/www.qwien.at\\\/en\\\/#organization\"},\"image\":{\"@id\":\"https:\\\/\\\/www.qwien.at\\\/en\\\/qwien-books\\\/nordisches-doppel\\\/#primaryimage\"},\"thumbnailUrl\":\"http:\\\/\\\/www.qwien.at\\\/wp-content\\\/uploads\\\/2012\\\/02\\\/Andersen_Detering-e1329313710643-224x300.jpg\",\"articleSection\":[\"Books\",\"Literature archive\"],\"inLanguage\":\"en-US\"},{\"@type\":\"WebPage\",\"@id\":\"https:\\\/\\\/www.qwien.at\\\/en\\\/qwien-books\\\/nordisches-doppel\\\/\",\"url\":\"https:\\\/\\\/www.qwien.at\\\/en\\\/qwien-books\\\/nordisches-doppel\\\/\",\"name\":\"Nordisches Doppel - Blog - Qwien - Zentrum f\u00fcr queere Geschichte\",\"isPartOf\":{\"@id\":\"https:\\\/\\\/www.qwien.at\\\/en\\\/#website\"},\"primaryImageOfPage\":{\"@id\":\"https:\\\/\\\/www.qwien.at\\\/en\\\/qwien-books\\\/nordisches-doppel\\\/#primaryimage\"},\"image\":{\"@id\":\"https:\\\/\\\/www.qwien.at\\\/en\\\/qwien-books\\\/nordisches-doppel\\\/#primaryimage\"},\"thumbnailUrl\":\"http:\\\/\\\/www.qwien.at\\\/wp-content\\\/uploads\\\/2012\\\/02\\\/Andersen_Detering-e1329313710643-224x300.jpg\",\"datePublished\":\"2025-07-15T19:37:02+00:00\",\"breadcrumb\":{\"@id\":\"https:\\\/\\\/www.qwien.at\\\/en\\\/qwien-books\\\/nordisches-doppel\\\/#breadcrumb\"},\"inLanguage\":\"en-US\",\"potentialAction\":[{\"@type\":\"ReadAction\",\"target\":[\"https:\\\/\\\/www.qwien.at\\\/en\\\/qwien-books\\\/nordisches-doppel\\\/\"]}]},{\"@type\":\"ImageObject\",\"inLanguage\":\"en-US\",\"@id\":\"https:\\\/\\\/www.qwien.at\\\/en\\\/qwien-books\\\/nordisches-doppel\\\/#primaryimage\",\"url\":\"http:\\\/\\\/www.qwien.at\\\/wp-content\\\/uploads\\\/2012\\\/02\\\/Andersen_Detering-e1329313710643-224x300.jpg\",\"contentUrl\":\"http:\\\/\\\/www.qwien.at\\\/wp-content\\\/uploads\\\/2012\\\/02\\\/Andersen_Detering-e1329313710643-224x300.jpg\"},{\"@type\":\"BreadcrumbList\",\"@id\":\"https:\\\/\\\/www.qwien.at\\\/en\\\/qwien-books\\\/nordisches-doppel\\\/#breadcrumb\",\"itemListElement\":[{\"@type\":\"ListItem\",\"position\":1,\"name\":\"Startseite\",\"item\":\"https:\\\/\\\/www.qwien.at\\\/en\\\/\"},{\"@type\":\"ListItem\",\"position\":2,\"name\":\"Nordisches Doppel\"}]},{\"@type\":\"WebSite\",\"@id\":\"https:\\\/\\\/www.qwien.at\\\/en\\\/#website\",\"url\":\"https:\\\/\\\/www.qwien.at\\\/en\\\/\",\"name\":\"Qwien - Zentrum f\u00fcr queere Geschichte\",\"description\":\"\",\"publisher\":{\"@id\":\"https:\\\/\\\/www.qwien.at\\\/en\\\/#organization\"},\"potentialAction\":[{\"@type\":\"SearchAction\",\"target\":{\"@type\":\"EntryPoint\",\"urlTemplate\":\"https:\\\/\\\/www.qwien.at\\\/en\\\/?s={search_term_string}\"},\"query-input\":{\"@type\":\"PropertyValueSpecification\",\"valueRequired\":true,\"valueName\":\"search_term_string\"}}],\"inLanguage\":\"en-US\"},{\"@type\":\"Organization\",\"@id\":\"https:\\\/\\\/www.qwien.at\\\/en\\\/#organization\",\"name\":\"Qwien\",\"url\":\"https:\\\/\\\/www.qwien.at\\\/en\\\/\",\"logo\":{\"@type\":\"ImageObject\",\"inLanguage\":\"en-US\",\"@id\":\"https:\\\/\\\/www.qwien.at\\\/en\\\/#\\\/schema\\\/logo\\\/image\\\/\",\"url\":\"https:\\\/\\\/www.qwien.at\\\/wp-content\\\/uploads\\\/2025\\\/06\\\/seo-yoast-2.png\",\"contentUrl\":\"https:\\\/\\\/www.qwien.at\\\/wp-content\\\/uploads\\\/2025\\\/06\\\/seo-yoast-2.png\",\"width\":697,\"height\":697,\"caption\":\"Qwien\"},\"image\":{\"@id\":\"https:\\\/\\\/www.qwien.at\\\/en\\\/#\\\/schema\\\/logo\\\/image\\\/\"},\"sameAs\":[\"https:\\\/\\\/www.instagram.com\\\/qwien.zentrum\\\/\"]},{\"@type\":\"Person\",\"@id\":\"https:\\\/\\\/www.qwien.at\\\/en\\\/#\\\/schema\\\/person\\\/d3fe9114b43d8e5a558a6d20ca3e2920\",\"name\":\"Andreas Brunner\"}]}<\/script>\n<!-- \/ Yoast SEO plugin. -->","yoast_head_json":{"title":"Nordisches Doppel - Blog - Qwien - Zentrum f\u00fcr queere Geschichte","robots":{"index":"index","follow":"follow","max-snippet":"max-snippet:-1","max-image-preview":"max-image-preview:large","max-video-preview":"max-video-preview:-1"},"canonical":"https:\/\/www.qwien.at\/en\/qwien-books\/nordisches-doppel\/","og_locale":"en_US","og_type":"article","og_title":"Nordisches Doppel - Blog - Qwien - Zentrum f\u00fcr queere Geschichte","og_url":"https:\/\/www.qwien.at\/en\/qwien-books\/nordisches-doppel\/","og_site_name":"Qwien - Zentrum f\u00fcr queere Geschichte","article_published_time":"2025-07-15T19:37:02+00:00","og_image":[{"url":"http:\/\/www.qwien.at\/wp-content\/uploads\/2012\/02\/Andersen_Detering-e1329313710643-224x300.jpg","type":"","width":"","height":""}],"author":"Andreas Brunner","twitter_card":"summary_large_image","twitter_misc":{"Written by":"Andreas Brunner","Est. reading time":"3 minutes"},"schema":{"@context":"https:\/\/schema.org","@graph":[{"@type":["Article","BlogPosting"],"@id":"https:\/\/www.qwien.at\/en\/qwien-books\/nordisches-doppel\/#article","isPartOf":{"@id":"https:\/\/www.qwien.at\/en\/qwien-books\/nordisches-doppel\/"},"author":{"name":"Andreas Brunner","@id":"https:\/\/www.qwien.at\/en\/#\/schema\/person\/d3fe9114b43d8e5a558a6d20ca3e2920"},"headline":"Nordisches Doppel","datePublished":"2025-07-15T19:37:02+00:00","mainEntityOfPage":{"@id":"https:\/\/www.qwien.at\/en\/qwien-books\/nordisches-doppel\/"},"wordCount":617,"publisher":{"@id":"https:\/\/www.qwien.at\/en\/#organization"},"image":{"@id":"https:\/\/www.qwien.at\/en\/qwien-books\/nordisches-doppel\/#primaryimage"},"thumbnailUrl":"http:\/\/www.qwien.at\/wp-content\/uploads\/2012\/02\/Andersen_Detering-e1329313710643-224x300.jpg","articleSection":["Books","Literature archive"],"inLanguage":"en-US"},{"@type":"WebPage","@id":"https:\/\/www.qwien.at\/en\/qwien-books\/nordisches-doppel\/","url":"https:\/\/www.qwien.at\/en\/qwien-books\/nordisches-doppel\/","name":"Nordisches Doppel - Blog - Qwien - Zentrum f\u00fcr queere Geschichte","isPartOf":{"@id":"https:\/\/www.qwien.at\/en\/#website"},"primaryImageOfPage":{"@id":"https:\/\/www.qwien.at\/en\/qwien-books\/nordisches-doppel\/#primaryimage"},"image":{"@id":"https:\/\/www.qwien.at\/en\/qwien-books\/nordisches-doppel\/#primaryimage"},"thumbnailUrl":"http:\/\/www.qwien.at\/wp-content\/uploads\/2012\/02\/Andersen_Detering-e1329313710643-224x300.jpg","datePublished":"2025-07-15T19:37:02+00:00","breadcrumb":{"@id":"https:\/\/www.qwien.at\/en\/qwien-books\/nordisches-doppel\/#breadcrumb"},"inLanguage":"en-US","potentialAction":[{"@type":"ReadAction","target":["https:\/\/www.qwien.at\/en\/qwien-books\/nordisches-doppel\/"]}]},{"@type":"ImageObject","inLanguage":"en-US","@id":"https:\/\/www.qwien.at\/en\/qwien-books\/nordisches-doppel\/#primaryimage","url":"http:\/\/www.qwien.at\/wp-content\/uploads\/2012\/02\/Andersen_Detering-e1329313710643-224x300.jpg","contentUrl":"http:\/\/www.qwien.at\/wp-content\/uploads\/2012\/02\/Andersen_Detering-e1329313710643-224x300.jpg"},{"@type":"BreadcrumbList","@id":"https:\/\/www.qwien.at\/en\/qwien-books\/nordisches-doppel\/#breadcrumb","itemListElement":[{"@type":"ListItem","position":1,"name":"Startseite","item":"https:\/\/www.qwien.at\/en\/"},{"@type":"ListItem","position":2,"name":"Nordisches Doppel"}]},{"@type":"WebSite","@id":"https:\/\/www.qwien.at\/en\/#website","url":"https:\/\/www.qwien.at\/en\/","name":"Qwien - Zentrum f\u00fcr queere Geschichte","description":"","publisher":{"@id":"https:\/\/www.qwien.at\/en\/#organization"},"potentialAction":[{"@type":"SearchAction","target":{"@type":"EntryPoint","urlTemplate":"https:\/\/www.qwien.at\/en\/?s={search_term_string}"},"query-input":{"@type":"PropertyValueSpecification","valueRequired":true,"valueName":"search_term_string"}}],"inLanguage":"en-US"},{"@type":"Organization","@id":"https:\/\/www.qwien.at\/en\/#organization","name":"Qwien","url":"https:\/\/www.qwien.at\/en\/","logo":{"@type":"ImageObject","inLanguage":"en-US","@id":"https:\/\/www.qwien.at\/en\/#\/schema\/logo\/image\/","url":"https:\/\/www.qwien.at\/wp-content\/uploads\/2025\/06\/seo-yoast-2.png","contentUrl":"https:\/\/www.qwien.at\/wp-content\/uploads\/2025\/06\/seo-yoast-2.png","width":697,"height":697,"caption":"Qwien"},"image":{"@id":"https:\/\/www.qwien.at\/en\/#\/schema\/logo\/image\/"},"sameAs":["https:\/\/www.instagram.com\/qwien.zentrum\/"]},{"@type":"Person","@id":"https:\/\/www.qwien.at\/en\/#\/schema\/person\/d3fe9114b43d8e5a558a6d20ca3e2920","name":"Andreas Brunner"}]}},"_links":{"self":[{"href":"https:\/\/www.qwien.at\/en\/wp-json\/wp\/v2\/posts\/11237","targetHints":{"allow":["GET"]}}],"collection":[{"href":"https:\/\/www.qwien.at\/en\/wp-json\/wp\/v2\/posts"}],"about":[{"href":"https:\/\/www.qwien.at\/en\/wp-json\/wp\/v2\/types\/post"}],"author":[{"embeddable":true,"href":"https:\/\/www.qwien.at\/en\/wp-json\/wp\/v2\/users\/4"}],"replies":[{"embeddable":true,"href":"https:\/\/www.qwien.at\/en\/wp-json\/wp\/v2\/comments?post=11237"}],"version-history":[{"count":0,"href":"https:\/\/www.qwien.at\/en\/wp-json\/wp\/v2\/posts\/11237\/revisions"}],"wp:attachment":[{"href":"https:\/\/www.qwien.at\/en\/wp-json\/wp\/v2\/media?parent=11237"}],"wp:term":[{"taxonomy":"category","embeddable":true,"href":"https:\/\/www.qwien.at\/en\/wp-json\/wp\/v2\/categories?post=11237"},{"taxonomy":"post_tag","embeddable":true,"href":"https:\/\/www.qwien.at\/en\/wp-json\/wp\/v2\/tags?post=11237"}],"curies":[{"name":"wp","href":"https:\/\/api.w.org\/{rel}","templated":true}]}}