{"id":11243,"date":"2025-07-15T21:37:02","date_gmt":"2025-07-15T19:37:02","guid":{"rendered":"https:\/\/www.qwien.at\/nicht-kategorisiert\/neues-standardwerk-zur-ns-verfolgung\/"},"modified":"2025-07-15T21:37:02","modified_gmt":"2025-07-15T19:37:02","slug":"neues-standardwerk-zur-ns-verfolgung","status":"publish","type":"post","link":"https:\/\/www.qwien.at\/en\/qwien-books\/neues-standardwerk-zur-ns-verfolgung\/","title":{"rendered":"Neues Standardwerk zur NS-Verfolgung"},"content":{"rendered":"<p>Der deutsche Medizinhistoriker G\u00fcnter Grau hat ein umfangreiches Lexikon zur Homosexuellenverfolgung 1933-1945 vorgelegt. Er fasst darin nicht nur seine jahrzehntelange Besch\u00e4ftigung mit der Verfolgung Homosexueller in der NS-Zeit zusammen, sondern legt damit ein Standardwerk vor, bei dessen Lekt\u00fcre QWIEN nat\u00fcrlich die Eintr\u00e4ge besonders interessiert haben, die mit \u00d6sterreich in Verbindung stehen.\u00a0<em>ZU SP\u00c4T<\/em>\u00a0nennen Carola Dertnig und Julia Rode ihr tempor\u00e4res Mahnmal am Morzinplatz, das an das Schicksal von in der NS-Zeit verfolgten Schwulen, Lesben und Transgender erinnert. Zu sp\u00e4t, meinen sie, h\u00e4tte auch die Forschung \u00fcber diese lange Zeit verdr\u00e4ngten Opfer eingesetzt. Dieses Forschungsdefizit spiegelt auch G\u00fcnter Graus Lexikoneintrag \u00fcber\u00a0<em>\u00d6sterreich<\/em>\u00a0wider. Auf knapp zwei Seiten referiert Grau die rechtliche Entwicklung und den Aufbau der NS-Verfolgungsinstitutionen, die ersten Schritte der Gestapo, die ab September 1939 die Verfolgung Homosexueller (mit Ausnahmen) der Kriminalpolizei \u00fcberlie\u00df.<\/p>\n<div id=\"attachment_1158\" style=\"width: 310px\" class=\"wp-caption alignleft\"><a href=\"https:\/\/www.qwien.at\/wp-content\/uploads\/2011\/10\/Dertnig2-300x200.jpg\"><img loading=\"lazy\" decoding=\"async\" aria-describedby=\"caption-attachment-1158\" class=\"size-medium wp-image-1158\" title=\"Dertnig\" src=\"https:\/\/www.qwien.at\/wp-content\/uploads\/2011\/10\/Dertnig2-300x200.jpg\" sizes=\"auto, (max-width: 300px) 100vw, 300px\" srcset=\"http:\/\/www.qwien.at\/wp-content\/uploads\/2011\/10\/Dertnig2-300x200.jpg 300w, http:\/\/www.qwien.at\/wp-content\/uploads\/2011\/10\/Dertnig2.jpg 600w\" alt=\"\" width=\"300\" height=\"200\" \/><\/a><p id=\"caption-attachment-1158\" class=\"wp-caption-text\">Tempor\u00e4res Mahnmal am Morzinplatz<\/p><\/div>\n<p>Da selbst der von den Nationalsozialisten versch\u00e4rfte \u00a7175 keine rechtliche Handhabe gegen Lesben bot, ist der Diskussion \u00fcber die Angleichung des \u00f6sterreichischen Strafrecht, das die ganze Nazizeit \u00fcber in Kraft blieb, besonders in dieser Frage breiten Raum gewidmet. In \u00d6sterreich wurde der \u00a7129Ib auch gegen Lesben angewandt und gerade \u00d6sterreicher taten sich in dieser Frage besonders hervor. Auf der Seite der Bef\u00fcrworter f\u00fcr die Ausweitung der Strafbarkeit von Lesben trat der sp\u00e4tere Rektor der Universit\u00e4t Wien, Roland Grassberger, auf. Der von der austrofaschistischen Regierung wegen seiner nationalsozialistischen Gesinnung zwangspensionierte ehemalige Rektor der Universit\u00e4t Wien, Wenzel Graf Gleispach, war hingegen der der Meinung, dass \u201ebei der verh\u00e4ltnism\u00e4\u00dfig bescheidenen Rolle der Frau im \u00f6ffentlichen Leben\u201c, eine Verfolgung von Lesben keine strafrechtliche Priorit\u00e4t habe. Angefeuert wurde die Diskussion durch das SS-Blatt\u00a0<em>Das Schwarze Korps<\/em>\u00a0mit antilesbischen Hetzartikeln. Zu einem Ergebnis f\u00fchrte sie allerdings nicht. Die Hinweise auf Gleispach und Grassberger zur Strafw\u00fcrdigkeit von Lesben finden bei Grau keine Erw\u00e4hnung. Sie m\u00f6gen nur von regionalgeschichtlichem Interesse sein, zeigten aber auch, dass \u00d6sterreicher nicht nur am V\u00f6lkermord an den Juden beteiligt, sondern auch bei der Verfolgung von Lesben und Schwulen im Sinne des Regimes t\u00e4tig waren. Grassberger konnte \u00fcberdies sein in der NS-Zeit erarbeitetes Know-How als Experte in Fragen Homosexualit\u00e4t in der Nachkriegszeit nutzen, und als Gutachter die \u00d6VP und selbst die Verfolgungsbeh\u00f6rden der BRD beraten. Unverst\u00e4ndlich ist, warum der Aufsatz von Angela H. Mayer \u00fcber die Verfolgung von Lesben als Asoziale, der 2002 publiziert wurde, in der ohnehin sp\u00e4rlich ausfallenden Dokumentation der \u00f6sterreichischen Forschung steht. Schon in\u00a0<em>Invertito 4\/2002<\/em>\u00a0hat Claudia Schoppmann darauf hingewiesen, dass Mayer \u201eden Beweis f\u00fcr die von ihr behauptete systematische Verfolgung schuldig\u201c bleibt. Bis heute ist dieser nicht erbracht, da Mayer ihre Quellen nicht preisgibt. Der Schlussabsatz im \u00d6sterreich-Stichwort seines Lexikons ger\u00e4t G\u00fcnter Grau denn auch nur halbrichtig, wenn er festh\u00e4lt, dass verfolgte homosexuelle M\u00e4nner und Frauen seit 1995 aus dem\u00a0<em>Nationalfonds der Republik f\u00fcr die Opfer des Nationalsozialismus<\/em>\u00a0Zuwendungen erhielten. Dies stimmt wohl, doch war damit keinerlei Anerkennung als Opfer verbunden. Da kein Rechtsanspruch auf Zahlungen aus dem Nationalfonds besteht, wurden lediglich sehr bescheidene Betr\u00e4ge in Einzelf\u00e4llen ausbezahlt \u2013 f\u00fcr die Opfer wohl mehr \u201eAlmosen\u201c als \u201eEntsch\u00e4digung\u201c. Einen Rechtsanspruch erhielten die homosexuellen Opfer erst mit der Reform des\u00a0<em>Opferf\u00fcrsorgesetzes 2005<\/em>. Diesen wesentlichen Unterschied erw\u00e4hnt Grau wie die Aufnahme ins Opferf\u00fcrsorgegesetz und damit erst tats\u00e4chliche Anerkennung als Opfergruppe mit keinem Wort.<\/p>\n<div id=\"attachment_1159\" style=\"width: 225px\" class=\"wp-caption alignright\"><a href=\"https:\/\/www.qwien.at\/wp-content\/uploads\/2011\/10\/Hotel-Metropol1.jpg\"><img loading=\"lazy\" decoding=\"async\" aria-describedby=\"caption-attachment-1159\" class=\"size-medium wp-image-1159\" title=\"Hotel Metropol\" src=\"https:\/\/www.qwien.at\/wp-content\/uploads\/2011\/10\/Hotel-Metropol1.jpg\" alt=\"\" width=\"215\" height=\"300\" srcset=\"https:\/\/www.qwien.at\/wp-content\/uploads\/2011\/10\/Hotel-Metropol1.jpg 300w, https:\/\/www.qwien.at\/wp-content\/uploads\/2011\/10\/Hotel-Metropol1-216x300.jpg 216w\" sizes=\"auto, (max-width: 215px) 100vw, 215px\" \/><\/a><p id=\"caption-attachment-1159\" class=\"wp-caption-text\">Hotel Metropol am Morzinplatz, Wiener Gestapo-Zentrale (Foto: D\u00d6W)<\/p><\/div>\n<p>Etwas salopp ger\u00e4t dem sonst so sachlich formulierenden Grau seine Einsch\u00e4tzung des \u00a7129Ib im Artikel\u00a0<em>Lesbische Frauen<\/em>. Im Rahmen der Diskussion \u00fcber die Strafw\u00fcrdigkeit sexueller Praktiken unter Frauen bezeichnet er die in \u00d6sterreich g\u00fcltige Rechtslage \u201eals Relikt aus der Strafrechtspflege der Monarchie\u201c. Was nach veralteter Praxis klingt, war aber f\u00fcr Lesben allt\u00e4gliche Realit\u00e4t. In \u00d6sterreich wurden seit dem Strafrecht von 1803, das den sp\u00e4teren \u00a7129 fast wortident, wenn auch mit geringerem Strafma\u00df, enthielt, Schwule und Lesben gleicherma\u00dfen, wenn auch mit unterschiedlicher Intensit\u00e4t, verfolgt. Das Relikt der Monarchie war praktiziertes Recht und bot auch bei der Verfolgung schwuler M\u00e4nner M\u00f6glichkeiten, die der deutsche \u00a7175 erst nach der Versch\u00e4rfung durch die Nationalsozialisten 1935 zulie\u00df. Seit einem Urteil des Cassationsgerichtshofs 1906 war es in \u00d6sterreich m\u00f6glich, unter bestimmten Umst\u00e4nden auch den Versuch einer homosexuellen Handlung zu bestrafen, wohingegen im Deutschen Reich und auch in der Weimarer Republik \u201ebeischlaf\u00e4hnliche Handlungen\u201c nachgewiesen werden mussten. Dieses real exekutierte \u201eRelikt\u201c war auch Ausdruck eines auch heute noch lebendigen absolutistisch-paternalistischen Rechtsempfindens, das auch die Basis f\u00fcr den problemlosen Gleichklang mit der nationalsozialistischen Ordnung darstellte. In\u00a0<em>Homosexuelle Nazis<\/em>\u00a0geht es nat\u00fcrlich um R\u00f6hm und die Schuldzuweisungen von Teilen der deutschen Linken, die selbst Wiedergutmachung an Schwulen in der Nachkriegszeit mit der Behauptung verhinderten, dass homosexuelle KZ-H\u00e4ftlinge mehrheitlich Nazis gewesen seien. Eine Frage stellt in diesem Zusammenhang auch Grau nicht, weil sie auch in der Forschung bislang str\u00e4flich vernachl\u00e4ssigt wurde. Grau stellt die Stereotype von homosexuellen Nazis in den Mittelpunkt seines Lexikonartikels. Doch wie geht man mit der Geschichte von M\u00e4nnern um, die sich als Unterst\u00fctzer und Mitt\u00e4ter des NS-Regimes mitschuldig gemacht hatten, durch eine Verurteilung wegen Homosexualit\u00e4t aber pl\u00f6tzlich auf der Opferseite stehen? Ohne ihnen den Opferstatus abzusprechen, waren sie auch\u00a0<em>Homosexuelle Nazis<\/em>\u00a0jenseits aller Stereotype. Diese homosexuellen Nazis, die gleichzeitig Opfer des von ihnen gest\u00fctzten Regimes waren, auszublenden, hei\u00dft auch einen Teilaspekt der schwul\/lesbischen Geschichte auszublenden. Und gerade in \u00d6sterreich haben wir eine Reihe solcher F\u00e4lle dokumentiert. \u00d6sterreichbez\u00fcge sind sonst gering. So h\u00e4tte sich im Artikel \u00fcber\u00a0<em>Lagerhomosexualit\u00e4t<\/em>\u00a0die Geschichte von Rosa Jochmann angeboten, zumal in diesem Fall versucht wurde, ihre Homosexualit\u00e4t (sie war als sozialistische Widerstandsk\u00e4mpferin politische Gefangene mit einem roten Winkel) in der Nachkriegszeit politisch zu instrumentalisieren. Ein Fall, der auch die fortgesetzte Verfolgung von Schwulen und Lesben im Nachkriegs-\u00d6sterreich illustriert. Liest man vom Schicksal Gertrude Sandmanns im Artikel\u00a0<em>Lesbische Frauen<\/em>\u00a0h\u00e4tte man sich auch einen eigenen Artikel \u00fcber\u00a0<em>U-Boote<\/em>, also \u00fcber untergetauchte und versteckte Schwule und Lesben gew\u00fcnscht. Auch hier h\u00e4tte sich der Fall von Dorothea Neff, die ihre j\u00fcdische Freundin Lilly Wolff vier Jahre in ihrer Wohnung versteckte, angeboten. Au\u00dferdem zeigen neuere Forschungen, dass es weitere F\u00e4lle von lesbischen Frauen gibt, die ihre Freundinnen versteckt hielten. Diese F\u00e4lle erz\u00e4hlen von einem bislang auch in der Forschung wenig beachteten Aspekt lesbischer (\u00dcber)Lebensrealit\u00e4t im Nationalsozialismus. Fraglich ist, warum ein Lexikoneintrag zum Thema\u00a0<em>Exil<\/em>\u00a0fehlt. Die Vertreibung ist ebenfalls ein Aspekt der Verfolgung, der nicht g\u00e4nzlich vergessen werden sollte. Schwul\/lesbische Fragen werden auch in der Exilforschung weitgehend ausgeblendet, wenn nicht eine Handvoll Prominenter wie die Geschwister Klaus und Erika Mann und deren Kreis im Zentrum der Auseinandersetzung stehen.\u00a0<a href=\"https:\/\/www.qwien.at\/wp-content\/uploads\/2011\/10\/Grau_cober-300x300.jpg\"><img loading=\"lazy\" decoding=\"async\" class=\"alignleft size-medium wp-image-1151\" title=\"Grau_cober\" src=\"https:\/\/www.qwien.at\/wp-content\/uploads\/2011\/10\/Grau_cober-300x300.jpg\" sizes=\"auto, (max-width: 300px) 100vw, 300px\" srcset=\"http:\/\/www.qwien.at\/wp-content\/uploads\/2011\/10\/Grau_cober-300x300.jpg 300w, http:\/\/www.qwien.at\/wp-content\/uploads\/2011\/10\/Grau_cober-150x150.jpg 150w, http:\/\/www.qwien.at\/wp-content\/uploads\/2011\/10\/Grau_cober-100x100.jpg 100w, http:\/\/www.qwien.at\/wp-content\/uploads\/2011\/10\/Grau_cober.jpg 500w\" alt=\"\" width=\"300\" height=\"300\" \/><\/a>Bei einem lexikalischen Gro\u00dfunternehmen wie diesem erscheint es kleinm\u00fctig, auf Ungenauigkeiten oder Fehlstellen hinzuweisen. Dass \u00f6sterreichische Aspekte wenig vorkommen, liegt auch an der hierzulande wenig pr\u00e4senten Forschung auf dem Gebiet der Verfolgung Homosexueller in der NS-Zeit. Nach wie vor fehlt es hierzulande an der entsprechenden Grundlagenforschung, ein Manko, das erst langsam \u2013 auch durch die Arbeit von QWIEN \u2013 behoben wird. Die Leistung G\u00fcnter Graus bei der Zusammenstellung seines Lexikons wird dadurch nicht geschm\u00e4lert. Es wird f\u00fcr lange Zeit das zentrale Standardwerk f\u00fcr Forschende und Interessierte bleiben. Eine ausf\u00fchrliche Besprechung des Vorworts von R\u00fcdiger Lautmann folgt.<\/p>\n<p><strong>G\u00fcnter Grau: Lexikon zur Homosexuellenverfolgung 1933-1945. Institutionen, Personen, Bet\u00e4tigungsfelder. M\u00fcnster: LIT-Verlag 2011<\/strong><\/p>\n<p>Erh\u00e4ltlich bei\u00a0<a href=\"http:\/\/www.loewenherz.at\/\">Buchhandlung L\u00f6wenherz<\/a><\/p>\n","protected":false},"excerpt":{"rendered":"<p>\t\t\t\t<![CDATA[]]>\t\t<\/p>\n","protected":false},"author":4,"featured_media":9552,"comment_status":"closed","ping_status":"open","sticky":false,"template":"","format":"standard","meta":{"_acf_changed":false,"footnotes":""},"categories":[267,271],"tags":[303,307,304],"class_list":["post-11243","post","type-post","status-publish","format-standard","has-post-thumbnail","hentry","category-qwien-books","category-literature-archive","tag-geschichte","tag-nationalsozialismus","tag-rezension","grve-entry-item","grve-blog-item"],"acf":[],"yoast_head":"<!-- This site is optimized with the Yoast SEO plugin v27.5 - https:\/\/yoast.com\/product\/yoast-seo-wordpress\/ -->\n<title>Neues Standardwerk zur NS-Verfolgung - Blog - Qwien - Zentrum f\u00fcr queere Geschichte<\/title>\n<meta name=\"robots\" content=\"index, follow, max-snippet:-1, max-image-preview:large, max-video-preview:-1\" \/>\n<link rel=\"canonical\" href=\"https:\/\/www.qwien.at\/en\/qwien-books\/neues-standardwerk-zur-ns-verfolgung\/\" \/>\n<meta property=\"og:locale\" content=\"en_US\" \/>\n<meta property=\"og:type\" content=\"article\" \/>\n<meta property=\"og:title\" content=\"Neues Standardwerk zur NS-Verfolgung - Blog - Qwien - Zentrum f\u00fcr queere Geschichte\" \/>\n<meta property=\"og:url\" content=\"https:\/\/www.qwien.at\/en\/qwien-books\/neues-standardwerk-zur-ns-verfolgung\/\" \/>\n<meta property=\"og:site_name\" content=\"Qwien - Zentrum f\u00fcr queere Geschichte\" \/>\n<meta property=\"article:published_time\" content=\"2025-07-15T19:37:02+00:00\" \/>\n<meta property=\"og:image\" content=\"https:\/\/www.qwien.at\/wp-content\/uploads\/2011\/10\/Dertnig2.jpg\" \/>\n\t<meta property=\"og:image:width\" content=\"600\" \/>\n\t<meta property=\"og:image:height\" content=\"400\" \/>\n\t<meta property=\"og:image:type\" content=\"image\/jpeg\" \/>\n<meta name=\"author\" content=\"Andreas Brunner\" \/>\n<meta name=\"twitter:card\" content=\"summary_large_image\" \/>\n<meta name=\"twitter:label1\" content=\"Written by\" \/>\n\t<meta name=\"twitter:data1\" content=\"Andreas Brunner\" \/>\n\t<meta name=\"twitter:label2\" content=\"Est. reading time\" \/>\n\t<meta name=\"twitter:data2\" content=\"6 minutes\" \/>\n<script type=\"application\/ld+json\" class=\"yoast-schema-graph\">{\"@context\":\"https:\\\/\\\/schema.org\",\"@graph\":[{\"@type\":[\"Article\",\"BlogPosting\"],\"@id\":\"https:\\\/\\\/www.qwien.at\\\/en\\\/qwien-books\\\/neues-standardwerk-zur-ns-verfolgung\\\/#article\",\"isPartOf\":{\"@id\":\"https:\\\/\\\/www.qwien.at\\\/en\\\/qwien-books\\\/neues-standardwerk-zur-ns-verfolgung\\\/\"},\"author\":{\"name\":\"Andreas Brunner\",\"@id\":\"https:\\\/\\\/www.qwien.at\\\/en\\\/#\\\/schema\\\/person\\\/d3fe9114b43d8e5a558a6d20ca3e2920\"},\"headline\":\"Neues Standardwerk zur NS-Verfolgung\",\"datePublished\":\"2025-07-15T19:37:02+00:00\",\"mainEntityOfPage\":{\"@id\":\"https:\\\/\\\/www.qwien.at\\\/en\\\/qwien-books\\\/neues-standardwerk-zur-ns-verfolgung\\\/\"},\"wordCount\":1272,\"publisher\":{\"@id\":\"https:\\\/\\\/www.qwien.at\\\/en\\\/#organization\"},\"image\":{\"@id\":\"https:\\\/\\\/www.qwien.at\\\/en\\\/qwien-books\\\/neues-standardwerk-zur-ns-verfolgung\\\/#primaryimage\"},\"thumbnailUrl\":\"https:\\\/\\\/www.qwien.at\\\/wp-content\\\/uploads\\\/2011\\\/10\\\/Dertnig2-1.jpg\",\"keywords\":[\"Geschichte\",\"Nationalsozialismus\",\"Rezension\"],\"articleSection\":[\"Books\",\"Literature archive\"],\"inLanguage\":\"en-US\"},{\"@type\":\"WebPage\",\"@id\":\"https:\\\/\\\/www.qwien.at\\\/en\\\/qwien-books\\\/neues-standardwerk-zur-ns-verfolgung\\\/\",\"url\":\"https:\\\/\\\/www.qwien.at\\\/en\\\/qwien-books\\\/neues-standardwerk-zur-ns-verfolgung\\\/\",\"name\":\"Neues Standardwerk zur NS-Verfolgung - Blog - Qwien - Zentrum f\u00fcr queere Geschichte\",\"isPartOf\":{\"@id\":\"https:\\\/\\\/www.qwien.at\\\/en\\\/#website\"},\"primaryImageOfPage\":{\"@id\":\"https:\\\/\\\/www.qwien.at\\\/en\\\/qwien-books\\\/neues-standardwerk-zur-ns-verfolgung\\\/#primaryimage\"},\"image\":{\"@id\":\"https:\\\/\\\/www.qwien.at\\\/en\\\/qwien-books\\\/neues-standardwerk-zur-ns-verfolgung\\\/#primaryimage\"},\"thumbnailUrl\":\"https:\\\/\\\/www.qwien.at\\\/wp-content\\\/uploads\\\/2011\\\/10\\\/Dertnig2-1.jpg\",\"datePublished\":\"2025-07-15T19:37:02+00:00\",\"breadcrumb\":{\"@id\":\"https:\\\/\\\/www.qwien.at\\\/en\\\/qwien-books\\\/neues-standardwerk-zur-ns-verfolgung\\\/#breadcrumb\"},\"inLanguage\":\"en-US\",\"potentialAction\":[{\"@type\":\"ReadAction\",\"target\":[\"https:\\\/\\\/www.qwien.at\\\/en\\\/qwien-books\\\/neues-standardwerk-zur-ns-verfolgung\\\/\"]}]},{\"@type\":\"ImageObject\",\"inLanguage\":\"en-US\",\"@id\":\"https:\\\/\\\/www.qwien.at\\\/en\\\/qwien-books\\\/neues-standardwerk-zur-ns-verfolgung\\\/#primaryimage\",\"url\":\"https:\\\/\\\/www.qwien.at\\\/wp-content\\\/uploads\\\/2011\\\/10\\\/Dertnig2-1.jpg\",\"contentUrl\":\"https:\\\/\\\/www.qwien.at\\\/wp-content\\\/uploads\\\/2011\\\/10\\\/Dertnig2-1.jpg\",\"width\":900,\"height\":600},{\"@type\":\"BreadcrumbList\",\"@id\":\"https:\\\/\\\/www.qwien.at\\\/en\\\/qwien-books\\\/neues-standardwerk-zur-ns-verfolgung\\\/#breadcrumb\",\"itemListElement\":[{\"@type\":\"ListItem\",\"position\":1,\"name\":\"Startseite\",\"item\":\"https:\\\/\\\/www.qwien.at\\\/en\\\/\"},{\"@type\":\"ListItem\",\"position\":2,\"name\":\"Neues Standardwerk zur NS-Verfolgung\"}]},{\"@type\":\"WebSite\",\"@id\":\"https:\\\/\\\/www.qwien.at\\\/en\\\/#website\",\"url\":\"https:\\\/\\\/www.qwien.at\\\/en\\\/\",\"name\":\"Qwien - Zentrum f\u00fcr queere Geschichte\",\"description\":\"\",\"publisher\":{\"@id\":\"https:\\\/\\\/www.qwien.at\\\/en\\\/#organization\"},\"potentialAction\":[{\"@type\":\"SearchAction\",\"target\":{\"@type\":\"EntryPoint\",\"urlTemplate\":\"https:\\\/\\\/www.qwien.at\\\/en\\\/?s={search_term_string}\"},\"query-input\":{\"@type\":\"PropertyValueSpecification\",\"valueRequired\":true,\"valueName\":\"search_term_string\"}}],\"inLanguage\":\"en-US\"},{\"@type\":\"Organization\",\"@id\":\"https:\\\/\\\/www.qwien.at\\\/en\\\/#organization\",\"name\":\"Qwien\",\"url\":\"https:\\\/\\\/www.qwien.at\\\/en\\\/\",\"logo\":{\"@type\":\"ImageObject\",\"inLanguage\":\"en-US\",\"@id\":\"https:\\\/\\\/www.qwien.at\\\/en\\\/#\\\/schema\\\/logo\\\/image\\\/\",\"url\":\"https:\\\/\\\/www.qwien.at\\\/wp-content\\\/uploads\\\/2025\\\/06\\\/seo-yoast-2.png\",\"contentUrl\":\"https:\\\/\\\/www.qwien.at\\\/wp-content\\\/uploads\\\/2025\\\/06\\\/seo-yoast-2.png\",\"width\":697,\"height\":697,\"caption\":\"Qwien\"},\"image\":{\"@id\":\"https:\\\/\\\/www.qwien.at\\\/en\\\/#\\\/schema\\\/logo\\\/image\\\/\"},\"sameAs\":[\"https:\\\/\\\/www.instagram.com\\\/qwien.zentrum\\\/\"]},{\"@type\":\"Person\",\"@id\":\"https:\\\/\\\/www.qwien.at\\\/en\\\/#\\\/schema\\\/person\\\/d3fe9114b43d8e5a558a6d20ca3e2920\",\"name\":\"Andreas Brunner\"}]}<\/script>\n<!-- \/ Yoast SEO plugin. -->","yoast_head_json":{"title":"Neues Standardwerk zur NS-Verfolgung - Blog - Qwien - Zentrum f\u00fcr queere Geschichte","robots":{"index":"index","follow":"follow","max-snippet":"max-snippet:-1","max-image-preview":"max-image-preview:large","max-video-preview":"max-video-preview:-1"},"canonical":"https:\/\/www.qwien.at\/en\/qwien-books\/neues-standardwerk-zur-ns-verfolgung\/","og_locale":"en_US","og_type":"article","og_title":"Neues Standardwerk zur NS-Verfolgung - Blog - Qwien - Zentrum f\u00fcr queere Geschichte","og_url":"https:\/\/www.qwien.at\/en\/qwien-books\/neues-standardwerk-zur-ns-verfolgung\/","og_site_name":"Qwien - Zentrum f\u00fcr queere Geschichte","article_published_time":"2025-07-15T19:37:02+00:00","og_image":[{"width":600,"height":400,"url":"https:\/\/www.qwien.at\/wp-content\/uploads\/2011\/10\/Dertnig2.jpg","type":"image\/jpeg"}],"author":"Andreas Brunner","twitter_card":"summary_large_image","twitter_misc":{"Written by":"Andreas Brunner","Est. reading time":"6 minutes"},"schema":{"@context":"https:\/\/schema.org","@graph":[{"@type":["Article","BlogPosting"],"@id":"https:\/\/www.qwien.at\/en\/qwien-books\/neues-standardwerk-zur-ns-verfolgung\/#article","isPartOf":{"@id":"https:\/\/www.qwien.at\/en\/qwien-books\/neues-standardwerk-zur-ns-verfolgung\/"},"author":{"name":"Andreas Brunner","@id":"https:\/\/www.qwien.at\/en\/#\/schema\/person\/d3fe9114b43d8e5a558a6d20ca3e2920"},"headline":"Neues Standardwerk zur NS-Verfolgung","datePublished":"2025-07-15T19:37:02+00:00","mainEntityOfPage":{"@id":"https:\/\/www.qwien.at\/en\/qwien-books\/neues-standardwerk-zur-ns-verfolgung\/"},"wordCount":1272,"publisher":{"@id":"https:\/\/www.qwien.at\/en\/#organization"},"image":{"@id":"https:\/\/www.qwien.at\/en\/qwien-books\/neues-standardwerk-zur-ns-verfolgung\/#primaryimage"},"thumbnailUrl":"https:\/\/www.qwien.at\/wp-content\/uploads\/2011\/10\/Dertnig2-1.jpg","keywords":["Geschichte","Nationalsozialismus","Rezension"],"articleSection":["Books","Literature archive"],"inLanguage":"en-US"},{"@type":"WebPage","@id":"https:\/\/www.qwien.at\/en\/qwien-books\/neues-standardwerk-zur-ns-verfolgung\/","url":"https:\/\/www.qwien.at\/en\/qwien-books\/neues-standardwerk-zur-ns-verfolgung\/","name":"Neues Standardwerk zur NS-Verfolgung - Blog - Qwien - Zentrum f\u00fcr queere Geschichte","isPartOf":{"@id":"https:\/\/www.qwien.at\/en\/#website"},"primaryImageOfPage":{"@id":"https:\/\/www.qwien.at\/en\/qwien-books\/neues-standardwerk-zur-ns-verfolgung\/#primaryimage"},"image":{"@id":"https:\/\/www.qwien.at\/en\/qwien-books\/neues-standardwerk-zur-ns-verfolgung\/#primaryimage"},"thumbnailUrl":"https:\/\/www.qwien.at\/wp-content\/uploads\/2011\/10\/Dertnig2-1.jpg","datePublished":"2025-07-15T19:37:02+00:00","breadcrumb":{"@id":"https:\/\/www.qwien.at\/en\/qwien-books\/neues-standardwerk-zur-ns-verfolgung\/#breadcrumb"},"inLanguage":"en-US","potentialAction":[{"@type":"ReadAction","target":["https:\/\/www.qwien.at\/en\/qwien-books\/neues-standardwerk-zur-ns-verfolgung\/"]}]},{"@type":"ImageObject","inLanguage":"en-US","@id":"https:\/\/www.qwien.at\/en\/qwien-books\/neues-standardwerk-zur-ns-verfolgung\/#primaryimage","url":"https:\/\/www.qwien.at\/wp-content\/uploads\/2011\/10\/Dertnig2-1.jpg","contentUrl":"https:\/\/www.qwien.at\/wp-content\/uploads\/2011\/10\/Dertnig2-1.jpg","width":900,"height":600},{"@type":"BreadcrumbList","@id":"https:\/\/www.qwien.at\/en\/qwien-books\/neues-standardwerk-zur-ns-verfolgung\/#breadcrumb","itemListElement":[{"@type":"ListItem","position":1,"name":"Startseite","item":"https:\/\/www.qwien.at\/en\/"},{"@type":"ListItem","position":2,"name":"Neues Standardwerk zur NS-Verfolgung"}]},{"@type":"WebSite","@id":"https:\/\/www.qwien.at\/en\/#website","url":"https:\/\/www.qwien.at\/en\/","name":"Qwien - Zentrum f\u00fcr queere Geschichte","description":"","publisher":{"@id":"https:\/\/www.qwien.at\/en\/#organization"},"potentialAction":[{"@type":"SearchAction","target":{"@type":"EntryPoint","urlTemplate":"https:\/\/www.qwien.at\/en\/?s={search_term_string}"},"query-input":{"@type":"PropertyValueSpecification","valueRequired":true,"valueName":"search_term_string"}}],"inLanguage":"en-US"},{"@type":"Organization","@id":"https:\/\/www.qwien.at\/en\/#organization","name":"Qwien","url":"https:\/\/www.qwien.at\/en\/","logo":{"@type":"ImageObject","inLanguage":"en-US","@id":"https:\/\/www.qwien.at\/en\/#\/schema\/logo\/image\/","url":"https:\/\/www.qwien.at\/wp-content\/uploads\/2025\/06\/seo-yoast-2.png","contentUrl":"https:\/\/www.qwien.at\/wp-content\/uploads\/2025\/06\/seo-yoast-2.png","width":697,"height":697,"caption":"Qwien"},"image":{"@id":"https:\/\/www.qwien.at\/en\/#\/schema\/logo\/image\/"},"sameAs":["https:\/\/www.instagram.com\/qwien.zentrum\/"]},{"@type":"Person","@id":"https:\/\/www.qwien.at\/en\/#\/schema\/person\/d3fe9114b43d8e5a558a6d20ca3e2920","name":"Andreas Brunner"}]}},"_links":{"self":[{"href":"https:\/\/www.qwien.at\/en\/wp-json\/wp\/v2\/posts\/11243","targetHints":{"allow":["GET"]}}],"collection":[{"href":"https:\/\/www.qwien.at\/en\/wp-json\/wp\/v2\/posts"}],"about":[{"href":"https:\/\/www.qwien.at\/en\/wp-json\/wp\/v2\/types\/post"}],"author":[{"embeddable":true,"href":"https:\/\/www.qwien.at\/en\/wp-json\/wp\/v2\/users\/4"}],"replies":[{"embeddable":true,"href":"https:\/\/www.qwien.at\/en\/wp-json\/wp\/v2\/comments?post=11243"}],"version-history":[{"count":0,"href":"https:\/\/www.qwien.at\/en\/wp-json\/wp\/v2\/posts\/11243\/revisions"}],"wp:featuredmedia":[{"embeddable":true,"href":"https:\/\/www.qwien.at\/en\/wp-json\/wp\/v2\/media\/9552"}],"wp:attachment":[{"href":"https:\/\/www.qwien.at\/en\/wp-json\/wp\/v2\/media?parent=11243"}],"wp:term":[{"taxonomy":"category","embeddable":true,"href":"https:\/\/www.qwien.at\/en\/wp-json\/wp\/v2\/categories?post=11243"},{"taxonomy":"post_tag","embeddable":true,"href":"https:\/\/www.qwien.at\/en\/wp-json\/wp\/v2\/tags?post=11243"}],"curies":[{"name":"wp","href":"https:\/\/api.w.org\/{rel}","templated":true}]}}