{"id":11250,"date":"2025-07-15T21:37:02","date_gmt":"2025-07-15T19:37:02","guid":{"rendered":"https:\/\/www.qwien.at\/nicht-kategorisiert\/lila-lieder-auf-o1\/"},"modified":"2025-07-15T21:37:02","modified_gmt":"2025-07-15T19:37:02","slug":"lila-lieder-auf-o1","status":"publish","type":"post","link":"https:\/\/www.qwien.at\/en\/qwien-tipp\/lila-lieder-auf-o1\/","title":{"rendered":"Lila Lieder auf \u00d61"},"content":{"rendered":"<p><img loading=\"lazy\" decoding=\"async\" class=\"size-medium wp-image-1487 alignleft\" title=\"Das Lila Lied\" src=\"https:\/\/www.qwien.at\/wp-content\/uploads\/2012\/05\/Das-Lila-Lied3-e1336039958164-241x300.jpg\" sizes=\"auto, (max-width: 241px) 100vw, 241px\" srcset=\"http:\/\/www.qwien.at\/wp-content\/uploads\/2012\/05\/Das-Lila-Lied3-e1336039958164-241x300.jpg 241w, http:\/\/www.qwien.at\/wp-content\/uploads\/2012\/05\/Das-Lila-Lied3-e1336039958164.jpg 243w\" alt=\"\" width=\"241\" height=\"300\" \/>Irene Suchy geh\u00f6rt zu den engagiertesten RedakteurInnen des Kultursenders \u00d61 im ORF Rundfunk. Sei es mit ihrem Eintreten f\u00fcr Neue Musik, f\u00fcr die Aufarbeitung der Verbrechen des NS-Regimes, sei es mit Frauenthemen oder \u2013 wie diesmal \u2013 mit einer Pr\u00e4sentation von Liedern, die sich mit Homosexualit\u00e4t auseinandersetzten. Sie spannt dabei, in einer leider sehr kurzen Sendung, den Bogen von Mischa Spolianskis\u00a0<em>Lila Lied<\/em> aus dem Berlin der Goldenen Zwanziger-Jahre bis zu \u00f6sterreichischen Liedermachern wie Andr\u00e9 Heller oder Ludwig Hirsch, die in einigen Liedern die Diskriminierung von Homosexuellen aufgriffen. Heller wurde damit in dem 1970er Jahren zu einem Star der nach der Verbotszeit erst aufbl\u00fchenden schwulen (Sub-)Kultur, die sp\u00e4testens mit Disco ihren Siegeszug in den Mainstream antrat. Man darf auf die Auswahl, die Irene Suchy aus dem dann doch gar nicht so kleinen Fundus an \u201elila Liedern\u201c treffen wird, gespannt sein. Reinh\u00f6ren lohnt sich auf jeden Fall:<\/p>\n<p><strong>Sonntag, dem 13. Mai um 17.30 Uhr<\/strong>\u00a0in der Sendeleiste\u00a0<a href=\"http:\/\/oe1.orf.at\/programm\/302520\"><em>Spielr\u00e4ume<\/em><\/a><\/p>\n<p>PS: Ein paar Tage sp\u00e4ter und der ORF h\u00e4tte den in manchen Liedern besungenen 17. Mai als Ausstrahlungstermin getroffen, der als Chiffre f\u00fcr den in Deutschland g\u00fcltigen \u00a7175 galt, der m\u00e4nnliche Homosexualit\u00e4t unter Strafe stellte. Zum \u201eVor\u201ch\u00f6ren: Das\u00a0<a href=\"http:\/\/www.youtube.com\/watch?v=jjvp06ibH3A\"><em>Lila Lied<\/em><\/a>\u00a0von Mischa Spolianski Zwei ausgezeichnete Kompilationen mit ausf\u00fchrlichen Booklets sind bei Bear Family Records erschienen:\u00a0<a href=\"http:\/\/www.bear-family.de\/index.php?sid=fe25b3ddf10e817e044b61333701e452&amp;cl=details&amp;anid=56168e1b85505c9b183c5c68ea48f09d&amp;listtype=search&amp;tcalbumtitel=wir%20sind%2C%20wie%20wir%20sind&amp;tcexact=0\">Wir sind, wie wir sind!<\/a>\u00a0Homosexualit\u00e4t auf Schallplatte. Teil 1, Aufnahmen 1900-1936\u00a0<a href=\"http:\/\/www.bear-family.de\/index.php?sid=fe25b3ddf10e817e044b61333701e452&amp;cl=details&amp;anid=76af234dcee12a93da6dbf4ce9fbfecf&amp;listtype=search&amp;tcalbumtitel=ich%20will&amp;tcexact=0\">Ich will, dass es das alles gibt!<\/a>\u00a0Homosexualit\u00e4t auf Schallplatte. Teil 2, Aufnahmen 1952-1976 Noch ein weiterer Tipp zu Irene Suchy: Vor kurzem erschien von ihr eine Aufarbeitung der Geschichte des Arbeitslagers Strasshof im Wiener Metroverlag unter dem Titel\u00a0<em>Strasshof an der Nordbahn<\/em><\/p>\n","protected":false},"excerpt":{"rendered":"<p>\t\t\t\t<![CDATA[]]>\t\t<\/p>\n","protected":false},"author":4,"featured_media":0,"comment_status":"closed","ping_status":"open","sticky":false,"template":"","format":"standard","meta":{"_acf_changed":false,"footnotes":""},"categories":[275,276],"tags":[],"class_list":["post-11250","post","type-post","status-publish","format-standard","hentry","category-qwien-tipp","category-webarchive","grve-entry-item","grve-blog-item"],"acf":[],"yoast_head":"<!-- This site is optimized with the Yoast SEO plugin v27.5 - https:\/\/yoast.com\/product\/yoast-seo-wordpress\/ -->\n<title>Lila Lieder auf \u00d61 - Blog - Qwien - Zentrum f\u00fcr queere Geschichte<\/title>\n<meta name=\"robots\" content=\"index, follow, max-snippet:-1, max-image-preview:large, max-video-preview:-1\" \/>\n<link rel=\"canonical\" href=\"https:\/\/www.qwien.at\/en\/qwien-tipp\/lila-lieder-auf-o1\/\" \/>\n<meta property=\"og:locale\" content=\"en_US\" \/>\n<meta property=\"og:type\" content=\"article\" \/>\n<meta property=\"og:title\" content=\"Lila Lieder auf \u00d61 - Blog - Qwien - Zentrum f\u00fcr queere Geschichte\" \/>\n<meta property=\"og:url\" content=\"https:\/\/www.qwien.at\/en\/qwien-tipp\/lila-lieder-auf-o1\/\" \/>\n<meta property=\"og:site_name\" content=\"Qwien - Zentrum f\u00fcr queere Geschichte\" \/>\n<meta property=\"article:published_time\" content=\"2025-07-15T19:37:02+00:00\" \/>\n<meta property=\"og:image\" content=\"https:\/\/www.qwien.at\/wp-content\/uploads\/2012\/05\/Das-Lila-Lied3-e1336039958164.jpg\" \/>\n\t<meta property=\"og:image:width\" content=\"243\" \/>\n\t<meta property=\"og:image:height\" content=\"302\" \/>\n\t<meta property=\"og:image:type\" content=\"image\/jpeg\" \/>\n<meta name=\"author\" content=\"Andreas Brunner\" \/>\n<meta name=\"twitter:card\" content=\"summary_large_image\" \/>\n<meta name=\"twitter:label1\" content=\"Written by\" \/>\n\t<meta name=\"twitter:data1\" content=\"Andreas Brunner\" \/>\n\t<meta name=\"twitter:label2\" content=\"Est. reading time\" \/>\n\t<meta name=\"twitter:data2\" content=\"1 minute\" \/>\n<script type=\"application\/ld+json\" class=\"yoast-schema-graph\">{\"@context\":\"https:\\\/\\\/schema.org\",\"@graph\":[{\"@type\":[\"Article\",\"BlogPosting\"],\"@id\":\"https:\\\/\\\/www.qwien.at\\\/en\\\/qwien-tipp\\\/lila-lieder-auf-o1\\\/#article\",\"isPartOf\":{\"@id\":\"https:\\\/\\\/www.qwien.at\\\/en\\\/qwien-tipp\\\/lila-lieder-auf-o1\\\/\"},\"author\":{\"name\":\"Andreas Brunner\",\"@id\":\"https:\\\/\\\/www.qwien.at\\\/en\\\/#\\\/schema\\\/person\\\/d3fe9114b43d8e5a558a6d20ca3e2920\"},\"headline\":\"Lila Lieder auf \u00d61\",\"datePublished\":\"2025-07-15T19:37:02+00:00\",\"mainEntityOfPage\":{\"@id\":\"https:\\\/\\\/www.qwien.at\\\/en\\\/qwien-tipp\\\/lila-lieder-auf-o1\\\/\"},\"wordCount\":282,\"publisher\":{\"@id\":\"https:\\\/\\\/www.qwien.at\\\/en\\\/#organization\"},\"image\":{\"@id\":\"https:\\\/\\\/www.qwien.at\\\/en\\\/qwien-tipp\\\/lila-lieder-auf-o1\\\/#primaryimage\"},\"thumbnailUrl\":\"https:\\\/\\\/www.qwien.at\\\/wp-content\\\/uploads\\\/2012\\\/05\\\/Das-Lila-Lied3-e1336039958164-241x300.jpg\",\"articleSection\":[\"Tipp\",\"Webarchiv\"],\"inLanguage\":\"en-US\"},{\"@type\":\"WebPage\",\"@id\":\"https:\\\/\\\/www.qwien.at\\\/en\\\/qwien-tipp\\\/lila-lieder-auf-o1\\\/\",\"url\":\"https:\\\/\\\/www.qwien.at\\\/en\\\/qwien-tipp\\\/lila-lieder-auf-o1\\\/\",\"name\":\"Lila Lieder auf \u00d61 - Blog - Qwien - Zentrum f\u00fcr queere Geschichte\",\"isPartOf\":{\"@id\":\"https:\\\/\\\/www.qwien.at\\\/en\\\/#website\"},\"primaryImageOfPage\":{\"@id\":\"https:\\\/\\\/www.qwien.at\\\/en\\\/qwien-tipp\\\/lila-lieder-auf-o1\\\/#primaryimage\"},\"image\":{\"@id\":\"https:\\\/\\\/www.qwien.at\\\/en\\\/qwien-tipp\\\/lila-lieder-auf-o1\\\/#primaryimage\"},\"thumbnailUrl\":\"https:\\\/\\\/www.qwien.at\\\/wp-content\\\/uploads\\\/2012\\\/05\\\/Das-Lila-Lied3-e1336039958164-241x300.jpg\",\"datePublished\":\"2025-07-15T19:37:02+00:00\",\"breadcrumb\":{\"@id\":\"https:\\\/\\\/www.qwien.at\\\/en\\\/qwien-tipp\\\/lila-lieder-auf-o1\\\/#breadcrumb\"},\"inLanguage\":\"en-US\",\"potentialAction\":[{\"@type\":\"ReadAction\",\"target\":[\"https:\\\/\\\/www.qwien.at\\\/en\\\/qwien-tipp\\\/lila-lieder-auf-o1\\\/\"]}]},{\"@type\":\"ImageObject\",\"inLanguage\":\"en-US\",\"@id\":\"https:\\\/\\\/www.qwien.at\\\/en\\\/qwien-tipp\\\/lila-lieder-auf-o1\\\/#primaryimage\",\"url\":\"https:\\\/\\\/www.qwien.at\\\/wp-content\\\/uploads\\\/2012\\\/05\\\/Das-Lila-Lied3-e1336039958164-241x300.jpg\",\"contentUrl\":\"https:\\\/\\\/www.qwien.at\\\/wp-content\\\/uploads\\\/2012\\\/05\\\/Das-Lila-Lied3-e1336039958164-241x300.jpg\"},{\"@type\":\"BreadcrumbList\",\"@id\":\"https:\\\/\\\/www.qwien.at\\\/en\\\/qwien-tipp\\\/lila-lieder-auf-o1\\\/#breadcrumb\",\"itemListElement\":[{\"@type\":\"ListItem\",\"position\":1,\"name\":\"Startseite\",\"item\":\"https:\\\/\\\/www.qwien.at\\\/en\\\/\"},{\"@type\":\"ListItem\",\"position\":2,\"name\":\"Lila Lieder auf \u00d61\"}]},{\"@type\":\"WebSite\",\"@id\":\"https:\\\/\\\/www.qwien.at\\\/en\\\/#website\",\"url\":\"https:\\\/\\\/www.qwien.at\\\/en\\\/\",\"name\":\"Qwien - Zentrum f\u00fcr queere Geschichte\",\"description\":\"\",\"publisher\":{\"@id\":\"https:\\\/\\\/www.qwien.at\\\/en\\\/#organization\"},\"potentialAction\":[{\"@type\":\"SearchAction\",\"target\":{\"@type\":\"EntryPoint\",\"urlTemplate\":\"https:\\\/\\\/www.qwien.at\\\/en\\\/?s={search_term_string}\"},\"query-input\":{\"@type\":\"PropertyValueSpecification\",\"valueRequired\":true,\"valueName\":\"search_term_string\"}}],\"inLanguage\":\"en-US\"},{\"@type\":\"Organization\",\"@id\":\"https:\\\/\\\/www.qwien.at\\\/en\\\/#organization\",\"name\":\"Qwien\",\"url\":\"https:\\\/\\\/www.qwien.at\\\/en\\\/\",\"logo\":{\"@type\":\"ImageObject\",\"inLanguage\":\"en-US\",\"@id\":\"https:\\\/\\\/www.qwien.at\\\/en\\\/#\\\/schema\\\/logo\\\/image\\\/\",\"url\":\"https:\\\/\\\/www.qwien.at\\\/wp-content\\\/uploads\\\/2025\\\/06\\\/seo-yoast-2.png\",\"contentUrl\":\"https:\\\/\\\/www.qwien.at\\\/wp-content\\\/uploads\\\/2025\\\/06\\\/seo-yoast-2.png\",\"width\":697,\"height\":697,\"caption\":\"Qwien\"},\"image\":{\"@id\":\"https:\\\/\\\/www.qwien.at\\\/en\\\/#\\\/schema\\\/logo\\\/image\\\/\"},\"sameAs\":[\"https:\\\/\\\/www.instagram.com\\\/qwien.zentrum\\\/\"]},{\"@type\":\"Person\",\"@id\":\"https:\\\/\\\/www.qwien.at\\\/en\\\/#\\\/schema\\\/person\\\/d3fe9114b43d8e5a558a6d20ca3e2920\",\"name\":\"Andreas Brunner\"}]}<\/script>\n<!-- \/ Yoast SEO plugin. -->","yoast_head_json":{"title":"Lila Lieder auf \u00d61 - Blog - Qwien - Zentrum f\u00fcr queere Geschichte","robots":{"index":"index","follow":"follow","max-snippet":"max-snippet:-1","max-image-preview":"max-image-preview:large","max-video-preview":"max-video-preview:-1"},"canonical":"https:\/\/www.qwien.at\/en\/qwien-tipp\/lila-lieder-auf-o1\/","og_locale":"en_US","og_type":"article","og_title":"Lila Lieder auf \u00d61 - Blog - Qwien - Zentrum f\u00fcr queere Geschichte","og_url":"https:\/\/www.qwien.at\/en\/qwien-tipp\/lila-lieder-auf-o1\/","og_site_name":"Qwien - Zentrum f\u00fcr queere Geschichte","article_published_time":"2025-07-15T19:37:02+00:00","og_image":[{"width":243,"height":302,"url":"https:\/\/www.qwien.at\/wp-content\/uploads\/2012\/05\/Das-Lila-Lied3-e1336039958164.jpg","type":"image\/jpeg"}],"author":"Andreas Brunner","twitter_card":"summary_large_image","twitter_misc":{"Written by":"Andreas Brunner","Est. reading time":"1 minute"},"schema":{"@context":"https:\/\/schema.org","@graph":[{"@type":["Article","BlogPosting"],"@id":"https:\/\/www.qwien.at\/en\/qwien-tipp\/lila-lieder-auf-o1\/#article","isPartOf":{"@id":"https:\/\/www.qwien.at\/en\/qwien-tipp\/lila-lieder-auf-o1\/"},"author":{"name":"Andreas Brunner","@id":"https:\/\/www.qwien.at\/en\/#\/schema\/person\/d3fe9114b43d8e5a558a6d20ca3e2920"},"headline":"Lila Lieder auf \u00d61","datePublished":"2025-07-15T19:37:02+00:00","mainEntityOfPage":{"@id":"https:\/\/www.qwien.at\/en\/qwien-tipp\/lila-lieder-auf-o1\/"},"wordCount":282,"publisher":{"@id":"https:\/\/www.qwien.at\/en\/#organization"},"image":{"@id":"https:\/\/www.qwien.at\/en\/qwien-tipp\/lila-lieder-auf-o1\/#primaryimage"},"thumbnailUrl":"https:\/\/www.qwien.at\/wp-content\/uploads\/2012\/05\/Das-Lila-Lied3-e1336039958164-241x300.jpg","articleSection":["Tipp","Webarchiv"],"inLanguage":"en-US"},{"@type":"WebPage","@id":"https:\/\/www.qwien.at\/en\/qwien-tipp\/lila-lieder-auf-o1\/","url":"https:\/\/www.qwien.at\/en\/qwien-tipp\/lila-lieder-auf-o1\/","name":"Lila Lieder auf \u00d61 - Blog - Qwien - Zentrum f\u00fcr queere Geschichte","isPartOf":{"@id":"https:\/\/www.qwien.at\/en\/#website"},"primaryImageOfPage":{"@id":"https:\/\/www.qwien.at\/en\/qwien-tipp\/lila-lieder-auf-o1\/#primaryimage"},"image":{"@id":"https:\/\/www.qwien.at\/en\/qwien-tipp\/lila-lieder-auf-o1\/#primaryimage"},"thumbnailUrl":"https:\/\/www.qwien.at\/wp-content\/uploads\/2012\/05\/Das-Lila-Lied3-e1336039958164-241x300.jpg","datePublished":"2025-07-15T19:37:02+00:00","breadcrumb":{"@id":"https:\/\/www.qwien.at\/en\/qwien-tipp\/lila-lieder-auf-o1\/#breadcrumb"},"inLanguage":"en-US","potentialAction":[{"@type":"ReadAction","target":["https:\/\/www.qwien.at\/en\/qwien-tipp\/lila-lieder-auf-o1\/"]}]},{"@type":"ImageObject","inLanguage":"en-US","@id":"https:\/\/www.qwien.at\/en\/qwien-tipp\/lila-lieder-auf-o1\/#primaryimage","url":"https:\/\/www.qwien.at\/wp-content\/uploads\/2012\/05\/Das-Lila-Lied3-e1336039958164-241x300.jpg","contentUrl":"https:\/\/www.qwien.at\/wp-content\/uploads\/2012\/05\/Das-Lila-Lied3-e1336039958164-241x300.jpg"},{"@type":"BreadcrumbList","@id":"https:\/\/www.qwien.at\/en\/qwien-tipp\/lila-lieder-auf-o1\/#breadcrumb","itemListElement":[{"@type":"ListItem","position":1,"name":"Startseite","item":"https:\/\/www.qwien.at\/en\/"},{"@type":"ListItem","position":2,"name":"Lila Lieder auf \u00d61"}]},{"@type":"WebSite","@id":"https:\/\/www.qwien.at\/en\/#website","url":"https:\/\/www.qwien.at\/en\/","name":"Qwien - Zentrum f\u00fcr queere Geschichte","description":"","publisher":{"@id":"https:\/\/www.qwien.at\/en\/#organization"},"potentialAction":[{"@type":"SearchAction","target":{"@type":"EntryPoint","urlTemplate":"https:\/\/www.qwien.at\/en\/?s={search_term_string}"},"query-input":{"@type":"PropertyValueSpecification","valueRequired":true,"valueName":"search_term_string"}}],"inLanguage":"en-US"},{"@type":"Organization","@id":"https:\/\/www.qwien.at\/en\/#organization","name":"Qwien","url":"https:\/\/www.qwien.at\/en\/","logo":{"@type":"ImageObject","inLanguage":"en-US","@id":"https:\/\/www.qwien.at\/en\/#\/schema\/logo\/image\/","url":"https:\/\/www.qwien.at\/wp-content\/uploads\/2025\/06\/seo-yoast-2.png","contentUrl":"https:\/\/www.qwien.at\/wp-content\/uploads\/2025\/06\/seo-yoast-2.png","width":697,"height":697,"caption":"Qwien"},"image":{"@id":"https:\/\/www.qwien.at\/en\/#\/schema\/logo\/image\/"},"sameAs":["https:\/\/www.instagram.com\/qwien.zentrum\/"]},{"@type":"Person","@id":"https:\/\/www.qwien.at\/en\/#\/schema\/person\/d3fe9114b43d8e5a558a6d20ca3e2920","name":"Andreas Brunner"}]}},"_links":{"self":[{"href":"https:\/\/www.qwien.at\/en\/wp-json\/wp\/v2\/posts\/11250","targetHints":{"allow":["GET"]}}],"collection":[{"href":"https:\/\/www.qwien.at\/en\/wp-json\/wp\/v2\/posts"}],"about":[{"href":"https:\/\/www.qwien.at\/en\/wp-json\/wp\/v2\/types\/post"}],"author":[{"embeddable":true,"href":"https:\/\/www.qwien.at\/en\/wp-json\/wp\/v2\/users\/4"}],"replies":[{"embeddable":true,"href":"https:\/\/www.qwien.at\/en\/wp-json\/wp\/v2\/comments?post=11250"}],"version-history":[{"count":0,"href":"https:\/\/www.qwien.at\/en\/wp-json\/wp\/v2\/posts\/11250\/revisions"}],"wp:attachment":[{"href":"https:\/\/www.qwien.at\/en\/wp-json\/wp\/v2\/media?parent=11250"}],"wp:term":[{"taxonomy":"category","embeddable":true,"href":"https:\/\/www.qwien.at\/en\/wp-json\/wp\/v2\/categories?post=11250"},{"taxonomy":"post_tag","embeddable":true,"href":"https:\/\/www.qwien.at\/en\/wp-json\/wp\/v2\/tags?post=11250"}],"curies":[{"name":"wp","href":"https:\/\/api.w.org\/{rel}","templated":true}]}}