{"id":11252,"date":"2025-07-15T21:37:02","date_gmt":"2025-07-15T19:37:02","guid":{"rendered":"https:\/\/www.qwien.at\/nicht-kategorisiert\/warme-gefuhle\/"},"modified":"2025-07-15T21:37:02","modified_gmt":"2025-07-15T19:37:02","slug":"warme-gefuhle","status":"publish","type":"post","link":"https:\/\/www.qwien.at\/en\/qwien\/warme-gefuhle\/","title":{"rendered":"Warme Gef\u00fchle"},"content":{"rendered":"<p>Vier Liebesgeschichten aus \u00d6sterreich in einem Dokumentarfilm von Katharina Miko und Raffael Frick.<\/p>\n<p>Sonntag der 13. Mai ist schwul-lesbischer \u201eGro\u00dfkampftag\u201c im ORF, um 17.30 Uhr widmet Irene Suchy eine Ausgabe der\u00a0<strong><em>Spielr\u00e4ume<\/em><\/strong>\u00a0auf \u00d61\u00a0<a href=\"http:\/\/www.qwien.at\/?p=1482\"><em>Lila Liedern<\/em><\/a>\u00a0und am sp\u00e4ten Abend, um 23.00 Uhr, strahlt ORF2 den brandneuen Dokumentarfilm\u00a0<strong><em>Warme Gef\u00fchle<\/em><\/strong>\u00a0\u00fcber zwei \u00e4ltere schwule und lesbische Paare aus, die vor allem aus einer Zeit erz\u00e4hlen, als ihre Liebe verboten war, polizeilich verfolgt wurde und die breite \u00d6ffentlichkeit negativ eingestellt war.<\/p>\n<p>Dass sich Vieles in den letzten Jahrzehnten zum Besseren gewendet hat, zeigt dieser Film ebenso wie die Tatsache, dass sich Liebe nicht durch Gesetze aufhalten l\u00e4sst, auch wenn das bis heute manche PolitikerInnen und VertreterInnen diverser Religionen glauben m\u00f6chten. Dass es f\u00fcr viele, besonders \u00e4ltere Lesben und Schwule, auch heute keineswegs selbstverst\u00e4ndlich ist, \u00fcber ihre Erfahrungen zu sprechen, zeigte sich im Vorfeld bei der schwierigen Suche nach InterviewpartnerInnen. Es fanden sich aber vier Paare, die aus ganz unterschiedlichen Zusammenh\u00e4ngen kommend, ihre Geschichte mit uns teilen. Sei es der ehemalige ORF-Korrespondent in den USA Rudy Stoiber oder Herta, die aufrechte Sozialistin aus dem Gemeindebau: Sie haben sich nicht damit abgefunden, dass ihre Liebe verp\u00f6nt war und sie haben M\u00f6glichkeiten gefunden, diese zu leben. Obwohl Friedemann f\u00fcr seine Liebe noch vor Abschaffung des Totalverbots 1971 mehrere Monate ins Gef\u00e4ngnis gesteckt und misshandelt wurde, fand er ebenso zu seiner schwulen Identit\u00e4t wie Hedi, die gegen Vorurteile in der\u00a0<em>Katholischen Frauenbewegung\u00a0<\/em>k\u00e4mpfen musste, zu ihrer lesbischen. Manchmal bedarf es dazu aber eines Paukenschlags: Hedi verabschiedete sich aus der Katholischen Frauenbewegung mittels Todesanzeige.<\/p>\n<p>Vier starke Pers\u00f6nlichkeiten, ganz normale Schwule und Lesben, portr\u00e4tieren Katharina Miko und Raffael Frick in ihren Film. 52 Minuten schwul-lesbische Geschichte im ORF. Auch im Staatssender hat man inzwischen erkannt, dass Schwule und Lesben Teil unserer Gesellschaft sind und damit Teil der Programmgestaltung sein sollten. Gut so!\u00a0<strong>Sonntag 13. Mai, 23.00 Uhr, ORF2<\/strong>\u00a0<strong>Warme Gef\u00fchle. Vier Lebensgeschichten aus \u00d6sterreich<\/strong>\u00a0<strong>Ein Dokumentarfilm von Katharina Miko und Raffael Frick, 52 Minuten<\/strong>\u00a0Ausf\u00fchrliche Info auf der Website der Produktionsfirma\u00a0<a href=\"http:\/\/geyrhalterfilm.com\/warme_gefuehle\">Geyerhalterfilm<\/a>\u00a0Trailer\u00a0<a href=\"http:\/\/www.youtube.com\/watch?v=IWiBP-qIyhI\">Warme Gef\u00fchle<\/a><\/p>\n","protected":false},"excerpt":{"rendered":"<p>\t\t\t\t<![CDATA[]]>\t\t<\/p>\n","protected":false},"author":4,"featured_media":0,"comment_status":"closed","ping_status":"open","sticky":false,"template":"","format":"standard","meta":{"_acf_changed":false,"footnotes":""},"categories":[272,275,276],"tags":[],"class_list":["post-11252","post","type-post","status-publish","format-standard","hentry","category-qwien","category-qwien-tipp","category-webarchive","grve-entry-item","grve-blog-item"],"acf":[],"yoast_head":"<!-- This site is optimized with the Yoast SEO plugin v27.5 - https:\/\/yoast.com\/product\/yoast-seo-wordpress\/ -->\n<title>Warme Gef\u00fchle - Blog - Qwien - Zentrum f\u00fcr queere Geschichte<\/title>\n<meta name=\"robots\" content=\"index, follow, max-snippet:-1, max-image-preview:large, max-video-preview:-1\" \/>\n<link rel=\"canonical\" href=\"https:\/\/www.qwien.at\/en\/qwien\/warme-gefuhle\/\" \/>\n<meta property=\"og:locale\" content=\"en_US\" \/>\n<meta property=\"og:type\" content=\"article\" \/>\n<meta property=\"og:title\" content=\"Warme Gef\u00fchle - Blog - Qwien - Zentrum f\u00fcr queere Geschichte\" \/>\n<meta property=\"og:url\" content=\"https:\/\/www.qwien.at\/en\/qwien\/warme-gefuhle\/\" \/>\n<meta property=\"og:site_name\" content=\"Qwien - Zentrum f\u00fcr queere Geschichte\" \/>\n<meta property=\"article:published_time\" content=\"2025-07-15T19:37:02+00:00\" \/>\n<meta property=\"og:image\" content=\"https:\/\/www.qwien.at\/wp-content\/uploads\/2025\/06\/seo-yoast-1.png\" \/>\n\t<meta property=\"og:image:width\" content=\"1921\" \/>\n\t<meta property=\"og:image:height\" content=\"1081\" \/>\n\t<meta property=\"og:image:type\" content=\"image\/png\" \/>\n<meta name=\"author\" content=\"Andreas Brunner\" \/>\n<meta name=\"twitter:card\" content=\"summary_large_image\" \/>\n<meta name=\"twitter:label1\" content=\"Written by\" \/>\n\t<meta name=\"twitter:data1\" content=\"Andreas Brunner\" \/>\n\t<meta name=\"twitter:label2\" content=\"Est. reading time\" \/>\n\t<meta name=\"twitter:data2\" content=\"2 minutes\" \/>\n<script type=\"application\/ld+json\" class=\"yoast-schema-graph\">{\"@context\":\"https:\\\/\\\/schema.org\",\"@graph\":[{\"@type\":[\"Article\",\"BlogPosting\"],\"@id\":\"https:\\\/\\\/www.qwien.at\\\/en\\\/qwien\\\/warme-gefuhle\\\/#article\",\"isPartOf\":{\"@id\":\"https:\\\/\\\/www.qwien.at\\\/en\\\/qwien\\\/warme-gefuhle\\\/\"},\"author\":{\"name\":\"Andreas Brunner\",\"@id\":\"https:\\\/\\\/www.qwien.at\\\/en\\\/#\\\/schema\\\/person\\\/d3fe9114b43d8e5a558a6d20ca3e2920\"},\"headline\":\"Warme Gef\u00fchle\",\"datePublished\":\"2025-07-15T19:37:02+00:00\",\"mainEntityOfPage\":{\"@id\":\"https:\\\/\\\/www.qwien.at\\\/en\\\/qwien\\\/warme-gefuhle\\\/\"},\"wordCount\":353,\"publisher\":{\"@id\":\"https:\\\/\\\/www.qwien.at\\\/en\\\/#organization\"},\"articleSection\":[\"Qwien\",\"Tipp\",\"Webarchiv\"],\"inLanguage\":\"en-US\"},{\"@type\":\"WebPage\",\"@id\":\"https:\\\/\\\/www.qwien.at\\\/en\\\/qwien\\\/warme-gefuhle\\\/\",\"url\":\"https:\\\/\\\/www.qwien.at\\\/en\\\/qwien\\\/warme-gefuhle\\\/\",\"name\":\"Warme Gef\u00fchle - Blog - Qwien - Zentrum f\u00fcr queere Geschichte\",\"isPartOf\":{\"@id\":\"https:\\\/\\\/www.qwien.at\\\/en\\\/#website\"},\"datePublished\":\"2025-07-15T19:37:02+00:00\",\"breadcrumb\":{\"@id\":\"https:\\\/\\\/www.qwien.at\\\/en\\\/qwien\\\/warme-gefuhle\\\/#breadcrumb\"},\"inLanguage\":\"en-US\",\"potentialAction\":[{\"@type\":\"ReadAction\",\"target\":[\"https:\\\/\\\/www.qwien.at\\\/en\\\/qwien\\\/warme-gefuhle\\\/\"]}]},{\"@type\":\"BreadcrumbList\",\"@id\":\"https:\\\/\\\/www.qwien.at\\\/en\\\/qwien\\\/warme-gefuhle\\\/#breadcrumb\",\"itemListElement\":[{\"@type\":\"ListItem\",\"position\":1,\"name\":\"Startseite\",\"item\":\"https:\\\/\\\/www.qwien.at\\\/en\\\/\"},{\"@type\":\"ListItem\",\"position\":2,\"name\":\"Warme Gef\u00fchle\"}]},{\"@type\":\"WebSite\",\"@id\":\"https:\\\/\\\/www.qwien.at\\\/en\\\/#website\",\"url\":\"https:\\\/\\\/www.qwien.at\\\/en\\\/\",\"name\":\"Qwien - Zentrum f\u00fcr queere Geschichte\",\"description\":\"\",\"publisher\":{\"@id\":\"https:\\\/\\\/www.qwien.at\\\/en\\\/#organization\"},\"potentialAction\":[{\"@type\":\"SearchAction\",\"target\":{\"@type\":\"EntryPoint\",\"urlTemplate\":\"https:\\\/\\\/www.qwien.at\\\/en\\\/?s={search_term_string}\"},\"query-input\":{\"@type\":\"PropertyValueSpecification\",\"valueRequired\":true,\"valueName\":\"search_term_string\"}}],\"inLanguage\":\"en-US\"},{\"@type\":\"Organization\",\"@id\":\"https:\\\/\\\/www.qwien.at\\\/en\\\/#organization\",\"name\":\"Qwien\",\"url\":\"https:\\\/\\\/www.qwien.at\\\/en\\\/\",\"logo\":{\"@type\":\"ImageObject\",\"inLanguage\":\"en-US\",\"@id\":\"https:\\\/\\\/www.qwien.at\\\/en\\\/#\\\/schema\\\/logo\\\/image\\\/\",\"url\":\"https:\\\/\\\/www.qwien.at\\\/wp-content\\\/uploads\\\/2025\\\/06\\\/seo-yoast-2.png\",\"contentUrl\":\"https:\\\/\\\/www.qwien.at\\\/wp-content\\\/uploads\\\/2025\\\/06\\\/seo-yoast-2.png\",\"width\":697,\"height\":697,\"caption\":\"Qwien\"},\"image\":{\"@id\":\"https:\\\/\\\/www.qwien.at\\\/en\\\/#\\\/schema\\\/logo\\\/image\\\/\"},\"sameAs\":[\"https:\\\/\\\/www.instagram.com\\\/qwien.zentrum\\\/\"]},{\"@type\":\"Person\",\"@id\":\"https:\\\/\\\/www.qwien.at\\\/en\\\/#\\\/schema\\\/person\\\/d3fe9114b43d8e5a558a6d20ca3e2920\",\"name\":\"Andreas Brunner\"}]}<\/script>\n<!-- \/ Yoast SEO plugin. -->","yoast_head_json":{"title":"Warme Gef\u00fchle - Blog - Qwien - Zentrum f\u00fcr queere Geschichte","robots":{"index":"index","follow":"follow","max-snippet":"max-snippet:-1","max-image-preview":"max-image-preview:large","max-video-preview":"max-video-preview:-1"},"canonical":"https:\/\/www.qwien.at\/en\/qwien\/warme-gefuhle\/","og_locale":"en_US","og_type":"article","og_title":"Warme Gef\u00fchle - Blog - Qwien - Zentrum f\u00fcr queere Geschichte","og_url":"https:\/\/www.qwien.at\/en\/qwien\/warme-gefuhle\/","og_site_name":"Qwien - Zentrum f\u00fcr queere Geschichte","article_published_time":"2025-07-15T19:37:02+00:00","og_image":[{"width":1921,"height":1081,"url":"https:\/\/www.qwien.at\/wp-content\/uploads\/2025\/06\/seo-yoast-1.png","type":"image\/png"}],"author":"Andreas Brunner","twitter_card":"summary_large_image","twitter_misc":{"Written by":"Andreas Brunner","Est. reading time":"2 minutes"},"schema":{"@context":"https:\/\/schema.org","@graph":[{"@type":["Article","BlogPosting"],"@id":"https:\/\/www.qwien.at\/en\/qwien\/warme-gefuhle\/#article","isPartOf":{"@id":"https:\/\/www.qwien.at\/en\/qwien\/warme-gefuhle\/"},"author":{"name":"Andreas Brunner","@id":"https:\/\/www.qwien.at\/en\/#\/schema\/person\/d3fe9114b43d8e5a558a6d20ca3e2920"},"headline":"Warme Gef\u00fchle","datePublished":"2025-07-15T19:37:02+00:00","mainEntityOfPage":{"@id":"https:\/\/www.qwien.at\/en\/qwien\/warme-gefuhle\/"},"wordCount":353,"publisher":{"@id":"https:\/\/www.qwien.at\/en\/#organization"},"articleSection":["Qwien","Tipp","Webarchiv"],"inLanguage":"en-US"},{"@type":"WebPage","@id":"https:\/\/www.qwien.at\/en\/qwien\/warme-gefuhle\/","url":"https:\/\/www.qwien.at\/en\/qwien\/warme-gefuhle\/","name":"Warme Gef\u00fchle - Blog - Qwien - Zentrum f\u00fcr queere Geschichte","isPartOf":{"@id":"https:\/\/www.qwien.at\/en\/#website"},"datePublished":"2025-07-15T19:37:02+00:00","breadcrumb":{"@id":"https:\/\/www.qwien.at\/en\/qwien\/warme-gefuhle\/#breadcrumb"},"inLanguage":"en-US","potentialAction":[{"@type":"ReadAction","target":["https:\/\/www.qwien.at\/en\/qwien\/warme-gefuhle\/"]}]},{"@type":"BreadcrumbList","@id":"https:\/\/www.qwien.at\/en\/qwien\/warme-gefuhle\/#breadcrumb","itemListElement":[{"@type":"ListItem","position":1,"name":"Startseite","item":"https:\/\/www.qwien.at\/en\/"},{"@type":"ListItem","position":2,"name":"Warme Gef\u00fchle"}]},{"@type":"WebSite","@id":"https:\/\/www.qwien.at\/en\/#website","url":"https:\/\/www.qwien.at\/en\/","name":"Qwien - Zentrum f\u00fcr queere Geschichte","description":"","publisher":{"@id":"https:\/\/www.qwien.at\/en\/#organization"},"potentialAction":[{"@type":"SearchAction","target":{"@type":"EntryPoint","urlTemplate":"https:\/\/www.qwien.at\/en\/?s={search_term_string}"},"query-input":{"@type":"PropertyValueSpecification","valueRequired":true,"valueName":"search_term_string"}}],"inLanguage":"en-US"},{"@type":"Organization","@id":"https:\/\/www.qwien.at\/en\/#organization","name":"Qwien","url":"https:\/\/www.qwien.at\/en\/","logo":{"@type":"ImageObject","inLanguage":"en-US","@id":"https:\/\/www.qwien.at\/en\/#\/schema\/logo\/image\/","url":"https:\/\/www.qwien.at\/wp-content\/uploads\/2025\/06\/seo-yoast-2.png","contentUrl":"https:\/\/www.qwien.at\/wp-content\/uploads\/2025\/06\/seo-yoast-2.png","width":697,"height":697,"caption":"Qwien"},"image":{"@id":"https:\/\/www.qwien.at\/en\/#\/schema\/logo\/image\/"},"sameAs":["https:\/\/www.instagram.com\/qwien.zentrum\/"]},{"@type":"Person","@id":"https:\/\/www.qwien.at\/en\/#\/schema\/person\/d3fe9114b43d8e5a558a6d20ca3e2920","name":"Andreas Brunner"}]}},"_links":{"self":[{"href":"https:\/\/www.qwien.at\/en\/wp-json\/wp\/v2\/posts\/11252","targetHints":{"allow":["GET"]}}],"collection":[{"href":"https:\/\/www.qwien.at\/en\/wp-json\/wp\/v2\/posts"}],"about":[{"href":"https:\/\/www.qwien.at\/en\/wp-json\/wp\/v2\/types\/post"}],"author":[{"embeddable":true,"href":"https:\/\/www.qwien.at\/en\/wp-json\/wp\/v2\/users\/4"}],"replies":[{"embeddable":true,"href":"https:\/\/www.qwien.at\/en\/wp-json\/wp\/v2\/comments?post=11252"}],"version-history":[{"count":0,"href":"https:\/\/www.qwien.at\/en\/wp-json\/wp\/v2\/posts\/11252\/revisions"}],"wp:attachment":[{"href":"https:\/\/www.qwien.at\/en\/wp-json\/wp\/v2\/media?parent=11252"}],"wp:term":[{"taxonomy":"category","embeddable":true,"href":"https:\/\/www.qwien.at\/en\/wp-json\/wp\/v2\/categories?post=11252"},{"taxonomy":"post_tag","embeddable":true,"href":"https:\/\/www.qwien.at\/en\/wp-json\/wp\/v2\/tags?post=11252"}],"curies":[{"name":"wp","href":"https:\/\/api.w.org\/{rel}","templated":true}]}}