{"id":11253,"date":"2025-07-15T21:37:02","date_gmt":"2025-07-15T19:37:02","guid":{"rendered":"https:\/\/www.qwien.at\/nicht-kategorisiert\/16-5-vortrag-queere-kunst-und-die-verschrankung-von-rasse-sexualitat-und-geschlecht\/"},"modified":"2025-07-15T21:37:02","modified_gmt":"2025-07-15T19:37:02","slug":"16-5-vortrag-queere-kunst-und-die-verschrankung-von-rasse-sexualitat-und-geschlecht","status":"publish","type":"post","link":"https:\/\/www.qwien.at\/en\/qwien-tipp\/16-5-vortrag-queere-kunst-und-die-verschrankung-von-rasse-sexualitat-und-geschlecht\/","title":{"rendered":"16.5. VORTRAG Queere Kunst und die Verschr\u00e4nkung von \u201aRasse\u2018, Sexualit\u00e4t und Geschlecht"},"content":{"rendered":"<p>Kann Sexualit\u00e4t und Geschlecht jenseits von \u201aHautfarbe\u2019 und \u201aRasse\u2019 gedacht werden? Wie sind diese Kategorien historisch miteinander verschr\u00e4nkt und wie wirkt sich das auf aktuelle politische und k\u00fcnstlerische Strategien aus? Im Vortrag soll die gegenseitige konstutitive Bedingtheit von \u201aRasse\u2019, Sexualit\u00e4t und Geschlecht anhand historischer Beispiele sowie von Werken aus der Gegenwartskunst aufgezeigt und auf das Konzept queerer Kunst bezogen werden. Die Bezeichnung \u201aqueer\u2019 beinhaltet einerseits den Fokus auf eine nicht-normative Sexualit\u00e4t, aber auch eine spezifische Lesart und politische Strategie, die aufzeigt, wie sich die Norm selbst subvertiert. Eine weitere queere Strategie, sich in ein Verh\u00e4ltnis zu gesellschaftlichen Normen zu setzen, ist die der Desidentifizierung\u201c. Inwieweit lassen sich diese Strategien, die sich vor allem auf Sexualit\u00e4t und Geschlecht st\u00fctzen, um eine Rassismuskritik erweitern oder bleibt dieser Aspekt ein blinder Fleck?\u00a0<strong>Michaela W\u00fcnsch<\/strong>\u00a0ist promovierte Kulturwissenschaftlerin und derzeit Marie-Curie Fellow an der Universit\u00e4t Potsdam und der University of California Riverside mit einem Projekt zu Wiederholung in Psychoanalyse und Fernsehserien. Forschungsschwerpunkte u.a. Queer Theory, Medientheorie, Psychoanalyse.<\/p>\n<p><strong>Michaela W\u00fcnsch: Queere Kunst und die Verschr\u00e4nkung von \u201aRasse\u2018, Sexualit\u00e4t und Geschlecht<\/strong><\/p>\n<p><strong>Mittwoch, 16. Mai 2012,\u00a0<\/strong>18:00 Uhr H\u00f6rsaal 2, Universit\u00e4t f\u00fcr angewandte Kunst, Oskar-Kokoschka-Platz 2, 1010 Wien\u00a0<em>Weitere Info:\u00a0<\/em><a href=\"http:\/\/www.dieangewandte.at\/jart\/prj3\/angewandte\/main.jart?rel=de&amp;content-id=1335427305082&amp;reserve-mode=active\">Koordinationsstelle f\u00fcr Genderfragen<\/a><\/p>\n","protected":false},"excerpt":{"rendered":"<p>\t\t\t\t<![CDATA[]]>\t\t<\/p>\n","protected":false},"author":4,"featured_media":0,"comment_status":"closed","ping_status":"open","sticky":false,"template":"","format":"standard","meta":{"_acf_changed":false,"footnotes":""},"categories":[275,276],"tags":[],"class_list":["post-11253","post","type-post","status-publish","format-standard","hentry","category-qwien-tipp","category-webarchive","grve-entry-item","grve-blog-item"],"acf":[],"yoast_head":"<!-- This site is optimized with the Yoast SEO plugin v27.5 - https:\/\/yoast.com\/product\/yoast-seo-wordpress\/ -->\n<title>16.5. VORTRAG Queere Kunst und die Verschr\u00e4nkung von \u201aRasse\u2018, Sexualit\u00e4t und Geschlecht - Blog - Qwien - Zentrum f\u00fcr queere Geschichte<\/title>\n<meta name=\"robots\" content=\"index, follow, max-snippet:-1, max-image-preview:large, max-video-preview:-1\" \/>\n<link rel=\"canonical\" href=\"https:\/\/www.qwien.at\/en\/qwien-tipp\/16-5-vortrag-queere-kunst-und-die-verschrankung-von-rasse-sexualitat-und-geschlecht\/\" \/>\n<meta property=\"og:locale\" content=\"en_US\" \/>\n<meta property=\"og:type\" content=\"article\" \/>\n<meta property=\"og:title\" content=\"16.5. VORTRAG Queere Kunst und die Verschr\u00e4nkung von \u201aRasse\u2018, Sexualit\u00e4t und Geschlecht - Blog - Qwien - Zentrum f\u00fcr queere Geschichte\" \/>\n<meta property=\"og:url\" content=\"https:\/\/www.qwien.at\/en\/qwien-tipp\/16-5-vortrag-queere-kunst-und-die-verschrankung-von-rasse-sexualitat-und-geschlecht\/\" \/>\n<meta property=\"og:site_name\" content=\"Qwien - Zentrum f\u00fcr queere Geschichte\" \/>\n<meta property=\"article:published_time\" content=\"2025-07-15T19:37:02+00:00\" \/>\n<meta property=\"og:image\" content=\"https:\/\/www.qwien.at\/wp-content\/uploads\/2025\/06\/seo-yoast-1.png\" \/>\n\t<meta property=\"og:image:width\" content=\"1921\" \/>\n\t<meta property=\"og:image:height\" content=\"1081\" \/>\n\t<meta property=\"og:image:type\" content=\"image\/png\" \/>\n<meta name=\"author\" content=\"Andreas Brunner\" \/>\n<meta name=\"twitter:card\" content=\"summary_large_image\" \/>\n<meta name=\"twitter:label1\" content=\"Written by\" \/>\n\t<meta name=\"twitter:data1\" content=\"Andreas Brunner\" \/>\n\t<meta name=\"twitter:label2\" content=\"Est. reading time\" \/>\n\t<meta name=\"twitter:data2\" content=\"1 minute\" \/>\n<script type=\"application\/ld+json\" class=\"yoast-schema-graph\">{\"@context\":\"https:\\\/\\\/schema.org\",\"@graph\":[{\"@type\":[\"Article\",\"BlogPosting\"],\"@id\":\"https:\\\/\\\/www.qwien.at\\\/en\\\/qwien-tipp\\\/16-5-vortrag-queere-kunst-und-die-verschrankung-von-rasse-sexualitat-und-geschlecht\\\/#article\",\"isPartOf\":{\"@id\":\"https:\\\/\\\/www.qwien.at\\\/en\\\/qwien-tipp\\\/16-5-vortrag-queere-kunst-und-die-verschrankung-von-rasse-sexualitat-und-geschlecht\\\/\"},\"author\":{\"name\":\"Andreas Brunner\",\"@id\":\"https:\\\/\\\/www.qwien.at\\\/en\\\/#\\\/schema\\\/person\\\/d3fe9114b43d8e5a558a6d20ca3e2920\"},\"headline\":\"16.5. VORTRAG Queere Kunst und die Verschr\u00e4nkung von \u201aRasse\u2018, Sexualit\u00e4t und Geschlecht\",\"datePublished\":\"2025-07-15T19:37:02+00:00\",\"mainEntityOfPage\":{\"@id\":\"https:\\\/\\\/www.qwien.at\\\/en\\\/qwien-tipp\\\/16-5-vortrag-queere-kunst-und-die-verschrankung-von-rasse-sexualitat-und-geschlecht\\\/\"},\"wordCount\":221,\"publisher\":{\"@id\":\"https:\\\/\\\/www.qwien.at\\\/en\\\/#organization\"},\"articleSection\":[\"Tipp\",\"Webarchiv\"],\"inLanguage\":\"en-US\"},{\"@type\":\"WebPage\",\"@id\":\"https:\\\/\\\/www.qwien.at\\\/en\\\/qwien-tipp\\\/16-5-vortrag-queere-kunst-und-die-verschrankung-von-rasse-sexualitat-und-geschlecht\\\/\",\"url\":\"https:\\\/\\\/www.qwien.at\\\/en\\\/qwien-tipp\\\/16-5-vortrag-queere-kunst-und-die-verschrankung-von-rasse-sexualitat-und-geschlecht\\\/\",\"name\":\"16.5. VORTRAG Queere Kunst und die Verschr\u00e4nkung von \u201aRasse\u2018, Sexualit\u00e4t und Geschlecht - Blog - Qwien - Zentrum f\u00fcr queere Geschichte\",\"isPartOf\":{\"@id\":\"https:\\\/\\\/www.qwien.at\\\/en\\\/#website\"},\"datePublished\":\"2025-07-15T19:37:02+00:00\",\"breadcrumb\":{\"@id\":\"https:\\\/\\\/www.qwien.at\\\/en\\\/qwien-tipp\\\/16-5-vortrag-queere-kunst-und-die-verschrankung-von-rasse-sexualitat-und-geschlecht\\\/#breadcrumb\"},\"inLanguage\":\"en-US\",\"potentialAction\":[{\"@type\":\"ReadAction\",\"target\":[\"https:\\\/\\\/www.qwien.at\\\/en\\\/qwien-tipp\\\/16-5-vortrag-queere-kunst-und-die-verschrankung-von-rasse-sexualitat-und-geschlecht\\\/\"]}]},{\"@type\":\"BreadcrumbList\",\"@id\":\"https:\\\/\\\/www.qwien.at\\\/en\\\/qwien-tipp\\\/16-5-vortrag-queere-kunst-und-die-verschrankung-von-rasse-sexualitat-und-geschlecht\\\/#breadcrumb\",\"itemListElement\":[{\"@type\":\"ListItem\",\"position\":1,\"name\":\"Startseite\",\"item\":\"https:\\\/\\\/www.qwien.at\\\/en\\\/\"},{\"@type\":\"ListItem\",\"position\":2,\"name\":\"16.5. VORTRAG Queere Kunst und die Verschr\u00e4nkung von \u201aRasse\u2018, Sexualit\u00e4t und Geschlecht\"}]},{\"@type\":\"WebSite\",\"@id\":\"https:\\\/\\\/www.qwien.at\\\/en\\\/#website\",\"url\":\"https:\\\/\\\/www.qwien.at\\\/en\\\/\",\"name\":\"Qwien - Zentrum f\u00fcr queere Geschichte\",\"description\":\"\",\"publisher\":{\"@id\":\"https:\\\/\\\/www.qwien.at\\\/en\\\/#organization\"},\"potentialAction\":[{\"@type\":\"SearchAction\",\"target\":{\"@type\":\"EntryPoint\",\"urlTemplate\":\"https:\\\/\\\/www.qwien.at\\\/en\\\/?s={search_term_string}\"},\"query-input\":{\"@type\":\"PropertyValueSpecification\",\"valueRequired\":true,\"valueName\":\"search_term_string\"}}],\"inLanguage\":\"en-US\"},{\"@type\":\"Organization\",\"@id\":\"https:\\\/\\\/www.qwien.at\\\/en\\\/#organization\",\"name\":\"Qwien\",\"url\":\"https:\\\/\\\/www.qwien.at\\\/en\\\/\",\"logo\":{\"@type\":\"ImageObject\",\"inLanguage\":\"en-US\",\"@id\":\"https:\\\/\\\/www.qwien.at\\\/en\\\/#\\\/schema\\\/logo\\\/image\\\/\",\"url\":\"https:\\\/\\\/www.qwien.at\\\/wp-content\\\/uploads\\\/2025\\\/06\\\/seo-yoast-2.png\",\"contentUrl\":\"https:\\\/\\\/www.qwien.at\\\/wp-content\\\/uploads\\\/2025\\\/06\\\/seo-yoast-2.png\",\"width\":697,\"height\":697,\"caption\":\"Qwien\"},\"image\":{\"@id\":\"https:\\\/\\\/www.qwien.at\\\/en\\\/#\\\/schema\\\/logo\\\/image\\\/\"},\"sameAs\":[\"https:\\\/\\\/www.instagram.com\\\/qwien.zentrum\\\/\"]},{\"@type\":\"Person\",\"@id\":\"https:\\\/\\\/www.qwien.at\\\/en\\\/#\\\/schema\\\/person\\\/d3fe9114b43d8e5a558a6d20ca3e2920\",\"name\":\"Andreas Brunner\"}]}<\/script>\n<!-- \/ Yoast SEO plugin. -->","yoast_head_json":{"title":"16.5. VORTRAG Queere Kunst und die Verschr\u00e4nkung von \u201aRasse\u2018, Sexualit\u00e4t und Geschlecht - Blog - Qwien - Zentrum f\u00fcr queere Geschichte","robots":{"index":"index","follow":"follow","max-snippet":"max-snippet:-1","max-image-preview":"max-image-preview:large","max-video-preview":"max-video-preview:-1"},"canonical":"https:\/\/www.qwien.at\/en\/qwien-tipp\/16-5-vortrag-queere-kunst-und-die-verschrankung-von-rasse-sexualitat-und-geschlecht\/","og_locale":"en_US","og_type":"article","og_title":"16.5. VORTRAG Queere Kunst und die Verschr\u00e4nkung von \u201aRasse\u2018, Sexualit\u00e4t und Geschlecht - Blog - Qwien - Zentrum f\u00fcr queere Geschichte","og_url":"https:\/\/www.qwien.at\/en\/qwien-tipp\/16-5-vortrag-queere-kunst-und-die-verschrankung-von-rasse-sexualitat-und-geschlecht\/","og_site_name":"Qwien - Zentrum f\u00fcr queere Geschichte","article_published_time":"2025-07-15T19:37:02+00:00","og_image":[{"width":1921,"height":1081,"url":"https:\/\/www.qwien.at\/wp-content\/uploads\/2025\/06\/seo-yoast-1.png","type":"image\/png"}],"author":"Andreas Brunner","twitter_card":"summary_large_image","twitter_misc":{"Written by":"Andreas Brunner","Est. reading time":"1 minute"},"schema":{"@context":"https:\/\/schema.org","@graph":[{"@type":["Article","BlogPosting"],"@id":"https:\/\/www.qwien.at\/en\/qwien-tipp\/16-5-vortrag-queere-kunst-und-die-verschrankung-von-rasse-sexualitat-und-geschlecht\/#article","isPartOf":{"@id":"https:\/\/www.qwien.at\/en\/qwien-tipp\/16-5-vortrag-queere-kunst-und-die-verschrankung-von-rasse-sexualitat-und-geschlecht\/"},"author":{"name":"Andreas Brunner","@id":"https:\/\/www.qwien.at\/en\/#\/schema\/person\/d3fe9114b43d8e5a558a6d20ca3e2920"},"headline":"16.5. VORTRAG Queere Kunst und die Verschr\u00e4nkung von \u201aRasse\u2018, Sexualit\u00e4t und Geschlecht","datePublished":"2025-07-15T19:37:02+00:00","mainEntityOfPage":{"@id":"https:\/\/www.qwien.at\/en\/qwien-tipp\/16-5-vortrag-queere-kunst-und-die-verschrankung-von-rasse-sexualitat-und-geschlecht\/"},"wordCount":221,"publisher":{"@id":"https:\/\/www.qwien.at\/en\/#organization"},"articleSection":["Tipp","Webarchiv"],"inLanguage":"en-US"},{"@type":"WebPage","@id":"https:\/\/www.qwien.at\/en\/qwien-tipp\/16-5-vortrag-queere-kunst-und-die-verschrankung-von-rasse-sexualitat-und-geschlecht\/","url":"https:\/\/www.qwien.at\/en\/qwien-tipp\/16-5-vortrag-queere-kunst-und-die-verschrankung-von-rasse-sexualitat-und-geschlecht\/","name":"16.5. VORTRAG Queere Kunst und die Verschr\u00e4nkung von \u201aRasse\u2018, Sexualit\u00e4t und Geschlecht - Blog - Qwien - Zentrum f\u00fcr queere Geschichte","isPartOf":{"@id":"https:\/\/www.qwien.at\/en\/#website"},"datePublished":"2025-07-15T19:37:02+00:00","breadcrumb":{"@id":"https:\/\/www.qwien.at\/en\/qwien-tipp\/16-5-vortrag-queere-kunst-und-die-verschrankung-von-rasse-sexualitat-und-geschlecht\/#breadcrumb"},"inLanguage":"en-US","potentialAction":[{"@type":"ReadAction","target":["https:\/\/www.qwien.at\/en\/qwien-tipp\/16-5-vortrag-queere-kunst-und-die-verschrankung-von-rasse-sexualitat-und-geschlecht\/"]}]},{"@type":"BreadcrumbList","@id":"https:\/\/www.qwien.at\/en\/qwien-tipp\/16-5-vortrag-queere-kunst-und-die-verschrankung-von-rasse-sexualitat-und-geschlecht\/#breadcrumb","itemListElement":[{"@type":"ListItem","position":1,"name":"Startseite","item":"https:\/\/www.qwien.at\/en\/"},{"@type":"ListItem","position":2,"name":"16.5. VORTRAG Queere Kunst und die Verschr\u00e4nkung von \u201aRasse\u2018, Sexualit\u00e4t und Geschlecht"}]},{"@type":"WebSite","@id":"https:\/\/www.qwien.at\/en\/#website","url":"https:\/\/www.qwien.at\/en\/","name":"Qwien - Zentrum f\u00fcr queere Geschichte","description":"","publisher":{"@id":"https:\/\/www.qwien.at\/en\/#organization"},"potentialAction":[{"@type":"SearchAction","target":{"@type":"EntryPoint","urlTemplate":"https:\/\/www.qwien.at\/en\/?s={search_term_string}"},"query-input":{"@type":"PropertyValueSpecification","valueRequired":true,"valueName":"search_term_string"}}],"inLanguage":"en-US"},{"@type":"Organization","@id":"https:\/\/www.qwien.at\/en\/#organization","name":"Qwien","url":"https:\/\/www.qwien.at\/en\/","logo":{"@type":"ImageObject","inLanguage":"en-US","@id":"https:\/\/www.qwien.at\/en\/#\/schema\/logo\/image\/","url":"https:\/\/www.qwien.at\/wp-content\/uploads\/2025\/06\/seo-yoast-2.png","contentUrl":"https:\/\/www.qwien.at\/wp-content\/uploads\/2025\/06\/seo-yoast-2.png","width":697,"height":697,"caption":"Qwien"},"image":{"@id":"https:\/\/www.qwien.at\/en\/#\/schema\/logo\/image\/"},"sameAs":["https:\/\/www.instagram.com\/qwien.zentrum\/"]},{"@type":"Person","@id":"https:\/\/www.qwien.at\/en\/#\/schema\/person\/d3fe9114b43d8e5a558a6d20ca3e2920","name":"Andreas Brunner"}]}},"_links":{"self":[{"href":"https:\/\/www.qwien.at\/en\/wp-json\/wp\/v2\/posts\/11253","targetHints":{"allow":["GET"]}}],"collection":[{"href":"https:\/\/www.qwien.at\/en\/wp-json\/wp\/v2\/posts"}],"about":[{"href":"https:\/\/www.qwien.at\/en\/wp-json\/wp\/v2\/types\/post"}],"author":[{"embeddable":true,"href":"https:\/\/www.qwien.at\/en\/wp-json\/wp\/v2\/users\/4"}],"replies":[{"embeddable":true,"href":"https:\/\/www.qwien.at\/en\/wp-json\/wp\/v2\/comments?post=11253"}],"version-history":[{"count":0,"href":"https:\/\/www.qwien.at\/en\/wp-json\/wp\/v2\/posts\/11253\/revisions"}],"wp:attachment":[{"href":"https:\/\/www.qwien.at\/en\/wp-json\/wp\/v2\/media?parent=11253"}],"wp:term":[{"taxonomy":"category","embeddable":true,"href":"https:\/\/www.qwien.at\/en\/wp-json\/wp\/v2\/categories?post=11253"},{"taxonomy":"post_tag","embeddable":true,"href":"https:\/\/www.qwien.at\/en\/wp-json\/wp\/v2\/tags?post=11253"}],"curies":[{"name":"wp","href":"https:\/\/api.w.org\/{rel}","templated":true}]}}