{"id":11259,"date":"2025-07-15T21:37:01","date_gmt":"2025-07-15T19:37:01","guid":{"rendered":"https:\/\/www.qwien.at\/nicht-kategorisiert\/schwulen-und-lesbenpolitik-in-osterreich\/"},"modified":"2025-07-15T21:37:01","modified_gmt":"2025-07-15T19:37:01","slug":"schwulen-und-lesbenpolitik-in-osterreich","status":"publish","type":"post","link":"https:\/\/www.qwien.at\/en\/qwien-tipp\/schwulen-und-lesbenpolitik-in-osterreich\/","title":{"rendered":"Schwulen- und Lesbenpolitik in \u00d6sterreich"},"content":{"rendered":"<p>Diskussionsveranstaltung mit Vortrag von Andreas Brunner, veranstaltet von\u00a0<em>linkswende.<\/em>\u00a0Trotz noch aller bestehenden Diskriminierungen, die Schwule, Lesben und Transgender bis heute in rechtlicher Hinsicht aber auch im allt\u00e4glichen Leben erfahren, kam es in den letzten Jahrzehnten zu gro\u00dfen gesellschaftlichen Ver\u00e4nderungen. Dass die Schwulen- und Lesbenbewegung seit dem 19. Jahrhundert f\u00fcr Anerkennung und gleiche Rechte gek\u00e4mpft hat, steht im Zentrum des Vortrags. Die zentralen Forderungen der Bewegung und die Reaktionen von Politik und Gesellschaft werden im historischen Umfeld dargestellt. Welche Argumente nutzten Linke wie Rechte, um eine rechtliche Gleichstellung von Homosexuellen zu verhindern? Welche Feindbilder wurden zur Diffamierung verwendet? Welche Themen und Fragestellungen in Zukunft die Schwulen- und Lesbenpolitik bestimmen sollten, wird wohl im Zentrum der anschlie\u00dfenden Diskussion sein. 6. Oktober, 19.00 Uhr Ort: Amerlinghaus, Stiftgasse 8, 1070 Wien<\/p>\n","protected":false},"excerpt":{"rendered":"<p>\t\t\t\t<![CDATA[]]>\t\t<\/p>\n","protected":false},"author":4,"featured_media":0,"comment_status":"closed","ping_status":"open","sticky":false,"template":"","format":"standard","meta":{"_acf_changed":false,"footnotes":""},"categories":[275,276],"tags":[],"class_list":["post-11259","post","type-post","status-publish","format-standard","hentry","category-qwien-tipp","category-webarchive","grve-entry-item","grve-blog-item"],"acf":[],"yoast_head":"<!-- This site is optimized with the Yoast SEO plugin v27.5 - https:\/\/yoast.com\/product\/yoast-seo-wordpress\/ -->\n<title>Schwulen- und Lesbenpolitik in \u00d6sterreich - Blog - Qwien - Zentrum f\u00fcr queere Geschichte<\/title>\n<meta name=\"robots\" content=\"index, follow, max-snippet:-1, max-image-preview:large, max-video-preview:-1\" \/>\n<link rel=\"canonical\" href=\"https:\/\/www.qwien.at\/en\/qwien-tipp\/schwulen-und-lesbenpolitik-in-osterreich\/\" \/>\n<meta property=\"og:locale\" content=\"en_US\" \/>\n<meta property=\"og:type\" content=\"article\" \/>\n<meta property=\"og:title\" content=\"Schwulen- und Lesbenpolitik in \u00d6sterreich - Blog - Qwien - Zentrum f\u00fcr queere Geschichte\" \/>\n<meta property=\"og:url\" content=\"https:\/\/www.qwien.at\/en\/qwien-tipp\/schwulen-und-lesbenpolitik-in-osterreich\/\" \/>\n<meta property=\"og:site_name\" content=\"Qwien - Zentrum f\u00fcr queere Geschichte\" \/>\n<meta property=\"article:published_time\" content=\"2025-07-15T19:37:01+00:00\" \/>\n<meta property=\"og:image\" content=\"https:\/\/www.qwien.at\/wp-content\/uploads\/2025\/06\/seo-yoast-1.png\" \/>\n\t<meta property=\"og:image:width\" content=\"1921\" \/>\n\t<meta property=\"og:image:height\" content=\"1081\" \/>\n\t<meta property=\"og:image:type\" content=\"image\/png\" \/>\n<meta name=\"author\" content=\"Andreas Brunner\" \/>\n<meta name=\"twitter:card\" content=\"summary_large_image\" \/>\n<meta name=\"twitter:label1\" content=\"Written by\" \/>\n\t<meta name=\"twitter:data1\" content=\"Andreas Brunner\" \/>\n\t<meta name=\"twitter:label2\" content=\"Est. reading time\" \/>\n\t<meta name=\"twitter:data2\" content=\"1 minute\" \/>\n<script type=\"application\/ld+json\" class=\"yoast-schema-graph\">{\"@context\":\"https:\\\/\\\/schema.org\",\"@graph\":[{\"@type\":[\"Article\",\"BlogPosting\"],\"@id\":\"https:\\\/\\\/www.qwien.at\\\/en\\\/qwien-tipp\\\/schwulen-und-lesbenpolitik-in-osterreich\\\/#article\",\"isPartOf\":{\"@id\":\"https:\\\/\\\/www.qwien.at\\\/en\\\/qwien-tipp\\\/schwulen-und-lesbenpolitik-in-osterreich\\\/\"},\"author\":{\"name\":\"Andreas Brunner\",\"@id\":\"https:\\\/\\\/www.qwien.at\\\/en\\\/#\\\/schema\\\/person\\\/d3fe9114b43d8e5a558a6d20ca3e2920\"},\"headline\":\"Schwulen- und Lesbenpolitik in \u00d6sterreich\",\"datePublished\":\"2025-07-15T19:37:01+00:00\",\"mainEntityOfPage\":{\"@id\":\"https:\\\/\\\/www.qwien.at\\\/en\\\/qwien-tipp\\\/schwulen-und-lesbenpolitik-in-osterreich\\\/\"},\"wordCount\":134,\"publisher\":{\"@id\":\"https:\\\/\\\/www.qwien.at\\\/en\\\/#organization\"},\"articleSection\":[\"Tipp\",\"Webarchiv\"],\"inLanguage\":\"en-US\"},{\"@type\":\"WebPage\",\"@id\":\"https:\\\/\\\/www.qwien.at\\\/en\\\/qwien-tipp\\\/schwulen-und-lesbenpolitik-in-osterreich\\\/\",\"url\":\"https:\\\/\\\/www.qwien.at\\\/en\\\/qwien-tipp\\\/schwulen-und-lesbenpolitik-in-osterreich\\\/\",\"name\":\"Schwulen- und Lesbenpolitik in \u00d6sterreich - Blog - Qwien - Zentrum f\u00fcr queere Geschichte\",\"isPartOf\":{\"@id\":\"https:\\\/\\\/www.qwien.at\\\/en\\\/#website\"},\"datePublished\":\"2025-07-15T19:37:01+00:00\",\"breadcrumb\":{\"@id\":\"https:\\\/\\\/www.qwien.at\\\/en\\\/qwien-tipp\\\/schwulen-und-lesbenpolitik-in-osterreich\\\/#breadcrumb\"},\"inLanguage\":\"en-US\",\"potentialAction\":[{\"@type\":\"ReadAction\",\"target\":[\"https:\\\/\\\/www.qwien.at\\\/en\\\/qwien-tipp\\\/schwulen-und-lesbenpolitik-in-osterreich\\\/\"]}]},{\"@type\":\"BreadcrumbList\",\"@id\":\"https:\\\/\\\/www.qwien.at\\\/en\\\/qwien-tipp\\\/schwulen-und-lesbenpolitik-in-osterreich\\\/#breadcrumb\",\"itemListElement\":[{\"@type\":\"ListItem\",\"position\":1,\"name\":\"Startseite\",\"item\":\"https:\\\/\\\/www.qwien.at\\\/en\\\/\"},{\"@type\":\"ListItem\",\"position\":2,\"name\":\"Schwulen- und Lesbenpolitik in \u00d6sterreich\"}]},{\"@type\":\"WebSite\",\"@id\":\"https:\\\/\\\/www.qwien.at\\\/en\\\/#website\",\"url\":\"https:\\\/\\\/www.qwien.at\\\/en\\\/\",\"name\":\"Qwien - Zentrum f\u00fcr queere Geschichte\",\"description\":\"\",\"publisher\":{\"@id\":\"https:\\\/\\\/www.qwien.at\\\/en\\\/#organization\"},\"potentialAction\":[{\"@type\":\"SearchAction\",\"target\":{\"@type\":\"EntryPoint\",\"urlTemplate\":\"https:\\\/\\\/www.qwien.at\\\/en\\\/?s={search_term_string}\"},\"query-input\":{\"@type\":\"PropertyValueSpecification\",\"valueRequired\":true,\"valueName\":\"search_term_string\"}}],\"inLanguage\":\"en-US\"},{\"@type\":\"Organization\",\"@id\":\"https:\\\/\\\/www.qwien.at\\\/en\\\/#organization\",\"name\":\"Qwien\",\"url\":\"https:\\\/\\\/www.qwien.at\\\/en\\\/\",\"logo\":{\"@type\":\"ImageObject\",\"inLanguage\":\"en-US\",\"@id\":\"https:\\\/\\\/www.qwien.at\\\/en\\\/#\\\/schema\\\/logo\\\/image\\\/\",\"url\":\"https:\\\/\\\/www.qwien.at\\\/wp-content\\\/uploads\\\/2025\\\/06\\\/seo-yoast-2.png\",\"contentUrl\":\"https:\\\/\\\/www.qwien.at\\\/wp-content\\\/uploads\\\/2025\\\/06\\\/seo-yoast-2.png\",\"width\":697,\"height\":697,\"caption\":\"Qwien\"},\"image\":{\"@id\":\"https:\\\/\\\/www.qwien.at\\\/en\\\/#\\\/schema\\\/logo\\\/image\\\/\"},\"sameAs\":[\"https:\\\/\\\/www.instagram.com\\\/qwien.zentrum\\\/\"]},{\"@type\":\"Person\",\"@id\":\"https:\\\/\\\/www.qwien.at\\\/en\\\/#\\\/schema\\\/person\\\/d3fe9114b43d8e5a558a6d20ca3e2920\",\"name\":\"Andreas Brunner\"}]}<\/script>\n<!-- \/ Yoast SEO plugin. -->","yoast_head_json":{"title":"Schwulen- und Lesbenpolitik in \u00d6sterreich - Blog - Qwien - Zentrum f\u00fcr queere Geschichte","robots":{"index":"index","follow":"follow","max-snippet":"max-snippet:-1","max-image-preview":"max-image-preview:large","max-video-preview":"max-video-preview:-1"},"canonical":"https:\/\/www.qwien.at\/en\/qwien-tipp\/schwulen-und-lesbenpolitik-in-osterreich\/","og_locale":"en_US","og_type":"article","og_title":"Schwulen- und Lesbenpolitik in \u00d6sterreich - Blog - Qwien - Zentrum f\u00fcr queere Geschichte","og_url":"https:\/\/www.qwien.at\/en\/qwien-tipp\/schwulen-und-lesbenpolitik-in-osterreich\/","og_site_name":"Qwien - Zentrum f\u00fcr queere Geschichte","article_published_time":"2025-07-15T19:37:01+00:00","og_image":[{"width":1921,"height":1081,"url":"https:\/\/www.qwien.at\/wp-content\/uploads\/2025\/06\/seo-yoast-1.png","type":"image\/png"}],"author":"Andreas Brunner","twitter_card":"summary_large_image","twitter_misc":{"Written by":"Andreas Brunner","Est. reading time":"1 minute"},"schema":{"@context":"https:\/\/schema.org","@graph":[{"@type":["Article","BlogPosting"],"@id":"https:\/\/www.qwien.at\/en\/qwien-tipp\/schwulen-und-lesbenpolitik-in-osterreich\/#article","isPartOf":{"@id":"https:\/\/www.qwien.at\/en\/qwien-tipp\/schwulen-und-lesbenpolitik-in-osterreich\/"},"author":{"name":"Andreas Brunner","@id":"https:\/\/www.qwien.at\/en\/#\/schema\/person\/d3fe9114b43d8e5a558a6d20ca3e2920"},"headline":"Schwulen- und Lesbenpolitik in \u00d6sterreich","datePublished":"2025-07-15T19:37:01+00:00","mainEntityOfPage":{"@id":"https:\/\/www.qwien.at\/en\/qwien-tipp\/schwulen-und-lesbenpolitik-in-osterreich\/"},"wordCount":134,"publisher":{"@id":"https:\/\/www.qwien.at\/en\/#organization"},"articleSection":["Tipp","Webarchiv"],"inLanguage":"en-US"},{"@type":"WebPage","@id":"https:\/\/www.qwien.at\/en\/qwien-tipp\/schwulen-und-lesbenpolitik-in-osterreich\/","url":"https:\/\/www.qwien.at\/en\/qwien-tipp\/schwulen-und-lesbenpolitik-in-osterreich\/","name":"Schwulen- und Lesbenpolitik in \u00d6sterreich - Blog - Qwien - Zentrum f\u00fcr queere Geschichte","isPartOf":{"@id":"https:\/\/www.qwien.at\/en\/#website"},"datePublished":"2025-07-15T19:37:01+00:00","breadcrumb":{"@id":"https:\/\/www.qwien.at\/en\/qwien-tipp\/schwulen-und-lesbenpolitik-in-osterreich\/#breadcrumb"},"inLanguage":"en-US","potentialAction":[{"@type":"ReadAction","target":["https:\/\/www.qwien.at\/en\/qwien-tipp\/schwulen-und-lesbenpolitik-in-osterreich\/"]}]},{"@type":"BreadcrumbList","@id":"https:\/\/www.qwien.at\/en\/qwien-tipp\/schwulen-und-lesbenpolitik-in-osterreich\/#breadcrumb","itemListElement":[{"@type":"ListItem","position":1,"name":"Startseite","item":"https:\/\/www.qwien.at\/en\/"},{"@type":"ListItem","position":2,"name":"Schwulen- und Lesbenpolitik in \u00d6sterreich"}]},{"@type":"WebSite","@id":"https:\/\/www.qwien.at\/en\/#website","url":"https:\/\/www.qwien.at\/en\/","name":"Qwien - Zentrum f\u00fcr queere Geschichte","description":"","publisher":{"@id":"https:\/\/www.qwien.at\/en\/#organization"},"potentialAction":[{"@type":"SearchAction","target":{"@type":"EntryPoint","urlTemplate":"https:\/\/www.qwien.at\/en\/?s={search_term_string}"},"query-input":{"@type":"PropertyValueSpecification","valueRequired":true,"valueName":"search_term_string"}}],"inLanguage":"en-US"},{"@type":"Organization","@id":"https:\/\/www.qwien.at\/en\/#organization","name":"Qwien","url":"https:\/\/www.qwien.at\/en\/","logo":{"@type":"ImageObject","inLanguage":"en-US","@id":"https:\/\/www.qwien.at\/en\/#\/schema\/logo\/image\/","url":"https:\/\/www.qwien.at\/wp-content\/uploads\/2025\/06\/seo-yoast-2.png","contentUrl":"https:\/\/www.qwien.at\/wp-content\/uploads\/2025\/06\/seo-yoast-2.png","width":697,"height":697,"caption":"Qwien"},"image":{"@id":"https:\/\/www.qwien.at\/en\/#\/schema\/logo\/image\/"},"sameAs":["https:\/\/www.instagram.com\/qwien.zentrum\/"]},{"@type":"Person","@id":"https:\/\/www.qwien.at\/en\/#\/schema\/person\/d3fe9114b43d8e5a558a6d20ca3e2920","name":"Andreas Brunner"}]}},"_links":{"self":[{"href":"https:\/\/www.qwien.at\/en\/wp-json\/wp\/v2\/posts\/11259","targetHints":{"allow":["GET"]}}],"collection":[{"href":"https:\/\/www.qwien.at\/en\/wp-json\/wp\/v2\/posts"}],"about":[{"href":"https:\/\/www.qwien.at\/en\/wp-json\/wp\/v2\/types\/post"}],"author":[{"embeddable":true,"href":"https:\/\/www.qwien.at\/en\/wp-json\/wp\/v2\/users\/4"}],"replies":[{"embeddable":true,"href":"https:\/\/www.qwien.at\/en\/wp-json\/wp\/v2\/comments?post=11259"}],"version-history":[{"count":0,"href":"https:\/\/www.qwien.at\/en\/wp-json\/wp\/v2\/posts\/11259\/revisions"}],"wp:attachment":[{"href":"https:\/\/www.qwien.at\/en\/wp-json\/wp\/v2\/media?parent=11259"}],"wp:term":[{"taxonomy":"category","embeddable":true,"href":"https:\/\/www.qwien.at\/en\/wp-json\/wp\/v2\/categories?post=11259"},{"taxonomy":"post_tag","embeddable":true,"href":"https:\/\/www.qwien.at\/en\/wp-json\/wp\/v2\/tags?post=11259"}],"curies":[{"name":"wp","href":"https:\/\/api.w.org\/{rel}","templated":true}]}}