{"id":11261,"date":"2025-07-15T21:37:01","date_gmt":"2025-07-15T19:37:01","guid":{"rendered":"https:\/\/www.qwien.at\/nicht-kategorisiert\/bucher-kurz\/"},"modified":"2025-07-15T21:37:01","modified_gmt":"2025-07-15T19:37:01","slug":"bucher-kurz","status":"publish","type":"post","link":"https:\/\/www.qwien.at\/en\/qwien-books\/bucher-kurz\/","title":{"rendered":"B\u00fccher kurz"},"content":{"rendered":"<p><strong>Bevor es mit dem Reigen der Neuerscheinungen losgeht, stellt\u00a0<\/strong><strong>QWIEN<\/strong><em><strong>\u00a0noch einige B\u00fccher, die bereits 2011 erschienen sind und die wir zur Besprechnung erhalten haben. Nicht alle fanden unseren ungeteilten Zuspruch, aber lesen Sie selbst.<\/strong><\/em><\/p>\n<p>&nbsp;<\/p>\n<h3><strong>Klaus Mann<\/strong><\/h3>\n<p>Es ist eigentlich erstaunlich, dass es in dem in den letzten zwei Jahrzehnten ja weidlich beackerten Feld der Klaus-Mann-Forschung noch unentdeckte Winkel gibt. Aber es entspricht der vielf\u00e4ltigen Pers\u00f6nlichkeit Klaus Manns, dass sich seine Person und sein Werk immer wieder aus neuen Blickwinkeln und mit noch ungehobenen Quellen beleuchten l\u00e4sst. Klaus\u2018 schwierige Beziehung zu seinem Vater Thomas ist Anlass zahlreicher Abhandlungen, anderswo konnte man dem schwul\/lesbischen Schwesternpaar Erika und Klaus zu den Orten ihrer Triumphe, Liebschaften und Niederlagen folgen. Nur die Beziehung zu seinem Onkel Heinrich, dessen kompromisslosem Antifaschismus er politisch viel n\u00e4her stand als der zaudernden Haltung seines Vaters, war im vielfach beleuchteten Familiengespinst der Manns unbeachtet geblieben. Das Herausgeberduo Inge Jens und Uwe Naumann editieren den schmalen Briefwechseln und erg\u00e4nzen ihn als zus\u00e4tzliche Quelle mit Tagebucheintragungen von Klaus, die sich auf Heinrich beziehen und die sie aus den Handschriften der Tageb\u00fccher zitieren, da die 6-b\u00e4ndige Edition nur etwa die H\u00e4lfte des Bestands dokumentiert. Ein lesenswertes Nachwort von Jens und Naumann und der ausf\u00fchrliche Kommentar der Briefe legen die fragile Beziehung von zwei schwierigen und verletzlichen Pers\u00f6nlichkeiten offen, die in der \u00d6ffentlichkeit den pers\u00f6nlichen Einsatz im Engagement gegen Hitler-Deutschland nicht scheuten, denen aber der Sieg \u00fcber das NS-Regime keine neue Lebensenergie geben konnte.<\/p>\n<p><strong>Inge Jens\/Uwe Naumann (Hrsg.): Klaus Mann. \u201eLieber und verehrter Onkel Heinrich\u201c. Rowohlt 2011, \u20ac 20,51 (in der <a href=\"http:\/\/www.loewenherz.at\/index_lw_nr.php?LWNR=7917\">Buchhandlung L\u00f6wenherz<\/a>)<\/strong><\/p>\n<p>&nbsp;<\/p>\n<h3><strong>Erst Recht!<\/strong><\/h3>\n<p><a href=\"https:\/\/www.qwien.at\/wp-content\/uploads\/2012\/03\/Erst-Recht.jpg\"><img loading=\"lazy\" decoding=\"async\" class=\"size-full wp-image-1411 alignright\" title=\"Erst Recht\" src=\"https:\/\/www.qwien.at\/wp-content\/uploads\/2012\/03\/Erst-Recht.jpg\" alt=\"\" width=\"183\" height=\"300\" \/><\/a>Ratgeber zu spezifischen Fragen des Zusammenlebens haben oft das Problem, dass die Voraussetzungen in unterschiedlichen L\u00e4ndern nicht gleich sind. So bietet der\u00a0<em>Ratgeber zu allen Rechtsfragen rund ums Zusammenleben<\/em>\u00a0eine umfassende Darstellung der rechtlichen Situation in Deutschland. Der Verdienst der Autorin Alexandra Gosem\u00e4rker liegt darin, rechtliche Belange auch in einer f\u00fcr Laien verst\u00e4ndlichen und nachvollziehbaren Sprache darzustellen. Zahlreiche Beispiele bringen Klarheit in mitunter verwirrende Vorschriften. In die erweiterte Neuausgabe wurden auch Kapitel \u00fcber die rechtliche Situation in \u00d6sterreich und der Schweiz beigegeben, doch ist der Umfang dieser Erl\u00e4uterungen sehr beschr\u00e4nkt. Zehn Seiten zur rechtlichen Lage in \u00d6sterreich stehen etwa 150 Seiten zu Deutschland entgegen. Wer sich aber grunds\u00e4tzlich \u00fcber die rechtlichen Bedingungen f\u00fcrs Zusammenleben erkundigen will, ist mit Gosem\u00e4rkers Buch bestens beraten. Im Zuge der zunehmenden Flexibilit\u00e4t auf dem Arbeitsmarkt, kann es zudem ratsam sein, sich \u00fcber die rechtlichen M\u00f6glichkeiten in seiner neuen Heimat zu informieren, wenn man von einem EU-Staat in den anderen \u00fcbersiedelt.<\/p>\n<p><strong>Alexandra Gosem\u00e4rker: Erst Recht! Der Ratgeber zu allen Rechtsfragen rund ums Zusammenleben. Berlin: Querverlag 2011, \u20ac 15,32 (in der\u00a0<a href=\"http:\/\/www.loewenherz.at\/index_lw_nr.php?LWNR=7935\">Buchhandlung L\u00f6wenherz<\/a>)<\/strong><\/p>\n<p>&nbsp;<\/p>\n<h3><strong><a href=\"https:\/\/www.qwien.at\/wp-content\/uploads\/2012\/03\/Guttmann-216x300.jpg\"><img loading=\"lazy\" decoding=\"async\" class=\"size-medium wp-image-1412 alignleft\" title=\"Guttmann\" src=\"https:\/\/www.qwien.at\/wp-content\/uploads\/2012\/03\/Guttmann-216x300.jpg\" sizes=\"auto, (max-width: 216px) 100vw, 216px\" srcset=\"http:\/\/www.qwien.at\/wp-content\/uploads\/2012\/03\/Guttmann-216x300.jpg 216w, http:\/\/www.qwien.at\/wp-content\/uploads\/2012\/03\/Guttmann.jpg 250w\" alt=\"\" width=\"216\" height=\"300\" \/><\/a>Ich wollte es so normal wie andere auch<\/strong><\/h3>\n<p>Wie wenig wissen wir im Grunde \u00fcber schwules oder lesbisches Leben fr\u00fcher! Der Druck der Verfolgung dr\u00e4ngte Schwule und Lesben in den Untergrund und sch\u00fcchterte sie nachhaltig ein, so dass auch nach Ende der \u201eVerbotszeit\u201c wenige bereit waren, \u00fcber ihre Erfahrungen zu sprechen. Umso wichtiger ist es dass Michael Bochow und Andreas Pretzel eine weitere Lebensgeschichte vor dem Vergessen gerettet haben. Walter Guttmann wuchs in einer deutschnational-j\u00fcdischen Familie in Duisburg auf. Nicht wenige Juden sahen das politische Heil im Deutschnationalismus, der ja grunds\u00e4tzlich auch ohne Antisemitismus denkbar war. Und so ist Guttmans zweiter Vorname Siegfried. Schon fr\u00fch entdeckt er sexuelle Spiele mit \u00e4lteren oder gleichaltrigen Freunden, mit 14 besucht er regelm\u00e4\u00dfig \u00f6ffentliche Toiletteanlagen, um M\u00e4nner kennen zu lernen. 1943 wird er als Jude aus Amsterdam ins KZ Bergen-Belsen deportiert. Als das Nazi-Reich dem Untergang zutaumelte begannen f\u00fcr viele die Todesm\u00e4rsche aus dem Lagern, so auch f\u00fcr Guttmann. Er \u00fcberlebt auch jene, geht nach der Befreiung zur\u00fcck nach Holland und sp\u00e4ter nach Pal\u00e4stina. Ein weiter Weg in einem Leben, von Guttmann selbst erz\u00e4hlt, einfach und ber\u00fchrend. <strong>Michael <\/strong><\/p>\n<p><strong>Bochow\/Andreas Pretzel (Hrsg.): Ich wollte es so normal wie andere auch. Walter Guttmann erz\u00e4hlt sein Leben. Hamburg: M\u00e4nnerschwarm 2011, Edition Waldschl\u00f6sschen, \u20ac 14,39 (in der\u00a0<a href=\"http:\/\/www.loewenherz.at\/index_lw_nr.php?LWNR=8128\">Buchhandlung L\u00f6wenherz<\/a>)<\/strong><\/p>\n<p>&nbsp;<\/p>\n<h3><strong>Ich bin so fry<\/strong><\/h3>\n<p><a href=\"https:\/\/www.qwien.at\/wp-content\/uploads\/2012\/03\/Fry-174x300.jpg\"><img loading=\"lazy\" decoding=\"async\" class=\"alignright size-medium wp-image-1413\" title=\"av_fry_fry_rz.indd\" src=\"https:\/\/www.qwien.at\/wp-content\/uploads\/2012\/03\/Fry-174x300.jpg\" sizes=\"auto, (max-width: 174px) 100vw, 174px\" srcset=\"http:\/\/www.qwien.at\/wp-content\/uploads\/2012\/03\/Fry-174x300.jpg 174w, http:\/\/www.qwien.at\/wp-content\/uploads\/2012\/03\/Fry-768x1322.jpg 768w, http:\/\/www.qwien.at\/wp-content\/uploads\/2012\/03\/Fry-595x1024.jpg 595w, http:\/\/www.qwien.at\/wp-content\/uploads\/2012\/03\/Fry.jpg 1046w\" alt=\"\" width=\"174\" height=\"300\" \/><\/a>Stephen Fry ist immer wieder f\u00fcr einen Skandal gut. Der britische Allrounder \u2013 er ist TV-Moderator, Schauspieler, Romancier, Drehbuchautor, Regisseur und Journalist \u2013 sagte vor zwei Jahren in einem Interview mit\u00a0<em>Attitude<\/em>, dass die Sexualit\u00e4t von Frauen nur der Preis f\u00fcr eine Beziehung w\u00e4re. M\u00e4nner (man sehen es an den Schwulen) w\u00fcrden Sex suchen, Frauen im Grunde ganz was Anderes. Solchen Topfen gibt es ab und zu auch in seinem neuen Buch,\u00a0<em>The Fry Chronicles<\/em>, das auf deutsch den bl\u00f6den Titel\u00a0<em>Ich bin so Fry. Meine Goldenen Jahre<\/em>, bekommen hat, zu lesen. Dabei h\u00e4tte man von Fry genausogut eine wortgewandte witzige Darstellung seines Lebens und Werdegangs erwarten k\u00f6nnen. Mit\u00a0<em>Der L\u00fcgner<\/em>\u00a0oder\u00a0<em>Geschichte machen<\/em>\u00a0brachte der Sohn eines englischen Naturwissenschaftlers und einer \u00f6sterreichischen Emigrantin ambitionierte, unterhaltende und spannende B\u00fccher auf den Markt. Seine Abrechnung mit der katholischen Kirche (ein beeindruckender Apell, der auf\u00a0<a href=\"http:\/\/www.youtube.com\/watch?v=NL5WVecNdhk\">youtube<\/a>\u00a0zu sehen ist) lie\u00df auf eine philosophische Grundhaltung, auf eine seiner Gesellschaftskritik zugrunde liegende Wut schlie\u00dfen.\u00a0<em>Ich bin so Fry<\/em>\u00a0versammelt eher unorthodoxe Bemerkungen \u00fcber Leben und Stil, es zeigt die Entwicklung eines K\u00fcnstlers, dessen Bekanntheit gro\u00dfteils auf sein selbststilisiertes Anderssein zur\u00fcckgeht. Und wie man so interessant wird, erfahren wir aus diesem Buch.<\/p>\n<p><strong>Stephen Fry: Ich bin so Fry. Meine goldenen Jahre. Berlin: Aufbau 2011, \u20ac 23,63 (in der\u00a0<a href=\"http:\/\/www.loewenherz.at\/index_lw_nr.php?LWNR=7892\">Buchhandlung L\u00f6wenherz<\/a>)<\/strong><\/p>\n<p>&nbsp;<\/p>\n<h3><strong>Gender, Queer und Fetisch<\/strong><\/h3>\n<p>Bei Tagungsb\u00e4nden hat LeserIn oft das Problem, dass die Beitr\u00e4ge mitunter sehr disparat sind, bei einem Thema wie diesem st\u00f6rt das insofern wenig, da es grunds\u00e4tzlich sehr wenig Literatur gibt. Umso erfreulicher ist diese Sammlung an Aufs\u00e4tzen, Protokollen und Thesenbl\u00e4ttern \u00fcber die vielf\u00e4ltigen Beziehungslinien zwischen Genderfragen und Fetisch, die einen weiten und auch einf\u00fchrenden Bogen spannt: Aufs\u00e4tze zu identit\u00e4tspolitischen und kulturanthropologischen Fragestellungen hinterfragen Modelle der Identit\u00e4tsbildung und Erkl\u00e4rungsversuche f\u00fcr die \u201eEntstehung\u201c von Fetisch. Die Beitr\u00e4ge \u00fcber Kunst und Literatur verfolgen Genderfragen und Fetisch in k\u00fcnstlerischen \u00c4u\u00dferungen. So eine lesenwerte Einf\u00fchrung von Marcus Stiglegger zu Fetischismus im Film oder Kerstin Brandes Aufsatz\u00a0<em>Queer\/ing Kunst und Visuelle Kultur<\/em>.<\/p>\n<p><strong>Martin Schneider\/Marc Diehl (Hrsg.): Gender, Queer und Fetisch. Konstruktion von Identit\u00e4t und Begehren. Hamburg: M\u00e4nnerschwarm 2011, \u20ac 16,45 (in der\u00a0<a href=\"http:\/\/www.loewenherz.at\/suche.php?konkret\">Buchhandlung L\u00f6wenherz<\/a>)<\/strong><\/p>\n<p>&nbsp;<\/p>\n<h3><strong>Verheiratete homosexuelle M\u00e4nner<\/strong><\/h3>\n<p><a href=\"https:\/\/www.qwien.at\/wp-content\/uploads\/2012\/03\/imhorst001.jpg\"><img loading=\"lazy\" decoding=\"async\" class=\"alignright size-medium wp-image-1416\" title=\"imhorst001\" src=\"https:\/\/www.qwien.at\/wp-content\/uploads\/2012\/03\/imhorst001.jpg\" alt=\"\" width=\"208\" height=\"300\" srcset=\"https:\/\/www.qwien.at\/wp-content\/uploads\/2012\/03\/imhorst001.jpg 539w, https:\/\/www.qwien.at\/wp-content\/uploads\/2012\/03\/imhorst001-209x300.jpg 209w\" sizes=\"auto, (max-width: 208px) 100vw, 208px\" \/><\/a>M\u00e4nnern, die sich homosexuell verhalten. aber in einer heterosexuelle Ehe leben, wurde in der psychologischen Forschung bisher wenig Beachtung geschenkt. Aus welchen Motiven gr\u00fcnden homosexuelle M\u00e4nner heterosexuelle Familien? Suchen sie in einer solchen Beziehung Schutz vor Diskriminierung? Heilung von ihrem gleichgeschlechtlichen Begehren? Wie lebt man seine Homosexualit\u00e4t in einer heterosexuellen Ehe? L\u00fcge? Arrangement? Und wie schaffen diese M\u00e4nner, wenn \u00fcberhaupt, ein Coming Out? Viele ungekl\u00e4rte Fragen, die die Psychoanalytikerin Elisabeth Imhorst anhand von zehn Interviews mit M\u00e4nnern, die eine homosexuelle Praxis in einer heterosexuellen Ehe leben. Die Analyse dieser Interviews erfolgt auf zwei Ebenen. In einer Version wird die Lebensgeschichte mit all ihren Widerspr\u00fcchen unkommentiert erz\u00e4hlt. Auf der zweiten Ebene interpretiert sie Imhorst psychoanalytisch und l\u00e4sst dabei R\u00fcckschl\u00fcsse auf die psychosexuelle Entwicklung der einzelnen M\u00e4nner zu.<\/p>\n<p><strong>Elisabeth Imhorst: Verheiratete homosexuelle M\u00e4nner. Kassel: Kassel University Press 2011, \u20ac 40,09 (in der\u00a0<a href=\"http:\/\/www.loewenherz.at\/alle-titel-von.php?AUTOR=Elisabeth%20Imhorst\">Buchhandlung L\u00f6wenherz<\/a>)<\/strong><\/p>\n<p>&nbsp;<\/p>\n<h3><strong>Porn \u2013 from Andy Warhol to X-Tube<\/strong><\/h3>\n<p><a href=\"https:\/\/www.qwien.at\/wp-content\/uploads\/2012\/03\/Porn4-226x300.jpg\"><img loading=\"lazy\" decoding=\"async\" class=\"size-medium wp-image-1421 alignleft\" title=\"Porn4\" src=\"https:\/\/www.qwien.at\/wp-content\/uploads\/2012\/03\/Porn4-226x300.jpg\" sizes=\"auto, (max-width: 226px) 100vw, 226px\" srcset=\"http:\/\/www.qwien.at\/wp-content\/uploads\/2012\/03\/Porn4-226x300.jpg 226w, http:\/\/www.qwien.at\/wp-content\/uploads\/2012\/03\/Porn4.jpg 377w\" alt=\"\" width=\"226\" height=\"300\" \/><\/a>Der Titel ist etwas irref\u00fchrend, denn Kevin Clarkes Spaziergang durch die weiter Welt der schwulen Pornografie beginnt schon fr\u00fcher, bei ersten \u00fcberlieferten Bildern, die im Untergrund gehandelt wurden, von ersten Filmen, die nie eine Kinoleinwand gesehen hatten. Schon vor Stonewall war aber schwule Pornografie vor allem eines: ein Gesch\u00e4ft. Magazine wie\u00a0<em>Physique Pictorial<\/em>\u00a0fanden rei\u00dfenden Absatz, auch wenn sie f\u00fcr heutige Begriffe noch recht zahm waren. Tom of Finlands\u00a0<em>Kake<\/em>\u00a0Hefte wurden zu gesuchten Sammlerst\u00fccken. Mit der Pop Art wird Porno zum Kult. Nicht nur Avantgardefilme wie die von Jack Smith oder\u00a0<em>Pink Narcissus<\/em>\u00a0kamen in die Underground-Kinos, besonders Andy Warhol brachte mit Filmen wie<em>Lonesome Cowboys, Flesh\u00a0<\/em>oder<em>\u00a0My Hustler<\/em>\u00a0dem m\u00e4nnlichen K\u00f6rper an sich, dem Sex zwischen M\u00e4nnern, aber insbesondere dem Darsteller Joe Dallesandro Kultstatus. 1971 wurde der schwule Pornoklassiker\u00a0<em>Boys in the Sand<\/em>\u00a0von Wakefield Poole im der Filmbibel\u00a0<em>Variety<\/em>rezensiert und in der\u00a0<em>New York Times<\/em>\u00a0inseriert. Der Weg zum gro\u00dfen Gesch\u00e4ft war frei. Inzwischen ist das schwule Pornogesch\u00e4ft ein Milliardenbusiness, das aber durch frei im Internet verf\u00fcgbare, oft privat produzierte Filme immer mehr in Bedr\u00e4ngnis ger\u00e4t. Clarkes Streifzug ist mit zahlreichen Bildern illustriert, Interviews mit Protagonisten der Branche lockern die Zeitreise auf.<\/p>\n<p><strong>Kevin Clarke: Porn \u2013 from Andy Warhol to X-Tube: Berlin: Gm\u00fcnder 2011, \u20ac 40,99 (in der\u00a0<a href=\"http:\/\/www.loewenherz.at\/index_lw_nr.php?LWNR=7292\">Buchhandlung L\u00f6wenherz<\/a>)<\/strong><\/p>\n","protected":false},"excerpt":{"rendered":"<p>\t\t\t\t<![CDATA[]]>\t\t<\/p>\n","protected":false},"author":4,"featured_media":0,"comment_status":"closed","ping_status":"open","sticky":false,"template":"","format":"standard","meta":{"_acf_changed":false,"footnotes":""},"categories":[267,271],"tags":[],"class_list":["post-11261","post","type-post","status-publish","format-standard","hentry","category-qwien-books","category-literature-archive","grve-entry-item","grve-blog-item"],"acf":[],"yoast_head":"<!-- This site is optimized with the Yoast SEO plugin v27.5 - https:\/\/yoast.com\/product\/yoast-seo-wordpress\/ -->\n<title>B\u00fccher kurz - Blog - Qwien - Zentrum f\u00fcr queere Geschichte<\/title>\n<meta name=\"robots\" content=\"index, follow, max-snippet:-1, max-image-preview:large, max-video-preview:-1\" \/>\n<link rel=\"canonical\" href=\"https:\/\/www.qwien.at\/en\/qwien-books\/bucher-kurz\/\" \/>\n<meta property=\"og:locale\" content=\"en_US\" \/>\n<meta property=\"og:type\" content=\"article\" \/>\n<meta property=\"og:title\" content=\"B\u00fccher kurz - Blog - Qwien - Zentrum f\u00fcr queere Geschichte\" \/>\n<meta property=\"og:url\" content=\"https:\/\/www.qwien.at\/en\/qwien-books\/bucher-kurz\/\" \/>\n<meta property=\"og:site_name\" content=\"Qwien - Zentrum f\u00fcr queere Geschichte\" \/>\n<meta property=\"article:published_time\" content=\"2025-07-15T19:37:01+00:00\" \/>\n<meta property=\"og:image\" content=\"https:\/\/www.qwien.at\/wp-content\/uploads\/2012\/03\/Erst-Recht.jpg\" \/>\n\t<meta property=\"og:image:width\" content=\"183\" \/>\n\t<meta property=\"og:image:height\" content=\"300\" \/>\n\t<meta property=\"og:image:type\" content=\"image\/jpeg\" \/>\n<meta name=\"author\" content=\"Andreas Brunner\" \/>\n<meta name=\"twitter:card\" content=\"summary_large_image\" \/>\n<meta name=\"twitter:label1\" content=\"Written by\" \/>\n\t<meta name=\"twitter:data1\" content=\"Andreas Brunner\" \/>\n\t<meta name=\"twitter:label2\" content=\"Est. reading time\" \/>\n\t<meta name=\"twitter:data2\" content=\"7 minutes\" \/>\n<script type=\"application\/ld+json\" class=\"yoast-schema-graph\">{\"@context\":\"https:\\\/\\\/schema.org\",\"@graph\":[{\"@type\":[\"Article\",\"BlogPosting\"],\"@id\":\"https:\\\/\\\/www.qwien.at\\\/en\\\/qwien-books\\\/bucher-kurz\\\/#article\",\"isPartOf\":{\"@id\":\"https:\\\/\\\/www.qwien.at\\\/en\\\/qwien-books\\\/bucher-kurz\\\/\"},\"author\":{\"name\":\"Andreas Brunner\",\"@id\":\"https:\\\/\\\/www.qwien.at\\\/en\\\/#\\\/schema\\\/person\\\/d3fe9114b43d8e5a558a6d20ca3e2920\"},\"headline\":\"B\u00fccher kurz\",\"datePublished\":\"2025-07-15T19:37:01+00:00\",\"mainEntityOfPage\":{\"@id\":\"https:\\\/\\\/www.qwien.at\\\/en\\\/qwien-books\\\/bucher-kurz\\\/\"},\"wordCount\":1467,\"publisher\":{\"@id\":\"https:\\\/\\\/www.qwien.at\\\/en\\\/#organization\"},\"image\":{\"@id\":\"https:\\\/\\\/www.qwien.at\\\/en\\\/qwien-books\\\/bucher-kurz\\\/#primaryimage\"},\"thumbnailUrl\":\"https:\\\/\\\/www.qwien.at\\\/wp-content\\\/uploads\\\/2012\\\/03\\\/Erst-Recht.jpg\",\"articleSection\":[\"Books\",\"Literature archive\"],\"inLanguage\":\"en-US\"},{\"@type\":\"WebPage\",\"@id\":\"https:\\\/\\\/www.qwien.at\\\/en\\\/qwien-books\\\/bucher-kurz\\\/\",\"url\":\"https:\\\/\\\/www.qwien.at\\\/en\\\/qwien-books\\\/bucher-kurz\\\/\",\"name\":\"B\u00fccher kurz - Blog - Qwien - Zentrum f\u00fcr queere Geschichte\",\"isPartOf\":{\"@id\":\"https:\\\/\\\/www.qwien.at\\\/en\\\/#website\"},\"primaryImageOfPage\":{\"@id\":\"https:\\\/\\\/www.qwien.at\\\/en\\\/qwien-books\\\/bucher-kurz\\\/#primaryimage\"},\"image\":{\"@id\":\"https:\\\/\\\/www.qwien.at\\\/en\\\/qwien-books\\\/bucher-kurz\\\/#primaryimage\"},\"thumbnailUrl\":\"https:\\\/\\\/www.qwien.at\\\/wp-content\\\/uploads\\\/2012\\\/03\\\/Erst-Recht.jpg\",\"datePublished\":\"2025-07-15T19:37:01+00:00\",\"breadcrumb\":{\"@id\":\"https:\\\/\\\/www.qwien.at\\\/en\\\/qwien-books\\\/bucher-kurz\\\/#breadcrumb\"},\"inLanguage\":\"en-US\",\"potentialAction\":[{\"@type\":\"ReadAction\",\"target\":[\"https:\\\/\\\/www.qwien.at\\\/en\\\/qwien-books\\\/bucher-kurz\\\/\"]}]},{\"@type\":\"ImageObject\",\"inLanguage\":\"en-US\",\"@id\":\"https:\\\/\\\/www.qwien.at\\\/en\\\/qwien-books\\\/bucher-kurz\\\/#primaryimage\",\"url\":\"https:\\\/\\\/www.qwien.at\\\/wp-content\\\/uploads\\\/2012\\\/03\\\/Erst-Recht.jpg\",\"contentUrl\":\"https:\\\/\\\/www.qwien.at\\\/wp-content\\\/uploads\\\/2012\\\/03\\\/Erst-Recht.jpg\"},{\"@type\":\"BreadcrumbList\",\"@id\":\"https:\\\/\\\/www.qwien.at\\\/en\\\/qwien-books\\\/bucher-kurz\\\/#breadcrumb\",\"itemListElement\":[{\"@type\":\"ListItem\",\"position\":1,\"name\":\"Startseite\",\"item\":\"https:\\\/\\\/www.qwien.at\\\/en\\\/\"},{\"@type\":\"ListItem\",\"position\":2,\"name\":\"B\u00fccher kurz\"}]},{\"@type\":\"WebSite\",\"@id\":\"https:\\\/\\\/www.qwien.at\\\/en\\\/#website\",\"url\":\"https:\\\/\\\/www.qwien.at\\\/en\\\/\",\"name\":\"Qwien - Zentrum f\u00fcr queere Geschichte\",\"description\":\"\",\"publisher\":{\"@id\":\"https:\\\/\\\/www.qwien.at\\\/en\\\/#organization\"},\"potentialAction\":[{\"@type\":\"SearchAction\",\"target\":{\"@type\":\"EntryPoint\",\"urlTemplate\":\"https:\\\/\\\/www.qwien.at\\\/en\\\/?s={search_term_string}\"},\"query-input\":{\"@type\":\"PropertyValueSpecification\",\"valueRequired\":true,\"valueName\":\"search_term_string\"}}],\"inLanguage\":\"en-US\"},{\"@type\":\"Organization\",\"@id\":\"https:\\\/\\\/www.qwien.at\\\/en\\\/#organization\",\"name\":\"Qwien\",\"url\":\"https:\\\/\\\/www.qwien.at\\\/en\\\/\",\"logo\":{\"@type\":\"ImageObject\",\"inLanguage\":\"en-US\",\"@id\":\"https:\\\/\\\/www.qwien.at\\\/en\\\/#\\\/schema\\\/logo\\\/image\\\/\",\"url\":\"https:\\\/\\\/www.qwien.at\\\/wp-content\\\/uploads\\\/2025\\\/06\\\/seo-yoast-2.png\",\"contentUrl\":\"https:\\\/\\\/www.qwien.at\\\/wp-content\\\/uploads\\\/2025\\\/06\\\/seo-yoast-2.png\",\"width\":697,\"height\":697,\"caption\":\"Qwien\"},\"image\":{\"@id\":\"https:\\\/\\\/www.qwien.at\\\/en\\\/#\\\/schema\\\/logo\\\/image\\\/\"},\"sameAs\":[\"https:\\\/\\\/www.instagram.com\\\/qwien.zentrum\\\/\"]},{\"@type\":\"Person\",\"@id\":\"https:\\\/\\\/www.qwien.at\\\/en\\\/#\\\/schema\\\/person\\\/d3fe9114b43d8e5a558a6d20ca3e2920\",\"name\":\"Andreas Brunner\"}]}<\/script>\n<!-- \/ Yoast SEO plugin. -->","yoast_head_json":{"title":"B\u00fccher kurz - Blog - Qwien - Zentrum f\u00fcr queere Geschichte","robots":{"index":"index","follow":"follow","max-snippet":"max-snippet:-1","max-image-preview":"max-image-preview:large","max-video-preview":"max-video-preview:-1"},"canonical":"https:\/\/www.qwien.at\/en\/qwien-books\/bucher-kurz\/","og_locale":"en_US","og_type":"article","og_title":"B\u00fccher kurz - Blog - Qwien - Zentrum f\u00fcr queere Geschichte","og_url":"https:\/\/www.qwien.at\/en\/qwien-books\/bucher-kurz\/","og_site_name":"Qwien - Zentrum f\u00fcr queere Geschichte","article_published_time":"2025-07-15T19:37:01+00:00","og_image":[{"width":183,"height":300,"url":"https:\/\/www.qwien.at\/wp-content\/uploads\/2012\/03\/Erst-Recht.jpg","type":"image\/jpeg"}],"author":"Andreas Brunner","twitter_card":"summary_large_image","twitter_misc":{"Written by":"Andreas Brunner","Est. reading time":"7 minutes"},"schema":{"@context":"https:\/\/schema.org","@graph":[{"@type":["Article","BlogPosting"],"@id":"https:\/\/www.qwien.at\/en\/qwien-books\/bucher-kurz\/#article","isPartOf":{"@id":"https:\/\/www.qwien.at\/en\/qwien-books\/bucher-kurz\/"},"author":{"name":"Andreas Brunner","@id":"https:\/\/www.qwien.at\/en\/#\/schema\/person\/d3fe9114b43d8e5a558a6d20ca3e2920"},"headline":"B\u00fccher kurz","datePublished":"2025-07-15T19:37:01+00:00","mainEntityOfPage":{"@id":"https:\/\/www.qwien.at\/en\/qwien-books\/bucher-kurz\/"},"wordCount":1467,"publisher":{"@id":"https:\/\/www.qwien.at\/en\/#organization"},"image":{"@id":"https:\/\/www.qwien.at\/en\/qwien-books\/bucher-kurz\/#primaryimage"},"thumbnailUrl":"https:\/\/www.qwien.at\/wp-content\/uploads\/2012\/03\/Erst-Recht.jpg","articleSection":["Books","Literature archive"],"inLanguage":"en-US"},{"@type":"WebPage","@id":"https:\/\/www.qwien.at\/en\/qwien-books\/bucher-kurz\/","url":"https:\/\/www.qwien.at\/en\/qwien-books\/bucher-kurz\/","name":"B\u00fccher kurz - Blog - Qwien - Zentrum f\u00fcr queere Geschichte","isPartOf":{"@id":"https:\/\/www.qwien.at\/en\/#website"},"primaryImageOfPage":{"@id":"https:\/\/www.qwien.at\/en\/qwien-books\/bucher-kurz\/#primaryimage"},"image":{"@id":"https:\/\/www.qwien.at\/en\/qwien-books\/bucher-kurz\/#primaryimage"},"thumbnailUrl":"https:\/\/www.qwien.at\/wp-content\/uploads\/2012\/03\/Erst-Recht.jpg","datePublished":"2025-07-15T19:37:01+00:00","breadcrumb":{"@id":"https:\/\/www.qwien.at\/en\/qwien-books\/bucher-kurz\/#breadcrumb"},"inLanguage":"en-US","potentialAction":[{"@type":"ReadAction","target":["https:\/\/www.qwien.at\/en\/qwien-books\/bucher-kurz\/"]}]},{"@type":"ImageObject","inLanguage":"en-US","@id":"https:\/\/www.qwien.at\/en\/qwien-books\/bucher-kurz\/#primaryimage","url":"https:\/\/www.qwien.at\/wp-content\/uploads\/2012\/03\/Erst-Recht.jpg","contentUrl":"https:\/\/www.qwien.at\/wp-content\/uploads\/2012\/03\/Erst-Recht.jpg"},{"@type":"BreadcrumbList","@id":"https:\/\/www.qwien.at\/en\/qwien-books\/bucher-kurz\/#breadcrumb","itemListElement":[{"@type":"ListItem","position":1,"name":"Startseite","item":"https:\/\/www.qwien.at\/en\/"},{"@type":"ListItem","position":2,"name":"B\u00fccher kurz"}]},{"@type":"WebSite","@id":"https:\/\/www.qwien.at\/en\/#website","url":"https:\/\/www.qwien.at\/en\/","name":"Qwien - Zentrum f\u00fcr queere Geschichte","description":"","publisher":{"@id":"https:\/\/www.qwien.at\/en\/#organization"},"potentialAction":[{"@type":"SearchAction","target":{"@type":"EntryPoint","urlTemplate":"https:\/\/www.qwien.at\/en\/?s={search_term_string}"},"query-input":{"@type":"PropertyValueSpecification","valueRequired":true,"valueName":"search_term_string"}}],"inLanguage":"en-US"},{"@type":"Organization","@id":"https:\/\/www.qwien.at\/en\/#organization","name":"Qwien","url":"https:\/\/www.qwien.at\/en\/","logo":{"@type":"ImageObject","inLanguage":"en-US","@id":"https:\/\/www.qwien.at\/en\/#\/schema\/logo\/image\/","url":"https:\/\/www.qwien.at\/wp-content\/uploads\/2025\/06\/seo-yoast-2.png","contentUrl":"https:\/\/www.qwien.at\/wp-content\/uploads\/2025\/06\/seo-yoast-2.png","width":697,"height":697,"caption":"Qwien"},"image":{"@id":"https:\/\/www.qwien.at\/en\/#\/schema\/logo\/image\/"},"sameAs":["https:\/\/www.instagram.com\/qwien.zentrum\/"]},{"@type":"Person","@id":"https:\/\/www.qwien.at\/en\/#\/schema\/person\/d3fe9114b43d8e5a558a6d20ca3e2920","name":"Andreas Brunner"}]}},"_links":{"self":[{"href":"https:\/\/www.qwien.at\/en\/wp-json\/wp\/v2\/posts\/11261","targetHints":{"allow":["GET"]}}],"collection":[{"href":"https:\/\/www.qwien.at\/en\/wp-json\/wp\/v2\/posts"}],"about":[{"href":"https:\/\/www.qwien.at\/en\/wp-json\/wp\/v2\/types\/post"}],"author":[{"embeddable":true,"href":"https:\/\/www.qwien.at\/en\/wp-json\/wp\/v2\/users\/4"}],"replies":[{"embeddable":true,"href":"https:\/\/www.qwien.at\/en\/wp-json\/wp\/v2\/comments?post=11261"}],"version-history":[{"count":0,"href":"https:\/\/www.qwien.at\/en\/wp-json\/wp\/v2\/posts\/11261\/revisions"}],"wp:attachment":[{"href":"https:\/\/www.qwien.at\/en\/wp-json\/wp\/v2\/media?parent=11261"}],"wp:term":[{"taxonomy":"category","embeddable":true,"href":"https:\/\/www.qwien.at\/en\/wp-json\/wp\/v2\/categories?post=11261"},{"taxonomy":"post_tag","embeddable":true,"href":"https:\/\/www.qwien.at\/en\/wp-json\/wp\/v2\/tags?post=11261"}],"curies":[{"name":"wp","href":"https:\/\/api.w.org\/{rel}","templated":true}]}}