{"id":11266,"date":"2025-07-15T21:37:01","date_gmt":"2025-07-15T19:37:01","guid":{"rendered":"https:\/\/www.qwien.at\/nicht-kategorisiert\/korperbilder-im-nationalsozialismus\/"},"modified":"2025-07-15T21:37:01","modified_gmt":"2025-07-15T19:37:01","slug":"korperbilder-im-nationalsozialismus","status":"publish","type":"post","link":"https:\/\/www.qwien.at\/en\/qwien-tipp\/korperbilder-im-nationalsozialismus\/","title":{"rendered":"K\u00f6rperbilder im Nationalsozialismus"},"content":{"rendered":"<p><strong>Die Schweizer Gender-Forscherin Elke Frietsch h\u00e4lt in Wien einen Vortrag \u00fcber das weibliche K\u00f6rperbild in der NS-Zeit.<\/strong><\/p>\n<p><a href=\"https:\/\/www.qwien.at\/wp-content\/uploads\/2012\/03\/DasSchwarzeKorps1937-199x300.jpg\"><img loading=\"lazy\" decoding=\"async\" class=\"size-medium wp-image-1459 alignleft\" title=\"DasSchwarzeKorps1937\" src=\"https:\/\/www.qwien.at\/wp-content\/uploads\/2012\/03\/DasSchwarzeKorps1937-199x300.jpg\" sizes=\"auto, (max-width: 199px) 100vw, 199px\" srcset=\"http:\/\/www.qwien.at\/wp-content\/uploads\/2012\/03\/DasSchwarzeKorps1937-199x300.jpg 199w, http:\/\/www.qwien.at\/wp-content\/uploads\/2012\/03\/DasSchwarzeKorps1937.jpg 200w\" alt=\"\" width=\"199\" height=\"300\" \/><\/a><\/p>\n<p>1935 schrieb ein Autor im \u201eSchwarzen Korps\u201c, der Zeitschrift der SS, dass sich am k\u00fcnstlerischen Abbild des nackten weiblichen K\u00f6rpers die Werte der Gesellschaft offenbaren w\u00fcrden. \u00c4hnliche Artikel erschienen im Nationalsozialismus zu Hauf. Ausgehend von dieser Beobachtung m\u00f6chte ich in meinem Vortrag fragen, welche Funktionen der Kunst im Nationalsozialismus zukamen und wie diese mit K\u00f6rper- und Geschlechterbildern zusammenhingen. Zun\u00e4chst werde ich auf Vorl\u00e4ufer der nationalsozialistischen Kunst und Rassenpolitik aus der Zeit um 1900 eingehen. Besonders in den Blick nehme ich dabei die Diskurse um die Sch\u00f6nheit und Nat\u00fcrlichkeit des weiblichen K\u00f6rpers. Bei meiner Analyse st\u00fctze ich mich auf Michel Foucaults Begriffe der Biomacht, der Biopolitik und der K\u00f6rpertechnologien. Im Anschluss daran werde ich auf Imaginationen \u00fcber die Stellung der Frau in den 1930er Jahren eingehen. Im n\u00e4chsten Schritt werde ich untersuchen, wie w\u00e4hrend des ,Dritten Reiches\u2018 weibliche Sch\u00f6nheit im Vergleich zu m\u00e4nnlicher Sch\u00f6nheit definiert wurde. Wie formierten sich an Bildern sch\u00f6ner und ,h\u00e4\u00dflicher\u2018 K\u00f6rper das Eigene, das Andere und Verworfene? Welche Rolle spielte dabei die Kategorie Geschlecht? (Text Elke Frietsch)\u00a0<strong>Vortrag:<\/strong>\u00a0\u201eK\u00f6rperbild im Nationalsozialismus\u201c von Elke Frietsch, Gender Studies, Universit\u00e4t Z\u00fcrich. Im Rahmen der Veranstaltungreihe \u201eOpfer, T\u00e4ter*innen, Zuschauer*innen, Mitl\u00e4ufer*innen, Widerstandsk\u00e4mper*innen? Nationalsozialismus aus feministischen Perspektiven\u201c\u00a0<strong>Donnerstag, 29.3.2012<\/strong>, 18 Uhr, Seminarraum IE, Institut f\u00fcr Afrikawissenschaften, Campus AAKH Hof 5, Spitalgasse 2-4, 1090 Wien Mehr Informationen\u00a0<a href=\"http:\/\/feministischeperspektiven.wordpress.com\/das-projekt\/\">hier.<\/a><\/p>\n","protected":false},"excerpt":{"rendered":"<p>\t\t\t\t<![CDATA[]]>\t\t<\/p>\n","protected":false},"author":4,"featured_media":0,"comment_status":"closed","ping_status":"open","sticky":false,"template":"","format":"standard","meta":{"_acf_changed":false,"footnotes":""},"categories":[275,276],"tags":[],"class_list":["post-11266","post","type-post","status-publish","format-standard","hentry","category-qwien-tipp","category-webarchive","grve-entry-item","grve-blog-item"],"acf":[],"yoast_head":"<!-- This site is optimized with the Yoast SEO plugin v27.5 - https:\/\/yoast.com\/product\/yoast-seo-wordpress\/ -->\n<title>K\u00f6rperbilder im Nationalsozialismus - Blog - Qwien - Zentrum f\u00fcr queere Geschichte<\/title>\n<meta name=\"robots\" content=\"index, follow, max-snippet:-1, max-image-preview:large, max-video-preview:-1\" \/>\n<link rel=\"canonical\" href=\"https:\/\/www.qwien.at\/en\/qwien-tipp\/korperbilder-im-nationalsozialismus\/\" \/>\n<meta property=\"og:locale\" content=\"en_US\" \/>\n<meta property=\"og:type\" content=\"article\" \/>\n<meta property=\"og:title\" content=\"K\u00f6rperbilder im Nationalsozialismus - Blog - Qwien - Zentrum f\u00fcr queere Geschichte\" \/>\n<meta property=\"og:url\" content=\"https:\/\/www.qwien.at\/en\/qwien-tipp\/korperbilder-im-nationalsozialismus\/\" \/>\n<meta property=\"og:site_name\" content=\"Qwien - Zentrum f\u00fcr queere Geschichte\" \/>\n<meta property=\"article:published_time\" content=\"2025-07-15T19:37:01+00:00\" \/>\n<meta property=\"og:image\" content=\"https:\/\/www.qwien.at\/wp-content\/uploads\/2012\/03\/DasSchwarzeKorps1937.jpg\" \/>\n\t<meta property=\"og:image:width\" content=\"200\" \/>\n\t<meta property=\"og:image:height\" content=\"301\" \/>\n\t<meta property=\"og:image:type\" content=\"image\/jpeg\" \/>\n<meta name=\"author\" content=\"Andreas Brunner\" \/>\n<meta name=\"twitter:card\" content=\"summary_large_image\" \/>\n<meta name=\"twitter:label1\" content=\"Written by\" \/>\n\t<meta name=\"twitter:data1\" content=\"Andreas Brunner\" \/>\n\t<meta name=\"twitter:label2\" content=\"Est. reading time\" \/>\n\t<meta name=\"twitter:data2\" content=\"1 minute\" \/>\n<script type=\"application\/ld+json\" class=\"yoast-schema-graph\">{\"@context\":\"https:\\\/\\\/schema.org\",\"@graph\":[{\"@type\":[\"Article\",\"BlogPosting\"],\"@id\":\"https:\\\/\\\/www.qwien.at\\\/en\\\/qwien-tipp\\\/korperbilder-im-nationalsozialismus\\\/#article\",\"isPartOf\":{\"@id\":\"https:\\\/\\\/www.qwien.at\\\/en\\\/qwien-tipp\\\/korperbilder-im-nationalsozialismus\\\/\"},\"author\":{\"name\":\"Andreas Brunner\",\"@id\":\"https:\\\/\\\/www.qwien.at\\\/en\\\/#\\\/schema\\\/person\\\/d3fe9114b43d8e5a558a6d20ca3e2920\"},\"headline\":\"K\u00f6rperbilder im Nationalsozialismus\",\"datePublished\":\"2025-07-15T19:37:01+00:00\",\"mainEntityOfPage\":{\"@id\":\"https:\\\/\\\/www.qwien.at\\\/en\\\/qwien-tipp\\\/korperbilder-im-nationalsozialismus\\\/\"},\"wordCount\":262,\"publisher\":{\"@id\":\"https:\\\/\\\/www.qwien.at\\\/en\\\/#organization\"},\"image\":{\"@id\":\"https:\\\/\\\/www.qwien.at\\\/en\\\/qwien-tipp\\\/korperbilder-im-nationalsozialismus\\\/#primaryimage\"},\"thumbnailUrl\":\"https:\\\/\\\/www.qwien.at\\\/wp-content\\\/uploads\\\/2012\\\/03\\\/DasSchwarzeKorps1937-199x300.jpg\",\"articleSection\":[\"Tipp\",\"Webarchiv\"],\"inLanguage\":\"en-US\"},{\"@type\":\"WebPage\",\"@id\":\"https:\\\/\\\/www.qwien.at\\\/en\\\/qwien-tipp\\\/korperbilder-im-nationalsozialismus\\\/\",\"url\":\"https:\\\/\\\/www.qwien.at\\\/en\\\/qwien-tipp\\\/korperbilder-im-nationalsozialismus\\\/\",\"name\":\"K\u00f6rperbilder im Nationalsozialismus - Blog - Qwien - Zentrum f\u00fcr queere Geschichte\",\"isPartOf\":{\"@id\":\"https:\\\/\\\/www.qwien.at\\\/en\\\/#website\"},\"primaryImageOfPage\":{\"@id\":\"https:\\\/\\\/www.qwien.at\\\/en\\\/qwien-tipp\\\/korperbilder-im-nationalsozialismus\\\/#primaryimage\"},\"image\":{\"@id\":\"https:\\\/\\\/www.qwien.at\\\/en\\\/qwien-tipp\\\/korperbilder-im-nationalsozialismus\\\/#primaryimage\"},\"thumbnailUrl\":\"https:\\\/\\\/www.qwien.at\\\/wp-content\\\/uploads\\\/2012\\\/03\\\/DasSchwarzeKorps1937-199x300.jpg\",\"datePublished\":\"2025-07-15T19:37:01+00:00\",\"breadcrumb\":{\"@id\":\"https:\\\/\\\/www.qwien.at\\\/en\\\/qwien-tipp\\\/korperbilder-im-nationalsozialismus\\\/#breadcrumb\"},\"inLanguage\":\"en-US\",\"potentialAction\":[{\"@type\":\"ReadAction\",\"target\":[\"https:\\\/\\\/www.qwien.at\\\/en\\\/qwien-tipp\\\/korperbilder-im-nationalsozialismus\\\/\"]}]},{\"@type\":\"ImageObject\",\"inLanguage\":\"en-US\",\"@id\":\"https:\\\/\\\/www.qwien.at\\\/en\\\/qwien-tipp\\\/korperbilder-im-nationalsozialismus\\\/#primaryimage\",\"url\":\"https:\\\/\\\/www.qwien.at\\\/wp-content\\\/uploads\\\/2012\\\/03\\\/DasSchwarzeKorps1937-199x300.jpg\",\"contentUrl\":\"https:\\\/\\\/www.qwien.at\\\/wp-content\\\/uploads\\\/2012\\\/03\\\/DasSchwarzeKorps1937-199x300.jpg\"},{\"@type\":\"BreadcrumbList\",\"@id\":\"https:\\\/\\\/www.qwien.at\\\/en\\\/qwien-tipp\\\/korperbilder-im-nationalsozialismus\\\/#breadcrumb\",\"itemListElement\":[{\"@type\":\"ListItem\",\"position\":1,\"name\":\"Startseite\",\"item\":\"https:\\\/\\\/www.qwien.at\\\/en\\\/\"},{\"@type\":\"ListItem\",\"position\":2,\"name\":\"K\u00f6rperbilder im Nationalsozialismus\"}]},{\"@type\":\"WebSite\",\"@id\":\"https:\\\/\\\/www.qwien.at\\\/en\\\/#website\",\"url\":\"https:\\\/\\\/www.qwien.at\\\/en\\\/\",\"name\":\"Qwien - Zentrum f\u00fcr queere Geschichte\",\"description\":\"\",\"publisher\":{\"@id\":\"https:\\\/\\\/www.qwien.at\\\/en\\\/#organization\"},\"potentialAction\":[{\"@type\":\"SearchAction\",\"target\":{\"@type\":\"EntryPoint\",\"urlTemplate\":\"https:\\\/\\\/www.qwien.at\\\/en\\\/?s={search_term_string}\"},\"query-input\":{\"@type\":\"PropertyValueSpecification\",\"valueRequired\":true,\"valueName\":\"search_term_string\"}}],\"inLanguage\":\"en-US\"},{\"@type\":\"Organization\",\"@id\":\"https:\\\/\\\/www.qwien.at\\\/en\\\/#organization\",\"name\":\"Qwien\",\"url\":\"https:\\\/\\\/www.qwien.at\\\/en\\\/\",\"logo\":{\"@type\":\"ImageObject\",\"inLanguage\":\"en-US\",\"@id\":\"https:\\\/\\\/www.qwien.at\\\/en\\\/#\\\/schema\\\/logo\\\/image\\\/\",\"url\":\"https:\\\/\\\/www.qwien.at\\\/wp-content\\\/uploads\\\/2025\\\/06\\\/seo-yoast-2.png\",\"contentUrl\":\"https:\\\/\\\/www.qwien.at\\\/wp-content\\\/uploads\\\/2025\\\/06\\\/seo-yoast-2.png\",\"width\":697,\"height\":697,\"caption\":\"Qwien\"},\"image\":{\"@id\":\"https:\\\/\\\/www.qwien.at\\\/en\\\/#\\\/schema\\\/logo\\\/image\\\/\"},\"sameAs\":[\"https:\\\/\\\/www.instagram.com\\\/qwien.zentrum\\\/\"]},{\"@type\":\"Person\",\"@id\":\"https:\\\/\\\/www.qwien.at\\\/en\\\/#\\\/schema\\\/person\\\/d3fe9114b43d8e5a558a6d20ca3e2920\",\"name\":\"Andreas Brunner\"}]}<\/script>\n<!-- \/ Yoast SEO plugin. -->","yoast_head_json":{"title":"K\u00f6rperbilder im Nationalsozialismus - Blog - Qwien - Zentrum f\u00fcr queere Geschichte","robots":{"index":"index","follow":"follow","max-snippet":"max-snippet:-1","max-image-preview":"max-image-preview:large","max-video-preview":"max-video-preview:-1"},"canonical":"https:\/\/www.qwien.at\/en\/qwien-tipp\/korperbilder-im-nationalsozialismus\/","og_locale":"en_US","og_type":"article","og_title":"K\u00f6rperbilder im Nationalsozialismus - Blog - Qwien - Zentrum f\u00fcr queere Geschichte","og_url":"https:\/\/www.qwien.at\/en\/qwien-tipp\/korperbilder-im-nationalsozialismus\/","og_site_name":"Qwien - Zentrum f\u00fcr queere Geschichte","article_published_time":"2025-07-15T19:37:01+00:00","og_image":[{"width":200,"height":301,"url":"https:\/\/www.qwien.at\/wp-content\/uploads\/2012\/03\/DasSchwarzeKorps1937.jpg","type":"image\/jpeg"}],"author":"Andreas Brunner","twitter_card":"summary_large_image","twitter_misc":{"Written by":"Andreas Brunner","Est. reading time":"1 minute"},"schema":{"@context":"https:\/\/schema.org","@graph":[{"@type":["Article","BlogPosting"],"@id":"https:\/\/www.qwien.at\/en\/qwien-tipp\/korperbilder-im-nationalsozialismus\/#article","isPartOf":{"@id":"https:\/\/www.qwien.at\/en\/qwien-tipp\/korperbilder-im-nationalsozialismus\/"},"author":{"name":"Andreas Brunner","@id":"https:\/\/www.qwien.at\/en\/#\/schema\/person\/d3fe9114b43d8e5a558a6d20ca3e2920"},"headline":"K\u00f6rperbilder im Nationalsozialismus","datePublished":"2025-07-15T19:37:01+00:00","mainEntityOfPage":{"@id":"https:\/\/www.qwien.at\/en\/qwien-tipp\/korperbilder-im-nationalsozialismus\/"},"wordCount":262,"publisher":{"@id":"https:\/\/www.qwien.at\/en\/#organization"},"image":{"@id":"https:\/\/www.qwien.at\/en\/qwien-tipp\/korperbilder-im-nationalsozialismus\/#primaryimage"},"thumbnailUrl":"https:\/\/www.qwien.at\/wp-content\/uploads\/2012\/03\/DasSchwarzeKorps1937-199x300.jpg","articleSection":["Tipp","Webarchiv"],"inLanguage":"en-US"},{"@type":"WebPage","@id":"https:\/\/www.qwien.at\/en\/qwien-tipp\/korperbilder-im-nationalsozialismus\/","url":"https:\/\/www.qwien.at\/en\/qwien-tipp\/korperbilder-im-nationalsozialismus\/","name":"K\u00f6rperbilder im Nationalsozialismus - Blog - Qwien - Zentrum f\u00fcr queere Geschichte","isPartOf":{"@id":"https:\/\/www.qwien.at\/en\/#website"},"primaryImageOfPage":{"@id":"https:\/\/www.qwien.at\/en\/qwien-tipp\/korperbilder-im-nationalsozialismus\/#primaryimage"},"image":{"@id":"https:\/\/www.qwien.at\/en\/qwien-tipp\/korperbilder-im-nationalsozialismus\/#primaryimage"},"thumbnailUrl":"https:\/\/www.qwien.at\/wp-content\/uploads\/2012\/03\/DasSchwarzeKorps1937-199x300.jpg","datePublished":"2025-07-15T19:37:01+00:00","breadcrumb":{"@id":"https:\/\/www.qwien.at\/en\/qwien-tipp\/korperbilder-im-nationalsozialismus\/#breadcrumb"},"inLanguage":"en-US","potentialAction":[{"@type":"ReadAction","target":["https:\/\/www.qwien.at\/en\/qwien-tipp\/korperbilder-im-nationalsozialismus\/"]}]},{"@type":"ImageObject","inLanguage":"en-US","@id":"https:\/\/www.qwien.at\/en\/qwien-tipp\/korperbilder-im-nationalsozialismus\/#primaryimage","url":"https:\/\/www.qwien.at\/wp-content\/uploads\/2012\/03\/DasSchwarzeKorps1937-199x300.jpg","contentUrl":"https:\/\/www.qwien.at\/wp-content\/uploads\/2012\/03\/DasSchwarzeKorps1937-199x300.jpg"},{"@type":"BreadcrumbList","@id":"https:\/\/www.qwien.at\/en\/qwien-tipp\/korperbilder-im-nationalsozialismus\/#breadcrumb","itemListElement":[{"@type":"ListItem","position":1,"name":"Startseite","item":"https:\/\/www.qwien.at\/en\/"},{"@type":"ListItem","position":2,"name":"K\u00f6rperbilder im Nationalsozialismus"}]},{"@type":"WebSite","@id":"https:\/\/www.qwien.at\/en\/#website","url":"https:\/\/www.qwien.at\/en\/","name":"Qwien - Zentrum f\u00fcr queere Geschichte","description":"","publisher":{"@id":"https:\/\/www.qwien.at\/en\/#organization"},"potentialAction":[{"@type":"SearchAction","target":{"@type":"EntryPoint","urlTemplate":"https:\/\/www.qwien.at\/en\/?s={search_term_string}"},"query-input":{"@type":"PropertyValueSpecification","valueRequired":true,"valueName":"search_term_string"}}],"inLanguage":"en-US"},{"@type":"Organization","@id":"https:\/\/www.qwien.at\/en\/#organization","name":"Qwien","url":"https:\/\/www.qwien.at\/en\/","logo":{"@type":"ImageObject","inLanguage":"en-US","@id":"https:\/\/www.qwien.at\/en\/#\/schema\/logo\/image\/","url":"https:\/\/www.qwien.at\/wp-content\/uploads\/2025\/06\/seo-yoast-2.png","contentUrl":"https:\/\/www.qwien.at\/wp-content\/uploads\/2025\/06\/seo-yoast-2.png","width":697,"height":697,"caption":"Qwien"},"image":{"@id":"https:\/\/www.qwien.at\/en\/#\/schema\/logo\/image\/"},"sameAs":["https:\/\/www.instagram.com\/qwien.zentrum\/"]},{"@type":"Person","@id":"https:\/\/www.qwien.at\/en\/#\/schema\/person\/d3fe9114b43d8e5a558a6d20ca3e2920","name":"Andreas Brunner"}]}},"_links":{"self":[{"href":"https:\/\/www.qwien.at\/en\/wp-json\/wp\/v2\/posts\/11266","targetHints":{"allow":["GET"]}}],"collection":[{"href":"https:\/\/www.qwien.at\/en\/wp-json\/wp\/v2\/posts"}],"about":[{"href":"https:\/\/www.qwien.at\/en\/wp-json\/wp\/v2\/types\/post"}],"author":[{"embeddable":true,"href":"https:\/\/www.qwien.at\/en\/wp-json\/wp\/v2\/users\/4"}],"replies":[{"embeddable":true,"href":"https:\/\/www.qwien.at\/en\/wp-json\/wp\/v2\/comments?post=11266"}],"version-history":[{"count":0,"href":"https:\/\/www.qwien.at\/en\/wp-json\/wp\/v2\/posts\/11266\/revisions"}],"wp:attachment":[{"href":"https:\/\/www.qwien.at\/en\/wp-json\/wp\/v2\/media?parent=11266"}],"wp:term":[{"taxonomy":"category","embeddable":true,"href":"https:\/\/www.qwien.at\/en\/wp-json\/wp\/v2\/categories?post=11266"},{"taxonomy":"post_tag","embeddable":true,"href":"https:\/\/www.qwien.at\/en\/wp-json\/wp\/v2\/tags?post=11266"}],"curies":[{"name":"wp","href":"https:\/\/api.w.org\/{rel}","templated":true}]}}