{"id":11269,"date":"2025-07-15T21:37:01","date_gmt":"2025-07-15T19:37:01","guid":{"rendered":"https:\/\/www.qwien.at\/nicht-kategorisiert\/fulminanter-start-von-identities\/"},"modified":"2025-07-15T21:37:01","modified_gmt":"2025-07-15T19:37:01","slug":"fulminanter-start-von-identities","status":"publish","type":"post","link":"https:\/\/www.qwien.at\/en\/qwien\/fulminanter-start-von-identities\/","title":{"rendered":"Fulminanter Start von IDENTITIES"},"content":{"rendered":"<p>Die neueste Ausgabe des queeren Filmfestivals IDENTITIES startete im ausverkauften Gartenbaukino mit einem gro\u00dfartig ber\u00fchrenden Dokumentarfilm. Gleichzeitig er\u00f6ffnet das Festivalcaf\u00e9 Edie und Marie seine Pforten. Zwei Frauen zwischen 70 und 80, die seit 42 Jahren in einer Beziehung leben: Edie und Thea. Sie lernten sich zu Beginn der 1960er Jahre kennen und lieben, in einer Zeit, als Homosexualit\u00e4t noch weithin gesellschaftlich ge\u00e4chtet war. F\u00fcr beide h\u00e4tte es das berufliche und soziale Aus bedeutet, w\u00e4re ihre Beziehung \u00f6ffentlich geworden. Aber sie lie\u00dfen sich nicht unterkriegen, ihre Liebe zum Tanzen und f\u00fcreinander lie\u00df sie alle Auf und Abs \u00fcberstehen. Beide machten Karriere, Edie als Computerspezialistin bei IBM, Thea als Psychotherapeutin und konnten sich schlie\u00dflich ein Leben in Wohlstand leisten, doch eines fehlte ihnen immer: die rechtliche Anerkennung ihrer Beziehung, ihrer lebenslangen Verbundenheit. Bis sich 2007 die M\u00f6glichkeit bot, in Kanada offiziell zu heiraten, was in Kanada auch m\u00f6glich ist, wenn man nicht kanadische Staatsb\u00fcrgerIn ist. Der Bundesstaat New York wiederum anerkennt diese Ehe, obwohl das Heiraten f\u00fcr gleichgeschlechtliche Paare selbst in New York nicht erlaubt ist. Eine ungew\u00f6hnliche rechtliche Situation. Das ist der Zeitpunkt, an dem die beiden Filmemacherinnen Susan Muska und Gr\u00e9ta \u00d3lafsd\u00f3ttir (<em>The Brandon Teena Story<\/em>, 1998) die beiden Frauen kennenlernen und beginnen, Material f\u00fcr einen Dokumentarfilm zu sammeln. Thea ist schwerkrank, leidet an multipler Sklerose und ist an den Rollstuhl gefesselt, Edie k\u00fcmmert sich liebevoll um ihre Lebenspartnerin. Mit einer unglaublichen Offenheit begegnen die beiden den jungen Regisseurinnen, erz\u00e4hlen aus einer Zeit, in der ihre Liebe noch verboten war, dem Aufbruch der Stonewall-\u00c4ra und von ihrer lebenslangen Leidenschaft f\u00fcreinander. Die lebenslustige Edie l\u00e4sst sich nicht unterkriegen, auch wenn das gemeinsame Leben mit der kranken Thea zusehends schwierig wird, Thea bewahrt trotz aller Schicksalsschl\u00e4ge ihren trockenen Humor. Kurz: Ein beeindruckendes Paar!\u00a0<em><a href=\"https:\/\/www.qwien.at\/wp-content\/uploads\/2011\/06\/Edie2.jpg\"><img loading=\"lazy\" decoding=\"async\" class=\"alignleft size-full wp-image-706\" title=\"Edie2\" src=\"https:\/\/www.qwien.at\/wp-content\/uploads\/2011\/06\/Edie2.jpg\" alt=\"\" width=\"209\" height=\"141\" \/><\/a>Edie &amp; Thea: A Very Long Engagement<\/em>\u00a0macht Mut, zeigt, dass es m\u00f6glich ist, auch als lesbische Frau (und nat\u00fcrlich auch als schwuler Mann) ein selbstbestimmtes Leben zu f\u00fchren. Dazu geh\u00f6rt Mut, auch ein Qu\u00e4ntchen Gewitzheit und die Gewissheit, dass die Partnerin\/der Partner ein wichtiger Teil des eigenen Lebens ist. (Und ja \u2013 beide sind sich ihrer privilegierten Stellung bewusst \u2013 Geld schadet nat\u00fcrlich auch nicht, weil die finanzielle Absicherung manches leichter macht.) Festivalleiterin Barbara Reum\u00fcller und ihr Team w\u00e4hlten mit\u00a0<em>Edie &amp; Thea<\/em>\u00a0den perfekten Er\u00f6ffnungsfilm. Mehr davon, bitte! Gleichzeitig mit dem Festivalstart er\u00f6ffnet das Festivalcaf\u00e9\u00a0<em>Edie und Marie<\/em>\u00a0in der Gro\u00dfen Neugasse 31 im 4. Bezirk, das auch nach dem Festival als Treffpunkt ge\u00f6ffnet bleiben soll. Wir freuen uns \u00fcber die neue Bar in der Nachbarschaft! Herzlich willkommen!<\/p>\n","protected":false},"excerpt":{"rendered":"<p>\t\t\t\t<![CDATA[]]>\t\t<\/p>\n","protected":false},"author":4,"featured_media":9557,"comment_status":"closed","ping_status":"open","sticky":false,"template":"","format":"standard","meta":{"_acf_changed":false,"footnotes":""},"categories":[272,275,276],"tags":[357,316,304],"class_list":["post-11269","post","type-post","status-publish","format-standard","has-post-thumbnail","hentry","category-qwien","category-qwien-tipp","category-webarchive","tag-film","tag-lesben","tag-rezension","grve-entry-item","grve-blog-item"],"acf":[],"yoast_head":"<!-- This site is optimized with the Yoast SEO plugin v27.5 - https:\/\/yoast.com\/product\/yoast-seo-wordpress\/ -->\n<title>Fulminanter Start von IDENTITIES - Blog - Qwien - Zentrum f\u00fcr queere Geschichte<\/title>\n<meta name=\"robots\" content=\"index, follow, max-snippet:-1, max-image-preview:large, max-video-preview:-1\" \/>\n<link rel=\"canonical\" href=\"https:\/\/www.qwien.at\/en\/qwien\/fulminanter-start-von-identities\/\" \/>\n<meta property=\"og:locale\" content=\"en_US\" \/>\n<meta property=\"og:type\" content=\"article\" \/>\n<meta property=\"og:title\" content=\"Fulminanter Start von IDENTITIES - Blog - Qwien - Zentrum f\u00fcr queere Geschichte\" \/>\n<meta property=\"og:url\" content=\"https:\/\/www.qwien.at\/en\/qwien\/fulminanter-start-von-identities\/\" \/>\n<meta property=\"og:site_name\" content=\"Qwien - Zentrum f\u00fcr queere Geschichte\" \/>\n<meta property=\"article:published_time\" content=\"2025-07-15T19:37:01+00:00\" \/>\n<meta property=\"og:image\" content=\"https:\/\/www.qwien.at\/wp-content\/uploads\/2011\/06\/Edie2.jpg\" \/>\n\t<meta property=\"og:image:width\" content=\"209\" \/>\n\t<meta property=\"og:image:height\" content=\"141\" \/>\n\t<meta property=\"og:image:type\" content=\"image\/jpeg\" \/>\n<meta name=\"author\" content=\"Andreas Brunner\" \/>\n<meta name=\"twitter:card\" content=\"summary_large_image\" \/>\n<meta name=\"twitter:label1\" content=\"Written by\" \/>\n\t<meta name=\"twitter:data1\" content=\"Andreas Brunner\" \/>\n\t<meta name=\"twitter:label2\" content=\"Est. reading time\" \/>\n\t<meta name=\"twitter:data2\" content=\"2 minutes\" \/>\n<script type=\"application\/ld+json\" class=\"yoast-schema-graph\">{\"@context\":\"https:\\\/\\\/schema.org\",\"@graph\":[{\"@type\":[\"Article\",\"BlogPosting\"],\"@id\":\"https:\\\/\\\/www.qwien.at\\\/en\\\/qwien\\\/fulminanter-start-von-identities\\\/#article\",\"isPartOf\":{\"@id\":\"https:\\\/\\\/www.qwien.at\\\/en\\\/qwien\\\/fulminanter-start-von-identities\\\/\"},\"author\":{\"name\":\"Andreas Brunner\",\"@id\":\"https:\\\/\\\/www.qwien.at\\\/en\\\/#\\\/schema\\\/person\\\/d3fe9114b43d8e5a558a6d20ca3e2920\"},\"headline\":\"Fulminanter Start von IDENTITIES\",\"datePublished\":\"2025-07-15T19:37:01+00:00\",\"mainEntityOfPage\":{\"@id\":\"https:\\\/\\\/www.qwien.at\\\/en\\\/qwien\\\/fulminanter-start-von-identities\\\/\"},\"wordCount\":454,\"publisher\":{\"@id\":\"https:\\\/\\\/www.qwien.at\\\/en\\\/#organization\"},\"image\":{\"@id\":\"https:\\\/\\\/www.qwien.at\\\/en\\\/qwien\\\/fulminanter-start-von-identities\\\/#primaryimage\"},\"thumbnailUrl\":\"https:\\\/\\\/www.qwien.at\\\/wp-content\\\/uploads\\\/2011\\\/06\\\/Edie1-1.jpg\",\"keywords\":[\"Film\",\"Lesben\",\"Rezension\"],\"articleSection\":[\"Qwien\",\"Tipp\",\"Webarchiv\"],\"inLanguage\":\"en-US\"},{\"@type\":\"WebPage\",\"@id\":\"https:\\\/\\\/www.qwien.at\\\/en\\\/qwien\\\/fulminanter-start-von-identities\\\/\",\"url\":\"https:\\\/\\\/www.qwien.at\\\/en\\\/qwien\\\/fulminanter-start-von-identities\\\/\",\"name\":\"Fulminanter Start von IDENTITIES - Blog - Qwien - Zentrum f\u00fcr queere Geschichte\",\"isPartOf\":{\"@id\":\"https:\\\/\\\/www.qwien.at\\\/en\\\/#website\"},\"primaryImageOfPage\":{\"@id\":\"https:\\\/\\\/www.qwien.at\\\/en\\\/qwien\\\/fulminanter-start-von-identities\\\/#primaryimage\"},\"image\":{\"@id\":\"https:\\\/\\\/www.qwien.at\\\/en\\\/qwien\\\/fulminanter-start-von-identities\\\/#primaryimage\"},\"thumbnailUrl\":\"https:\\\/\\\/www.qwien.at\\\/wp-content\\\/uploads\\\/2011\\\/06\\\/Edie1-1.jpg\",\"datePublished\":\"2025-07-15T19:37:01+00:00\",\"breadcrumb\":{\"@id\":\"https:\\\/\\\/www.qwien.at\\\/en\\\/qwien\\\/fulminanter-start-von-identities\\\/#breadcrumb\"},\"inLanguage\":\"en-US\",\"potentialAction\":[{\"@type\":\"ReadAction\",\"target\":[\"https:\\\/\\\/www.qwien.at\\\/en\\\/qwien\\\/fulminanter-start-von-identities\\\/\"]}]},{\"@type\":\"ImageObject\",\"inLanguage\":\"en-US\",\"@id\":\"https:\\\/\\\/www.qwien.at\\\/en\\\/qwien\\\/fulminanter-start-von-identities\\\/#primaryimage\",\"url\":\"https:\\\/\\\/www.qwien.at\\\/wp-content\\\/uploads\\\/2011\\\/06\\\/Edie1-1.jpg\",\"contentUrl\":\"https:\\\/\\\/www.qwien.at\\\/wp-content\\\/uploads\\\/2011\\\/06\\\/Edie1-1.jpg\",\"width\":900,\"height\":601},{\"@type\":\"BreadcrumbList\",\"@id\":\"https:\\\/\\\/www.qwien.at\\\/en\\\/qwien\\\/fulminanter-start-von-identities\\\/#breadcrumb\",\"itemListElement\":[{\"@type\":\"ListItem\",\"position\":1,\"name\":\"Startseite\",\"item\":\"https:\\\/\\\/www.qwien.at\\\/en\\\/\"},{\"@type\":\"ListItem\",\"position\":2,\"name\":\"Fulminanter Start von IDENTITIES\"}]},{\"@type\":\"WebSite\",\"@id\":\"https:\\\/\\\/www.qwien.at\\\/en\\\/#website\",\"url\":\"https:\\\/\\\/www.qwien.at\\\/en\\\/\",\"name\":\"Qwien - Zentrum f\u00fcr queere Geschichte\",\"description\":\"\",\"publisher\":{\"@id\":\"https:\\\/\\\/www.qwien.at\\\/en\\\/#organization\"},\"potentialAction\":[{\"@type\":\"SearchAction\",\"target\":{\"@type\":\"EntryPoint\",\"urlTemplate\":\"https:\\\/\\\/www.qwien.at\\\/en\\\/?s={search_term_string}\"},\"query-input\":{\"@type\":\"PropertyValueSpecification\",\"valueRequired\":true,\"valueName\":\"search_term_string\"}}],\"inLanguage\":\"en-US\"},{\"@type\":\"Organization\",\"@id\":\"https:\\\/\\\/www.qwien.at\\\/en\\\/#organization\",\"name\":\"Qwien\",\"url\":\"https:\\\/\\\/www.qwien.at\\\/en\\\/\",\"logo\":{\"@type\":\"ImageObject\",\"inLanguage\":\"en-US\",\"@id\":\"https:\\\/\\\/www.qwien.at\\\/en\\\/#\\\/schema\\\/logo\\\/image\\\/\",\"url\":\"https:\\\/\\\/www.qwien.at\\\/wp-content\\\/uploads\\\/2025\\\/06\\\/seo-yoast-2.png\",\"contentUrl\":\"https:\\\/\\\/www.qwien.at\\\/wp-content\\\/uploads\\\/2025\\\/06\\\/seo-yoast-2.png\",\"width\":697,\"height\":697,\"caption\":\"Qwien\"},\"image\":{\"@id\":\"https:\\\/\\\/www.qwien.at\\\/en\\\/#\\\/schema\\\/logo\\\/image\\\/\"},\"sameAs\":[\"https:\\\/\\\/www.instagram.com\\\/qwien.zentrum\\\/\"]},{\"@type\":\"Person\",\"@id\":\"https:\\\/\\\/www.qwien.at\\\/en\\\/#\\\/schema\\\/person\\\/d3fe9114b43d8e5a558a6d20ca3e2920\",\"name\":\"Andreas Brunner\"}]}<\/script>\n<!-- \/ Yoast SEO plugin. -->","yoast_head_json":{"title":"Fulminanter Start von IDENTITIES - Blog - Qwien - Zentrum f\u00fcr queere Geschichte","robots":{"index":"index","follow":"follow","max-snippet":"max-snippet:-1","max-image-preview":"max-image-preview:large","max-video-preview":"max-video-preview:-1"},"canonical":"https:\/\/www.qwien.at\/en\/qwien\/fulminanter-start-von-identities\/","og_locale":"en_US","og_type":"article","og_title":"Fulminanter Start von IDENTITIES - Blog - Qwien - Zentrum f\u00fcr queere Geschichte","og_url":"https:\/\/www.qwien.at\/en\/qwien\/fulminanter-start-von-identities\/","og_site_name":"Qwien - Zentrum f\u00fcr queere Geschichte","article_published_time":"2025-07-15T19:37:01+00:00","og_image":[{"width":209,"height":141,"url":"https:\/\/www.qwien.at\/wp-content\/uploads\/2011\/06\/Edie2.jpg","type":"image\/jpeg"}],"author":"Andreas Brunner","twitter_card":"summary_large_image","twitter_misc":{"Written by":"Andreas Brunner","Est. reading time":"2 minutes"},"schema":{"@context":"https:\/\/schema.org","@graph":[{"@type":["Article","BlogPosting"],"@id":"https:\/\/www.qwien.at\/en\/qwien\/fulminanter-start-von-identities\/#article","isPartOf":{"@id":"https:\/\/www.qwien.at\/en\/qwien\/fulminanter-start-von-identities\/"},"author":{"name":"Andreas Brunner","@id":"https:\/\/www.qwien.at\/en\/#\/schema\/person\/d3fe9114b43d8e5a558a6d20ca3e2920"},"headline":"Fulminanter Start von IDENTITIES","datePublished":"2025-07-15T19:37:01+00:00","mainEntityOfPage":{"@id":"https:\/\/www.qwien.at\/en\/qwien\/fulminanter-start-von-identities\/"},"wordCount":454,"publisher":{"@id":"https:\/\/www.qwien.at\/en\/#organization"},"image":{"@id":"https:\/\/www.qwien.at\/en\/qwien\/fulminanter-start-von-identities\/#primaryimage"},"thumbnailUrl":"https:\/\/www.qwien.at\/wp-content\/uploads\/2011\/06\/Edie1-1.jpg","keywords":["Film","Lesben","Rezension"],"articleSection":["Qwien","Tipp","Webarchiv"],"inLanguage":"en-US"},{"@type":"WebPage","@id":"https:\/\/www.qwien.at\/en\/qwien\/fulminanter-start-von-identities\/","url":"https:\/\/www.qwien.at\/en\/qwien\/fulminanter-start-von-identities\/","name":"Fulminanter Start von IDENTITIES - Blog - Qwien - Zentrum f\u00fcr queere Geschichte","isPartOf":{"@id":"https:\/\/www.qwien.at\/en\/#website"},"primaryImageOfPage":{"@id":"https:\/\/www.qwien.at\/en\/qwien\/fulminanter-start-von-identities\/#primaryimage"},"image":{"@id":"https:\/\/www.qwien.at\/en\/qwien\/fulminanter-start-von-identities\/#primaryimage"},"thumbnailUrl":"https:\/\/www.qwien.at\/wp-content\/uploads\/2011\/06\/Edie1-1.jpg","datePublished":"2025-07-15T19:37:01+00:00","breadcrumb":{"@id":"https:\/\/www.qwien.at\/en\/qwien\/fulminanter-start-von-identities\/#breadcrumb"},"inLanguage":"en-US","potentialAction":[{"@type":"ReadAction","target":["https:\/\/www.qwien.at\/en\/qwien\/fulminanter-start-von-identities\/"]}]},{"@type":"ImageObject","inLanguage":"en-US","@id":"https:\/\/www.qwien.at\/en\/qwien\/fulminanter-start-von-identities\/#primaryimage","url":"https:\/\/www.qwien.at\/wp-content\/uploads\/2011\/06\/Edie1-1.jpg","contentUrl":"https:\/\/www.qwien.at\/wp-content\/uploads\/2011\/06\/Edie1-1.jpg","width":900,"height":601},{"@type":"BreadcrumbList","@id":"https:\/\/www.qwien.at\/en\/qwien\/fulminanter-start-von-identities\/#breadcrumb","itemListElement":[{"@type":"ListItem","position":1,"name":"Startseite","item":"https:\/\/www.qwien.at\/en\/"},{"@type":"ListItem","position":2,"name":"Fulminanter Start von IDENTITIES"}]},{"@type":"WebSite","@id":"https:\/\/www.qwien.at\/en\/#website","url":"https:\/\/www.qwien.at\/en\/","name":"Qwien - Zentrum f\u00fcr queere Geschichte","description":"","publisher":{"@id":"https:\/\/www.qwien.at\/en\/#organization"},"potentialAction":[{"@type":"SearchAction","target":{"@type":"EntryPoint","urlTemplate":"https:\/\/www.qwien.at\/en\/?s={search_term_string}"},"query-input":{"@type":"PropertyValueSpecification","valueRequired":true,"valueName":"search_term_string"}}],"inLanguage":"en-US"},{"@type":"Organization","@id":"https:\/\/www.qwien.at\/en\/#organization","name":"Qwien","url":"https:\/\/www.qwien.at\/en\/","logo":{"@type":"ImageObject","inLanguage":"en-US","@id":"https:\/\/www.qwien.at\/en\/#\/schema\/logo\/image\/","url":"https:\/\/www.qwien.at\/wp-content\/uploads\/2025\/06\/seo-yoast-2.png","contentUrl":"https:\/\/www.qwien.at\/wp-content\/uploads\/2025\/06\/seo-yoast-2.png","width":697,"height":697,"caption":"Qwien"},"image":{"@id":"https:\/\/www.qwien.at\/en\/#\/schema\/logo\/image\/"},"sameAs":["https:\/\/www.instagram.com\/qwien.zentrum\/"]},{"@type":"Person","@id":"https:\/\/www.qwien.at\/en\/#\/schema\/person\/d3fe9114b43d8e5a558a6d20ca3e2920","name":"Andreas Brunner"}]}},"_links":{"self":[{"href":"https:\/\/www.qwien.at\/en\/wp-json\/wp\/v2\/posts\/11269","targetHints":{"allow":["GET"]}}],"collection":[{"href":"https:\/\/www.qwien.at\/en\/wp-json\/wp\/v2\/posts"}],"about":[{"href":"https:\/\/www.qwien.at\/en\/wp-json\/wp\/v2\/types\/post"}],"author":[{"embeddable":true,"href":"https:\/\/www.qwien.at\/en\/wp-json\/wp\/v2\/users\/4"}],"replies":[{"embeddable":true,"href":"https:\/\/www.qwien.at\/en\/wp-json\/wp\/v2\/comments?post=11269"}],"version-history":[{"count":0,"href":"https:\/\/www.qwien.at\/en\/wp-json\/wp\/v2\/posts\/11269\/revisions"}],"wp:featuredmedia":[{"embeddable":true,"href":"https:\/\/www.qwien.at\/en\/wp-json\/wp\/v2\/media\/9557"}],"wp:attachment":[{"href":"https:\/\/www.qwien.at\/en\/wp-json\/wp\/v2\/media?parent=11269"}],"wp:term":[{"taxonomy":"category","embeddable":true,"href":"https:\/\/www.qwien.at\/en\/wp-json\/wp\/v2\/categories?post=11269"},{"taxonomy":"post_tag","embeddable":true,"href":"https:\/\/www.qwien.at\/en\/wp-json\/wp\/v2\/tags?post=11269"}],"curies":[{"name":"wp","href":"https:\/\/api.w.org\/{rel}","templated":true}]}}