{"id":11270,"date":"2025-07-15T21:37:01","date_gmt":"2025-07-15T19:37:01","guid":{"rendered":"https:\/\/www.qwien.at\/nicht-kategorisiert\/veranstaltung-islam-und-sexualitat\/"},"modified":"2025-07-15T21:37:01","modified_gmt":"2025-07-15T19:37:01","slug":"veranstaltung-islam-und-sexualitat","status":"publish","type":"post","link":"https:\/\/www.qwien.at\/en\/qwien-tipp\/veranstaltung-islam-und-sexualitat\/","title":{"rendered":"Veranstaltung Islam und Sexualit\u00e4t"},"content":{"rendered":"<p><img loading=\"lazy\" decoding=\"async\" class=\"alignleft size-full wp-image-713\" title=\"Khamenei_Kiss\" src=\"https:\/\/www.qwien.at\/wp-content\/uploads\/2011\/06\/Khamenei_Kiss.jpg\" sizes=\"auto, (max-width: 256px) 100vw, 256px\" srcset=\"http:\/\/www.qwien.at\/wp-content\/uploads\/2011\/06\/Khamenei_Kiss.jpg 256w, http:\/\/www.qwien.at\/wp-content\/uploads\/2011\/06\/Khamenei_Kiss-255x300.jpg 255w\" alt=\"\" width=\"256\" height=\"301\" \/>Die Vortragsreihe \u201eIslam und Moderne \u2013 Emanzipatorische Ans\u00e4tze\u201c wird am\u00a0<strong>9. Juni 2011<\/strong>mit dem Thema \u201eIslam und Sexualit\u00e4t\u201c er\u00f6ffnet. Religi\u00f6se Autorit\u00e4ten erheben den Anspruch Sexualit\u00e4t normieren und reglementieren zu k\u00f6nnen, die Islaminterpretationen der Vortragenden hingegen versuchen Jungfr\u00e4ulichkeitsdogmen und Homophobie entgegenzutreten. Mit\u00a0<strong>Seyran Ates<\/strong>\u00a0\u2013 wurde 1963 in Istanbul geboren, ist eine Frauenrechtlerin und Autorin t\u00fcrkisch-kurdischer Herkunft, die sich als Rechtsanw\u00e4ltin in Berlin haupts\u00e4chlich mit Strafrecht und Familienrecht befasst und sich au\u00dferdem in der deutschen Ausl\u00e4nderpolitik engagiert. Seyran Ate\u015f war Mitglied der Deutschen Islamkonferenz und nahm am Integrationsgipfel der Bundesregierung teil. Seit der Ver\u00f6ffentlichung ihres Buch \u201eDer Islam braucht eine sexuelle Revolution\u201c hat sie sich aufgrund von massiven Drohungen aus der deutschen \u00d6ffentlichkeit zur\u00fcckgezogen. und\u00a0<strong>Andreas Ismail Mohr<\/strong>\u00a0\u2013 wurde 1964 in Deutschland geboren, konvertierte im Alter von siebzehn Jahren zum Islam, studierte Islamwissenschaft und vertritt eine Koraninterpretation, die von einer Vereinbarkeit von Homosexualit\u00e4t und Islam ausgeht.<strong>Zur Vortragsreihe:<\/strong>\u00a0Ziel der Reihe \u201eIslam und Moderne \u2013 Emanzipatorische Ans\u00e4tze\u201c ist es diese Vielfalt der Ans\u00e4tze emanzipatorischer Islaminterpretationen mit Public Lectures zu konkreten Themen und Fragestellungen in \u00d6sterreich bekannt zu machen. Dabei sollen sowohl Reformdebatten unter MuslimInnen angesto\u00dfen, als auch das Bild von einem monolithischen Islam unter Nicht-MuslimInnen aufgebrochen werden. Es geht vor allem darum, unter den vielf\u00e4ltigen Erscheinungs- und Lebensformen des Islam jene in der \u00f6sterreichischen \u00d6ffentlichkeit bekannt zu machen, denen eine umfassende Bejahung von Pluralismus, Demokratie und Menschenrechten zugrunde liegt.\u00a0<strong>Donnerstag, 9. Juni, 20 Uhr, Inst. Orientalistik, Univie, Altes AKH<\/strong>\u00a0<strong><a href=\"https:\/\/www.qwien.at\/wp-content\/uploads\/2011\/06\/lageplan_011-243x300.jpg\"><img loading=\"lazy\" decoding=\"async\" class=\"size-medium wp-image-715 alignright\" title=\"lageplan_01\" src=\"https:\/\/www.qwien.at\/wp-content\/uploads\/2011\/06\/lageplan_011-243x300.jpg\" sizes=\"auto, (max-width: 243px) 100vw, 243px\" srcset=\"http:\/\/www.qwien.at\/wp-content\/uploads\/2011\/06\/lageplan_011-243x300.jpg 243w, http:\/\/www.qwien.at\/wp-content\/uploads\/2011\/06\/lageplan_011.jpg 489w\" alt=\"\" width=\"243\" height=\"300\" \/><\/a><\/strong>Veranstaltet von: Verein Forum Emanzipatorischer Islam HUB Vienna Lindengasse 56\/Top 18-19, 1070 Wien<\/p>\n","protected":false},"excerpt":{"rendered":"<p>\t\t\t\t<![CDATA[]]>\t\t<\/p>\n","protected":false},"author":4,"featured_media":0,"comment_status":"closed","ping_status":"open","sticky":false,"template":"","format":"standard","meta":{"_acf_changed":false,"footnotes":""},"categories":[275,276],"tags":[],"class_list":["post-11270","post","type-post","status-publish","format-standard","hentry","category-qwien-tipp","category-webarchive","grve-entry-item","grve-blog-item"],"acf":[],"yoast_head":"<!-- This site is optimized with the Yoast SEO plugin v27.5 - https:\/\/yoast.com\/product\/yoast-seo-wordpress\/ -->\n<title>Veranstaltung Islam und Sexualit\u00e4t - Blog - Qwien - Zentrum f\u00fcr queere Geschichte<\/title>\n<meta name=\"robots\" content=\"index, follow, max-snippet:-1, max-image-preview:large, max-video-preview:-1\" \/>\n<link rel=\"canonical\" href=\"https:\/\/www.qwien.at\/en\/qwien-tipp\/veranstaltung-islam-und-sexualitat\/\" \/>\n<meta property=\"og:locale\" content=\"en_US\" \/>\n<meta property=\"og:type\" content=\"article\" \/>\n<meta property=\"og:title\" content=\"Veranstaltung Islam und Sexualit\u00e4t - Blog - Qwien - Zentrum f\u00fcr queere Geschichte\" \/>\n<meta property=\"og:url\" content=\"https:\/\/www.qwien.at\/en\/qwien-tipp\/veranstaltung-islam-und-sexualitat\/\" \/>\n<meta property=\"og:site_name\" content=\"Qwien - Zentrum f\u00fcr queere Geschichte\" \/>\n<meta property=\"article:published_time\" content=\"2025-07-15T19:37:01+00:00\" \/>\n<meta property=\"og:image\" content=\"https:\/\/www.qwien.at\/wp-content\/uploads\/2011\/06\/Khamenei_Kiss.jpg\" \/>\n\t<meta property=\"og:image:width\" content=\"256\" \/>\n\t<meta property=\"og:image:height\" content=\"301\" \/>\n\t<meta property=\"og:image:type\" content=\"image\/jpeg\" \/>\n<meta name=\"author\" content=\"Andreas Brunner\" \/>\n<meta name=\"twitter:card\" content=\"summary_large_image\" \/>\n<meta name=\"twitter:label1\" content=\"Written by\" \/>\n\t<meta name=\"twitter:data1\" content=\"Andreas Brunner\" \/>\n\t<meta name=\"twitter:label2\" content=\"Est. reading time\" \/>\n\t<meta name=\"twitter:data2\" content=\"1 minute\" \/>\n<script type=\"application\/ld+json\" class=\"yoast-schema-graph\">{\"@context\":\"https:\\\/\\\/schema.org\",\"@graph\":[{\"@type\":[\"Article\",\"BlogPosting\"],\"@id\":\"https:\\\/\\\/www.qwien.at\\\/en\\\/qwien-tipp\\\/veranstaltung-islam-und-sexualitat\\\/#article\",\"isPartOf\":{\"@id\":\"https:\\\/\\\/www.qwien.at\\\/en\\\/qwien-tipp\\\/veranstaltung-islam-und-sexualitat\\\/\"},\"author\":{\"name\":\"Andreas Brunner\",\"@id\":\"https:\\\/\\\/www.qwien.at\\\/en\\\/#\\\/schema\\\/person\\\/d3fe9114b43d8e5a558a6d20ca3e2920\"},\"headline\":\"Veranstaltung Islam und Sexualit\u00e4t\",\"datePublished\":\"2025-07-15T19:37:01+00:00\",\"mainEntityOfPage\":{\"@id\":\"https:\\\/\\\/www.qwien.at\\\/en\\\/qwien-tipp\\\/veranstaltung-islam-und-sexualitat\\\/\"},\"wordCount\":267,\"publisher\":{\"@id\":\"https:\\\/\\\/www.qwien.at\\\/en\\\/#organization\"},\"image\":{\"@id\":\"https:\\\/\\\/www.qwien.at\\\/en\\\/qwien-tipp\\\/veranstaltung-islam-und-sexualitat\\\/#primaryimage\"},\"thumbnailUrl\":\"https:\\\/\\\/www.qwien.at\\\/wp-content\\\/uploads\\\/2011\\\/06\\\/Khamenei_Kiss.jpg\",\"articleSection\":[\"Tipp\",\"Webarchiv\"],\"inLanguage\":\"en-US\"},{\"@type\":\"WebPage\",\"@id\":\"https:\\\/\\\/www.qwien.at\\\/en\\\/qwien-tipp\\\/veranstaltung-islam-und-sexualitat\\\/\",\"url\":\"https:\\\/\\\/www.qwien.at\\\/en\\\/qwien-tipp\\\/veranstaltung-islam-und-sexualitat\\\/\",\"name\":\"Veranstaltung Islam und Sexualit\u00e4t - Blog - Qwien - Zentrum f\u00fcr queere Geschichte\",\"isPartOf\":{\"@id\":\"https:\\\/\\\/www.qwien.at\\\/en\\\/#website\"},\"primaryImageOfPage\":{\"@id\":\"https:\\\/\\\/www.qwien.at\\\/en\\\/qwien-tipp\\\/veranstaltung-islam-und-sexualitat\\\/#primaryimage\"},\"image\":{\"@id\":\"https:\\\/\\\/www.qwien.at\\\/en\\\/qwien-tipp\\\/veranstaltung-islam-und-sexualitat\\\/#primaryimage\"},\"thumbnailUrl\":\"https:\\\/\\\/www.qwien.at\\\/wp-content\\\/uploads\\\/2011\\\/06\\\/Khamenei_Kiss.jpg\",\"datePublished\":\"2025-07-15T19:37:01+00:00\",\"breadcrumb\":{\"@id\":\"https:\\\/\\\/www.qwien.at\\\/en\\\/qwien-tipp\\\/veranstaltung-islam-und-sexualitat\\\/#breadcrumb\"},\"inLanguage\":\"en-US\",\"potentialAction\":[{\"@type\":\"ReadAction\",\"target\":[\"https:\\\/\\\/www.qwien.at\\\/en\\\/qwien-tipp\\\/veranstaltung-islam-und-sexualitat\\\/\"]}]},{\"@type\":\"ImageObject\",\"inLanguage\":\"en-US\",\"@id\":\"https:\\\/\\\/www.qwien.at\\\/en\\\/qwien-tipp\\\/veranstaltung-islam-und-sexualitat\\\/#primaryimage\",\"url\":\"https:\\\/\\\/www.qwien.at\\\/wp-content\\\/uploads\\\/2011\\\/06\\\/Khamenei_Kiss.jpg\",\"contentUrl\":\"https:\\\/\\\/www.qwien.at\\\/wp-content\\\/uploads\\\/2011\\\/06\\\/Khamenei_Kiss.jpg\"},{\"@type\":\"BreadcrumbList\",\"@id\":\"https:\\\/\\\/www.qwien.at\\\/en\\\/qwien-tipp\\\/veranstaltung-islam-und-sexualitat\\\/#breadcrumb\",\"itemListElement\":[{\"@type\":\"ListItem\",\"position\":1,\"name\":\"Startseite\",\"item\":\"https:\\\/\\\/www.qwien.at\\\/en\\\/\"},{\"@type\":\"ListItem\",\"position\":2,\"name\":\"Veranstaltung Islam und Sexualit\u00e4t\"}]},{\"@type\":\"WebSite\",\"@id\":\"https:\\\/\\\/www.qwien.at\\\/en\\\/#website\",\"url\":\"https:\\\/\\\/www.qwien.at\\\/en\\\/\",\"name\":\"Qwien - Zentrum f\u00fcr queere Geschichte\",\"description\":\"\",\"publisher\":{\"@id\":\"https:\\\/\\\/www.qwien.at\\\/en\\\/#organization\"},\"potentialAction\":[{\"@type\":\"SearchAction\",\"target\":{\"@type\":\"EntryPoint\",\"urlTemplate\":\"https:\\\/\\\/www.qwien.at\\\/en\\\/?s={search_term_string}\"},\"query-input\":{\"@type\":\"PropertyValueSpecification\",\"valueRequired\":true,\"valueName\":\"search_term_string\"}}],\"inLanguage\":\"en-US\"},{\"@type\":\"Organization\",\"@id\":\"https:\\\/\\\/www.qwien.at\\\/en\\\/#organization\",\"name\":\"Qwien\",\"url\":\"https:\\\/\\\/www.qwien.at\\\/en\\\/\",\"logo\":{\"@type\":\"ImageObject\",\"inLanguage\":\"en-US\",\"@id\":\"https:\\\/\\\/www.qwien.at\\\/en\\\/#\\\/schema\\\/logo\\\/image\\\/\",\"url\":\"https:\\\/\\\/www.qwien.at\\\/wp-content\\\/uploads\\\/2025\\\/06\\\/seo-yoast-2.png\",\"contentUrl\":\"https:\\\/\\\/www.qwien.at\\\/wp-content\\\/uploads\\\/2025\\\/06\\\/seo-yoast-2.png\",\"width\":697,\"height\":697,\"caption\":\"Qwien\"},\"image\":{\"@id\":\"https:\\\/\\\/www.qwien.at\\\/en\\\/#\\\/schema\\\/logo\\\/image\\\/\"},\"sameAs\":[\"https:\\\/\\\/www.instagram.com\\\/qwien.zentrum\\\/\"]},{\"@type\":\"Person\",\"@id\":\"https:\\\/\\\/www.qwien.at\\\/en\\\/#\\\/schema\\\/person\\\/d3fe9114b43d8e5a558a6d20ca3e2920\",\"name\":\"Andreas Brunner\"}]}<\/script>\n<!-- \/ Yoast SEO plugin. -->","yoast_head_json":{"title":"Veranstaltung Islam und Sexualit\u00e4t - Blog - Qwien - Zentrum f\u00fcr queere Geschichte","robots":{"index":"index","follow":"follow","max-snippet":"max-snippet:-1","max-image-preview":"max-image-preview:large","max-video-preview":"max-video-preview:-1"},"canonical":"https:\/\/www.qwien.at\/en\/qwien-tipp\/veranstaltung-islam-und-sexualitat\/","og_locale":"en_US","og_type":"article","og_title":"Veranstaltung Islam und Sexualit\u00e4t - Blog - Qwien - Zentrum f\u00fcr queere Geschichte","og_url":"https:\/\/www.qwien.at\/en\/qwien-tipp\/veranstaltung-islam-und-sexualitat\/","og_site_name":"Qwien - Zentrum f\u00fcr queere Geschichte","article_published_time":"2025-07-15T19:37:01+00:00","og_image":[{"width":256,"height":301,"url":"https:\/\/www.qwien.at\/wp-content\/uploads\/2011\/06\/Khamenei_Kiss.jpg","type":"image\/jpeg"}],"author":"Andreas Brunner","twitter_card":"summary_large_image","twitter_misc":{"Written by":"Andreas Brunner","Est. reading time":"1 minute"},"schema":{"@context":"https:\/\/schema.org","@graph":[{"@type":["Article","BlogPosting"],"@id":"https:\/\/www.qwien.at\/en\/qwien-tipp\/veranstaltung-islam-und-sexualitat\/#article","isPartOf":{"@id":"https:\/\/www.qwien.at\/en\/qwien-tipp\/veranstaltung-islam-und-sexualitat\/"},"author":{"name":"Andreas Brunner","@id":"https:\/\/www.qwien.at\/en\/#\/schema\/person\/d3fe9114b43d8e5a558a6d20ca3e2920"},"headline":"Veranstaltung Islam und Sexualit\u00e4t","datePublished":"2025-07-15T19:37:01+00:00","mainEntityOfPage":{"@id":"https:\/\/www.qwien.at\/en\/qwien-tipp\/veranstaltung-islam-und-sexualitat\/"},"wordCount":267,"publisher":{"@id":"https:\/\/www.qwien.at\/en\/#organization"},"image":{"@id":"https:\/\/www.qwien.at\/en\/qwien-tipp\/veranstaltung-islam-und-sexualitat\/#primaryimage"},"thumbnailUrl":"https:\/\/www.qwien.at\/wp-content\/uploads\/2011\/06\/Khamenei_Kiss.jpg","articleSection":["Tipp","Webarchiv"],"inLanguage":"en-US"},{"@type":"WebPage","@id":"https:\/\/www.qwien.at\/en\/qwien-tipp\/veranstaltung-islam-und-sexualitat\/","url":"https:\/\/www.qwien.at\/en\/qwien-tipp\/veranstaltung-islam-und-sexualitat\/","name":"Veranstaltung Islam und Sexualit\u00e4t - Blog - Qwien - Zentrum f\u00fcr queere Geschichte","isPartOf":{"@id":"https:\/\/www.qwien.at\/en\/#website"},"primaryImageOfPage":{"@id":"https:\/\/www.qwien.at\/en\/qwien-tipp\/veranstaltung-islam-und-sexualitat\/#primaryimage"},"image":{"@id":"https:\/\/www.qwien.at\/en\/qwien-tipp\/veranstaltung-islam-und-sexualitat\/#primaryimage"},"thumbnailUrl":"https:\/\/www.qwien.at\/wp-content\/uploads\/2011\/06\/Khamenei_Kiss.jpg","datePublished":"2025-07-15T19:37:01+00:00","breadcrumb":{"@id":"https:\/\/www.qwien.at\/en\/qwien-tipp\/veranstaltung-islam-und-sexualitat\/#breadcrumb"},"inLanguage":"en-US","potentialAction":[{"@type":"ReadAction","target":["https:\/\/www.qwien.at\/en\/qwien-tipp\/veranstaltung-islam-und-sexualitat\/"]}]},{"@type":"ImageObject","inLanguage":"en-US","@id":"https:\/\/www.qwien.at\/en\/qwien-tipp\/veranstaltung-islam-und-sexualitat\/#primaryimage","url":"https:\/\/www.qwien.at\/wp-content\/uploads\/2011\/06\/Khamenei_Kiss.jpg","contentUrl":"https:\/\/www.qwien.at\/wp-content\/uploads\/2011\/06\/Khamenei_Kiss.jpg"},{"@type":"BreadcrumbList","@id":"https:\/\/www.qwien.at\/en\/qwien-tipp\/veranstaltung-islam-und-sexualitat\/#breadcrumb","itemListElement":[{"@type":"ListItem","position":1,"name":"Startseite","item":"https:\/\/www.qwien.at\/en\/"},{"@type":"ListItem","position":2,"name":"Veranstaltung Islam und Sexualit\u00e4t"}]},{"@type":"WebSite","@id":"https:\/\/www.qwien.at\/en\/#website","url":"https:\/\/www.qwien.at\/en\/","name":"Qwien - Zentrum f\u00fcr queere Geschichte","description":"","publisher":{"@id":"https:\/\/www.qwien.at\/en\/#organization"},"potentialAction":[{"@type":"SearchAction","target":{"@type":"EntryPoint","urlTemplate":"https:\/\/www.qwien.at\/en\/?s={search_term_string}"},"query-input":{"@type":"PropertyValueSpecification","valueRequired":true,"valueName":"search_term_string"}}],"inLanguage":"en-US"},{"@type":"Organization","@id":"https:\/\/www.qwien.at\/en\/#organization","name":"Qwien","url":"https:\/\/www.qwien.at\/en\/","logo":{"@type":"ImageObject","inLanguage":"en-US","@id":"https:\/\/www.qwien.at\/en\/#\/schema\/logo\/image\/","url":"https:\/\/www.qwien.at\/wp-content\/uploads\/2025\/06\/seo-yoast-2.png","contentUrl":"https:\/\/www.qwien.at\/wp-content\/uploads\/2025\/06\/seo-yoast-2.png","width":697,"height":697,"caption":"Qwien"},"image":{"@id":"https:\/\/www.qwien.at\/en\/#\/schema\/logo\/image\/"},"sameAs":["https:\/\/www.instagram.com\/qwien.zentrum\/"]},{"@type":"Person","@id":"https:\/\/www.qwien.at\/en\/#\/schema\/person\/d3fe9114b43d8e5a558a6d20ca3e2920","name":"Andreas Brunner"}]}},"_links":{"self":[{"href":"https:\/\/www.qwien.at\/en\/wp-json\/wp\/v2\/posts\/11270","targetHints":{"allow":["GET"]}}],"collection":[{"href":"https:\/\/www.qwien.at\/en\/wp-json\/wp\/v2\/posts"}],"about":[{"href":"https:\/\/www.qwien.at\/en\/wp-json\/wp\/v2\/types\/post"}],"author":[{"embeddable":true,"href":"https:\/\/www.qwien.at\/en\/wp-json\/wp\/v2\/users\/4"}],"replies":[{"embeddable":true,"href":"https:\/\/www.qwien.at\/en\/wp-json\/wp\/v2\/comments?post=11270"}],"version-history":[{"count":0,"href":"https:\/\/www.qwien.at\/en\/wp-json\/wp\/v2\/posts\/11270\/revisions"}],"wp:attachment":[{"href":"https:\/\/www.qwien.at\/en\/wp-json\/wp\/v2\/media?parent=11270"}],"wp:term":[{"taxonomy":"category","embeddable":true,"href":"https:\/\/www.qwien.at\/en\/wp-json\/wp\/v2\/categories?post=11270"},{"taxonomy":"post_tag","embeddable":true,"href":"https:\/\/www.qwien.at\/en\/wp-json\/wp\/v2\/tags?post=11270"}],"curies":[{"name":"wp","href":"https:\/\/api.w.org\/{rel}","templated":true}]}}