{"id":11278,"date":"2025-07-15T21:37:00","date_gmt":"2025-07-15T19:37:00","guid":{"rendered":"https:\/\/www.qwien.at\/nicht-kategorisiert\/50-jahre-aufklarung-und-aufregung\/"},"modified":"2025-07-15T21:37:00","modified_gmt":"2025-07-15T19:37:00","slug":"50-jahre-aufklarung-und-aufregung","status":"publish","type":"post","link":"https:\/\/www.qwien.at\/en\/qwien-books\/50-jahre-aufklarung-und-aufregung\/","title":{"rendered":"50 Jahre Aufkl\u00e4rung und Aufregung"},"content":{"rendered":"<p><img loading=\"lazy\" decoding=\"async\" class=\"size-medium wp-image-4829 alignright\" src=\"https:\/\/www.qwien.at\/wp-content\/uploads\/2011\/03\/aufkla\u0308rung_und_aufregung_3001-224x300.jpg\" alt=\"\" width=\"224\" height=\"300\" srcset=\"https:\/\/www.qwien.at\/wp-content\/uploads\/2011\/03\/aufkla\u0308rung_und_aufregung_3001-224x300.jpg 224w, https:\/\/www.qwien.at\/wp-content\/uploads\/2011\/03\/aufkla\u0308rung_und_aufregung_3001.jpg 300w\" sizes=\"auto, (max-width: 224px) 100vw, 224px\" \/>Der K\u00f6lner Bibliothekar Erwin In het Panhuis hat die 50 Jahrg\u00e4nge der Jahre 1956-2006 der legend\u00e4ren Jugendzeitschrift \u201eBRAVO\u201c nach Beitr\u00e4gen zu Homosexualit\u00e4t durchforstet und fast 1000 Artikel gefunden und nach verschiedenen Kriterien ausgewertet.Dabei erstaunt vor allem, wie reaktion\u00e4r und klischeebeladen die \u201eBravo\u201c noch in den 1960er Jahren agierte. Denn in seiner Anfangszeit, als die Beratung durch Dr. Vollmer alias der Erfolgsautorin Marie Louise Fischer erfolgte, war das Heft durchaus von homophoben Berichten und Leserbrief-Antworten gepr\u00e4gt. So wurde das gleichgeschlechtliche Begehren auf falsche Erziehung, ein nicht den damaligen Normen entsprechendes Elternhaus und eine \u201e\u00dcbergangsphase\u201c zur \u201erichtigen\u201c Geschlechterrolle zur\u00fcckgef\u00fchrt. Wie sehr hat man doch die liberale offene Auseinandersetzung mit dem Thema im Ged\u00e4chtnis \u2013 so, dass sich Hella von Sinnen zum 50. Geburtstag des Magazins bei seinem hervorragenden Stab an SexualberaterInnen bedankte! Doch auf diese Redaktionslinie wurde erst nach der Entkriminalisierung des \u00a7 175 eingeschwenkt: Mit Doktor Jochen Sommer, alias Martin Goldstein, fanden fortschrittliche Meinungen Eingang in die Redaktion, 1972 wurden sogar zwei Ausgaben wegen zweier Aufkl\u00e4rungsreportagen \u00fcber Schwule und Lesben als jugendgef\u00e4hrdend verboten. Es ist ein h\u00fcbsches Buch mit zahlreichen Abbildungen geworden, in dem man gerne schm\u00f6kert und dabei die eigenen Jugendjahre vorbeiziehen l\u00e4sst. Man staunt, wie schnell es dann pl\u00f6tzlich ging, dass man die Homosexuellen aus dem sozialen Abseits in die Normalit\u00e4t des jugendlichen Alltags holte. Erwin In Het Panhuis analysiert dabei trefflich, wie sich allm\u00e4hlich die Gesellschaft \u00e4ndert \u2013 und mit ihr auch die \u201eBravo\u201c. Am Ende bleibt die Erkenntnis, dass sich die Jugendzeitschrift nicht rascher ver\u00e4nderte, dass sie im allm\u00e4hlich offeneren Umgang mit Homosexualit\u00e4t in unserer Gesellschaft ihre Fahne nicht voran \u2013 sondern im Wind trug. Erwin in het Panhuis [Hrsg.: Archiv der Jugendkulturen e.V.]: Aufkl\u00e4rung und Aufregung: 50 Jahre Schwule und Lesben in der BRAVO Ausgabe: Orig.-Ausg., 1. Aufl. Verleger: Berlin : Archiv-der-Jugendkulturen-Verl. Erscheinungsjahr: 2010 Umfang\/Format: 194 S. : zahlr. Ill. ; 29 cm ISBN: 978-3-940213-58-7 Einband\/Preis: Pp. : EUR 28.00 [D]<\/p>\n","protected":false},"excerpt":{"rendered":"<p>\t\t\t\t<![CDATA[]]>\t\t<\/p>\n","protected":false},"author":4,"featured_media":9539,"comment_status":"closed","ping_status":"open","sticky":false,"template":"","format":"standard","meta":{"_acf_changed":false,"footnotes":""},"categories":[267,271],"tags":[],"class_list":["post-11278","post","type-post","status-publish","format-standard","has-post-thumbnail","hentry","category-qwien-books","category-literature-archive","grve-entry-item","grve-blog-item"],"acf":[],"yoast_head":"<!-- This site is optimized with the Yoast SEO plugin v27.5 - https:\/\/yoast.com\/product\/yoast-seo-wordpress\/ -->\n<title>50 Jahre Aufkl\u00e4rung und Aufregung - Blog - Qwien - Zentrum f\u00fcr queere Geschichte<\/title>\n<meta name=\"robots\" content=\"index, follow, max-snippet:-1, max-image-preview:large, max-video-preview:-1\" \/>\n<link rel=\"canonical\" href=\"https:\/\/www.qwien.at\/en\/qwien-books\/50-jahre-aufklarung-und-aufregung\/\" \/>\n<meta property=\"og:locale\" content=\"en_US\" \/>\n<meta property=\"og:type\" content=\"article\" \/>\n<meta property=\"og:title\" content=\"50 Jahre Aufkl\u00e4rung und Aufregung - Blog - Qwien - Zentrum f\u00fcr queere Geschichte\" \/>\n<meta property=\"og:url\" content=\"https:\/\/www.qwien.at\/en\/qwien-books\/50-jahre-aufklarung-und-aufregung\/\" \/>\n<meta property=\"og:site_name\" content=\"Qwien - Zentrum f\u00fcr queere Geschichte\" \/>\n<meta property=\"article:published_time\" content=\"2025-07-15T19:37:00+00:00\" \/>\n<meta property=\"og:image\" content=\"https:\/\/www.qwien.at\/wp-content\/uploads\/2025\/06\/seo-yoast-1.png\" \/>\n\t<meta property=\"og:image:width\" content=\"1921\" \/>\n\t<meta property=\"og:image:height\" content=\"1081\" \/>\n\t<meta property=\"og:image:type\" content=\"image\/png\" \/>\n<meta name=\"author\" content=\"Andreas Brunner\" \/>\n<meta name=\"twitter:card\" content=\"summary_large_image\" \/>\n<meta name=\"twitter:label1\" content=\"Written by\" \/>\n\t<meta name=\"twitter:data1\" content=\"Andreas Brunner\" \/>\n\t<meta name=\"twitter:label2\" content=\"Est. reading time\" \/>\n\t<meta name=\"twitter:data2\" content=\"2 minutes\" \/>\n<script type=\"application\/ld+json\" class=\"yoast-schema-graph\">{\"@context\":\"https:\\\/\\\/schema.org\",\"@graph\":[{\"@type\":[\"Article\",\"BlogPosting\"],\"@id\":\"https:\\\/\\\/www.qwien.at\\\/en\\\/qwien-books\\\/50-jahre-aufklarung-und-aufregung\\\/#article\",\"isPartOf\":{\"@id\":\"https:\\\/\\\/www.qwien.at\\\/en\\\/qwien-books\\\/50-jahre-aufklarung-und-aufregung\\\/\"},\"author\":{\"name\":\"Andreas Brunner\",\"@id\":\"https:\\\/\\\/www.qwien.at\\\/en\\\/#\\\/schema\\\/person\\\/d3fe9114b43d8e5a558a6d20ca3e2920\"},\"headline\":\"50 Jahre Aufkl\u00e4rung und Aufregung\",\"datePublished\":\"2025-07-15T19:37:00+00:00\",\"mainEntityOfPage\":{\"@id\":\"https:\\\/\\\/www.qwien.at\\\/en\\\/qwien-books\\\/50-jahre-aufklarung-und-aufregung\\\/\"},\"wordCount\":331,\"publisher\":{\"@id\":\"https:\\\/\\\/www.qwien.at\\\/en\\\/#organization\"},\"image\":{\"@id\":\"https:\\\/\\\/www.qwien.at\\\/en\\\/qwien-books\\\/50-jahre-aufklarung-und-aufregung\\\/#primaryimage\"},\"thumbnailUrl\":\"https:\\\/\\\/www.qwien.at\\\/wp-content\\\/uploads\\\/2011\\\/03\\\/aufkla\u0308rung-und-aufregung.jpg\",\"articleSection\":[\"Books\",\"Literature archive\"],\"inLanguage\":\"en-US\"},{\"@type\":\"WebPage\",\"@id\":\"https:\\\/\\\/www.qwien.at\\\/en\\\/qwien-books\\\/50-jahre-aufklarung-und-aufregung\\\/\",\"url\":\"https:\\\/\\\/www.qwien.at\\\/en\\\/qwien-books\\\/50-jahre-aufklarung-und-aufregung\\\/\",\"name\":\"50 Jahre Aufkl\u00e4rung und Aufregung - Blog - Qwien - Zentrum f\u00fcr queere Geschichte\",\"isPartOf\":{\"@id\":\"https:\\\/\\\/www.qwien.at\\\/en\\\/#website\"},\"primaryImageOfPage\":{\"@id\":\"https:\\\/\\\/www.qwien.at\\\/en\\\/qwien-books\\\/50-jahre-aufklarung-und-aufregung\\\/#primaryimage\"},\"image\":{\"@id\":\"https:\\\/\\\/www.qwien.at\\\/en\\\/qwien-books\\\/50-jahre-aufklarung-und-aufregung\\\/#primaryimage\"},\"thumbnailUrl\":\"https:\\\/\\\/www.qwien.at\\\/wp-content\\\/uploads\\\/2011\\\/03\\\/aufkla\u0308rung-und-aufregung.jpg\",\"datePublished\":\"2025-07-15T19:37:00+00:00\",\"breadcrumb\":{\"@id\":\"https:\\\/\\\/www.qwien.at\\\/en\\\/qwien-books\\\/50-jahre-aufklarung-und-aufregung\\\/#breadcrumb\"},\"inLanguage\":\"en-US\",\"potentialAction\":[{\"@type\":\"ReadAction\",\"target\":[\"https:\\\/\\\/www.qwien.at\\\/en\\\/qwien-books\\\/50-jahre-aufklarung-und-aufregung\\\/\"]}]},{\"@type\":\"ImageObject\",\"inLanguage\":\"en-US\",\"@id\":\"https:\\\/\\\/www.qwien.at\\\/en\\\/qwien-books\\\/50-jahre-aufklarung-und-aufregung\\\/#primaryimage\",\"url\":\"https:\\\/\\\/www.qwien.at\\\/wp-content\\\/uploads\\\/2011\\\/03\\\/aufkla\u0308rung-und-aufregung.jpg\",\"contentUrl\":\"https:\\\/\\\/www.qwien.at\\\/wp-content\\\/uploads\\\/2011\\\/03\\\/aufkla\u0308rung-und-aufregung.jpg\",\"width\":900,\"height\":599},{\"@type\":\"BreadcrumbList\",\"@id\":\"https:\\\/\\\/www.qwien.at\\\/en\\\/qwien-books\\\/50-jahre-aufklarung-und-aufregung\\\/#breadcrumb\",\"itemListElement\":[{\"@type\":\"ListItem\",\"position\":1,\"name\":\"Startseite\",\"item\":\"https:\\\/\\\/www.qwien.at\\\/en\\\/\"},{\"@type\":\"ListItem\",\"position\":2,\"name\":\"50 Jahre Aufkl\u00e4rung und Aufregung\"}]},{\"@type\":\"WebSite\",\"@id\":\"https:\\\/\\\/www.qwien.at\\\/en\\\/#website\",\"url\":\"https:\\\/\\\/www.qwien.at\\\/en\\\/\",\"name\":\"Qwien - Zentrum f\u00fcr queere Geschichte\",\"description\":\"\",\"publisher\":{\"@id\":\"https:\\\/\\\/www.qwien.at\\\/en\\\/#organization\"},\"potentialAction\":[{\"@type\":\"SearchAction\",\"target\":{\"@type\":\"EntryPoint\",\"urlTemplate\":\"https:\\\/\\\/www.qwien.at\\\/en\\\/?s={search_term_string}\"},\"query-input\":{\"@type\":\"PropertyValueSpecification\",\"valueRequired\":true,\"valueName\":\"search_term_string\"}}],\"inLanguage\":\"en-US\"},{\"@type\":\"Organization\",\"@id\":\"https:\\\/\\\/www.qwien.at\\\/en\\\/#organization\",\"name\":\"Qwien\",\"url\":\"https:\\\/\\\/www.qwien.at\\\/en\\\/\",\"logo\":{\"@type\":\"ImageObject\",\"inLanguage\":\"en-US\",\"@id\":\"https:\\\/\\\/www.qwien.at\\\/en\\\/#\\\/schema\\\/logo\\\/image\\\/\",\"url\":\"https:\\\/\\\/www.qwien.at\\\/wp-content\\\/uploads\\\/2025\\\/06\\\/seo-yoast-2.png\",\"contentUrl\":\"https:\\\/\\\/www.qwien.at\\\/wp-content\\\/uploads\\\/2025\\\/06\\\/seo-yoast-2.png\",\"width\":697,\"height\":697,\"caption\":\"Qwien\"},\"image\":{\"@id\":\"https:\\\/\\\/www.qwien.at\\\/en\\\/#\\\/schema\\\/logo\\\/image\\\/\"},\"sameAs\":[\"https:\\\/\\\/www.instagram.com\\\/qwien.zentrum\\\/\"]},{\"@type\":\"Person\",\"@id\":\"https:\\\/\\\/www.qwien.at\\\/en\\\/#\\\/schema\\\/person\\\/d3fe9114b43d8e5a558a6d20ca3e2920\",\"name\":\"Andreas Brunner\"}]}<\/script>\n<!-- \/ Yoast SEO plugin. -->","yoast_head_json":{"title":"50 Jahre Aufkl\u00e4rung und Aufregung - Blog - Qwien - Zentrum f\u00fcr queere Geschichte","robots":{"index":"index","follow":"follow","max-snippet":"max-snippet:-1","max-image-preview":"max-image-preview:large","max-video-preview":"max-video-preview:-1"},"canonical":"https:\/\/www.qwien.at\/en\/qwien-books\/50-jahre-aufklarung-und-aufregung\/","og_locale":"en_US","og_type":"article","og_title":"50 Jahre Aufkl\u00e4rung und Aufregung - Blog - Qwien - Zentrum f\u00fcr queere Geschichte","og_url":"https:\/\/www.qwien.at\/en\/qwien-books\/50-jahre-aufklarung-und-aufregung\/","og_site_name":"Qwien - Zentrum f\u00fcr queere Geschichte","article_published_time":"2025-07-15T19:37:00+00:00","og_image":[{"width":1921,"height":1081,"url":"https:\/\/www.qwien.at\/wp-content\/uploads\/2025\/06\/seo-yoast-1.png","type":"image\/png"}],"author":"Andreas Brunner","twitter_card":"summary_large_image","twitter_misc":{"Written by":"Andreas Brunner","Est. reading time":"2 minutes"},"schema":{"@context":"https:\/\/schema.org","@graph":[{"@type":["Article","BlogPosting"],"@id":"https:\/\/www.qwien.at\/en\/qwien-books\/50-jahre-aufklarung-und-aufregung\/#article","isPartOf":{"@id":"https:\/\/www.qwien.at\/en\/qwien-books\/50-jahre-aufklarung-und-aufregung\/"},"author":{"name":"Andreas Brunner","@id":"https:\/\/www.qwien.at\/en\/#\/schema\/person\/d3fe9114b43d8e5a558a6d20ca3e2920"},"headline":"50 Jahre Aufkl\u00e4rung und Aufregung","datePublished":"2025-07-15T19:37:00+00:00","mainEntityOfPage":{"@id":"https:\/\/www.qwien.at\/en\/qwien-books\/50-jahre-aufklarung-und-aufregung\/"},"wordCount":331,"publisher":{"@id":"https:\/\/www.qwien.at\/en\/#organization"},"image":{"@id":"https:\/\/www.qwien.at\/en\/qwien-books\/50-jahre-aufklarung-und-aufregung\/#primaryimage"},"thumbnailUrl":"https:\/\/www.qwien.at\/wp-content\/uploads\/2011\/03\/aufkla\u0308rung-und-aufregung.jpg","articleSection":["Books","Literature archive"],"inLanguage":"en-US"},{"@type":"WebPage","@id":"https:\/\/www.qwien.at\/en\/qwien-books\/50-jahre-aufklarung-und-aufregung\/","url":"https:\/\/www.qwien.at\/en\/qwien-books\/50-jahre-aufklarung-und-aufregung\/","name":"50 Jahre Aufkl\u00e4rung und Aufregung - Blog - Qwien - Zentrum f\u00fcr queere Geschichte","isPartOf":{"@id":"https:\/\/www.qwien.at\/en\/#website"},"primaryImageOfPage":{"@id":"https:\/\/www.qwien.at\/en\/qwien-books\/50-jahre-aufklarung-und-aufregung\/#primaryimage"},"image":{"@id":"https:\/\/www.qwien.at\/en\/qwien-books\/50-jahre-aufklarung-und-aufregung\/#primaryimage"},"thumbnailUrl":"https:\/\/www.qwien.at\/wp-content\/uploads\/2011\/03\/aufkla\u0308rung-und-aufregung.jpg","datePublished":"2025-07-15T19:37:00+00:00","breadcrumb":{"@id":"https:\/\/www.qwien.at\/en\/qwien-books\/50-jahre-aufklarung-und-aufregung\/#breadcrumb"},"inLanguage":"en-US","potentialAction":[{"@type":"ReadAction","target":["https:\/\/www.qwien.at\/en\/qwien-books\/50-jahre-aufklarung-und-aufregung\/"]}]},{"@type":"ImageObject","inLanguage":"en-US","@id":"https:\/\/www.qwien.at\/en\/qwien-books\/50-jahre-aufklarung-und-aufregung\/#primaryimage","url":"https:\/\/www.qwien.at\/wp-content\/uploads\/2011\/03\/aufkla\u0308rung-und-aufregung.jpg","contentUrl":"https:\/\/www.qwien.at\/wp-content\/uploads\/2011\/03\/aufkla\u0308rung-und-aufregung.jpg","width":900,"height":599},{"@type":"BreadcrumbList","@id":"https:\/\/www.qwien.at\/en\/qwien-books\/50-jahre-aufklarung-und-aufregung\/#breadcrumb","itemListElement":[{"@type":"ListItem","position":1,"name":"Startseite","item":"https:\/\/www.qwien.at\/en\/"},{"@type":"ListItem","position":2,"name":"50 Jahre Aufkl\u00e4rung und Aufregung"}]},{"@type":"WebSite","@id":"https:\/\/www.qwien.at\/en\/#website","url":"https:\/\/www.qwien.at\/en\/","name":"Qwien - Zentrum f\u00fcr queere Geschichte","description":"","publisher":{"@id":"https:\/\/www.qwien.at\/en\/#organization"},"potentialAction":[{"@type":"SearchAction","target":{"@type":"EntryPoint","urlTemplate":"https:\/\/www.qwien.at\/en\/?s={search_term_string}"},"query-input":{"@type":"PropertyValueSpecification","valueRequired":true,"valueName":"search_term_string"}}],"inLanguage":"en-US"},{"@type":"Organization","@id":"https:\/\/www.qwien.at\/en\/#organization","name":"Qwien","url":"https:\/\/www.qwien.at\/en\/","logo":{"@type":"ImageObject","inLanguage":"en-US","@id":"https:\/\/www.qwien.at\/en\/#\/schema\/logo\/image\/","url":"https:\/\/www.qwien.at\/wp-content\/uploads\/2025\/06\/seo-yoast-2.png","contentUrl":"https:\/\/www.qwien.at\/wp-content\/uploads\/2025\/06\/seo-yoast-2.png","width":697,"height":697,"caption":"Qwien"},"image":{"@id":"https:\/\/www.qwien.at\/en\/#\/schema\/logo\/image\/"},"sameAs":["https:\/\/www.instagram.com\/qwien.zentrum\/"]},{"@type":"Person","@id":"https:\/\/www.qwien.at\/en\/#\/schema\/person\/d3fe9114b43d8e5a558a6d20ca3e2920","name":"Andreas Brunner"}]}},"_links":{"self":[{"href":"https:\/\/www.qwien.at\/en\/wp-json\/wp\/v2\/posts\/11278","targetHints":{"allow":["GET"]}}],"collection":[{"href":"https:\/\/www.qwien.at\/en\/wp-json\/wp\/v2\/posts"}],"about":[{"href":"https:\/\/www.qwien.at\/en\/wp-json\/wp\/v2\/types\/post"}],"author":[{"embeddable":true,"href":"https:\/\/www.qwien.at\/en\/wp-json\/wp\/v2\/users\/4"}],"replies":[{"embeddable":true,"href":"https:\/\/www.qwien.at\/en\/wp-json\/wp\/v2\/comments?post=11278"}],"version-history":[{"count":0,"href":"https:\/\/www.qwien.at\/en\/wp-json\/wp\/v2\/posts\/11278\/revisions"}],"wp:featuredmedia":[{"embeddable":true,"href":"https:\/\/www.qwien.at\/en\/wp-json\/wp\/v2\/media\/9539"}],"wp:attachment":[{"href":"https:\/\/www.qwien.at\/en\/wp-json\/wp\/v2\/media?parent=11278"}],"wp:term":[{"taxonomy":"category","embeddable":true,"href":"https:\/\/www.qwien.at\/en\/wp-json\/wp\/v2\/categories?post=11278"},{"taxonomy":"post_tag","embeddable":true,"href":"https:\/\/www.qwien.at\/en\/wp-json\/wp\/v2\/tags?post=11278"}],"curies":[{"name":"wp","href":"https:\/\/api.w.org\/{rel}","templated":true}]}}