{"id":11279,"date":"2025-07-15T21:37:00","date_gmt":"2025-07-15T19:37:00","guid":{"rendered":"https:\/\/www.qwien.at\/nicht-kategorisiert\/rezension-paradigmata-zeitschrift-fur-menschen-und-diskurse\/"},"modified":"2025-07-15T21:37:00","modified_gmt":"2025-07-15T19:37:00","slug":"rezension-paradigmata-zeitschrift-fur-menschen-und-diskurse","status":"publish","type":"post","link":"https:\/\/www.qwien.at\/en\/qwien-books\/rezension-paradigmata-zeitschrift-fur-menschen-und-diskurse\/","title":{"rendered":"Zeitschriftenschau: Paradigmata"},"content":{"rendered":"<p>Unter der Rubrik\u00a0<em>Zeitschriftenschau<\/em>\u00a0wird QWIEN in Zukunft aktuelle Ausgaben von Zeitschriften vorstellen, die wir f\u00fcr unsere Bibliothek abonniert haben.<\/p>\n<h3><strong>Paradigmata. Zeitschrift f\u00fcr Menschen und Diskurse, No.4 MEDIEN (05\/2011)<\/strong><\/h3>\n<p><strong>vorgestellt von Sara Ablinger<\/strong><\/p>\n<p><a href=\"https:\/\/www.qwien.at\/wp-content\/uploads\/2011\/09\/paradigmata.png\"><img loading=\"lazy\" decoding=\"async\" class=\"alignleft size-full wp-image-1067\" src=\"https:\/\/www.qwien.at\/wp-content\/uploads\/2011\/09\/paradigmata.png\" alt=\"\" width=\"155\" height=\"204\" \/><\/a>\u00a0<span class=\"Apple-style-span\">Das Magazin PARADIGMATA erblickte 2009 als Kind der Zeitschrift \u201edieMASKE\u201c, einem Fachblatt des kultur- und sozialanthropologischen Institutes der Uni Wien, das Licht der Welt.<\/span>\u00a0\u201eDie Namens\u00e4nderung soll auf eine \u00d6ffnung der Disziplingrenzen der Kultur- und Sozialanthropologie hinweisen, um einen Dialog zwischen verschiedenen Ans\u00e4tzen innerhalb der Kultur-, Sozial- und Geisteswissenschaften zu er\u00f6ffnen.\u201c\u201eKommunikation ist Macht\u201c beispielsweise thematisiert die Rolle (und das Machtpotenzial) digitaler Netzwerke wie Twitter f\u00fcr politische Umbruchsituationen, beispielsweise den B\u00fcrger_innenkrieg in \u00c4gypten oder die Jasmin-Revolution in Tunesien.\u00a0Weiters besch\u00e4ftigen sich die Autor_innen kritisch mit der World Press Photo Ausstellung 2010, Muralismo (Wandmalerei) als politische Kunstform in Mexiko,\u00a0Paradigmata h\u00f6rt sich um in L\u00e4ndern, die meist kein Sprachrohr haben und schreibt auf, f\u00fcr die, die sonst gerne wegsehen. \u201ePour la libert\u00e9 de circulation! Eine Karawane zieht durch Mali und Senegal\u201c ist ein Artikel \u00fcber die\u00a0<em>Karawane f\u00fcr Bewegungsfreiheit<\/em>, die von dem transnationalen Netzwerk \u201eAfrique Europe Interact\u201c gegr\u00fcndet wurde. Oder auch im Text \u201eMedien im Umbruch. Medien und Demokratie in Nepal\u201c.\u00a0Pariser Stadtraum als Spiegelbild sozialer Ungleichheit, Fotografie, brasilianisches Fernsehen, Poetry Slam und folgende Artikel machen dieses Magazin zu einem Quilt zeitgen\u00f6ssisch brisanter Themen:\u00a0* \u201eBlack Men and their Portrayal in the Austrian Media\u201c\u00a0* \u201eMit dem Bleistift im Krisengebiet. Comic als Bildungs- und Reportagemedium.\u201c\u00a0* \u201eEs gibt keine Lesben in Polen. Interview mit der Filmemacherin Magda Wystub.\u201c\u00a0* Reisef\u00fchrer_in \u201eOld histories, new cultural sights and spooky details. A walk through Zagreb.\u201c\u00a0Und nicht zuletzt der interessante Zeitschriften-Stadtspaziergang meines Kollegen Andreas Brunner: \u201eVerdr\u00e4ngtes Unrecht. Die Verfolgung von Schwulen und Lesben in Wien ab 1938\u201c gibt Einblick in das Konzept der schwul-lesbischen Stadtspazierg\u00e4nge, die er regelm\u00e4\u00dfig anbietet.\u00a0Nun zu meiner Bewertung: Das Cover erinnert an feministische Zeitschriften der 80er Jahre, was nichts Schlechtes ist. Im Gegenteil: der Selfmade-Charakter des Layouts ist selten geworden und daher sch\u00f6n anzusehen. Vorbildlich werden in den Artikeln der Unterstrich, der sogenannte Gender Gap, oder das Binnen-I verwendet. Die gesellschaftspolitischen Themen sind breit gestreut und spannend aufgebaut, manche sehr allgemein, andere sehr spezifisch fachsimpelnd (wenn auch meist interdisziplin\u00e4r). M\u00f6glicherweise kann das als Kritik gedeutet werden: eine Zeitschrift, die intellektuelle Menschen anspricht und nicht eine breitere Masse. Vielleicht ist das ein utopisches Ziel, aber ich w\u00fcnsche mir eine Zeitschrift wie Paradigmata, die auch den Weg zu den \u201eeinfacheren\u201c Leuten findet. Schlie\u00dflich nennt sich das Magazin \u201eZeitschrift f\u00fcr Menschen und Diskurse\u201c und ich hoffe, damit sind alle Menschen gemeint.\u00a0Utopie ausgeschlossen: ich habe schon lange kein so profund aufgearbeitetes und vielseitiges Magazin in H\u00e4nden gehalten (und gelesen\u00a0?\u00a0nat\u00fcrlich!) ! Fazit: sehr empfehlenswert!Ausgabe 5 (Herbst 2011) wird sich mit dem Thema\u00a0<em>Kunst\u00a0<\/em>besch\u00e4ftigen, Ausgabe 6 (Winter 2011) hat einen<em>\u00a0Ideologie<\/em>-Schwerpunkt.<\/p>\n<p><strong><em>Call for Papers! PARADIGMATA sucht Beitr\u00e4ge f\u00fcr die 6. Ausgabe zum Themenschwerpunkt Ideologie, aber auch abseits des Themenschwerpunktes.\u00a0<\/em><\/strong>\u00a0<strong><em>Egal ob aus wissenschaftlicher oder journalistischer, theoretischer oder praktischer, ernster oder lustiger Perspektive; vom klassischen Artikel \u00fcber Projektvorstellungen, bis Kommentar und Rezension, Grafiken oder Fotografien.<\/em><\/strong>\u00a0<strong><em>Themenvorschl\u00e4ge und Abstracts bis 20. Oktober an office@paradigmata.at. Der Redaktionsschluss ist der 10. November.<\/em><\/strong><\/p>\n<p>PARADIGMATA gibt es auch in der\u00a0<a href=\"http:\/\/www.loewenherz.at\/\">Buchhandlung L\u00f6wenherz<\/a><\/p>\n","protected":false},"excerpt":{"rendered":"<p>\t\t\t\t<![CDATA[]]>\t\t<\/p>\n","protected":false},"author":4,"featured_media":0,"comment_status":"closed","ping_status":"open","sticky":false,"template":"","format":"standard","meta":{"_acf_changed":false,"footnotes":""},"categories":[267,271],"tags":[],"class_list":["post-11279","post","type-post","status-publish","format-standard","hentry","category-qwien-books","category-literature-archive","grve-entry-item","grve-blog-item"],"acf":[],"yoast_head":"<!-- This site is optimized with the Yoast SEO plugin v27.5 - https:\/\/yoast.com\/product\/yoast-seo-wordpress\/ -->\n<title>Zeitschriftenschau: Paradigmata - Blog - Qwien - Zentrum f\u00fcr queere Geschichte<\/title>\n<meta name=\"robots\" content=\"index, follow, max-snippet:-1, max-image-preview:large, max-video-preview:-1\" \/>\n<link rel=\"canonical\" href=\"https:\/\/www.qwien.at\/en\/qwien-books\/rezension-paradigmata-zeitschrift-fur-menschen-und-diskurse\/\" \/>\n<meta property=\"og:locale\" content=\"en_US\" \/>\n<meta property=\"og:type\" content=\"article\" \/>\n<meta property=\"og:title\" content=\"Zeitschriftenschau: Paradigmata - Blog - Qwien - Zentrum f\u00fcr queere Geschichte\" \/>\n<meta property=\"og:url\" content=\"https:\/\/www.qwien.at\/en\/qwien-books\/rezension-paradigmata-zeitschrift-fur-menschen-und-diskurse\/\" \/>\n<meta property=\"og:site_name\" content=\"Qwien - Zentrum f\u00fcr queere Geschichte\" \/>\n<meta property=\"article:published_time\" content=\"2025-07-15T19:37:00+00:00\" \/>\n<meta property=\"og:image\" content=\"https:\/\/www.qwien.at\/wp-content\/uploads\/2011\/09\/paradigmata.png\" \/>\n\t<meta property=\"og:image:width\" content=\"155\" \/>\n\t<meta property=\"og:image:height\" content=\"204\" \/>\n\t<meta property=\"og:image:type\" content=\"image\/png\" \/>\n<meta name=\"author\" content=\"Andreas Brunner\" \/>\n<meta name=\"twitter:card\" content=\"summary_large_image\" \/>\n<meta name=\"twitter:label1\" content=\"Written by\" \/>\n\t<meta name=\"twitter:data1\" content=\"Andreas Brunner\" \/>\n\t<meta name=\"twitter:label2\" content=\"Est. reading time\" \/>\n\t<meta name=\"twitter:data2\" content=\"3 minutes\" \/>\n<script type=\"application\/ld+json\" class=\"yoast-schema-graph\">{\"@context\":\"https:\\\/\\\/schema.org\",\"@graph\":[{\"@type\":[\"Article\",\"BlogPosting\"],\"@id\":\"https:\\\/\\\/www.qwien.at\\\/en\\\/qwien-books\\\/rezension-paradigmata-zeitschrift-fur-menschen-und-diskurse\\\/#article\",\"isPartOf\":{\"@id\":\"https:\\\/\\\/www.qwien.at\\\/en\\\/qwien-books\\\/rezension-paradigmata-zeitschrift-fur-menschen-und-diskurse\\\/\"},\"author\":{\"name\":\"Andreas Brunner\",\"@id\":\"https:\\\/\\\/www.qwien.at\\\/en\\\/#\\\/schema\\\/person\\\/d3fe9114b43d8e5a558a6d20ca3e2920\"},\"headline\":\"Zeitschriftenschau: Paradigmata\",\"datePublished\":\"2025-07-15T19:37:00+00:00\",\"mainEntityOfPage\":{\"@id\":\"https:\\\/\\\/www.qwien.at\\\/en\\\/qwien-books\\\/rezension-paradigmata-zeitschrift-fur-menschen-und-diskurse\\\/\"},\"wordCount\":550,\"publisher\":{\"@id\":\"https:\\\/\\\/www.qwien.at\\\/en\\\/#organization\"},\"image\":{\"@id\":\"https:\\\/\\\/www.qwien.at\\\/en\\\/qwien-books\\\/rezension-paradigmata-zeitschrift-fur-menschen-und-diskurse\\\/#primaryimage\"},\"thumbnailUrl\":\"https:\\\/\\\/www.qwien.at\\\/wp-content\\\/uploads\\\/2011\\\/09\\\/paradigmata.png\",\"articleSection\":[\"Books\",\"Literature archive\"],\"inLanguage\":\"en-US\"},{\"@type\":\"WebPage\",\"@id\":\"https:\\\/\\\/www.qwien.at\\\/en\\\/qwien-books\\\/rezension-paradigmata-zeitschrift-fur-menschen-und-diskurse\\\/\",\"url\":\"https:\\\/\\\/www.qwien.at\\\/en\\\/qwien-books\\\/rezension-paradigmata-zeitschrift-fur-menschen-und-diskurse\\\/\",\"name\":\"Zeitschriftenschau: Paradigmata - Blog - Qwien - Zentrum f\u00fcr queere Geschichte\",\"isPartOf\":{\"@id\":\"https:\\\/\\\/www.qwien.at\\\/en\\\/#website\"},\"primaryImageOfPage\":{\"@id\":\"https:\\\/\\\/www.qwien.at\\\/en\\\/qwien-books\\\/rezension-paradigmata-zeitschrift-fur-menschen-und-diskurse\\\/#primaryimage\"},\"image\":{\"@id\":\"https:\\\/\\\/www.qwien.at\\\/en\\\/qwien-books\\\/rezension-paradigmata-zeitschrift-fur-menschen-und-diskurse\\\/#primaryimage\"},\"thumbnailUrl\":\"https:\\\/\\\/www.qwien.at\\\/wp-content\\\/uploads\\\/2011\\\/09\\\/paradigmata.png\",\"datePublished\":\"2025-07-15T19:37:00+00:00\",\"breadcrumb\":{\"@id\":\"https:\\\/\\\/www.qwien.at\\\/en\\\/qwien-books\\\/rezension-paradigmata-zeitschrift-fur-menschen-und-diskurse\\\/#breadcrumb\"},\"inLanguage\":\"en-US\",\"potentialAction\":[{\"@type\":\"ReadAction\",\"target\":[\"https:\\\/\\\/www.qwien.at\\\/en\\\/qwien-books\\\/rezension-paradigmata-zeitschrift-fur-menschen-und-diskurse\\\/\"]}]},{\"@type\":\"ImageObject\",\"inLanguage\":\"en-US\",\"@id\":\"https:\\\/\\\/www.qwien.at\\\/en\\\/qwien-books\\\/rezension-paradigmata-zeitschrift-fur-menschen-und-diskurse\\\/#primaryimage\",\"url\":\"https:\\\/\\\/www.qwien.at\\\/wp-content\\\/uploads\\\/2011\\\/09\\\/paradigmata.png\",\"contentUrl\":\"https:\\\/\\\/www.qwien.at\\\/wp-content\\\/uploads\\\/2011\\\/09\\\/paradigmata.png\"},{\"@type\":\"BreadcrumbList\",\"@id\":\"https:\\\/\\\/www.qwien.at\\\/en\\\/qwien-books\\\/rezension-paradigmata-zeitschrift-fur-menschen-und-diskurse\\\/#breadcrumb\",\"itemListElement\":[{\"@type\":\"ListItem\",\"position\":1,\"name\":\"Startseite\",\"item\":\"https:\\\/\\\/www.qwien.at\\\/en\\\/\"},{\"@type\":\"ListItem\",\"position\":2,\"name\":\"Zeitschriftenschau: Paradigmata\"}]},{\"@type\":\"WebSite\",\"@id\":\"https:\\\/\\\/www.qwien.at\\\/en\\\/#website\",\"url\":\"https:\\\/\\\/www.qwien.at\\\/en\\\/\",\"name\":\"Qwien - Zentrum f\u00fcr queere Geschichte\",\"description\":\"\",\"publisher\":{\"@id\":\"https:\\\/\\\/www.qwien.at\\\/en\\\/#organization\"},\"potentialAction\":[{\"@type\":\"SearchAction\",\"target\":{\"@type\":\"EntryPoint\",\"urlTemplate\":\"https:\\\/\\\/www.qwien.at\\\/en\\\/?s={search_term_string}\"},\"query-input\":{\"@type\":\"PropertyValueSpecification\",\"valueRequired\":true,\"valueName\":\"search_term_string\"}}],\"inLanguage\":\"en-US\"},{\"@type\":\"Organization\",\"@id\":\"https:\\\/\\\/www.qwien.at\\\/en\\\/#organization\",\"name\":\"Qwien\",\"url\":\"https:\\\/\\\/www.qwien.at\\\/en\\\/\",\"logo\":{\"@type\":\"ImageObject\",\"inLanguage\":\"en-US\",\"@id\":\"https:\\\/\\\/www.qwien.at\\\/en\\\/#\\\/schema\\\/logo\\\/image\\\/\",\"url\":\"https:\\\/\\\/www.qwien.at\\\/wp-content\\\/uploads\\\/2025\\\/06\\\/seo-yoast-2.png\",\"contentUrl\":\"https:\\\/\\\/www.qwien.at\\\/wp-content\\\/uploads\\\/2025\\\/06\\\/seo-yoast-2.png\",\"width\":697,\"height\":697,\"caption\":\"Qwien\"},\"image\":{\"@id\":\"https:\\\/\\\/www.qwien.at\\\/en\\\/#\\\/schema\\\/logo\\\/image\\\/\"},\"sameAs\":[\"https:\\\/\\\/www.instagram.com\\\/qwien.zentrum\\\/\"]},{\"@type\":\"Person\",\"@id\":\"https:\\\/\\\/www.qwien.at\\\/en\\\/#\\\/schema\\\/person\\\/d3fe9114b43d8e5a558a6d20ca3e2920\",\"name\":\"Andreas Brunner\"}]}<\/script>\n<!-- \/ Yoast SEO plugin. -->","yoast_head_json":{"title":"Zeitschriftenschau: Paradigmata - Blog - Qwien - Zentrum f\u00fcr queere Geschichte","robots":{"index":"index","follow":"follow","max-snippet":"max-snippet:-1","max-image-preview":"max-image-preview:large","max-video-preview":"max-video-preview:-1"},"canonical":"https:\/\/www.qwien.at\/en\/qwien-books\/rezension-paradigmata-zeitschrift-fur-menschen-und-diskurse\/","og_locale":"en_US","og_type":"article","og_title":"Zeitschriftenschau: Paradigmata - Blog - Qwien - Zentrum f\u00fcr queere Geschichte","og_url":"https:\/\/www.qwien.at\/en\/qwien-books\/rezension-paradigmata-zeitschrift-fur-menschen-und-diskurse\/","og_site_name":"Qwien - Zentrum f\u00fcr queere Geschichte","article_published_time":"2025-07-15T19:37:00+00:00","og_image":[{"width":155,"height":204,"url":"https:\/\/www.qwien.at\/wp-content\/uploads\/2011\/09\/paradigmata.png","type":"image\/png"}],"author":"Andreas Brunner","twitter_card":"summary_large_image","twitter_misc":{"Written by":"Andreas Brunner","Est. reading time":"3 minutes"},"schema":{"@context":"https:\/\/schema.org","@graph":[{"@type":["Article","BlogPosting"],"@id":"https:\/\/www.qwien.at\/en\/qwien-books\/rezension-paradigmata-zeitschrift-fur-menschen-und-diskurse\/#article","isPartOf":{"@id":"https:\/\/www.qwien.at\/en\/qwien-books\/rezension-paradigmata-zeitschrift-fur-menschen-und-diskurse\/"},"author":{"name":"Andreas Brunner","@id":"https:\/\/www.qwien.at\/en\/#\/schema\/person\/d3fe9114b43d8e5a558a6d20ca3e2920"},"headline":"Zeitschriftenschau: Paradigmata","datePublished":"2025-07-15T19:37:00+00:00","mainEntityOfPage":{"@id":"https:\/\/www.qwien.at\/en\/qwien-books\/rezension-paradigmata-zeitschrift-fur-menschen-und-diskurse\/"},"wordCount":550,"publisher":{"@id":"https:\/\/www.qwien.at\/en\/#organization"},"image":{"@id":"https:\/\/www.qwien.at\/en\/qwien-books\/rezension-paradigmata-zeitschrift-fur-menschen-und-diskurse\/#primaryimage"},"thumbnailUrl":"https:\/\/www.qwien.at\/wp-content\/uploads\/2011\/09\/paradigmata.png","articleSection":["Books","Literature archive"],"inLanguage":"en-US"},{"@type":"WebPage","@id":"https:\/\/www.qwien.at\/en\/qwien-books\/rezension-paradigmata-zeitschrift-fur-menschen-und-diskurse\/","url":"https:\/\/www.qwien.at\/en\/qwien-books\/rezension-paradigmata-zeitschrift-fur-menschen-und-diskurse\/","name":"Zeitschriftenschau: Paradigmata - Blog - Qwien - Zentrum f\u00fcr queere Geschichte","isPartOf":{"@id":"https:\/\/www.qwien.at\/en\/#website"},"primaryImageOfPage":{"@id":"https:\/\/www.qwien.at\/en\/qwien-books\/rezension-paradigmata-zeitschrift-fur-menschen-und-diskurse\/#primaryimage"},"image":{"@id":"https:\/\/www.qwien.at\/en\/qwien-books\/rezension-paradigmata-zeitschrift-fur-menschen-und-diskurse\/#primaryimage"},"thumbnailUrl":"https:\/\/www.qwien.at\/wp-content\/uploads\/2011\/09\/paradigmata.png","datePublished":"2025-07-15T19:37:00+00:00","breadcrumb":{"@id":"https:\/\/www.qwien.at\/en\/qwien-books\/rezension-paradigmata-zeitschrift-fur-menschen-und-diskurse\/#breadcrumb"},"inLanguage":"en-US","potentialAction":[{"@type":"ReadAction","target":["https:\/\/www.qwien.at\/en\/qwien-books\/rezension-paradigmata-zeitschrift-fur-menschen-und-diskurse\/"]}]},{"@type":"ImageObject","inLanguage":"en-US","@id":"https:\/\/www.qwien.at\/en\/qwien-books\/rezension-paradigmata-zeitschrift-fur-menschen-und-diskurse\/#primaryimage","url":"https:\/\/www.qwien.at\/wp-content\/uploads\/2011\/09\/paradigmata.png","contentUrl":"https:\/\/www.qwien.at\/wp-content\/uploads\/2011\/09\/paradigmata.png"},{"@type":"BreadcrumbList","@id":"https:\/\/www.qwien.at\/en\/qwien-books\/rezension-paradigmata-zeitschrift-fur-menschen-und-diskurse\/#breadcrumb","itemListElement":[{"@type":"ListItem","position":1,"name":"Startseite","item":"https:\/\/www.qwien.at\/en\/"},{"@type":"ListItem","position":2,"name":"Zeitschriftenschau: Paradigmata"}]},{"@type":"WebSite","@id":"https:\/\/www.qwien.at\/en\/#website","url":"https:\/\/www.qwien.at\/en\/","name":"Qwien - Zentrum f\u00fcr queere Geschichte","description":"","publisher":{"@id":"https:\/\/www.qwien.at\/en\/#organization"},"potentialAction":[{"@type":"SearchAction","target":{"@type":"EntryPoint","urlTemplate":"https:\/\/www.qwien.at\/en\/?s={search_term_string}"},"query-input":{"@type":"PropertyValueSpecification","valueRequired":true,"valueName":"search_term_string"}}],"inLanguage":"en-US"},{"@type":"Organization","@id":"https:\/\/www.qwien.at\/en\/#organization","name":"Qwien","url":"https:\/\/www.qwien.at\/en\/","logo":{"@type":"ImageObject","inLanguage":"en-US","@id":"https:\/\/www.qwien.at\/en\/#\/schema\/logo\/image\/","url":"https:\/\/www.qwien.at\/wp-content\/uploads\/2025\/06\/seo-yoast-2.png","contentUrl":"https:\/\/www.qwien.at\/wp-content\/uploads\/2025\/06\/seo-yoast-2.png","width":697,"height":697,"caption":"Qwien"},"image":{"@id":"https:\/\/www.qwien.at\/en\/#\/schema\/logo\/image\/"},"sameAs":["https:\/\/www.instagram.com\/qwien.zentrum\/"]},{"@type":"Person","@id":"https:\/\/www.qwien.at\/en\/#\/schema\/person\/d3fe9114b43d8e5a558a6d20ca3e2920","name":"Andreas Brunner"}]}},"_links":{"self":[{"href":"https:\/\/www.qwien.at\/en\/wp-json\/wp\/v2\/posts\/11279","targetHints":{"allow":["GET"]}}],"collection":[{"href":"https:\/\/www.qwien.at\/en\/wp-json\/wp\/v2\/posts"}],"about":[{"href":"https:\/\/www.qwien.at\/en\/wp-json\/wp\/v2\/types\/post"}],"author":[{"embeddable":true,"href":"https:\/\/www.qwien.at\/en\/wp-json\/wp\/v2\/users\/4"}],"replies":[{"embeddable":true,"href":"https:\/\/www.qwien.at\/en\/wp-json\/wp\/v2\/comments?post=11279"}],"version-history":[{"count":0,"href":"https:\/\/www.qwien.at\/en\/wp-json\/wp\/v2\/posts\/11279\/revisions"}],"wp:attachment":[{"href":"https:\/\/www.qwien.at\/en\/wp-json\/wp\/v2\/media?parent=11279"}],"wp:term":[{"taxonomy":"category","embeddable":true,"href":"https:\/\/www.qwien.at\/en\/wp-json\/wp\/v2\/categories?post=11279"},{"taxonomy":"post_tag","embeddable":true,"href":"https:\/\/www.qwien.at\/en\/wp-json\/wp\/v2\/tags?post=11279"}],"curies":[{"name":"wp","href":"https:\/\/api.w.org\/{rel}","templated":true}]}}