{"id":11281,"date":"2025-07-15T21:37:00","date_gmt":"2025-07-15T19:37:00","guid":{"rendered":"https:\/\/www.qwien.at\/nicht-kategorisiert\/fachkonferenz-regenbogenfamilien\/"},"modified":"2025-07-15T21:37:00","modified_gmt":"2025-07-15T19:37:00","slug":"fachkonferenz-regenbogenfamilien","status":"publish","type":"post","link":"https:\/\/www.qwien.at\/en\/qwien-tipp\/fachkonferenz-regenbogenfamilien\/","title":{"rendered":"FACHKONFERENZ: Regenbogenfamilien"},"content":{"rendered":"<p>Die\u00a0<a href=\"http:\/\/www.wien.gv.at\/queerwien\/wa.htm\"><em>Wiener Antidiskriminierungsstelle<\/em><\/a>\u00a0l\u00e4dt zur Fachkonferenz Regenbogenfamilien \u2013 Kinder in gleichgeschlechtlichen Familien. Herausforderungen und m\u00f6gliche Wege f\u00fcr Gesellschaft und Community. Eine Anmeldung ist unbedingt erforderlich (siehe unten), Detailinformationen folgen. Donnerstag, 10. November 2011, 9.30 \u2013 16.00 Uhr Hotel Lindner am Belvedere: 1030 Wien, Rennweg 12\u00a0<strong>Er\u00f6ffnung:<\/strong>\u00a0Stadtr\u00e4tin Sandra Frauenberger\u00a0<strong>Gesamtleitung und Moderation:<\/strong>\u00a0Mag. Wolfgang Wilhelm und Angela Schwarz, WASt\u00a0<strong>Vortragende:<\/strong>\u00a0\u2013 Univ.-Prof.in Dr.in Beate Schuster, Ludwig-Maximilians-Universit\u00e4t M\u00fcnchen \u2013 Dr. Dominic Frohn, K\u00f6ln \u2013 Dr.in Lisa Herrmann-Green, Universit\u00e4t Konstanz \u2013 RA Dr. Helmut Graupner, RKL, Wien \u2013 Mag. Andreas Brunner, QWIEN, Wien\u00a0<strong>WorkshopleiterInnen:<\/strong>\u00a0DSAin Elisabeth Cinatl (Wien), Dr. Dominic Frohn (K\u00f6ln), Dr.in Lisa Herrmann-Green (Konstanz), Martina Reichl-Ro\u00dfbacher (Wien), Dr. Ernst Silbermayr (Wien), Mag. Johannes Wahala (Wien)\u00a0<strong>Zielgruppen:<\/strong>\u00a0Die Konferenz wendet sich an gleichgeschlechtliche Familien mit und ohne Kinder sowie an ExpertInnen etwa aus dem p\u00e4dagogischen, betreuenden, psychosozialen, rechtlichen Feld.\u00a0<strong>Kosten:<\/strong>\u00a0Die Teilnahme an der Konferenz (inkl. gemeinsames Mittagessen) ist kostenfrei.\u00a0<strong>Anmeldung:<\/strong>\u00a0Die verbindliche Anmeldung ist Voraussetzung f\u00fcr die m\u00f6gliche Teilnahme. Anmeldung: Wiener Antidiskriminierungsstelle f\u00fcr gleichgeschlechtliche Lebensweisen (WASt), Frau Silke Fortelny: Tel. (01) 4000-81449 oder Mail:\u00a0<a href=\"mailto:wast@gif.wien.gv.at\" target=\"_blank\" rel=\"noopener noreferrer\">wast@gif.wien.gv.at<\/a>\u00a0<strong>Kinderbetreuung:<\/strong> Die WASt stellt w\u00e4hrend der Konferenz qualifizierte Kinderbetreuung vor Ort zur Verf\u00fcgung. Anmeldung und n\u00e4here Informationen dazu bitte bei der Anmeldung erfragen.<\/p>\n","protected":false},"excerpt":{"rendered":"<p>\t\t\t\t<![CDATA[]]>\t\t<\/p>\n","protected":false},"author":4,"featured_media":0,"comment_status":"closed","ping_status":"open","sticky":false,"template":"","format":"standard","meta":{"_acf_changed":false,"footnotes":""},"categories":[275,276],"tags":[],"class_list":["post-11281","post","type-post","status-publish","format-standard","hentry","category-qwien-tipp","category-webarchive","grve-entry-item","grve-blog-item"],"acf":[],"yoast_head":"<!-- This site is optimized with the Yoast SEO plugin v27.5 - https:\/\/yoast.com\/product\/yoast-seo-wordpress\/ -->\n<title>FACHKONFERENZ: Regenbogenfamilien - Blog - Qwien - Zentrum f\u00fcr queere Geschichte<\/title>\n<meta name=\"robots\" content=\"index, follow, max-snippet:-1, max-image-preview:large, max-video-preview:-1\" \/>\n<link rel=\"canonical\" href=\"https:\/\/www.qwien.at\/en\/qwien-tipp\/fachkonferenz-regenbogenfamilien\/\" \/>\n<meta property=\"og:locale\" content=\"en_US\" \/>\n<meta property=\"og:type\" content=\"article\" \/>\n<meta property=\"og:title\" content=\"FACHKONFERENZ: Regenbogenfamilien - Blog - Qwien - Zentrum f\u00fcr queere Geschichte\" \/>\n<meta property=\"og:url\" content=\"https:\/\/www.qwien.at\/en\/qwien-tipp\/fachkonferenz-regenbogenfamilien\/\" \/>\n<meta property=\"og:site_name\" content=\"Qwien - Zentrum f\u00fcr queere Geschichte\" \/>\n<meta property=\"article:published_time\" content=\"2025-07-15T19:37:00+00:00\" \/>\n<meta property=\"og:image\" content=\"https:\/\/www.qwien.at\/wp-content\/uploads\/2025\/06\/seo-yoast-1.png\" \/>\n\t<meta property=\"og:image:width\" content=\"1921\" \/>\n\t<meta property=\"og:image:height\" content=\"1081\" \/>\n\t<meta property=\"og:image:type\" content=\"image\/png\" \/>\n<meta name=\"author\" content=\"Andreas Brunner\" \/>\n<meta name=\"twitter:card\" content=\"summary_large_image\" \/>\n<meta name=\"twitter:label1\" content=\"Written by\" \/>\n\t<meta name=\"twitter:data1\" content=\"Andreas Brunner\" \/>\n\t<meta name=\"twitter:label2\" content=\"Est. reading time\" \/>\n\t<meta name=\"twitter:data2\" content=\"1 minute\" \/>\n<script type=\"application\/ld+json\" class=\"yoast-schema-graph\">{\"@context\":\"https:\\\/\\\/schema.org\",\"@graph\":[{\"@type\":[\"Article\",\"BlogPosting\"],\"@id\":\"https:\\\/\\\/www.qwien.at\\\/en\\\/qwien-tipp\\\/fachkonferenz-regenbogenfamilien\\\/#article\",\"isPartOf\":{\"@id\":\"https:\\\/\\\/www.qwien.at\\\/en\\\/qwien-tipp\\\/fachkonferenz-regenbogenfamilien\\\/\"},\"author\":{\"name\":\"Andreas Brunner\",\"@id\":\"https:\\\/\\\/www.qwien.at\\\/en\\\/#\\\/schema\\\/person\\\/d3fe9114b43d8e5a558a6d20ca3e2920\"},\"headline\":\"FACHKONFERENZ: Regenbogenfamilien\",\"datePublished\":\"2025-07-15T19:37:00+00:00\",\"mainEntityOfPage\":{\"@id\":\"https:\\\/\\\/www.qwien.at\\\/en\\\/qwien-tipp\\\/fachkonferenz-regenbogenfamilien\\\/\"},\"wordCount\":213,\"publisher\":{\"@id\":\"https:\\\/\\\/www.qwien.at\\\/en\\\/#organization\"},\"articleSection\":[\"Tipp\",\"Webarchiv\"],\"inLanguage\":\"en-US\"},{\"@type\":\"WebPage\",\"@id\":\"https:\\\/\\\/www.qwien.at\\\/en\\\/qwien-tipp\\\/fachkonferenz-regenbogenfamilien\\\/\",\"url\":\"https:\\\/\\\/www.qwien.at\\\/en\\\/qwien-tipp\\\/fachkonferenz-regenbogenfamilien\\\/\",\"name\":\"FACHKONFERENZ: Regenbogenfamilien - Blog - Qwien - Zentrum f\u00fcr queere Geschichte\",\"isPartOf\":{\"@id\":\"https:\\\/\\\/www.qwien.at\\\/en\\\/#website\"},\"datePublished\":\"2025-07-15T19:37:00+00:00\",\"breadcrumb\":{\"@id\":\"https:\\\/\\\/www.qwien.at\\\/en\\\/qwien-tipp\\\/fachkonferenz-regenbogenfamilien\\\/#breadcrumb\"},\"inLanguage\":\"en-US\",\"potentialAction\":[{\"@type\":\"ReadAction\",\"target\":[\"https:\\\/\\\/www.qwien.at\\\/en\\\/qwien-tipp\\\/fachkonferenz-regenbogenfamilien\\\/\"]}]},{\"@type\":\"BreadcrumbList\",\"@id\":\"https:\\\/\\\/www.qwien.at\\\/en\\\/qwien-tipp\\\/fachkonferenz-regenbogenfamilien\\\/#breadcrumb\",\"itemListElement\":[{\"@type\":\"ListItem\",\"position\":1,\"name\":\"Startseite\",\"item\":\"https:\\\/\\\/www.qwien.at\\\/en\\\/\"},{\"@type\":\"ListItem\",\"position\":2,\"name\":\"FACHKONFERENZ: Regenbogenfamilien\"}]},{\"@type\":\"WebSite\",\"@id\":\"https:\\\/\\\/www.qwien.at\\\/en\\\/#website\",\"url\":\"https:\\\/\\\/www.qwien.at\\\/en\\\/\",\"name\":\"Qwien - Zentrum f\u00fcr queere Geschichte\",\"description\":\"\",\"publisher\":{\"@id\":\"https:\\\/\\\/www.qwien.at\\\/en\\\/#organization\"},\"potentialAction\":[{\"@type\":\"SearchAction\",\"target\":{\"@type\":\"EntryPoint\",\"urlTemplate\":\"https:\\\/\\\/www.qwien.at\\\/en\\\/?s={search_term_string}\"},\"query-input\":{\"@type\":\"PropertyValueSpecification\",\"valueRequired\":true,\"valueName\":\"search_term_string\"}}],\"inLanguage\":\"en-US\"},{\"@type\":\"Organization\",\"@id\":\"https:\\\/\\\/www.qwien.at\\\/en\\\/#organization\",\"name\":\"Qwien\",\"url\":\"https:\\\/\\\/www.qwien.at\\\/en\\\/\",\"logo\":{\"@type\":\"ImageObject\",\"inLanguage\":\"en-US\",\"@id\":\"https:\\\/\\\/www.qwien.at\\\/en\\\/#\\\/schema\\\/logo\\\/image\\\/\",\"url\":\"https:\\\/\\\/www.qwien.at\\\/wp-content\\\/uploads\\\/2025\\\/06\\\/seo-yoast-2.png\",\"contentUrl\":\"https:\\\/\\\/www.qwien.at\\\/wp-content\\\/uploads\\\/2025\\\/06\\\/seo-yoast-2.png\",\"width\":697,\"height\":697,\"caption\":\"Qwien\"},\"image\":{\"@id\":\"https:\\\/\\\/www.qwien.at\\\/en\\\/#\\\/schema\\\/logo\\\/image\\\/\"},\"sameAs\":[\"https:\\\/\\\/www.instagram.com\\\/qwien.zentrum\\\/\"]},{\"@type\":\"Person\",\"@id\":\"https:\\\/\\\/www.qwien.at\\\/en\\\/#\\\/schema\\\/person\\\/d3fe9114b43d8e5a558a6d20ca3e2920\",\"name\":\"Andreas Brunner\"}]}<\/script>\n<!-- \/ Yoast SEO plugin. -->","yoast_head_json":{"title":"FACHKONFERENZ: Regenbogenfamilien - Blog - Qwien - Zentrum f\u00fcr queere Geschichte","robots":{"index":"index","follow":"follow","max-snippet":"max-snippet:-1","max-image-preview":"max-image-preview:large","max-video-preview":"max-video-preview:-1"},"canonical":"https:\/\/www.qwien.at\/en\/qwien-tipp\/fachkonferenz-regenbogenfamilien\/","og_locale":"en_US","og_type":"article","og_title":"FACHKONFERENZ: Regenbogenfamilien - Blog - Qwien - Zentrum f\u00fcr queere Geschichte","og_url":"https:\/\/www.qwien.at\/en\/qwien-tipp\/fachkonferenz-regenbogenfamilien\/","og_site_name":"Qwien - Zentrum f\u00fcr queere Geschichte","article_published_time":"2025-07-15T19:37:00+00:00","og_image":[{"width":1921,"height":1081,"url":"https:\/\/www.qwien.at\/wp-content\/uploads\/2025\/06\/seo-yoast-1.png","type":"image\/png"}],"author":"Andreas Brunner","twitter_card":"summary_large_image","twitter_misc":{"Written by":"Andreas Brunner","Est. reading time":"1 minute"},"schema":{"@context":"https:\/\/schema.org","@graph":[{"@type":["Article","BlogPosting"],"@id":"https:\/\/www.qwien.at\/en\/qwien-tipp\/fachkonferenz-regenbogenfamilien\/#article","isPartOf":{"@id":"https:\/\/www.qwien.at\/en\/qwien-tipp\/fachkonferenz-regenbogenfamilien\/"},"author":{"name":"Andreas Brunner","@id":"https:\/\/www.qwien.at\/en\/#\/schema\/person\/d3fe9114b43d8e5a558a6d20ca3e2920"},"headline":"FACHKONFERENZ: Regenbogenfamilien","datePublished":"2025-07-15T19:37:00+00:00","mainEntityOfPage":{"@id":"https:\/\/www.qwien.at\/en\/qwien-tipp\/fachkonferenz-regenbogenfamilien\/"},"wordCount":213,"publisher":{"@id":"https:\/\/www.qwien.at\/en\/#organization"},"articleSection":["Tipp","Webarchiv"],"inLanguage":"en-US"},{"@type":"WebPage","@id":"https:\/\/www.qwien.at\/en\/qwien-tipp\/fachkonferenz-regenbogenfamilien\/","url":"https:\/\/www.qwien.at\/en\/qwien-tipp\/fachkonferenz-regenbogenfamilien\/","name":"FACHKONFERENZ: Regenbogenfamilien - Blog - Qwien - Zentrum f\u00fcr queere Geschichte","isPartOf":{"@id":"https:\/\/www.qwien.at\/en\/#website"},"datePublished":"2025-07-15T19:37:00+00:00","breadcrumb":{"@id":"https:\/\/www.qwien.at\/en\/qwien-tipp\/fachkonferenz-regenbogenfamilien\/#breadcrumb"},"inLanguage":"en-US","potentialAction":[{"@type":"ReadAction","target":["https:\/\/www.qwien.at\/en\/qwien-tipp\/fachkonferenz-regenbogenfamilien\/"]}]},{"@type":"BreadcrumbList","@id":"https:\/\/www.qwien.at\/en\/qwien-tipp\/fachkonferenz-regenbogenfamilien\/#breadcrumb","itemListElement":[{"@type":"ListItem","position":1,"name":"Startseite","item":"https:\/\/www.qwien.at\/en\/"},{"@type":"ListItem","position":2,"name":"FACHKONFERENZ: Regenbogenfamilien"}]},{"@type":"WebSite","@id":"https:\/\/www.qwien.at\/en\/#website","url":"https:\/\/www.qwien.at\/en\/","name":"Qwien - Zentrum f\u00fcr queere Geschichte","description":"","publisher":{"@id":"https:\/\/www.qwien.at\/en\/#organization"},"potentialAction":[{"@type":"SearchAction","target":{"@type":"EntryPoint","urlTemplate":"https:\/\/www.qwien.at\/en\/?s={search_term_string}"},"query-input":{"@type":"PropertyValueSpecification","valueRequired":true,"valueName":"search_term_string"}}],"inLanguage":"en-US"},{"@type":"Organization","@id":"https:\/\/www.qwien.at\/en\/#organization","name":"Qwien","url":"https:\/\/www.qwien.at\/en\/","logo":{"@type":"ImageObject","inLanguage":"en-US","@id":"https:\/\/www.qwien.at\/en\/#\/schema\/logo\/image\/","url":"https:\/\/www.qwien.at\/wp-content\/uploads\/2025\/06\/seo-yoast-2.png","contentUrl":"https:\/\/www.qwien.at\/wp-content\/uploads\/2025\/06\/seo-yoast-2.png","width":697,"height":697,"caption":"Qwien"},"image":{"@id":"https:\/\/www.qwien.at\/en\/#\/schema\/logo\/image\/"},"sameAs":["https:\/\/www.instagram.com\/qwien.zentrum\/"]},{"@type":"Person","@id":"https:\/\/www.qwien.at\/en\/#\/schema\/person\/d3fe9114b43d8e5a558a6d20ca3e2920","name":"Andreas Brunner"}]}},"_links":{"self":[{"href":"https:\/\/www.qwien.at\/en\/wp-json\/wp\/v2\/posts\/11281","targetHints":{"allow":["GET"]}}],"collection":[{"href":"https:\/\/www.qwien.at\/en\/wp-json\/wp\/v2\/posts"}],"about":[{"href":"https:\/\/www.qwien.at\/en\/wp-json\/wp\/v2\/types\/post"}],"author":[{"embeddable":true,"href":"https:\/\/www.qwien.at\/en\/wp-json\/wp\/v2\/users\/4"}],"replies":[{"embeddable":true,"href":"https:\/\/www.qwien.at\/en\/wp-json\/wp\/v2\/comments?post=11281"}],"version-history":[{"count":0,"href":"https:\/\/www.qwien.at\/en\/wp-json\/wp\/v2\/posts\/11281\/revisions"}],"wp:attachment":[{"href":"https:\/\/www.qwien.at\/en\/wp-json\/wp\/v2\/media?parent=11281"}],"wp:term":[{"taxonomy":"category","embeddable":true,"href":"https:\/\/www.qwien.at\/en\/wp-json\/wp\/v2\/categories?post=11281"},{"taxonomy":"post_tag","embeddable":true,"href":"https:\/\/www.qwien.at\/en\/wp-json\/wp\/v2\/tags?post=11281"}],"curies":[{"name":"wp","href":"https:\/\/api.w.org\/{rel}","templated":true}]}}