{"id":11282,"date":"2025-07-15T21:37:00","date_gmt":"2025-07-15T19:37:00","guid":{"rendered":"https:\/\/www.qwien.at\/nicht-kategorisiert\/doppelbelichtet-5-merandy-lounge-club\/"},"modified":"2025-07-15T21:37:00","modified_gmt":"2025-07-15T19:37:00","slug":"doppelbelichtet-5-merandy-lounge-club","status":"publish","type":"post","link":"https:\/\/www.qwien.at\/en\/qwien-tipp\/doppelbelichtet-5-merandy-lounge-club\/","title":{"rendered":"Ausstellung: doppelbelichtet"},"content":{"rendered":"<p>Freitag, 1. April 2011, 19 Uhr \u2013 6., Merandy Lounge Club.<\/p>\n<p><strong>Wolfgang B\u00e4uml \u2013 Symbiose von Mensch und Natur \u2013 Die erste Ausstellung im neuen Merandy Lounge Club! <\/strong><\/p>\n<p>Erstmals findet im \u201eMerandy Lounge Club\u201c eine von ::kunst.projekte:: organisierte Ausstellung des K\u00fcnstlers Wolfgang B\u00e4uml statt, die am 1. April er\u00f6ffnet wird. Pr\u00e4sentiert wird der Bildzyklus \u201eSymbiosen\u201c, analoge Fotografien, die auf \u00e4sthetische Weise eine Verschmelzung von Mensch und Natur zeigen. Die Vernissage wird von einem Konzert der Musiker Astrid Pinsger (Gesang) und Stefan Plank (Klavier) von \u201eJazzBox\u201c begleitet. Es ist dies eine im Juni 2010 gegr\u00fcndete Gruppierung junger talentierter K\u00fcnstler, die sich der Musik verschrieben haben und zu dem Schluss gekommen sind, dass ein gemeinsames Projekt der richtige Weg ist, um ihrem kreativen Schaffen neue Impulse zu geben.<\/p>\n<p>Der im Herbst 20<img loading=\"lazy\" decoding=\"async\" class=\"size-full wp-image-4842 alignright\" src=\"https:\/\/www.qwien.at\/wp-content\/uploads\/2011\/03\/110307_baeuml_03-1.jpg\" alt=\"\" width=\"139\" height=\"105\" \/>10 neu er\u00f6ffnete \u201eMerandy Lounge Club\u201c (ehemals America Latina) mitten im Szenebezirk Mariahilf \u2013 in der N\u00e4he vom Naschmarkt \u2013 sorgt jeden Tag f\u00fcr gute Stimmung, hei\u00dfe Musik im \u201eAquarium\u201c und gem\u00fctliches Beisammensein vor dem Kaminofen. Es ist ein Ort f\u00fcr alle lesbischen, schwulen, bi-sexuellen und transgender Menschen und ihre Freunde aus verschiedenen Nationen, die gerne chillen, feiern, tanzen und sich wohlf\u00fchlen wollen.<\/p>\n<p><img loading=\"lazy\" decoding=\"async\" class=\"alignleft size-full wp-image-4841\" src=\"https:\/\/www.qwien.at\/wp-content\/uploads\/2011\/03\/110307_baeuml_02-1.jpg\" alt=\"\" width=\"80\" height=\"114\" \/>Zu <a href=\"http:\/\/www.baeumlwolf.at\/\"><strong>Wolfgang B\u00e4uml<\/strong><\/a>: Geboren 1966 in Bayern (D), lebt und arbeitet der K\u00fcnstler seit 1997 in Wien. Seit 2002 ist er als Kunsttherapeut und Kreativtrainer t\u00e4tig. Sein Hauptaugenmerk gilt allerdings der analogen Fotografie und Malerei in verschiedenen Techniken. Die Themen, die er dabei bearbeitet, sind Landschaften, P\u00f6rtr\u00e4ts von Tieren und Menschen und die Symbiose des menschlichen K\u00f6rpers mit der Natur. Seit 1999 kann B\u00e4uml auf verschiedene Ausstellungen und Kunstprojekte in \u00d6sterreich, Deutschland und Italien verweisen. Er ist Mitglied der freien Kunst-Kulturinitiative Q202. Merandy Lounge Club 1060 Wien, Mollardgasse 17\/Ecke Turmburggasse Er\u00f6ffnung am Freitag, 1. April 2011, 19 Uhr Musikalische Gestaltung: Astrid Pinsger (Gesang) und Stefan Plank (Klavier) von \u201eJazzBox\u201c pay as you can Merandy Lounge Club Meryem Genc \u00d6ffnungszeiten: Dienstag \u2013 Donnerstag 18 \u2013 2 Uhr Freitag &amp; Samstag 18 \u2013 4 Uhr Sonntag, Montag \u2013 Ruhetag<\/p>\n<p><img loading=\"lazy\" decoding=\"async\" class=\"size-medium wp-image-4840 alignright\" src=\"https:\/\/www.qwien.at\/wp-content\/uploads\/2011\/03\/110307_baeuml_01-1-212x300.jpg\" alt=\"\" width=\"212\" height=\"300\" srcset=\"https:\/\/www.qwien.at\/wp-content\/uploads\/2011\/03\/110307_baeuml_01-1-212x300.jpg 212w, https:\/\/www.qwien.at\/wp-content\/uploads\/2011\/03\/110307_baeuml_01-1.jpg 213w\" sizes=\"auto, (max-width: 212px) 100vw, 212px\" \/><\/p>\n<p>Quelle: <a href=\"http:\/\/www.galeriestudio38.at\/\">verein::kunst.projekte:: der [galerie]studio38<\/a> (zvr 123612155) 0680\/128 2380, office [at] galeriestudio38 [punkt] at<\/p>\n","protected":false},"excerpt":{"rendered":"<p>\t\t\t\t<![CDATA[]]>\t\t<\/p>\n","protected":false},"author":4,"featured_media":9541,"comment_status":"closed","ping_status":"open","sticky":false,"template":"","format":"standard","meta":{"_acf_changed":false,"footnotes":""},"categories":[275,276],"tags":[],"class_list":["post-11282","post","type-post","status-publish","format-standard","has-post-thumbnail","hentry","category-qwien-tipp","category-webarchive","grve-entry-item","grve-blog-item"],"acf":[],"yoast_head":"<!-- This site is optimized with the Yoast SEO plugin v27.5 - https:\/\/yoast.com\/product\/yoast-seo-wordpress\/ -->\n<title>Ausstellung: doppelbelichtet - Blog - Qwien - Zentrum f\u00fcr queere Geschichte<\/title>\n<meta name=\"robots\" content=\"index, follow, max-snippet:-1, max-image-preview:large, max-video-preview:-1\" \/>\n<link rel=\"canonical\" href=\"https:\/\/www.qwien.at\/en\/qwien-tipp\/doppelbelichtet-5-merandy-lounge-club\/\" \/>\n<meta property=\"og:locale\" content=\"en_US\" \/>\n<meta property=\"og:type\" content=\"article\" \/>\n<meta property=\"og:title\" content=\"Ausstellung: doppelbelichtet - Blog - Qwien - Zentrum f\u00fcr queere Geschichte\" \/>\n<meta property=\"og:url\" content=\"https:\/\/www.qwien.at\/en\/qwien-tipp\/doppelbelichtet-5-merandy-lounge-club\/\" \/>\n<meta property=\"og:site_name\" content=\"Qwien - Zentrum f\u00fcr queere Geschichte\" \/>\n<meta property=\"article:published_time\" content=\"2025-07-15T19:37:00+00:00\" \/>\n<meta property=\"og:image\" content=\"http:\/\/www.qwien.at\/wp-content\/uploads\/2011\/03\/110307_baeuml_03-1.jpg\" \/>\n<meta name=\"author\" content=\"Andreas Brunner\" \/>\n<meta name=\"twitter:card\" content=\"summary_large_image\" \/>\n<meta name=\"twitter:label1\" content=\"Written by\" \/>\n\t<meta name=\"twitter:data1\" content=\"Andreas Brunner\" \/>\n\t<meta name=\"twitter:label2\" content=\"Est. reading time\" \/>\n\t<meta name=\"twitter:data2\" content=\"2 minutes\" \/>\n<script type=\"application\/ld+json\" class=\"yoast-schema-graph\">{\"@context\":\"https:\\\/\\\/schema.org\",\"@graph\":[{\"@type\":[\"Article\",\"BlogPosting\"],\"@id\":\"https:\\\/\\\/www.qwien.at\\\/en\\\/qwien-tipp\\\/doppelbelichtet-5-merandy-lounge-club\\\/#article\",\"isPartOf\":{\"@id\":\"https:\\\/\\\/www.qwien.at\\\/en\\\/qwien-tipp\\\/doppelbelichtet-5-merandy-lounge-club\\\/\"},\"author\":{\"name\":\"Andreas Brunner\",\"@id\":\"https:\\\/\\\/www.qwien.at\\\/en\\\/#\\\/schema\\\/person\\\/d3fe9114b43d8e5a558a6d20ca3e2920\"},\"headline\":\"Ausstellung: doppelbelichtet\",\"datePublished\":\"2025-07-15T19:37:00+00:00\",\"mainEntityOfPage\":{\"@id\":\"https:\\\/\\\/www.qwien.at\\\/en\\\/qwien-tipp\\\/doppelbelichtet-5-merandy-lounge-club\\\/\"},\"wordCount\":339,\"publisher\":{\"@id\":\"https:\\\/\\\/www.qwien.at\\\/en\\\/#organization\"},\"image\":{\"@id\":\"https:\\\/\\\/www.qwien.at\\\/en\\\/qwien-tipp\\\/doppelbelichtet-5-merandy-lounge-club\\\/#primaryimage\"},\"thumbnailUrl\":\"https:\\\/\\\/www.qwien.at\\\/wp-content\\\/uploads\\\/2011\\\/03\\\/110307_baeuml_00-1.jpg\",\"articleSection\":[\"Tipp\",\"Webarchiv\"],\"inLanguage\":\"en-US\"},{\"@type\":\"WebPage\",\"@id\":\"https:\\\/\\\/www.qwien.at\\\/en\\\/qwien-tipp\\\/doppelbelichtet-5-merandy-lounge-club\\\/\",\"url\":\"https:\\\/\\\/www.qwien.at\\\/en\\\/qwien-tipp\\\/doppelbelichtet-5-merandy-lounge-club\\\/\",\"name\":\"Ausstellung: doppelbelichtet - Blog - Qwien - Zentrum f\u00fcr queere Geschichte\",\"isPartOf\":{\"@id\":\"https:\\\/\\\/www.qwien.at\\\/en\\\/#website\"},\"primaryImageOfPage\":{\"@id\":\"https:\\\/\\\/www.qwien.at\\\/en\\\/qwien-tipp\\\/doppelbelichtet-5-merandy-lounge-club\\\/#primaryimage\"},\"image\":{\"@id\":\"https:\\\/\\\/www.qwien.at\\\/en\\\/qwien-tipp\\\/doppelbelichtet-5-merandy-lounge-club\\\/#primaryimage\"},\"thumbnailUrl\":\"https:\\\/\\\/www.qwien.at\\\/wp-content\\\/uploads\\\/2011\\\/03\\\/110307_baeuml_00-1.jpg\",\"datePublished\":\"2025-07-15T19:37:00+00:00\",\"breadcrumb\":{\"@id\":\"https:\\\/\\\/www.qwien.at\\\/en\\\/qwien-tipp\\\/doppelbelichtet-5-merandy-lounge-club\\\/#breadcrumb\"},\"inLanguage\":\"en-US\",\"potentialAction\":[{\"@type\":\"ReadAction\",\"target\":[\"https:\\\/\\\/www.qwien.at\\\/en\\\/qwien-tipp\\\/doppelbelichtet-5-merandy-lounge-club\\\/\"]}]},{\"@type\":\"ImageObject\",\"inLanguage\":\"en-US\",\"@id\":\"https:\\\/\\\/www.qwien.at\\\/en\\\/qwien-tipp\\\/doppelbelichtet-5-merandy-lounge-club\\\/#primaryimage\",\"url\":\"https:\\\/\\\/www.qwien.at\\\/wp-content\\\/uploads\\\/2011\\\/03\\\/110307_baeuml_00-1.jpg\",\"contentUrl\":\"https:\\\/\\\/www.qwien.at\\\/wp-content\\\/uploads\\\/2011\\\/03\\\/110307_baeuml_00-1.jpg\",\"width\":900,\"height\":599},{\"@type\":\"BreadcrumbList\",\"@id\":\"https:\\\/\\\/www.qwien.at\\\/en\\\/qwien-tipp\\\/doppelbelichtet-5-merandy-lounge-club\\\/#breadcrumb\",\"itemListElement\":[{\"@type\":\"ListItem\",\"position\":1,\"name\":\"Startseite\",\"item\":\"https:\\\/\\\/www.qwien.at\\\/en\\\/\"},{\"@type\":\"ListItem\",\"position\":2,\"name\":\"Ausstellung: doppelbelichtet\"}]},{\"@type\":\"WebSite\",\"@id\":\"https:\\\/\\\/www.qwien.at\\\/en\\\/#website\",\"url\":\"https:\\\/\\\/www.qwien.at\\\/en\\\/\",\"name\":\"Qwien - Zentrum f\u00fcr queere Geschichte\",\"description\":\"\",\"publisher\":{\"@id\":\"https:\\\/\\\/www.qwien.at\\\/en\\\/#organization\"},\"potentialAction\":[{\"@type\":\"SearchAction\",\"target\":{\"@type\":\"EntryPoint\",\"urlTemplate\":\"https:\\\/\\\/www.qwien.at\\\/en\\\/?s={search_term_string}\"},\"query-input\":{\"@type\":\"PropertyValueSpecification\",\"valueRequired\":true,\"valueName\":\"search_term_string\"}}],\"inLanguage\":\"en-US\"},{\"@type\":\"Organization\",\"@id\":\"https:\\\/\\\/www.qwien.at\\\/en\\\/#organization\",\"name\":\"Qwien\",\"url\":\"https:\\\/\\\/www.qwien.at\\\/en\\\/\",\"logo\":{\"@type\":\"ImageObject\",\"inLanguage\":\"en-US\",\"@id\":\"https:\\\/\\\/www.qwien.at\\\/en\\\/#\\\/schema\\\/logo\\\/image\\\/\",\"url\":\"https:\\\/\\\/www.qwien.at\\\/wp-content\\\/uploads\\\/2025\\\/06\\\/seo-yoast-2.png\",\"contentUrl\":\"https:\\\/\\\/www.qwien.at\\\/wp-content\\\/uploads\\\/2025\\\/06\\\/seo-yoast-2.png\",\"width\":697,\"height\":697,\"caption\":\"Qwien\"},\"image\":{\"@id\":\"https:\\\/\\\/www.qwien.at\\\/en\\\/#\\\/schema\\\/logo\\\/image\\\/\"},\"sameAs\":[\"https:\\\/\\\/www.instagram.com\\\/qwien.zentrum\\\/\"]},{\"@type\":\"Person\",\"@id\":\"https:\\\/\\\/www.qwien.at\\\/en\\\/#\\\/schema\\\/person\\\/d3fe9114b43d8e5a558a6d20ca3e2920\",\"name\":\"Andreas Brunner\"}]}<\/script>\n<!-- \/ Yoast SEO plugin. -->","yoast_head_json":{"title":"Ausstellung: doppelbelichtet - Blog - Qwien - Zentrum f\u00fcr queere Geschichte","robots":{"index":"index","follow":"follow","max-snippet":"max-snippet:-1","max-image-preview":"max-image-preview:large","max-video-preview":"max-video-preview:-1"},"canonical":"https:\/\/www.qwien.at\/en\/qwien-tipp\/doppelbelichtet-5-merandy-lounge-club\/","og_locale":"en_US","og_type":"article","og_title":"Ausstellung: doppelbelichtet - Blog - Qwien - Zentrum f\u00fcr queere Geschichte","og_url":"https:\/\/www.qwien.at\/en\/qwien-tipp\/doppelbelichtet-5-merandy-lounge-club\/","og_site_name":"Qwien - Zentrum f\u00fcr queere Geschichte","article_published_time":"2025-07-15T19:37:00+00:00","og_image":[{"url":"http:\/\/www.qwien.at\/wp-content\/uploads\/2011\/03\/110307_baeuml_03-1.jpg","type":"","width":"","height":""}],"author":"Andreas Brunner","twitter_card":"summary_large_image","twitter_misc":{"Written by":"Andreas Brunner","Est. reading time":"2 minutes"},"schema":{"@context":"https:\/\/schema.org","@graph":[{"@type":["Article","BlogPosting"],"@id":"https:\/\/www.qwien.at\/en\/qwien-tipp\/doppelbelichtet-5-merandy-lounge-club\/#article","isPartOf":{"@id":"https:\/\/www.qwien.at\/en\/qwien-tipp\/doppelbelichtet-5-merandy-lounge-club\/"},"author":{"name":"Andreas Brunner","@id":"https:\/\/www.qwien.at\/en\/#\/schema\/person\/d3fe9114b43d8e5a558a6d20ca3e2920"},"headline":"Ausstellung: doppelbelichtet","datePublished":"2025-07-15T19:37:00+00:00","mainEntityOfPage":{"@id":"https:\/\/www.qwien.at\/en\/qwien-tipp\/doppelbelichtet-5-merandy-lounge-club\/"},"wordCount":339,"publisher":{"@id":"https:\/\/www.qwien.at\/en\/#organization"},"image":{"@id":"https:\/\/www.qwien.at\/en\/qwien-tipp\/doppelbelichtet-5-merandy-lounge-club\/#primaryimage"},"thumbnailUrl":"https:\/\/www.qwien.at\/wp-content\/uploads\/2011\/03\/110307_baeuml_00-1.jpg","articleSection":["Tipp","Webarchiv"],"inLanguage":"en-US"},{"@type":"WebPage","@id":"https:\/\/www.qwien.at\/en\/qwien-tipp\/doppelbelichtet-5-merandy-lounge-club\/","url":"https:\/\/www.qwien.at\/en\/qwien-tipp\/doppelbelichtet-5-merandy-lounge-club\/","name":"Ausstellung: doppelbelichtet - Blog - Qwien - Zentrum f\u00fcr queere Geschichte","isPartOf":{"@id":"https:\/\/www.qwien.at\/en\/#website"},"primaryImageOfPage":{"@id":"https:\/\/www.qwien.at\/en\/qwien-tipp\/doppelbelichtet-5-merandy-lounge-club\/#primaryimage"},"image":{"@id":"https:\/\/www.qwien.at\/en\/qwien-tipp\/doppelbelichtet-5-merandy-lounge-club\/#primaryimage"},"thumbnailUrl":"https:\/\/www.qwien.at\/wp-content\/uploads\/2011\/03\/110307_baeuml_00-1.jpg","datePublished":"2025-07-15T19:37:00+00:00","breadcrumb":{"@id":"https:\/\/www.qwien.at\/en\/qwien-tipp\/doppelbelichtet-5-merandy-lounge-club\/#breadcrumb"},"inLanguage":"en-US","potentialAction":[{"@type":"ReadAction","target":["https:\/\/www.qwien.at\/en\/qwien-tipp\/doppelbelichtet-5-merandy-lounge-club\/"]}]},{"@type":"ImageObject","inLanguage":"en-US","@id":"https:\/\/www.qwien.at\/en\/qwien-tipp\/doppelbelichtet-5-merandy-lounge-club\/#primaryimage","url":"https:\/\/www.qwien.at\/wp-content\/uploads\/2011\/03\/110307_baeuml_00-1.jpg","contentUrl":"https:\/\/www.qwien.at\/wp-content\/uploads\/2011\/03\/110307_baeuml_00-1.jpg","width":900,"height":599},{"@type":"BreadcrumbList","@id":"https:\/\/www.qwien.at\/en\/qwien-tipp\/doppelbelichtet-5-merandy-lounge-club\/#breadcrumb","itemListElement":[{"@type":"ListItem","position":1,"name":"Startseite","item":"https:\/\/www.qwien.at\/en\/"},{"@type":"ListItem","position":2,"name":"Ausstellung: doppelbelichtet"}]},{"@type":"WebSite","@id":"https:\/\/www.qwien.at\/en\/#website","url":"https:\/\/www.qwien.at\/en\/","name":"Qwien - Zentrum f\u00fcr queere Geschichte","description":"","publisher":{"@id":"https:\/\/www.qwien.at\/en\/#organization"},"potentialAction":[{"@type":"SearchAction","target":{"@type":"EntryPoint","urlTemplate":"https:\/\/www.qwien.at\/en\/?s={search_term_string}"},"query-input":{"@type":"PropertyValueSpecification","valueRequired":true,"valueName":"search_term_string"}}],"inLanguage":"en-US"},{"@type":"Organization","@id":"https:\/\/www.qwien.at\/en\/#organization","name":"Qwien","url":"https:\/\/www.qwien.at\/en\/","logo":{"@type":"ImageObject","inLanguage":"en-US","@id":"https:\/\/www.qwien.at\/en\/#\/schema\/logo\/image\/","url":"https:\/\/www.qwien.at\/wp-content\/uploads\/2025\/06\/seo-yoast-2.png","contentUrl":"https:\/\/www.qwien.at\/wp-content\/uploads\/2025\/06\/seo-yoast-2.png","width":697,"height":697,"caption":"Qwien"},"image":{"@id":"https:\/\/www.qwien.at\/en\/#\/schema\/logo\/image\/"},"sameAs":["https:\/\/www.instagram.com\/qwien.zentrum\/"]},{"@type":"Person","@id":"https:\/\/www.qwien.at\/en\/#\/schema\/person\/d3fe9114b43d8e5a558a6d20ca3e2920","name":"Andreas Brunner"}]}},"_links":{"self":[{"href":"https:\/\/www.qwien.at\/en\/wp-json\/wp\/v2\/posts\/11282","targetHints":{"allow":["GET"]}}],"collection":[{"href":"https:\/\/www.qwien.at\/en\/wp-json\/wp\/v2\/posts"}],"about":[{"href":"https:\/\/www.qwien.at\/en\/wp-json\/wp\/v2\/types\/post"}],"author":[{"embeddable":true,"href":"https:\/\/www.qwien.at\/en\/wp-json\/wp\/v2\/users\/4"}],"replies":[{"embeddable":true,"href":"https:\/\/www.qwien.at\/en\/wp-json\/wp\/v2\/comments?post=11282"}],"version-history":[{"count":0,"href":"https:\/\/www.qwien.at\/en\/wp-json\/wp\/v2\/posts\/11282\/revisions"}],"wp:featuredmedia":[{"embeddable":true,"href":"https:\/\/www.qwien.at\/en\/wp-json\/wp\/v2\/media\/9541"}],"wp:attachment":[{"href":"https:\/\/www.qwien.at\/en\/wp-json\/wp\/v2\/media?parent=11282"}],"wp:term":[{"taxonomy":"category","embeddable":true,"href":"https:\/\/www.qwien.at\/en\/wp-json\/wp\/v2\/categories?post=11282"},{"taxonomy":"post_tag","embeddable":true,"href":"https:\/\/www.qwien.at\/en\/wp-json\/wp\/v2\/tags?post=11282"}],"curies":[{"name":"wp","href":"https:\/\/api.w.org\/{rel}","templated":true}]}}