{"id":11287,"date":"2025-07-15T21:37:00","date_gmt":"2025-07-15T19:37:00","guid":{"rendered":"https:\/\/www.qwien.at\/nicht-kategorisiert\/queere-konferenzen-ruckblick-einblick-ausblick\/"},"modified":"2025-07-15T21:37:00","modified_gmt":"2025-07-15T19:37:00","slug":"queere-konferenzen-ruckblick-einblick-ausblick","status":"publish","type":"post","link":"https:\/\/www.qwien.at\/en\/qwien-tipp\/queere-konferenzen-ruckblick-einblick-ausblick\/","title":{"rendered":"Queere Konferenzen: R\u00fcckblick &#8211; Einblick &#8211; Ausblick"},"content":{"rendered":"<p>Im Herbst 2010 fanden in Berlin zwei bemerkenswerte Tagungen statt, die mich sehr inspiriert, ber\u00fchrt und wachger\u00fcttelt haben. Die Tagung\u00a0<strong><a href=\"http:\/\/www.berlin.de\/imperia\/md\/content\/lb_ads\/gglw\/themen\/bericht_tagung_inklusive_leidenschaft.pdf?start&amp;ts=1300797441&amp;file=bericht_tagung_inklusive_leidenschaft.pdf\" target=\"_blank\" rel=\"noopener noreferrer\">\u201eInklusive Leidenschaft \u2013 Lesben, Schwule, transgeschlechtliche Menschen mit Behinderung\u201c<\/a>\u00a0(21.-22.09.2010)<\/strong>\u00a0hat mich so tief bewegt, dass ich mich entschieden habe, auch f\u00fcr Wien ein vergleichbares Kleinprojekt zu starten. Aus diesem Grund wird es im September 2011 einen Workshop mit Podiumsdiskussion mit dem Titel \u201eQueer Bodies \u2013 Behinderung ist queere Kultur\u201c zu diesem Thema geben (n\u00e4here Informationen folgen in den Sommermonaten). Die Tagung zu inklusiver Leidenschaft hat mir Einblicke gew\u00e4hrt: nicht nur in die Ansichten von Menschen mit Behinderungen, sondern vor allem in meine eigene Verblendung. Z. B. klafften bei dem Workshop zu Sexualit\u00e4t und Behinderung zwei Welten aufeinander: die der Nicht-Behinderten (bzw. nicht erkennbar Behinderten), darunter P\u00e4dagog_innen und Sozialarbeiter_innen, und jene Menschen, deren Sexualleben zerpfl\u00fcckt werden sollte. Ziemlich hart, aber trotzdem zu Recht, wurde mir im Zuge der Diskussion von einem Teilnehmer klargemacht, dass ich mit meiner sogenannten politischen Korrektheit und dem Reden \u00fcber Menschen mit Behinderung_en diskriminierend bin. Ich war mir den Folgen meiner privilegierten Position nicht vollst\u00e4ndig bewusst. Das wunderbare an dieser Tagung war, dass sie keine Tagung \u00fcber Menschen mit Behinderung_en war, sondern von und mit Menschen mit Behinderung. Nicht-behinderte Menschen wurden in ihren K\u00e4mpfen \u201ef\u00fcr eine bessere Welt\u201c in die Schranken gewiesen und zum Zuh\u00f6ren gebracht. Nur so war es m\u00f6glich, dass ich und andere vermeintlich Nicht-Behinderte offen blieben f\u00fcr einen richtigen Austausch. Unmittelbar danach organisierte die Humboldt Universit\u00e4t zu Berlin die internationale Konferenz<strong>\u00a0<a href=\"http:\/\/www.angl.hu-berlin.de\/confslecs\/queer-again\/Konferenzmappe\/view\" target=\"_blank\" rel=\"noopener noreferrer\">\u201eQueer Again? Power, Politics and Ethics\u201c<\/a>\u00a0(23.-25.09.2010)<\/strong>\u00a0mit den Fach-Celebrities J. Jack Halberstam, Jos\u00e9 Esteban Mun\u0303oz und Susan Stryker. Vertreten waren auch die \u00f6sterreichische Wissenschafterin Heike Raab (\u201eDisability as Queer Culture\u201c) und der K\u00fcnstler Anthony Claire Wagner (\u201eMonster or Messenger? \u2013 Queer Interventions as a Beast and an Elf\u201d). Ich pers\u00f6nlich war von den nicht so \u00fcberrannten Vortr\u00e4gen von Anthony C. Wagner oder Rachel White aus Gro\u00dfbritannien (\u201eNo Fat Future? The Uses of Anti-Social Queer Theory for Fat Activism\u201d) fasziniert. Rachel Whites Beispiele aktionistischer Dicker (zu denen auch sie* geh\u00f6rt) der zuvor noch nie geh\u00f6rten\u00a0<a href=\"http:\/\/www.chubstergang.com\/\" target=\"_blank\" rel=\"noopener noreferrer\">\u201eChubsters Gang\u201c<\/a>\u00a0strotzte vor Empowerment und Elan. Am 28.1.2011 organisierte das Institut f\u00fcr Gender Studies der Universit\u00e4t Wien die\u00a0<strong>Friday Lecture \u201eBarrierefrei?! Perspektiven der Disability und Gender\/Queer Studies auf die Hochschullandschaft\u201c\u00a0<\/strong>und lud dazu begehrte internationale Sprecher_innen ein; Podcasts zum Anh\u00f6ren gibt es\u00a0<a href=\"http:\/\/ctl.univie.ac.at\/veranstaltungen\/friday-lectures-ws-201011\/friday-lecture-day\/programm-dokumentation\/\" target=\"_blank\" rel=\"noopener noreferrer\">hier<\/a>. Wer mehr zu Anthony C. Wagners magischen Biest und Elfenarbeiten sehen\/h\u00f6ren und gleich selbst mitmachen will, sollte am besten zur Konferenz\u00a0<strong>\u201eImport-Export-Transport: Queer Theory, queer Critique and queer Activism in Motion\u201c\u00a0an der Universit\u00e4t Wien (28.-30.04.2010)<\/strong>\u00a0kommen. Es wird spannend werden! Vortragende und Workshopleiter_innen aus HU, SRB, D, CH, SLO, UK, NL, den USA u. u. u. machen diese Konferenz zu einem europaweiten Event f\u00fcr queere Wissenschafter_innen und aktivistische Queeries. Das Programm kann man\u00a0<a href=\"http:\/\/www.univie.ac.at\/gender\/index.php?id=program#c2028\" target=\"_blank\" rel=\"noopener noreferrer\">hier herunterladen<\/a>. Hiermit w\u00fcnsche ich euch Fairies, Monsters und noch Unschl\u00fcssigen eine inspirierten Fr\u00fchling!<\/p>\n","protected":false},"excerpt":{"rendered":"<p>\t\t\t\t<![CDATA[]]>\t\t<\/p>\n","protected":false},"author":4,"featured_media":9548,"comment_status":"closed","ping_status":"closed","sticky":false,"template":"","format":"standard","meta":{"_acf_changed":false,"footnotes":""},"categories":[275,276],"tags":[],"class_list":["post-11287","post","type-post","status-publish","format-standard","has-post-thumbnail","hentry","category-qwien-tipp","category-webarchive","grve-entry-item","grve-blog-item"],"acf":[],"yoast_head":"<!-- This site is optimized with the Yoast SEO plugin v27.5 - https:\/\/yoast.com\/product\/yoast-seo-wordpress\/ -->\n<title>Queere Konferenzen: R\u00fcckblick - Einblick - Ausblick - Blog - Qwien - Zentrum f\u00fcr queere Geschichte<\/title>\n<meta name=\"robots\" content=\"index, follow, max-snippet:-1, max-image-preview:large, max-video-preview:-1\" \/>\n<link rel=\"canonical\" href=\"https:\/\/www.qwien.at\/en\/qwien-tipp\/queere-konferenzen-ruckblick-einblick-ausblick\/\" \/>\n<meta property=\"og:locale\" content=\"en_US\" \/>\n<meta property=\"og:type\" content=\"article\" \/>\n<meta property=\"og:title\" content=\"Queere Konferenzen: R\u00fcckblick - Einblick - Ausblick - Blog - Qwien - Zentrum f\u00fcr queere Geschichte\" \/>\n<meta property=\"og:url\" content=\"https:\/\/www.qwien.at\/en\/qwien-tipp\/queere-konferenzen-ruckblick-einblick-ausblick\/\" \/>\n<meta property=\"og:site_name\" content=\"Qwien - Zentrum f\u00fcr queere Geschichte\" \/>\n<meta property=\"article:published_time\" content=\"2025-07-15T19:37:00+00:00\" \/>\n<meta property=\"og:image\" content=\"https:\/\/www.qwien.at\/wp-content\/uploads\/2025\/06\/seo-yoast-1.png\" \/>\n\t<meta property=\"og:image:width\" content=\"1921\" \/>\n\t<meta property=\"og:image:height\" content=\"1081\" \/>\n\t<meta property=\"og:image:type\" content=\"image\/png\" \/>\n<meta name=\"author\" content=\"Andreas Brunner\" \/>\n<meta name=\"twitter:card\" content=\"summary_large_image\" \/>\n<meta name=\"twitter:label1\" content=\"Written by\" \/>\n\t<meta name=\"twitter:data1\" content=\"Andreas Brunner\" \/>\n\t<meta name=\"twitter:label2\" content=\"Est. reading time\" \/>\n\t<meta name=\"twitter:data2\" content=\"3 minutes\" \/>\n<script type=\"application\/ld+json\" class=\"yoast-schema-graph\">{\"@context\":\"https:\\\/\\\/schema.org\",\"@graph\":[{\"@type\":[\"Article\",\"BlogPosting\"],\"@id\":\"https:\\\/\\\/www.qwien.at\\\/en\\\/qwien-tipp\\\/queere-konferenzen-ruckblick-einblick-ausblick\\\/#article\",\"isPartOf\":{\"@id\":\"https:\\\/\\\/www.qwien.at\\\/en\\\/qwien-tipp\\\/queere-konferenzen-ruckblick-einblick-ausblick\\\/\"},\"author\":{\"name\":\"Andreas Brunner\",\"@id\":\"https:\\\/\\\/www.qwien.at\\\/en\\\/#\\\/schema\\\/person\\\/d3fe9114b43d8e5a558a6d20ca3e2920\"},\"headline\":\"Queere Konferenzen: R\u00fcckblick &#8211; Einblick &#8211; Ausblick\",\"datePublished\":\"2025-07-15T19:37:00+00:00\",\"mainEntityOfPage\":{\"@id\":\"https:\\\/\\\/www.qwien.at\\\/en\\\/qwien-tipp\\\/queere-konferenzen-ruckblick-einblick-ausblick\\\/\"},\"wordCount\":517,\"publisher\":{\"@id\":\"https:\\\/\\\/www.qwien.at\\\/en\\\/#organization\"},\"image\":{\"@id\":\"https:\\\/\\\/www.qwien.at\\\/en\\\/qwien-tipp\\\/queere-konferenzen-ruckblick-einblick-ausblick\\\/#primaryimage\"},\"thumbnailUrl\":\"https:\\\/\\\/www.qwien.at\\\/wp-content\\\/uploads\\\/2011\\\/04\\\/queer_conference_2011-1.jpg\",\"articleSection\":[\"Tipp\",\"Webarchiv\"],\"inLanguage\":\"en-US\"},{\"@type\":\"WebPage\",\"@id\":\"https:\\\/\\\/www.qwien.at\\\/en\\\/qwien-tipp\\\/queere-konferenzen-ruckblick-einblick-ausblick\\\/\",\"url\":\"https:\\\/\\\/www.qwien.at\\\/en\\\/qwien-tipp\\\/queere-konferenzen-ruckblick-einblick-ausblick\\\/\",\"name\":\"Queere Konferenzen: R\u00fcckblick - Einblick - Ausblick - Blog - Qwien - Zentrum f\u00fcr queere Geschichte\",\"isPartOf\":{\"@id\":\"https:\\\/\\\/www.qwien.at\\\/en\\\/#website\"},\"primaryImageOfPage\":{\"@id\":\"https:\\\/\\\/www.qwien.at\\\/en\\\/qwien-tipp\\\/queere-konferenzen-ruckblick-einblick-ausblick\\\/#primaryimage\"},\"image\":{\"@id\":\"https:\\\/\\\/www.qwien.at\\\/en\\\/qwien-tipp\\\/queere-konferenzen-ruckblick-einblick-ausblick\\\/#primaryimage\"},\"thumbnailUrl\":\"https:\\\/\\\/www.qwien.at\\\/wp-content\\\/uploads\\\/2011\\\/04\\\/queer_conference_2011-1.jpg\",\"datePublished\":\"2025-07-15T19:37:00+00:00\",\"breadcrumb\":{\"@id\":\"https:\\\/\\\/www.qwien.at\\\/en\\\/qwien-tipp\\\/queere-konferenzen-ruckblick-einblick-ausblick\\\/#breadcrumb\"},\"inLanguage\":\"en-US\",\"potentialAction\":[{\"@type\":\"ReadAction\",\"target\":[\"https:\\\/\\\/www.qwien.at\\\/en\\\/qwien-tipp\\\/queere-konferenzen-ruckblick-einblick-ausblick\\\/\"]}]},{\"@type\":\"ImageObject\",\"inLanguage\":\"en-US\",\"@id\":\"https:\\\/\\\/www.qwien.at\\\/en\\\/qwien-tipp\\\/queere-konferenzen-ruckblick-einblick-ausblick\\\/#primaryimage\",\"url\":\"https:\\\/\\\/www.qwien.at\\\/wp-content\\\/uploads\\\/2011\\\/04\\\/queer_conference_2011-1.jpg\",\"contentUrl\":\"https:\\\/\\\/www.qwien.at\\\/wp-content\\\/uploads\\\/2011\\\/04\\\/queer_conference_2011-1.jpg\",\"width\":900,\"height\":574},{\"@type\":\"BreadcrumbList\",\"@id\":\"https:\\\/\\\/www.qwien.at\\\/en\\\/qwien-tipp\\\/queere-konferenzen-ruckblick-einblick-ausblick\\\/#breadcrumb\",\"itemListElement\":[{\"@type\":\"ListItem\",\"position\":1,\"name\":\"Startseite\",\"item\":\"https:\\\/\\\/www.qwien.at\\\/en\\\/\"},{\"@type\":\"ListItem\",\"position\":2,\"name\":\"Queere Konferenzen: R\u00fcckblick &#8211; Einblick &#8211; Ausblick\"}]},{\"@type\":\"WebSite\",\"@id\":\"https:\\\/\\\/www.qwien.at\\\/en\\\/#website\",\"url\":\"https:\\\/\\\/www.qwien.at\\\/en\\\/\",\"name\":\"Qwien - Zentrum f\u00fcr queere Geschichte\",\"description\":\"\",\"publisher\":{\"@id\":\"https:\\\/\\\/www.qwien.at\\\/en\\\/#organization\"},\"potentialAction\":[{\"@type\":\"SearchAction\",\"target\":{\"@type\":\"EntryPoint\",\"urlTemplate\":\"https:\\\/\\\/www.qwien.at\\\/en\\\/?s={search_term_string}\"},\"query-input\":{\"@type\":\"PropertyValueSpecification\",\"valueRequired\":true,\"valueName\":\"search_term_string\"}}],\"inLanguage\":\"en-US\"},{\"@type\":\"Organization\",\"@id\":\"https:\\\/\\\/www.qwien.at\\\/en\\\/#organization\",\"name\":\"Qwien\",\"url\":\"https:\\\/\\\/www.qwien.at\\\/en\\\/\",\"logo\":{\"@type\":\"ImageObject\",\"inLanguage\":\"en-US\",\"@id\":\"https:\\\/\\\/www.qwien.at\\\/en\\\/#\\\/schema\\\/logo\\\/image\\\/\",\"url\":\"https:\\\/\\\/www.qwien.at\\\/wp-content\\\/uploads\\\/2025\\\/06\\\/seo-yoast-2.png\",\"contentUrl\":\"https:\\\/\\\/www.qwien.at\\\/wp-content\\\/uploads\\\/2025\\\/06\\\/seo-yoast-2.png\",\"width\":697,\"height\":697,\"caption\":\"Qwien\"},\"image\":{\"@id\":\"https:\\\/\\\/www.qwien.at\\\/en\\\/#\\\/schema\\\/logo\\\/image\\\/\"},\"sameAs\":[\"https:\\\/\\\/www.instagram.com\\\/qwien.zentrum\\\/\"]},{\"@type\":\"Person\",\"@id\":\"https:\\\/\\\/www.qwien.at\\\/en\\\/#\\\/schema\\\/person\\\/d3fe9114b43d8e5a558a6d20ca3e2920\",\"name\":\"Andreas Brunner\"}]}<\/script>\n<!-- \/ Yoast SEO plugin. -->","yoast_head_json":{"title":"Queere Konferenzen: R\u00fcckblick - Einblick - Ausblick - Blog - Qwien - Zentrum f\u00fcr queere Geschichte","robots":{"index":"index","follow":"follow","max-snippet":"max-snippet:-1","max-image-preview":"max-image-preview:large","max-video-preview":"max-video-preview:-1"},"canonical":"https:\/\/www.qwien.at\/en\/qwien-tipp\/queere-konferenzen-ruckblick-einblick-ausblick\/","og_locale":"en_US","og_type":"article","og_title":"Queere Konferenzen: R\u00fcckblick - Einblick - Ausblick - Blog - Qwien - Zentrum f\u00fcr queere Geschichte","og_url":"https:\/\/www.qwien.at\/en\/qwien-tipp\/queere-konferenzen-ruckblick-einblick-ausblick\/","og_site_name":"Qwien - Zentrum f\u00fcr queere Geschichte","article_published_time":"2025-07-15T19:37:00+00:00","og_image":[{"width":1921,"height":1081,"url":"https:\/\/www.qwien.at\/wp-content\/uploads\/2025\/06\/seo-yoast-1.png","type":"image\/png"}],"author":"Andreas Brunner","twitter_card":"summary_large_image","twitter_misc":{"Written by":"Andreas Brunner","Est. reading time":"3 minutes"},"schema":{"@context":"https:\/\/schema.org","@graph":[{"@type":["Article","BlogPosting"],"@id":"https:\/\/www.qwien.at\/en\/qwien-tipp\/queere-konferenzen-ruckblick-einblick-ausblick\/#article","isPartOf":{"@id":"https:\/\/www.qwien.at\/en\/qwien-tipp\/queere-konferenzen-ruckblick-einblick-ausblick\/"},"author":{"name":"Andreas Brunner","@id":"https:\/\/www.qwien.at\/en\/#\/schema\/person\/d3fe9114b43d8e5a558a6d20ca3e2920"},"headline":"Queere Konferenzen: R\u00fcckblick &#8211; Einblick &#8211; Ausblick","datePublished":"2025-07-15T19:37:00+00:00","mainEntityOfPage":{"@id":"https:\/\/www.qwien.at\/en\/qwien-tipp\/queere-konferenzen-ruckblick-einblick-ausblick\/"},"wordCount":517,"publisher":{"@id":"https:\/\/www.qwien.at\/en\/#organization"},"image":{"@id":"https:\/\/www.qwien.at\/en\/qwien-tipp\/queere-konferenzen-ruckblick-einblick-ausblick\/#primaryimage"},"thumbnailUrl":"https:\/\/www.qwien.at\/wp-content\/uploads\/2011\/04\/queer_conference_2011-1.jpg","articleSection":["Tipp","Webarchiv"],"inLanguage":"en-US"},{"@type":"WebPage","@id":"https:\/\/www.qwien.at\/en\/qwien-tipp\/queere-konferenzen-ruckblick-einblick-ausblick\/","url":"https:\/\/www.qwien.at\/en\/qwien-tipp\/queere-konferenzen-ruckblick-einblick-ausblick\/","name":"Queere Konferenzen: R\u00fcckblick - Einblick - Ausblick - Blog - Qwien - Zentrum f\u00fcr queere Geschichte","isPartOf":{"@id":"https:\/\/www.qwien.at\/en\/#website"},"primaryImageOfPage":{"@id":"https:\/\/www.qwien.at\/en\/qwien-tipp\/queere-konferenzen-ruckblick-einblick-ausblick\/#primaryimage"},"image":{"@id":"https:\/\/www.qwien.at\/en\/qwien-tipp\/queere-konferenzen-ruckblick-einblick-ausblick\/#primaryimage"},"thumbnailUrl":"https:\/\/www.qwien.at\/wp-content\/uploads\/2011\/04\/queer_conference_2011-1.jpg","datePublished":"2025-07-15T19:37:00+00:00","breadcrumb":{"@id":"https:\/\/www.qwien.at\/en\/qwien-tipp\/queere-konferenzen-ruckblick-einblick-ausblick\/#breadcrumb"},"inLanguage":"en-US","potentialAction":[{"@type":"ReadAction","target":["https:\/\/www.qwien.at\/en\/qwien-tipp\/queere-konferenzen-ruckblick-einblick-ausblick\/"]}]},{"@type":"ImageObject","inLanguage":"en-US","@id":"https:\/\/www.qwien.at\/en\/qwien-tipp\/queere-konferenzen-ruckblick-einblick-ausblick\/#primaryimage","url":"https:\/\/www.qwien.at\/wp-content\/uploads\/2011\/04\/queer_conference_2011-1.jpg","contentUrl":"https:\/\/www.qwien.at\/wp-content\/uploads\/2011\/04\/queer_conference_2011-1.jpg","width":900,"height":574},{"@type":"BreadcrumbList","@id":"https:\/\/www.qwien.at\/en\/qwien-tipp\/queere-konferenzen-ruckblick-einblick-ausblick\/#breadcrumb","itemListElement":[{"@type":"ListItem","position":1,"name":"Startseite","item":"https:\/\/www.qwien.at\/en\/"},{"@type":"ListItem","position":2,"name":"Queere Konferenzen: R\u00fcckblick &#8211; Einblick &#8211; Ausblick"}]},{"@type":"WebSite","@id":"https:\/\/www.qwien.at\/en\/#website","url":"https:\/\/www.qwien.at\/en\/","name":"Qwien - Zentrum f\u00fcr queere Geschichte","description":"","publisher":{"@id":"https:\/\/www.qwien.at\/en\/#organization"},"potentialAction":[{"@type":"SearchAction","target":{"@type":"EntryPoint","urlTemplate":"https:\/\/www.qwien.at\/en\/?s={search_term_string}"},"query-input":{"@type":"PropertyValueSpecification","valueRequired":true,"valueName":"search_term_string"}}],"inLanguage":"en-US"},{"@type":"Organization","@id":"https:\/\/www.qwien.at\/en\/#organization","name":"Qwien","url":"https:\/\/www.qwien.at\/en\/","logo":{"@type":"ImageObject","inLanguage":"en-US","@id":"https:\/\/www.qwien.at\/en\/#\/schema\/logo\/image\/","url":"https:\/\/www.qwien.at\/wp-content\/uploads\/2025\/06\/seo-yoast-2.png","contentUrl":"https:\/\/www.qwien.at\/wp-content\/uploads\/2025\/06\/seo-yoast-2.png","width":697,"height":697,"caption":"Qwien"},"image":{"@id":"https:\/\/www.qwien.at\/en\/#\/schema\/logo\/image\/"},"sameAs":["https:\/\/www.instagram.com\/qwien.zentrum\/"]},{"@type":"Person","@id":"https:\/\/www.qwien.at\/en\/#\/schema\/person\/d3fe9114b43d8e5a558a6d20ca3e2920","name":"Andreas Brunner"}]}},"_links":{"self":[{"href":"https:\/\/www.qwien.at\/en\/wp-json\/wp\/v2\/posts\/11287","targetHints":{"allow":["GET"]}}],"collection":[{"href":"https:\/\/www.qwien.at\/en\/wp-json\/wp\/v2\/posts"}],"about":[{"href":"https:\/\/www.qwien.at\/en\/wp-json\/wp\/v2\/types\/post"}],"author":[{"embeddable":true,"href":"https:\/\/www.qwien.at\/en\/wp-json\/wp\/v2\/users\/4"}],"replies":[{"embeddable":true,"href":"https:\/\/www.qwien.at\/en\/wp-json\/wp\/v2\/comments?post=11287"}],"version-history":[{"count":0,"href":"https:\/\/www.qwien.at\/en\/wp-json\/wp\/v2\/posts\/11287\/revisions"}],"wp:featuredmedia":[{"embeddable":true,"href":"https:\/\/www.qwien.at\/en\/wp-json\/wp\/v2\/media\/9548"}],"wp:attachment":[{"href":"https:\/\/www.qwien.at\/en\/wp-json\/wp\/v2\/media?parent=11287"}],"wp:term":[{"taxonomy":"category","embeddable":true,"href":"https:\/\/www.qwien.at\/en\/wp-json\/wp\/v2\/categories?post=11287"},{"taxonomy":"post_tag","embeddable":true,"href":"https:\/\/www.qwien.at\/en\/wp-json\/wp\/v2\/tags?post=11287"}],"curies":[{"name":"wp","href":"https:\/\/api.w.org\/{rel}","templated":true}]}}