{"id":11289,"date":"2025-07-15T21:37:00","date_gmt":"2025-07-15T19:37:00","guid":{"rendered":"https:\/\/www.qwien.at\/nicht-kategorisiert\/qwien-ladt-am-19-11-2011-zum-runden-tisch-behinderung-ist-queere-kultur\/"},"modified":"2025-07-15T21:37:00","modified_gmt":"2025-07-15T19:37:00","slug":"qwien-ladt-am-19-11-2011-zum-runden-tisch-behinderung-ist-queere-kultur","status":"publish","type":"post","link":"https:\/\/www.qwien.at\/en\/qwien-tipp\/qwien-ladt-am-19-11-2011-zum-runden-tisch-behinderung-ist-queere-kultur\/","title":{"rendered":"Runder Tisch \u201eBehinderung ist queere Kultur\u201c"},"content":{"rendered":"<address><strong>(Slogan von\u00a0<em>Queers on Wheels<\/em>\u00a0auf der Regenbogen Parade 2009)<\/strong><\/address>\n<address>Ein Runder Tisch organisiert von Zentrum QWIEN.<\/address>\n<address>\u00a0<\/address>\n<address>\u201e<em>Wenn ich als behindertes Kind immer h\u00f6rte, dich wird kein Mann wollen, du wirst nie heiraten, wenn du mitkriegst, dass du nie Sexualit\u00e4t haben wirst, dann konzentrierst du dich darauf, und denkst dir, das wollen wir doch mal sehen.\u201c<\/em><\/address>\n<p><em>[aus: \u201eKein Tag ohne Liebe\u201c (Berlin, 1999)]<\/em><\/p>\n<p>Der Workshop zum Thema \u201eBehinderung und queerer Sexualit\u00e4t\u201c ist eine geschlossene Veranstaltung, bei der Menschen mit Behinderungen und Aktivist_innen (wie z.B. Mitglieder von Queers on Wheels) eine Art Situationsbericht, vor allem aber einen Forderungskatalog f\u00fcr die \u00f6sterreichische Gesellschaft zusammenstellen. Es geht darum, Sichtbarkeit, Anti-Diskriminierung und Selbstbestimmung von Menschen mit Behinderungen mit queerer Sexualit\u00e4t und\/oder Geschlechtsidentit\u00e4t zu f\u00f6rdern.\u00a0Thematisiert werden beispielsweise die Situationen in \u00f6sterreichischen Betreuungseinrichtungen, K\u00f6rperbehinderungen und Lernschwierigkeiten, Sexualp\u00e4dagogik, Sexual\u201cbegleitung\u201c, Personalschulung, Elternarbeit, Disability Studies. Ist Sexualit\u00e4t von Menschen mit Behinderungen (noch immer) ein Tabu?\u00a0Ist queere Sexualit\u00e4t und Geschlechtsidentit\u00e4t im Kontext mit Behinderung in irgendeiner Weise ein Thema in \u00d6sterreich? Welchen Handlungsbedarf und welche Forderungen an Politik, Gesellschaft, Betreuungseinrichtungen, etc. gibt es? Welche Projekte und Strategien gib es bereits?\u00a0Die Ergebnisse des Workshops werden schriftlich und auditiv festgehalten und auf der Homepage des Zentrums Qwien ver\u00f6ffentlicht, sowie an die Bundes- und Landesregierung\/en, Behindertenorganisationen und Betreuungseinrichtungen verschickt.\u00a0<strong>Menschen mit Behinderungen, sowie Aktivist_innen k\u00f6nnen sich f\u00fcr diese Veranstaltung per Email an\u00a0<\/strong><a href=\"mailto:s_ablinger@gmx.at\"><strong>s_ablinger@gmx.at<\/strong><\/a><strong>\u00a0anmelden. Es wird darum gebeten, ein kurzes Statement abzugeben, warum du f\u00fcr diese Veranstaltung geeignet bist. Dies ist keine Veranstaltung f\u00fcr Lebensretter_innen, Besserwisser_innen \u00fcber Menschen mit Behinderungen, sondern eine Veranstaltung f\u00fcr Betroffene und Aktivist_innen.<\/strong>\u00a0Gef\u00f6rdert aus Mitteln des\u00a0<a href=\"http:\/\/www.wien.gv.at\/queerwien\/foerderungen\/\">Queeren Kleinprojektetopfs\u00a0<\/a>der Wiener Antidiskriminierungsstelle.<\/p>\n","protected":false},"excerpt":{"rendered":"<p>\t\t\t\t<![CDATA[]]>\t\t<\/p>\n","protected":false},"author":4,"featured_media":9554,"comment_status":"closed","ping_status":"open","sticky":false,"template":"","format":"standard","meta":{"_acf_changed":false,"footnotes":""},"categories":[275,276],"tags":[],"class_list":["post-11289","post","type-post","status-publish","format-standard","has-post-thumbnail","hentry","category-qwien-tipp","category-webarchive","grve-entry-item","grve-blog-item"],"acf":[],"yoast_head":"<!-- This site is optimized with the Yoast SEO plugin v27.5 - https:\/\/yoast.com\/product\/yoast-seo-wordpress\/ -->\n<title>Runder Tisch \u201eBehinderung ist queere Kultur\u201c - Blog - Qwien - Zentrum f\u00fcr queere Geschichte<\/title>\n<meta name=\"robots\" content=\"index, follow, max-snippet:-1, max-image-preview:large, max-video-preview:-1\" \/>\n<link rel=\"canonical\" href=\"https:\/\/www.qwien.at\/en\/qwien-tipp\/qwien-ladt-am-19-11-2011-zum-runden-tisch-behinderung-ist-queere-kultur\/\" \/>\n<meta property=\"og:locale\" content=\"en_US\" \/>\n<meta property=\"og:type\" content=\"article\" \/>\n<meta property=\"og:title\" content=\"Runder Tisch \u201eBehinderung ist queere Kultur\u201c - Blog - Qwien - Zentrum f\u00fcr queere Geschichte\" \/>\n<meta property=\"og:url\" content=\"https:\/\/www.qwien.at\/en\/qwien-tipp\/qwien-ladt-am-19-11-2011-zum-runden-tisch-behinderung-ist-queere-kultur\/\" \/>\n<meta property=\"og:site_name\" content=\"Qwien - Zentrum f\u00fcr queere Geschichte\" \/>\n<meta property=\"article:published_time\" content=\"2025-07-15T19:37:00+00:00\" \/>\n<meta property=\"og:image\" content=\"https:\/\/www.qwien.at\/wp-content\/uploads\/2025\/06\/seo-yoast-1.png\" \/>\n\t<meta property=\"og:image:width\" content=\"1921\" \/>\n\t<meta property=\"og:image:height\" content=\"1081\" \/>\n\t<meta property=\"og:image:type\" content=\"image\/png\" \/>\n<meta name=\"author\" content=\"Andreas Brunner\" \/>\n<meta name=\"twitter:card\" content=\"summary_large_image\" \/>\n<meta name=\"twitter:label1\" content=\"Written by\" \/>\n\t<meta name=\"twitter:data1\" content=\"Andreas Brunner\" \/>\n\t<meta name=\"twitter:label2\" content=\"Est. reading time\" \/>\n\t<meta name=\"twitter:data2\" content=\"1 minute\" \/>\n<script type=\"application\/ld+json\" class=\"yoast-schema-graph\">{\"@context\":\"https:\\\/\\\/schema.org\",\"@graph\":[{\"@type\":[\"Article\",\"BlogPosting\"],\"@id\":\"https:\\\/\\\/www.qwien.at\\\/en\\\/qwien-tipp\\\/qwien-ladt-am-19-11-2011-zum-runden-tisch-behinderung-ist-queere-kultur\\\/#article\",\"isPartOf\":{\"@id\":\"https:\\\/\\\/www.qwien.at\\\/en\\\/qwien-tipp\\\/qwien-ladt-am-19-11-2011-zum-runden-tisch-behinderung-ist-queere-kultur\\\/\"},\"author\":{\"name\":\"Andreas Brunner\",\"@id\":\"https:\\\/\\\/www.qwien.at\\\/en\\\/#\\\/schema\\\/person\\\/d3fe9114b43d8e5a558a6d20ca3e2920\"},\"headline\":\"Runder Tisch \u201eBehinderung ist queere Kultur\u201c\",\"datePublished\":\"2025-07-15T19:37:00+00:00\",\"mainEntityOfPage\":{\"@id\":\"https:\\\/\\\/www.qwien.at\\\/en\\\/qwien-tipp\\\/qwien-ladt-am-19-11-2011-zum-runden-tisch-behinderung-ist-queere-kultur\\\/\"},\"wordCount\":301,\"publisher\":{\"@id\":\"https:\\\/\\\/www.qwien.at\\\/en\\\/#organization\"},\"image\":{\"@id\":\"https:\\\/\\\/www.qwien.at\\\/en\\\/qwien-tipp\\\/qwien-ladt-am-19-11-2011-zum-runden-tisch-behinderung-ist-queere-kultur\\\/#primaryimage\"},\"thumbnailUrl\":\"https:\\\/\\\/www.qwien.at\\\/wp-content\\\/uploads\\\/2011\\\/09\\\/film_k_big_2-1.jpg\",\"articleSection\":[\"Tipp\",\"Webarchiv\"],\"inLanguage\":\"en-US\"},{\"@type\":\"WebPage\",\"@id\":\"https:\\\/\\\/www.qwien.at\\\/en\\\/qwien-tipp\\\/qwien-ladt-am-19-11-2011-zum-runden-tisch-behinderung-ist-queere-kultur\\\/\",\"url\":\"https:\\\/\\\/www.qwien.at\\\/en\\\/qwien-tipp\\\/qwien-ladt-am-19-11-2011-zum-runden-tisch-behinderung-ist-queere-kultur\\\/\",\"name\":\"Runder Tisch \u201eBehinderung ist queere Kultur\u201c - Blog - Qwien - Zentrum f\u00fcr queere Geschichte\",\"isPartOf\":{\"@id\":\"https:\\\/\\\/www.qwien.at\\\/en\\\/#website\"},\"primaryImageOfPage\":{\"@id\":\"https:\\\/\\\/www.qwien.at\\\/en\\\/qwien-tipp\\\/qwien-ladt-am-19-11-2011-zum-runden-tisch-behinderung-ist-queere-kultur\\\/#primaryimage\"},\"image\":{\"@id\":\"https:\\\/\\\/www.qwien.at\\\/en\\\/qwien-tipp\\\/qwien-ladt-am-19-11-2011-zum-runden-tisch-behinderung-ist-queere-kultur\\\/#primaryimage\"},\"thumbnailUrl\":\"https:\\\/\\\/www.qwien.at\\\/wp-content\\\/uploads\\\/2011\\\/09\\\/film_k_big_2-1.jpg\",\"datePublished\":\"2025-07-15T19:37:00+00:00\",\"breadcrumb\":{\"@id\":\"https:\\\/\\\/www.qwien.at\\\/en\\\/qwien-tipp\\\/qwien-ladt-am-19-11-2011-zum-runden-tisch-behinderung-ist-queere-kultur\\\/#breadcrumb\"},\"inLanguage\":\"en-US\",\"potentialAction\":[{\"@type\":\"ReadAction\",\"target\":[\"https:\\\/\\\/www.qwien.at\\\/en\\\/qwien-tipp\\\/qwien-ladt-am-19-11-2011-zum-runden-tisch-behinderung-ist-queere-kultur\\\/\"]}]},{\"@type\":\"ImageObject\",\"inLanguage\":\"en-US\",\"@id\":\"https:\\\/\\\/www.qwien.at\\\/en\\\/qwien-tipp\\\/qwien-ladt-am-19-11-2011-zum-runden-tisch-behinderung-ist-queere-kultur\\\/#primaryimage\",\"url\":\"https:\\\/\\\/www.qwien.at\\\/wp-content\\\/uploads\\\/2011\\\/09\\\/film_k_big_2-1.jpg\",\"contentUrl\":\"https:\\\/\\\/www.qwien.at\\\/wp-content\\\/uploads\\\/2011\\\/09\\\/film_k_big_2-1.jpg\",\"width\":900,\"height\":682},{\"@type\":\"BreadcrumbList\",\"@id\":\"https:\\\/\\\/www.qwien.at\\\/en\\\/qwien-tipp\\\/qwien-ladt-am-19-11-2011-zum-runden-tisch-behinderung-ist-queere-kultur\\\/#breadcrumb\",\"itemListElement\":[{\"@type\":\"ListItem\",\"position\":1,\"name\":\"Startseite\",\"item\":\"https:\\\/\\\/www.qwien.at\\\/en\\\/\"},{\"@type\":\"ListItem\",\"position\":2,\"name\":\"Runder Tisch \u201eBehinderung ist queere Kultur\u201c\"}]},{\"@type\":\"WebSite\",\"@id\":\"https:\\\/\\\/www.qwien.at\\\/en\\\/#website\",\"url\":\"https:\\\/\\\/www.qwien.at\\\/en\\\/\",\"name\":\"Qwien - Zentrum f\u00fcr queere Geschichte\",\"description\":\"\",\"publisher\":{\"@id\":\"https:\\\/\\\/www.qwien.at\\\/en\\\/#organization\"},\"potentialAction\":[{\"@type\":\"SearchAction\",\"target\":{\"@type\":\"EntryPoint\",\"urlTemplate\":\"https:\\\/\\\/www.qwien.at\\\/en\\\/?s={search_term_string}\"},\"query-input\":{\"@type\":\"PropertyValueSpecification\",\"valueRequired\":true,\"valueName\":\"search_term_string\"}}],\"inLanguage\":\"en-US\"},{\"@type\":\"Organization\",\"@id\":\"https:\\\/\\\/www.qwien.at\\\/en\\\/#organization\",\"name\":\"Qwien\",\"url\":\"https:\\\/\\\/www.qwien.at\\\/en\\\/\",\"logo\":{\"@type\":\"ImageObject\",\"inLanguage\":\"en-US\",\"@id\":\"https:\\\/\\\/www.qwien.at\\\/en\\\/#\\\/schema\\\/logo\\\/image\\\/\",\"url\":\"https:\\\/\\\/www.qwien.at\\\/wp-content\\\/uploads\\\/2025\\\/06\\\/seo-yoast-2.png\",\"contentUrl\":\"https:\\\/\\\/www.qwien.at\\\/wp-content\\\/uploads\\\/2025\\\/06\\\/seo-yoast-2.png\",\"width\":697,\"height\":697,\"caption\":\"Qwien\"},\"image\":{\"@id\":\"https:\\\/\\\/www.qwien.at\\\/en\\\/#\\\/schema\\\/logo\\\/image\\\/\"},\"sameAs\":[\"https:\\\/\\\/www.instagram.com\\\/qwien.zentrum\\\/\"]},{\"@type\":\"Person\",\"@id\":\"https:\\\/\\\/www.qwien.at\\\/en\\\/#\\\/schema\\\/person\\\/d3fe9114b43d8e5a558a6d20ca3e2920\",\"name\":\"Andreas Brunner\"}]}<\/script>\n<!-- \/ Yoast SEO plugin. -->","yoast_head_json":{"title":"Runder Tisch \u201eBehinderung ist queere Kultur\u201c - Blog - Qwien - Zentrum f\u00fcr queere Geschichte","robots":{"index":"index","follow":"follow","max-snippet":"max-snippet:-1","max-image-preview":"max-image-preview:large","max-video-preview":"max-video-preview:-1"},"canonical":"https:\/\/www.qwien.at\/en\/qwien-tipp\/qwien-ladt-am-19-11-2011-zum-runden-tisch-behinderung-ist-queere-kultur\/","og_locale":"en_US","og_type":"article","og_title":"Runder Tisch \u201eBehinderung ist queere Kultur\u201c - Blog - Qwien - Zentrum f\u00fcr queere Geschichte","og_url":"https:\/\/www.qwien.at\/en\/qwien-tipp\/qwien-ladt-am-19-11-2011-zum-runden-tisch-behinderung-ist-queere-kultur\/","og_site_name":"Qwien - Zentrum f\u00fcr queere Geschichte","article_published_time":"2025-07-15T19:37:00+00:00","og_image":[{"width":1921,"height":1081,"url":"https:\/\/www.qwien.at\/wp-content\/uploads\/2025\/06\/seo-yoast-1.png","type":"image\/png"}],"author":"Andreas Brunner","twitter_card":"summary_large_image","twitter_misc":{"Written by":"Andreas Brunner","Est. reading time":"1 minute"},"schema":{"@context":"https:\/\/schema.org","@graph":[{"@type":["Article","BlogPosting"],"@id":"https:\/\/www.qwien.at\/en\/qwien-tipp\/qwien-ladt-am-19-11-2011-zum-runden-tisch-behinderung-ist-queere-kultur\/#article","isPartOf":{"@id":"https:\/\/www.qwien.at\/en\/qwien-tipp\/qwien-ladt-am-19-11-2011-zum-runden-tisch-behinderung-ist-queere-kultur\/"},"author":{"name":"Andreas Brunner","@id":"https:\/\/www.qwien.at\/en\/#\/schema\/person\/d3fe9114b43d8e5a558a6d20ca3e2920"},"headline":"Runder Tisch \u201eBehinderung ist queere Kultur\u201c","datePublished":"2025-07-15T19:37:00+00:00","mainEntityOfPage":{"@id":"https:\/\/www.qwien.at\/en\/qwien-tipp\/qwien-ladt-am-19-11-2011-zum-runden-tisch-behinderung-ist-queere-kultur\/"},"wordCount":301,"publisher":{"@id":"https:\/\/www.qwien.at\/en\/#organization"},"image":{"@id":"https:\/\/www.qwien.at\/en\/qwien-tipp\/qwien-ladt-am-19-11-2011-zum-runden-tisch-behinderung-ist-queere-kultur\/#primaryimage"},"thumbnailUrl":"https:\/\/www.qwien.at\/wp-content\/uploads\/2011\/09\/film_k_big_2-1.jpg","articleSection":["Tipp","Webarchiv"],"inLanguage":"en-US"},{"@type":"WebPage","@id":"https:\/\/www.qwien.at\/en\/qwien-tipp\/qwien-ladt-am-19-11-2011-zum-runden-tisch-behinderung-ist-queere-kultur\/","url":"https:\/\/www.qwien.at\/en\/qwien-tipp\/qwien-ladt-am-19-11-2011-zum-runden-tisch-behinderung-ist-queere-kultur\/","name":"Runder Tisch \u201eBehinderung ist queere Kultur\u201c - Blog - Qwien - Zentrum f\u00fcr queere Geschichte","isPartOf":{"@id":"https:\/\/www.qwien.at\/en\/#website"},"primaryImageOfPage":{"@id":"https:\/\/www.qwien.at\/en\/qwien-tipp\/qwien-ladt-am-19-11-2011-zum-runden-tisch-behinderung-ist-queere-kultur\/#primaryimage"},"image":{"@id":"https:\/\/www.qwien.at\/en\/qwien-tipp\/qwien-ladt-am-19-11-2011-zum-runden-tisch-behinderung-ist-queere-kultur\/#primaryimage"},"thumbnailUrl":"https:\/\/www.qwien.at\/wp-content\/uploads\/2011\/09\/film_k_big_2-1.jpg","datePublished":"2025-07-15T19:37:00+00:00","breadcrumb":{"@id":"https:\/\/www.qwien.at\/en\/qwien-tipp\/qwien-ladt-am-19-11-2011-zum-runden-tisch-behinderung-ist-queere-kultur\/#breadcrumb"},"inLanguage":"en-US","potentialAction":[{"@type":"ReadAction","target":["https:\/\/www.qwien.at\/en\/qwien-tipp\/qwien-ladt-am-19-11-2011-zum-runden-tisch-behinderung-ist-queere-kultur\/"]}]},{"@type":"ImageObject","inLanguage":"en-US","@id":"https:\/\/www.qwien.at\/en\/qwien-tipp\/qwien-ladt-am-19-11-2011-zum-runden-tisch-behinderung-ist-queere-kultur\/#primaryimage","url":"https:\/\/www.qwien.at\/wp-content\/uploads\/2011\/09\/film_k_big_2-1.jpg","contentUrl":"https:\/\/www.qwien.at\/wp-content\/uploads\/2011\/09\/film_k_big_2-1.jpg","width":900,"height":682},{"@type":"BreadcrumbList","@id":"https:\/\/www.qwien.at\/en\/qwien-tipp\/qwien-ladt-am-19-11-2011-zum-runden-tisch-behinderung-ist-queere-kultur\/#breadcrumb","itemListElement":[{"@type":"ListItem","position":1,"name":"Startseite","item":"https:\/\/www.qwien.at\/en\/"},{"@type":"ListItem","position":2,"name":"Runder Tisch \u201eBehinderung ist queere Kultur\u201c"}]},{"@type":"WebSite","@id":"https:\/\/www.qwien.at\/en\/#website","url":"https:\/\/www.qwien.at\/en\/","name":"Qwien - Zentrum f\u00fcr queere Geschichte","description":"","publisher":{"@id":"https:\/\/www.qwien.at\/en\/#organization"},"potentialAction":[{"@type":"SearchAction","target":{"@type":"EntryPoint","urlTemplate":"https:\/\/www.qwien.at\/en\/?s={search_term_string}"},"query-input":{"@type":"PropertyValueSpecification","valueRequired":true,"valueName":"search_term_string"}}],"inLanguage":"en-US"},{"@type":"Organization","@id":"https:\/\/www.qwien.at\/en\/#organization","name":"Qwien","url":"https:\/\/www.qwien.at\/en\/","logo":{"@type":"ImageObject","inLanguage":"en-US","@id":"https:\/\/www.qwien.at\/en\/#\/schema\/logo\/image\/","url":"https:\/\/www.qwien.at\/wp-content\/uploads\/2025\/06\/seo-yoast-2.png","contentUrl":"https:\/\/www.qwien.at\/wp-content\/uploads\/2025\/06\/seo-yoast-2.png","width":697,"height":697,"caption":"Qwien"},"image":{"@id":"https:\/\/www.qwien.at\/en\/#\/schema\/logo\/image\/"},"sameAs":["https:\/\/www.instagram.com\/qwien.zentrum\/"]},{"@type":"Person","@id":"https:\/\/www.qwien.at\/en\/#\/schema\/person\/d3fe9114b43d8e5a558a6d20ca3e2920","name":"Andreas Brunner"}]}},"_links":{"self":[{"href":"https:\/\/www.qwien.at\/en\/wp-json\/wp\/v2\/posts\/11289","targetHints":{"allow":["GET"]}}],"collection":[{"href":"https:\/\/www.qwien.at\/en\/wp-json\/wp\/v2\/posts"}],"about":[{"href":"https:\/\/www.qwien.at\/en\/wp-json\/wp\/v2\/types\/post"}],"author":[{"embeddable":true,"href":"https:\/\/www.qwien.at\/en\/wp-json\/wp\/v2\/users\/4"}],"replies":[{"embeddable":true,"href":"https:\/\/www.qwien.at\/en\/wp-json\/wp\/v2\/comments?post=11289"}],"version-history":[{"count":0,"href":"https:\/\/www.qwien.at\/en\/wp-json\/wp\/v2\/posts\/11289\/revisions"}],"wp:featuredmedia":[{"embeddable":true,"href":"https:\/\/www.qwien.at\/en\/wp-json\/wp\/v2\/media\/9554"}],"wp:attachment":[{"href":"https:\/\/www.qwien.at\/en\/wp-json\/wp\/v2\/media?parent=11289"}],"wp:term":[{"taxonomy":"category","embeddable":true,"href":"https:\/\/www.qwien.at\/en\/wp-json\/wp\/v2\/categories?post=11289"},{"taxonomy":"post_tag","embeddable":true,"href":"https:\/\/www.qwien.at\/en\/wp-json\/wp\/v2\/tags?post=11289"}],"curies":[{"name":"wp","href":"https:\/\/api.w.org\/{rel}","templated":true}]}}