{"id":11292,"date":"2025-07-15T21:37:00","date_gmt":"2025-07-15T19:37:00","guid":{"rendered":"https:\/\/www.qwien.at\/nicht-kategorisiert\/yes-we-can-yes-we-are-2\/"},"modified":"2025-07-15T21:37:00","modified_gmt":"2025-07-15T19:37:00","slug":"yes-we-can-yes-we-are-2","status":"publish","type":"post","link":"https:\/\/www.qwien.at\/en\/qwien-tipp\/yes-we-can-yes-we-are-2\/","title":{"rendered":"YES WE CAN? YES WE ARE!"},"content":{"rendered":"<p>Im Zuge der Konferenz\u00a0<a href=\"http:\/\/www.qwien.at\/?p=389\" target=\"_blank\" rel=\"noopener noreferrer\">\u201eImport \u2013 Export \u2013 Transport. Queer Theory, Queer Critique und Activism in Motion\u201c<\/a>\u00a0organisiert\u00a0<a href=\"http:\/\/framein.wordpress.com\/\" target=\"_blank\" rel=\"noopener noreferrer\">FRAME_in<\/a>\u00a0in Kooperation mit den\u00a0<a href=\"http:\/\/www.gruene-andersrum.at\/\" target=\"_blank\" rel=\"noopener noreferrer\">Gr\u00fcnen Andersrum<\/a>\u00a0Wien und\u00a0<a href=\"http:\/\/www.o94.at\/\" target=\"_blank\" rel=\"noopener noreferrer\">Radio Orange 94.0<\/a>\u00a0am Freitag, den\u00a029. April\u00a0um 22:00 Uhr\u00a0ein Screening im\u00a0Schikaneder\u00a0bei freier Spende:<\/p>\n<h1><strong>Yes we are!<\/strong><\/h1>\n<p>(Magda Wystub, D 2011, 70 Min., poln. OV m. dt.\/engl. UT)<\/p>\n<p>\u201eDer Dokumentarfilm portraitiert die vielf\u00e4ltigen Strategien der Lesbenszene in Polen, um sich in einer homophoben Umgebung behaupten zu k\u00f6nnen. Unter den Protagonistinnen finden sich die bekannte feministische Radio-Journalistin Anna Laszuk \u2013 die sich vor ca. drei Jahren als zweite Frau in Polen \u00f6ffentlich geoutet hat \u2013 politische Aktivistinnen der Gruppe \u201ekvir sfera\u201c (\u201equeere Sph\u00e4re\u201c) \u2013 die vor zwei Jahren das queer-feministische Zentrum in Warszawa er\u00f6ffnet haben \u2013 und nicht zuletzt zwei \u00e4ltere Aktivistinnen, die \u00fcber die Anf\u00e4nge der polnischen\u00a0Lesbenbewegung in den 90ern sprechen. Die vielschichtigen Empfindungen und Analysen sowie der heterogene Alltag der Protagonistinnen vermitteln dabei gleichzeitig einen breiten Einblick in das allgemeine politische Klima, sowie die gesellschaftlichen Umbr\u00fcche in Polen. Nach dem Screening gibt es im Schikaneder Foyer Party mit DJ Tori Misspeling und DJ DAS_EM!\u201c (Quelle:\u00a0<a href=\"http:\/\/framein.wordpress.com\/\" target=\"_blank\" rel=\"noopener noreferrer\">FRAME_in<\/a>; Bild:\u00a0<a href=\"http:\/\/www.schikaneder.at\/jart\/prj3\/schikaneder\/main.jart?rel=\"target= noopener noreferrer\"_blank\" rel=\"noopener\">schikaneder.at<\/a>)<\/p>\n","protected":false},"excerpt":{"rendered":"<p>\t\t\t\t<![CDATA[]]>\t\t<\/p>\n","protected":false},"author":4,"featured_media":9550,"comment_status":"closed","ping_status":"open","sticky":false,"template":"","format":"standard","meta":{"_acf_changed":false,"footnotes":""},"categories":[275,276],"tags":[],"class_list":["post-11292","post","type-post","status-publish","format-standard","has-post-thumbnail","hentry","category-qwien-tipp","category-webarchive","grve-entry-item","grve-blog-item"],"acf":[],"yoast_head":"<!-- This site is optimized with the Yoast SEO plugin v27.5 - https:\/\/yoast.com\/product\/yoast-seo-wordpress\/ -->\n<title>YES WE CAN? YES WE ARE! - Blog - Qwien - Zentrum f\u00fcr queere Geschichte<\/title>\n<meta name=\"robots\" content=\"index, follow, max-snippet:-1, max-image-preview:large, max-video-preview:-1\" \/>\n<link rel=\"canonical\" href=\"https:\/\/www.qwien.at\/en\/qwien-tipp\/yes-we-can-yes-we-are-2\/\" \/>\n<meta property=\"og:locale\" content=\"en_US\" \/>\n<meta property=\"og:type\" content=\"article\" \/>\n<meta property=\"og:title\" content=\"YES WE CAN? YES WE ARE! - Blog - Qwien - Zentrum f\u00fcr queere Geschichte\" \/>\n<meta property=\"og:url\" content=\"https:\/\/www.qwien.at\/en\/qwien-tipp\/yes-we-can-yes-we-are-2\/\" \/>\n<meta property=\"og:site_name\" content=\"Qwien - Zentrum f\u00fcr queere Geschichte\" \/>\n<meta property=\"article:published_time\" content=\"2025-07-15T19:37:00+00:00\" \/>\n<meta property=\"og:image\" content=\"https:\/\/www.qwien.at\/wp-content\/uploads\/2025\/06\/seo-yoast-1.png\" \/>\n\t<meta property=\"og:image:width\" content=\"1921\" \/>\n\t<meta property=\"og:image:height\" content=\"1081\" \/>\n\t<meta property=\"og:image:type\" content=\"image\/png\" \/>\n<meta name=\"author\" content=\"Andreas Brunner\" \/>\n<meta name=\"twitter:card\" content=\"summary_large_image\" \/>\n<meta name=\"twitter:label1\" content=\"Written by\" \/>\n\t<meta name=\"twitter:data1\" content=\"Andreas Brunner\" \/>\n\t<meta name=\"twitter:label2\" content=\"Est. reading time\" \/>\n\t<meta name=\"twitter:data2\" content=\"1 minute\" \/>\n<script type=\"application\/ld+json\" class=\"yoast-schema-graph\">{\"@context\":\"https:\\\/\\\/schema.org\",\"@graph\":[{\"@type\":[\"Article\",\"BlogPosting\"],\"@id\":\"https:\\\/\\\/www.qwien.at\\\/en\\\/qwien-tipp\\\/yes-we-can-yes-we-are-2\\\/#article\",\"isPartOf\":{\"@id\":\"https:\\\/\\\/www.qwien.at\\\/en\\\/qwien-tipp\\\/yes-we-can-yes-we-are-2\\\/\"},\"author\":{\"name\":\"Andreas Brunner\",\"@id\":\"https:\\\/\\\/www.qwien.at\\\/en\\\/#\\\/schema\\\/person\\\/d3fe9114b43d8e5a558a6d20ca3e2920\"},\"headline\":\"YES WE CAN? YES WE ARE!\",\"datePublished\":\"2025-07-15T19:37:00+00:00\",\"mainEntityOfPage\":{\"@id\":\"https:\\\/\\\/www.qwien.at\\\/en\\\/qwien-tipp\\\/yes-we-can-yes-we-are-2\\\/\"},\"wordCount\":198,\"publisher\":{\"@id\":\"https:\\\/\\\/www.qwien.at\\\/en\\\/#organization\"},\"image\":{\"@id\":\"https:\\\/\\\/www.qwien.at\\\/en\\\/qwien-tipp\\\/yes-we-can-yes-we-are-2\\\/#primaryimage\"},\"thumbnailUrl\":\"https:\\\/\\\/www.qwien.at\\\/wp-content\\\/uploads\\\/2011\\\/04\\\/YESWEARE-1.jpg\",\"articleSection\":[\"Tipp\",\"Webarchiv\"],\"inLanguage\":\"en-US\"},{\"@type\":\"WebPage\",\"@id\":\"https:\\\/\\\/www.qwien.at\\\/en\\\/qwien-tipp\\\/yes-we-can-yes-we-are-2\\\/\",\"url\":\"https:\\\/\\\/www.qwien.at\\\/en\\\/qwien-tipp\\\/yes-we-can-yes-we-are-2\\\/\",\"name\":\"YES WE CAN? YES WE ARE! - Blog - Qwien - Zentrum f\u00fcr queere Geschichte\",\"isPartOf\":{\"@id\":\"https:\\\/\\\/www.qwien.at\\\/en\\\/#website\"},\"primaryImageOfPage\":{\"@id\":\"https:\\\/\\\/www.qwien.at\\\/en\\\/qwien-tipp\\\/yes-we-can-yes-we-are-2\\\/#primaryimage\"},\"image\":{\"@id\":\"https:\\\/\\\/www.qwien.at\\\/en\\\/qwien-tipp\\\/yes-we-can-yes-we-are-2\\\/#primaryimage\"},\"thumbnailUrl\":\"https:\\\/\\\/www.qwien.at\\\/wp-content\\\/uploads\\\/2011\\\/04\\\/YESWEARE-1.jpg\",\"datePublished\":\"2025-07-15T19:37:00+00:00\",\"breadcrumb\":{\"@id\":\"https:\\\/\\\/www.qwien.at\\\/en\\\/qwien-tipp\\\/yes-we-can-yes-we-are-2\\\/#breadcrumb\"},\"inLanguage\":\"en-US\",\"potentialAction\":[{\"@type\":\"ReadAction\",\"target\":[\"https:\\\/\\\/www.qwien.at\\\/en\\\/qwien-tipp\\\/yes-we-can-yes-we-are-2\\\/\"]}]},{\"@type\":\"ImageObject\",\"inLanguage\":\"en-US\",\"@id\":\"https:\\\/\\\/www.qwien.at\\\/en\\\/qwien-tipp\\\/yes-we-can-yes-we-are-2\\\/#primaryimage\",\"url\":\"https:\\\/\\\/www.qwien.at\\\/wp-content\\\/uploads\\\/2011\\\/04\\\/YESWEARE-1.jpg\",\"contentUrl\":\"https:\\\/\\\/www.qwien.at\\\/wp-content\\\/uploads\\\/2011\\\/04\\\/YESWEARE-1.jpg\",\"width\":900,\"height\":574},{\"@type\":\"BreadcrumbList\",\"@id\":\"https:\\\/\\\/www.qwien.at\\\/en\\\/qwien-tipp\\\/yes-we-can-yes-we-are-2\\\/#breadcrumb\",\"itemListElement\":[{\"@type\":\"ListItem\",\"position\":1,\"name\":\"Startseite\",\"item\":\"https:\\\/\\\/www.qwien.at\\\/en\\\/\"},{\"@type\":\"ListItem\",\"position\":2,\"name\":\"YES WE CAN? YES WE ARE!\"}]},{\"@type\":\"WebSite\",\"@id\":\"https:\\\/\\\/www.qwien.at\\\/en\\\/#website\",\"url\":\"https:\\\/\\\/www.qwien.at\\\/en\\\/\",\"name\":\"Qwien - Zentrum f\u00fcr queere Geschichte\",\"description\":\"\",\"publisher\":{\"@id\":\"https:\\\/\\\/www.qwien.at\\\/en\\\/#organization\"},\"potentialAction\":[{\"@type\":\"SearchAction\",\"target\":{\"@type\":\"EntryPoint\",\"urlTemplate\":\"https:\\\/\\\/www.qwien.at\\\/en\\\/?s={search_term_string}\"},\"query-input\":{\"@type\":\"PropertyValueSpecification\",\"valueRequired\":true,\"valueName\":\"search_term_string\"}}],\"inLanguage\":\"en-US\"},{\"@type\":\"Organization\",\"@id\":\"https:\\\/\\\/www.qwien.at\\\/en\\\/#organization\",\"name\":\"Qwien\",\"url\":\"https:\\\/\\\/www.qwien.at\\\/en\\\/\",\"logo\":{\"@type\":\"ImageObject\",\"inLanguage\":\"en-US\",\"@id\":\"https:\\\/\\\/www.qwien.at\\\/en\\\/#\\\/schema\\\/logo\\\/image\\\/\",\"url\":\"https:\\\/\\\/www.qwien.at\\\/wp-content\\\/uploads\\\/2025\\\/06\\\/seo-yoast-2.png\",\"contentUrl\":\"https:\\\/\\\/www.qwien.at\\\/wp-content\\\/uploads\\\/2025\\\/06\\\/seo-yoast-2.png\",\"width\":697,\"height\":697,\"caption\":\"Qwien\"},\"image\":{\"@id\":\"https:\\\/\\\/www.qwien.at\\\/en\\\/#\\\/schema\\\/logo\\\/image\\\/\"},\"sameAs\":[\"https:\\\/\\\/www.instagram.com\\\/qwien.zentrum\\\/\"]},{\"@type\":\"Person\",\"@id\":\"https:\\\/\\\/www.qwien.at\\\/en\\\/#\\\/schema\\\/person\\\/d3fe9114b43d8e5a558a6d20ca3e2920\",\"name\":\"Andreas Brunner\"}]}<\/script>\n<!-- \/ Yoast SEO plugin. -->","yoast_head_json":{"title":"YES WE CAN? YES WE ARE! - Blog - Qwien - Zentrum f\u00fcr queere Geschichte","robots":{"index":"index","follow":"follow","max-snippet":"max-snippet:-1","max-image-preview":"max-image-preview:large","max-video-preview":"max-video-preview:-1"},"canonical":"https:\/\/www.qwien.at\/en\/qwien-tipp\/yes-we-can-yes-we-are-2\/","og_locale":"en_US","og_type":"article","og_title":"YES WE CAN? YES WE ARE! - Blog - Qwien - Zentrum f\u00fcr queere Geschichte","og_url":"https:\/\/www.qwien.at\/en\/qwien-tipp\/yes-we-can-yes-we-are-2\/","og_site_name":"Qwien - Zentrum f\u00fcr queere Geschichte","article_published_time":"2025-07-15T19:37:00+00:00","og_image":[{"width":1921,"height":1081,"url":"https:\/\/www.qwien.at\/wp-content\/uploads\/2025\/06\/seo-yoast-1.png","type":"image\/png"}],"author":"Andreas Brunner","twitter_card":"summary_large_image","twitter_misc":{"Written by":"Andreas Brunner","Est. reading time":"1 minute"},"schema":{"@context":"https:\/\/schema.org","@graph":[{"@type":["Article","BlogPosting"],"@id":"https:\/\/www.qwien.at\/en\/qwien-tipp\/yes-we-can-yes-we-are-2\/#article","isPartOf":{"@id":"https:\/\/www.qwien.at\/en\/qwien-tipp\/yes-we-can-yes-we-are-2\/"},"author":{"name":"Andreas Brunner","@id":"https:\/\/www.qwien.at\/en\/#\/schema\/person\/d3fe9114b43d8e5a558a6d20ca3e2920"},"headline":"YES WE CAN? YES WE ARE!","datePublished":"2025-07-15T19:37:00+00:00","mainEntityOfPage":{"@id":"https:\/\/www.qwien.at\/en\/qwien-tipp\/yes-we-can-yes-we-are-2\/"},"wordCount":198,"publisher":{"@id":"https:\/\/www.qwien.at\/en\/#organization"},"image":{"@id":"https:\/\/www.qwien.at\/en\/qwien-tipp\/yes-we-can-yes-we-are-2\/#primaryimage"},"thumbnailUrl":"https:\/\/www.qwien.at\/wp-content\/uploads\/2011\/04\/YESWEARE-1.jpg","articleSection":["Tipp","Webarchiv"],"inLanguage":"en-US"},{"@type":"WebPage","@id":"https:\/\/www.qwien.at\/en\/qwien-tipp\/yes-we-can-yes-we-are-2\/","url":"https:\/\/www.qwien.at\/en\/qwien-tipp\/yes-we-can-yes-we-are-2\/","name":"YES WE CAN? YES WE ARE! - Blog - Qwien - Zentrum f\u00fcr queere Geschichte","isPartOf":{"@id":"https:\/\/www.qwien.at\/en\/#website"},"primaryImageOfPage":{"@id":"https:\/\/www.qwien.at\/en\/qwien-tipp\/yes-we-can-yes-we-are-2\/#primaryimage"},"image":{"@id":"https:\/\/www.qwien.at\/en\/qwien-tipp\/yes-we-can-yes-we-are-2\/#primaryimage"},"thumbnailUrl":"https:\/\/www.qwien.at\/wp-content\/uploads\/2011\/04\/YESWEARE-1.jpg","datePublished":"2025-07-15T19:37:00+00:00","breadcrumb":{"@id":"https:\/\/www.qwien.at\/en\/qwien-tipp\/yes-we-can-yes-we-are-2\/#breadcrumb"},"inLanguage":"en-US","potentialAction":[{"@type":"ReadAction","target":["https:\/\/www.qwien.at\/en\/qwien-tipp\/yes-we-can-yes-we-are-2\/"]}]},{"@type":"ImageObject","inLanguage":"en-US","@id":"https:\/\/www.qwien.at\/en\/qwien-tipp\/yes-we-can-yes-we-are-2\/#primaryimage","url":"https:\/\/www.qwien.at\/wp-content\/uploads\/2011\/04\/YESWEARE-1.jpg","contentUrl":"https:\/\/www.qwien.at\/wp-content\/uploads\/2011\/04\/YESWEARE-1.jpg","width":900,"height":574},{"@type":"BreadcrumbList","@id":"https:\/\/www.qwien.at\/en\/qwien-tipp\/yes-we-can-yes-we-are-2\/#breadcrumb","itemListElement":[{"@type":"ListItem","position":1,"name":"Startseite","item":"https:\/\/www.qwien.at\/en\/"},{"@type":"ListItem","position":2,"name":"YES WE CAN? YES WE ARE!"}]},{"@type":"WebSite","@id":"https:\/\/www.qwien.at\/en\/#website","url":"https:\/\/www.qwien.at\/en\/","name":"Qwien - Zentrum f\u00fcr queere Geschichte","description":"","publisher":{"@id":"https:\/\/www.qwien.at\/en\/#organization"},"potentialAction":[{"@type":"SearchAction","target":{"@type":"EntryPoint","urlTemplate":"https:\/\/www.qwien.at\/en\/?s={search_term_string}"},"query-input":{"@type":"PropertyValueSpecification","valueRequired":true,"valueName":"search_term_string"}}],"inLanguage":"en-US"},{"@type":"Organization","@id":"https:\/\/www.qwien.at\/en\/#organization","name":"Qwien","url":"https:\/\/www.qwien.at\/en\/","logo":{"@type":"ImageObject","inLanguage":"en-US","@id":"https:\/\/www.qwien.at\/en\/#\/schema\/logo\/image\/","url":"https:\/\/www.qwien.at\/wp-content\/uploads\/2025\/06\/seo-yoast-2.png","contentUrl":"https:\/\/www.qwien.at\/wp-content\/uploads\/2025\/06\/seo-yoast-2.png","width":697,"height":697,"caption":"Qwien"},"image":{"@id":"https:\/\/www.qwien.at\/en\/#\/schema\/logo\/image\/"},"sameAs":["https:\/\/www.instagram.com\/qwien.zentrum\/"]},{"@type":"Person","@id":"https:\/\/www.qwien.at\/en\/#\/schema\/person\/d3fe9114b43d8e5a558a6d20ca3e2920","name":"Andreas Brunner"}]}},"_links":{"self":[{"href":"https:\/\/www.qwien.at\/en\/wp-json\/wp\/v2\/posts\/11292","targetHints":{"allow":["GET"]}}],"collection":[{"href":"https:\/\/www.qwien.at\/en\/wp-json\/wp\/v2\/posts"}],"about":[{"href":"https:\/\/www.qwien.at\/en\/wp-json\/wp\/v2\/types\/post"}],"author":[{"embeddable":true,"href":"https:\/\/www.qwien.at\/en\/wp-json\/wp\/v2\/users\/4"}],"replies":[{"embeddable":true,"href":"https:\/\/www.qwien.at\/en\/wp-json\/wp\/v2\/comments?post=11292"}],"version-history":[{"count":0,"href":"https:\/\/www.qwien.at\/en\/wp-json\/wp\/v2\/posts\/11292\/revisions"}],"wp:featuredmedia":[{"embeddable":true,"href":"https:\/\/www.qwien.at\/en\/wp-json\/wp\/v2\/media\/9550"}],"wp:attachment":[{"href":"https:\/\/www.qwien.at\/en\/wp-json\/wp\/v2\/media?parent=11292"}],"wp:term":[{"taxonomy":"category","embeddable":true,"href":"https:\/\/www.qwien.at\/en\/wp-json\/wp\/v2\/categories?post=11292"},{"taxonomy":"post_tag","embeddable":true,"href":"https:\/\/www.qwien.at\/en\/wp-json\/wp\/v2\/tags?post=11292"}],"curies":[{"name":"wp","href":"https:\/\/api.w.org\/{rel}","templated":true}]}}