{"id":11301,"date":"2025-07-15T21:36:59","date_gmt":"2025-07-15T19:36:59","guid":{"rendered":"https:\/\/www.qwien.at\/nicht-kategorisiert\/tim-fischer-singt-hildegard-knef\/"},"modified":"2025-07-15T21:36:59","modified_gmt":"2025-07-15T19:36:59","slug":"tim-fischer-singt-hildegard-knef","status":"publish","type":"post","link":"https:\/\/www.qwien.at\/en\/qwien-tipp\/tim-fischer-singt-hildegard-knef\/","title":{"rendered":"Tim Fischer singt Hildegard Knef"},"content":{"rendered":"<p><img loading=\"lazy\" decoding=\"async\" class=\"size-medium wp-image-561 alignleft\" title=\"Tim Fischer\" src=\"https:\/\/www.qwien.at\/wp-content\/uploads\/2011\/04\/Tim-Fischer-300x217.jpg\" sizes=\"auto, (max-width: 300px) 100vw, 300px\" srcset=\"http:\/\/www.qwien.at\/wp-content\/uploads\/2011\/04\/Tim-Fischer-300x217.jpg 300w, http:\/\/www.qwien.at\/wp-content\/uploads\/2011\/04\/Tim-Fischer-768x557.jpg 768w, http:\/\/www.qwien.at\/wp-content\/uploads\/2011\/04\/Tim-Fischer-1024x742.jpg 1024w\" alt=\"\" width=\"300\" height=\"217\" \/>Tim Fischer ist in Wien kein Unbekannter mehr. Schon beim Festival\u00a0<em>Wien ist andersrum<\/em>\u00a0begeisterte er mit seinem \u201eWalzerdelirium\u201c, sp\u00e4ter trat er mit Chansons von Georg Kreisler u.a. bei den Wiener Festwochen auf. Seinem neuen Programm, das er ausschlie\u00dflich der einzigen deutschen Diva der Nachkriegszeit Hildegard Knef widmet, eilt der Ruf eines gro\u00dfen Abends voraus. So schw\u00e4rmt Katja Schwemmers von der\u00a0<em>Hamburger Morgenpost<\/em>: \u201eWie er im Lichtkegel der dunklen B\u00fchne da steht und diese wundersch\u00f6nen, oftmals tragikomischen Texte von Hildegard Knef intoniert, f\u00fchlt man sich dem Geist der Diva unendlich nah.\u201c Von einem kleinen Ensemble aus Klavier, Gitarre und Cello begleitet, schwelgt Tim Fischer in den manchmal melancholische, dann wieder trotzig aufbegehrenden Songs von Hildegard Knef, von denen viele heute zu den bekanntesten deutschsprachigen Liedern der letzten Jahrzehnte geh\u00f6ren. Die Knef\u2019sche Poesie hat Millionen Menschen bewegt, man hat viele ihrer oft auch autobiografischen Lieder im Ohr. Umso gr\u00f6\u00dferer Herausforderungen stellen sie an ihre InterpretInnen. Man darf gespannt sein, wie Tim Fischer diese meistern wird. Wann: 5. Mai 2011, 1030 Uhr Wo: Theater Akzent, Theresianumgasse 18, 1040 Wien Weitere Infos und Kartenbestellung\u00a0<a title=\"Tim Fischer\" href=\"http:\/\/www.akzent.at\/home\/spielplan\/239\/Tim-Fischer\" target=\"_blank\" rel=\"noopener noreferrer\">hier<\/a>. Infos zu Tim Fischer auf\u00a0<a title=\"Timfischer\" href=\"http:\/\/www.timfischer.de\/\">www.timfischer.de<\/a><\/p>\n","protected":false},"excerpt":{"rendered":"<p>\t\t\t\t<![CDATA[]]>\t\t<\/p>\n","protected":false},"author":4,"featured_media":0,"comment_status":"closed","ping_status":"open","sticky":false,"template":"","format":"standard","meta":{"_acf_changed":false,"footnotes":""},"categories":[275,276],"tags":[428,469,470],"class_list":["post-11301","post","type-post","status-publish","format-standard","hentry","category-qwien-tipp","category-webarchive","tag-konzert","tag-tim-fischer","tag-wien-ist-andersrum","grve-entry-item","grve-blog-item"],"acf":[],"yoast_head":"<!-- This site is optimized with the Yoast SEO plugin v27.5 - https:\/\/yoast.com\/product\/yoast-seo-wordpress\/ -->\n<title>Tim Fischer singt Hildegard Knef - Blog - Qwien - Zentrum f\u00fcr queere Geschichte<\/title>\n<meta name=\"robots\" content=\"index, follow, max-snippet:-1, max-image-preview:large, max-video-preview:-1\" \/>\n<link rel=\"canonical\" href=\"https:\/\/www.qwien.at\/en\/qwien-tipp\/tim-fischer-singt-hildegard-knef\/\" \/>\n<meta property=\"og:locale\" content=\"en_US\" \/>\n<meta property=\"og:type\" content=\"article\" \/>\n<meta property=\"og:title\" content=\"Tim Fischer singt Hildegard Knef - Blog - Qwien - Zentrum f\u00fcr queere Geschichte\" \/>\n<meta property=\"og:url\" content=\"https:\/\/www.qwien.at\/en\/qwien-tipp\/tim-fischer-singt-hildegard-knef\/\" \/>\n<meta property=\"og:site_name\" content=\"Qwien - Zentrum f\u00fcr queere Geschichte\" \/>\n<meta property=\"article:published_time\" content=\"2025-07-15T19:36:59+00:00\" \/>\n<meta property=\"og:image\" content=\"https:\/\/www.qwien.at\/wp-content\/uploads\/2011\/04\/Tim-Fischer.jpg\" \/>\n\t<meta property=\"og:image:width\" content=\"3258\" \/>\n\t<meta property=\"og:image:height\" content=\"2362\" \/>\n\t<meta property=\"og:image:type\" content=\"image\/jpeg\" \/>\n<meta name=\"author\" content=\"Andreas Brunner\" \/>\n<meta name=\"twitter:card\" content=\"summary_large_image\" \/>\n<meta name=\"twitter:label1\" content=\"Written by\" \/>\n\t<meta name=\"twitter:data1\" content=\"Andreas Brunner\" \/>\n\t<meta name=\"twitter:label2\" content=\"Est. reading time\" \/>\n\t<meta name=\"twitter:data2\" content=\"1 minute\" \/>\n<script type=\"application\/ld+json\" class=\"yoast-schema-graph\">{\"@context\":\"https:\\\/\\\/schema.org\",\"@graph\":[{\"@type\":[\"Article\",\"BlogPosting\"],\"@id\":\"https:\\\/\\\/www.qwien.at\\\/en\\\/qwien-tipp\\\/tim-fischer-singt-hildegard-knef\\\/#article\",\"isPartOf\":{\"@id\":\"https:\\\/\\\/www.qwien.at\\\/en\\\/qwien-tipp\\\/tim-fischer-singt-hildegard-knef\\\/\"},\"author\":{\"name\":\"Andreas Brunner\",\"@id\":\"https:\\\/\\\/www.qwien.at\\\/en\\\/#\\\/schema\\\/person\\\/d3fe9114b43d8e5a558a6d20ca3e2920\"},\"headline\":\"Tim Fischer singt Hildegard Knef\",\"datePublished\":\"2025-07-15T19:36:59+00:00\",\"mainEntityOfPage\":{\"@id\":\"https:\\\/\\\/www.qwien.at\\\/en\\\/qwien-tipp\\\/tim-fischer-singt-hildegard-knef\\\/\"},\"wordCount\":201,\"publisher\":{\"@id\":\"https:\\\/\\\/www.qwien.at\\\/en\\\/#organization\"},\"image\":{\"@id\":\"https:\\\/\\\/www.qwien.at\\\/en\\\/qwien-tipp\\\/tim-fischer-singt-hildegard-knef\\\/#primaryimage\"},\"thumbnailUrl\":\"https:\\\/\\\/www.qwien.at\\\/wp-content\\\/uploads\\\/2011\\\/04\\\/Tim-Fischer-300x217.jpg\",\"keywords\":[\"Konzert\",\"Tim Fischer\",\"Wien ist andersrum\"],\"articleSection\":[\"Tipp\",\"Webarchiv\"],\"inLanguage\":\"en-US\"},{\"@type\":\"WebPage\",\"@id\":\"https:\\\/\\\/www.qwien.at\\\/en\\\/qwien-tipp\\\/tim-fischer-singt-hildegard-knef\\\/\",\"url\":\"https:\\\/\\\/www.qwien.at\\\/en\\\/qwien-tipp\\\/tim-fischer-singt-hildegard-knef\\\/\",\"name\":\"Tim Fischer singt Hildegard Knef - Blog - Qwien - Zentrum f\u00fcr queere Geschichte\",\"isPartOf\":{\"@id\":\"https:\\\/\\\/www.qwien.at\\\/en\\\/#website\"},\"primaryImageOfPage\":{\"@id\":\"https:\\\/\\\/www.qwien.at\\\/en\\\/qwien-tipp\\\/tim-fischer-singt-hildegard-knef\\\/#primaryimage\"},\"image\":{\"@id\":\"https:\\\/\\\/www.qwien.at\\\/en\\\/qwien-tipp\\\/tim-fischer-singt-hildegard-knef\\\/#primaryimage\"},\"thumbnailUrl\":\"https:\\\/\\\/www.qwien.at\\\/wp-content\\\/uploads\\\/2011\\\/04\\\/Tim-Fischer-300x217.jpg\",\"datePublished\":\"2025-07-15T19:36:59+00:00\",\"breadcrumb\":{\"@id\":\"https:\\\/\\\/www.qwien.at\\\/en\\\/qwien-tipp\\\/tim-fischer-singt-hildegard-knef\\\/#breadcrumb\"},\"inLanguage\":\"en-US\",\"potentialAction\":[{\"@type\":\"ReadAction\",\"target\":[\"https:\\\/\\\/www.qwien.at\\\/en\\\/qwien-tipp\\\/tim-fischer-singt-hildegard-knef\\\/\"]}]},{\"@type\":\"ImageObject\",\"inLanguage\":\"en-US\",\"@id\":\"https:\\\/\\\/www.qwien.at\\\/en\\\/qwien-tipp\\\/tim-fischer-singt-hildegard-knef\\\/#primaryimage\",\"url\":\"https:\\\/\\\/www.qwien.at\\\/wp-content\\\/uploads\\\/2011\\\/04\\\/Tim-Fischer-300x217.jpg\",\"contentUrl\":\"https:\\\/\\\/www.qwien.at\\\/wp-content\\\/uploads\\\/2011\\\/04\\\/Tim-Fischer-300x217.jpg\"},{\"@type\":\"BreadcrumbList\",\"@id\":\"https:\\\/\\\/www.qwien.at\\\/en\\\/qwien-tipp\\\/tim-fischer-singt-hildegard-knef\\\/#breadcrumb\",\"itemListElement\":[{\"@type\":\"ListItem\",\"position\":1,\"name\":\"Startseite\",\"item\":\"https:\\\/\\\/www.qwien.at\\\/en\\\/\"},{\"@type\":\"ListItem\",\"position\":2,\"name\":\"Tim Fischer singt Hildegard Knef\"}]},{\"@type\":\"WebSite\",\"@id\":\"https:\\\/\\\/www.qwien.at\\\/en\\\/#website\",\"url\":\"https:\\\/\\\/www.qwien.at\\\/en\\\/\",\"name\":\"Qwien - Zentrum f\u00fcr queere Geschichte\",\"description\":\"\",\"publisher\":{\"@id\":\"https:\\\/\\\/www.qwien.at\\\/en\\\/#organization\"},\"potentialAction\":[{\"@type\":\"SearchAction\",\"target\":{\"@type\":\"EntryPoint\",\"urlTemplate\":\"https:\\\/\\\/www.qwien.at\\\/en\\\/?s={search_term_string}\"},\"query-input\":{\"@type\":\"PropertyValueSpecification\",\"valueRequired\":true,\"valueName\":\"search_term_string\"}}],\"inLanguage\":\"en-US\"},{\"@type\":\"Organization\",\"@id\":\"https:\\\/\\\/www.qwien.at\\\/en\\\/#organization\",\"name\":\"Qwien\",\"url\":\"https:\\\/\\\/www.qwien.at\\\/en\\\/\",\"logo\":{\"@type\":\"ImageObject\",\"inLanguage\":\"en-US\",\"@id\":\"https:\\\/\\\/www.qwien.at\\\/en\\\/#\\\/schema\\\/logo\\\/image\\\/\",\"url\":\"https:\\\/\\\/www.qwien.at\\\/wp-content\\\/uploads\\\/2025\\\/06\\\/seo-yoast-2.png\",\"contentUrl\":\"https:\\\/\\\/www.qwien.at\\\/wp-content\\\/uploads\\\/2025\\\/06\\\/seo-yoast-2.png\",\"width\":697,\"height\":697,\"caption\":\"Qwien\"},\"image\":{\"@id\":\"https:\\\/\\\/www.qwien.at\\\/en\\\/#\\\/schema\\\/logo\\\/image\\\/\"},\"sameAs\":[\"https:\\\/\\\/www.instagram.com\\\/qwien.zentrum\\\/\"]},{\"@type\":\"Person\",\"@id\":\"https:\\\/\\\/www.qwien.at\\\/en\\\/#\\\/schema\\\/person\\\/d3fe9114b43d8e5a558a6d20ca3e2920\",\"name\":\"Andreas Brunner\"}]}<\/script>\n<!-- \/ Yoast SEO plugin. -->","yoast_head_json":{"title":"Tim Fischer singt Hildegard Knef - Blog - Qwien - Zentrum f\u00fcr queere Geschichte","robots":{"index":"index","follow":"follow","max-snippet":"max-snippet:-1","max-image-preview":"max-image-preview:large","max-video-preview":"max-video-preview:-1"},"canonical":"https:\/\/www.qwien.at\/en\/qwien-tipp\/tim-fischer-singt-hildegard-knef\/","og_locale":"en_US","og_type":"article","og_title":"Tim Fischer singt Hildegard Knef - Blog - Qwien - Zentrum f\u00fcr queere Geschichte","og_url":"https:\/\/www.qwien.at\/en\/qwien-tipp\/tim-fischer-singt-hildegard-knef\/","og_site_name":"Qwien - Zentrum f\u00fcr queere Geschichte","article_published_time":"2025-07-15T19:36:59+00:00","og_image":[{"width":3258,"height":2362,"url":"https:\/\/www.qwien.at\/wp-content\/uploads\/2011\/04\/Tim-Fischer.jpg","type":"image\/jpeg"}],"author":"Andreas Brunner","twitter_card":"summary_large_image","twitter_misc":{"Written by":"Andreas Brunner","Est. reading time":"1 minute"},"schema":{"@context":"https:\/\/schema.org","@graph":[{"@type":["Article","BlogPosting"],"@id":"https:\/\/www.qwien.at\/en\/qwien-tipp\/tim-fischer-singt-hildegard-knef\/#article","isPartOf":{"@id":"https:\/\/www.qwien.at\/en\/qwien-tipp\/tim-fischer-singt-hildegard-knef\/"},"author":{"name":"Andreas Brunner","@id":"https:\/\/www.qwien.at\/en\/#\/schema\/person\/d3fe9114b43d8e5a558a6d20ca3e2920"},"headline":"Tim Fischer singt Hildegard Knef","datePublished":"2025-07-15T19:36:59+00:00","mainEntityOfPage":{"@id":"https:\/\/www.qwien.at\/en\/qwien-tipp\/tim-fischer-singt-hildegard-knef\/"},"wordCount":201,"publisher":{"@id":"https:\/\/www.qwien.at\/en\/#organization"},"image":{"@id":"https:\/\/www.qwien.at\/en\/qwien-tipp\/tim-fischer-singt-hildegard-knef\/#primaryimage"},"thumbnailUrl":"https:\/\/www.qwien.at\/wp-content\/uploads\/2011\/04\/Tim-Fischer-300x217.jpg","keywords":["Konzert","Tim Fischer","Wien ist andersrum"],"articleSection":["Tipp","Webarchiv"],"inLanguage":"en-US"},{"@type":"WebPage","@id":"https:\/\/www.qwien.at\/en\/qwien-tipp\/tim-fischer-singt-hildegard-knef\/","url":"https:\/\/www.qwien.at\/en\/qwien-tipp\/tim-fischer-singt-hildegard-knef\/","name":"Tim Fischer singt Hildegard Knef - Blog - Qwien - Zentrum f\u00fcr queere Geschichte","isPartOf":{"@id":"https:\/\/www.qwien.at\/en\/#website"},"primaryImageOfPage":{"@id":"https:\/\/www.qwien.at\/en\/qwien-tipp\/tim-fischer-singt-hildegard-knef\/#primaryimage"},"image":{"@id":"https:\/\/www.qwien.at\/en\/qwien-tipp\/tim-fischer-singt-hildegard-knef\/#primaryimage"},"thumbnailUrl":"https:\/\/www.qwien.at\/wp-content\/uploads\/2011\/04\/Tim-Fischer-300x217.jpg","datePublished":"2025-07-15T19:36:59+00:00","breadcrumb":{"@id":"https:\/\/www.qwien.at\/en\/qwien-tipp\/tim-fischer-singt-hildegard-knef\/#breadcrumb"},"inLanguage":"en-US","potentialAction":[{"@type":"ReadAction","target":["https:\/\/www.qwien.at\/en\/qwien-tipp\/tim-fischer-singt-hildegard-knef\/"]}]},{"@type":"ImageObject","inLanguage":"en-US","@id":"https:\/\/www.qwien.at\/en\/qwien-tipp\/tim-fischer-singt-hildegard-knef\/#primaryimage","url":"https:\/\/www.qwien.at\/wp-content\/uploads\/2011\/04\/Tim-Fischer-300x217.jpg","contentUrl":"https:\/\/www.qwien.at\/wp-content\/uploads\/2011\/04\/Tim-Fischer-300x217.jpg"},{"@type":"BreadcrumbList","@id":"https:\/\/www.qwien.at\/en\/qwien-tipp\/tim-fischer-singt-hildegard-knef\/#breadcrumb","itemListElement":[{"@type":"ListItem","position":1,"name":"Startseite","item":"https:\/\/www.qwien.at\/en\/"},{"@type":"ListItem","position":2,"name":"Tim Fischer singt Hildegard Knef"}]},{"@type":"WebSite","@id":"https:\/\/www.qwien.at\/en\/#website","url":"https:\/\/www.qwien.at\/en\/","name":"Qwien - Zentrum f\u00fcr queere Geschichte","description":"","publisher":{"@id":"https:\/\/www.qwien.at\/en\/#organization"},"potentialAction":[{"@type":"SearchAction","target":{"@type":"EntryPoint","urlTemplate":"https:\/\/www.qwien.at\/en\/?s={search_term_string}"},"query-input":{"@type":"PropertyValueSpecification","valueRequired":true,"valueName":"search_term_string"}}],"inLanguage":"en-US"},{"@type":"Organization","@id":"https:\/\/www.qwien.at\/en\/#organization","name":"Qwien","url":"https:\/\/www.qwien.at\/en\/","logo":{"@type":"ImageObject","inLanguage":"en-US","@id":"https:\/\/www.qwien.at\/en\/#\/schema\/logo\/image\/","url":"https:\/\/www.qwien.at\/wp-content\/uploads\/2025\/06\/seo-yoast-2.png","contentUrl":"https:\/\/www.qwien.at\/wp-content\/uploads\/2025\/06\/seo-yoast-2.png","width":697,"height":697,"caption":"Qwien"},"image":{"@id":"https:\/\/www.qwien.at\/en\/#\/schema\/logo\/image\/"},"sameAs":["https:\/\/www.instagram.com\/qwien.zentrum\/"]},{"@type":"Person","@id":"https:\/\/www.qwien.at\/en\/#\/schema\/person\/d3fe9114b43d8e5a558a6d20ca3e2920","name":"Andreas Brunner"}]}},"_links":{"self":[{"href":"https:\/\/www.qwien.at\/en\/wp-json\/wp\/v2\/posts\/11301","targetHints":{"allow":["GET"]}}],"collection":[{"href":"https:\/\/www.qwien.at\/en\/wp-json\/wp\/v2\/posts"}],"about":[{"href":"https:\/\/www.qwien.at\/en\/wp-json\/wp\/v2\/types\/post"}],"author":[{"embeddable":true,"href":"https:\/\/www.qwien.at\/en\/wp-json\/wp\/v2\/users\/4"}],"replies":[{"embeddable":true,"href":"https:\/\/www.qwien.at\/en\/wp-json\/wp\/v2\/comments?post=11301"}],"version-history":[{"count":0,"href":"https:\/\/www.qwien.at\/en\/wp-json\/wp\/v2\/posts\/11301\/revisions"}],"wp:attachment":[{"href":"https:\/\/www.qwien.at\/en\/wp-json\/wp\/v2\/media?parent=11301"}],"wp:term":[{"taxonomy":"category","embeddable":true,"href":"https:\/\/www.qwien.at\/en\/wp-json\/wp\/v2\/categories?post=11301"},{"taxonomy":"post_tag","embeddable":true,"href":"https:\/\/www.qwien.at\/en\/wp-json\/wp\/v2\/tags?post=11301"}],"curies":[{"name":"wp","href":"https:\/\/api.w.org\/{rel}","templated":true}]}}