{"id":11307,"date":"2025-07-15T21:36:59","date_gmt":"2025-07-15T19:36:59","guid":{"rendered":"https:\/\/www.qwien.at\/nicht-kategorisiert\/homosexualitaten-diskurse-und-lebenswelten\/"},"modified":"2025-07-15T21:36:59","modified_gmt":"2025-07-15T19:36:59","slug":"homosexualitaten-diskurse-und-lebenswelten","status":"publish","type":"post","link":"https:\/\/www.qwien.at\/en\/qwien-books\/homosexualitaten-diskurse-und-lebenswelten\/","title":{"rendered":"Homosexualit\u00e4ten &#8211; Diskurse und Lebenswelten"},"content":{"rendered":"<p>Buchpr\u00e4sentation \u201eHomosexualit\u00e4ten \u2013 Diskurse und Lebenswelten 1870-1970\u201c von Franz X. Eder\u00a0<strong>Podiumsgespr\u00e4ch<\/strong>\u00a0mit Franz X. Eder (Wirtschafts- und Sozialhistoriker, Universit\u00e4t Wien), Hannes Sulzenbacher (QWIEN \u2013 Zentrum f\u00fcr schwul\/lesbische Kultur und Geschichte, Wien), Ines Rieder (Schriftstellerin mit Schwerpunkt lesbische Biographie, Wien)\u00a0<a href=\"https:\/\/www.qwien.at\/wp-content\/uploads\/2011\/05\/Eder-150x150.jpg\"><img loading=\"lazy\" decoding=\"async\" class=\"alignleft size-thumbnail wp-image-621\" title=\"Eder\" src=\"https:\/\/www.qwien.at\/wp-content\/uploads\/2011\/05\/Eder-150x150.jpg\" sizes=\"auto, (max-width: 150px) 100vw, 150px\" srcset=\"http:\/\/www.qwien.at\/wp-content\/uploads\/2011\/05\/Eder-150x150.jpg 150w, http:\/\/www.qwien.at\/wp-content\/uploads\/2011\/05\/Eder-300x300.jpg 300w, http:\/\/www.qwien.at\/wp-content\/uploads\/2011\/05\/Eder-100x100.jpg 100w, http:\/\/www.qwien.at\/wp-content\/uploads\/2011\/05\/Eder.jpg 500w\" alt=\"\" width=\"150\" height=\"150\" \/><\/a>Franz X. Eder, ao. Professor f\u00fcr Wirtschafts- und Sozialgeschichte an der Uni Wien, ist dank seiner Forschungen zur Sexualit\u00e4tsgeschichte auch Spezialist f\u00fcr die Geschichte der Homosexualit\u00e4t. Sein neues Buch, das in der Reihe \u201ePro und contra: Aktuelle Sachb\u00fccher im Gespr\u00e4ch\u201c pr\u00e4sentiert wird, ist eine pr\u00e4gnante Kurzfassung der Lesben- und Schwulengeschichte \u00d6sterreichs und Deutschlands, wobei er seinen Schwerpunkt auf die Entwicklung des Diskurses \u00fcber Homosexualit\u00e4t gelegt hat. Gleichzeitig gelingt es Eder, die medizinischen, juristischen und politischen Diskurse \u00fcber Homosexuelle mit den Lebenswelten der Lesben und Schwulen in Kontrast zu setzen. Denn durch politische Agitation, juristische Intervention, Aufkl\u00e4rungs- und Emanzipationsbewegungen, vor allem aber durch widerst\u00e4ndische und eigensinnige Lebensentw\u00fcrfe und Erfahrungen trugen Homosexuelle im Laufe der Jahrzehnte auch zur Neuordnung des Denk- und Sagbaren bei und schufen ihre \u201aeigenen\u2019 (Sub-)Kulturen und Lebenswelten. Ines Rieder, die derzeit f\u00fcr eine Filmdokumentation recherchiert, wird \u00fcber den lesbischen Alltag im Wien der Nachkriegszeit sprechen, ein \u201eschwarzes Loch\u201c in der \u00f6sterreichischen Homosexuellengeschichte. Abschlie\u00dfend wird Hannes Sulzenbacher vom Zentrum QWIEN \u00fcber die Erfahrungen bei der Dokumentation von lesbischwuler Vergangenheit berichten und einzelne Dokumente aus dem QWIEN Archiv zu den aufgeworfenen Fragestellungen des Buches sowie des vorangegangenen Gespr\u00e4chs pr\u00e4sentieren. Das Buch: Franz X. Eder \u201eHomosexualit\u00e4ten \u2013 Diskurse und Lebenswelten 1870-1970\u201c Wien: Bibliothek der Provinz 2011 (Band XXI der Reihe \u201eEnzyklop\u00e4die des Wiener Wissens\u201c, initiiert und herausgegeben von Univ.-Prof. Dr. Hubert Christian Ehalt f\u00fcr die Wiener Vorlesungen. Dialogforum der Stadt Wien.) Dienstag, 24. Mai 2011, 19:00 Uhr Hauptb\u00fccherei am G\u00fcrtel, 1070 Urban-Loritz-Platz 2a Eine Veranstaltung in Kooperation mit den Wiener Vorlesungen www.vorlesungen.wien.at<\/p>\n","protected":false},"excerpt":{"rendered":"<p>\t\t\t\t<![CDATA[]]>\t\t<\/p>\n","protected":false},"author":4,"featured_media":0,"comment_status":"closed","ping_status":"open","sticky":false,"template":"","format":"standard","meta":{"_acf_changed":false,"footnotes":""},"categories":[267,271],"tags":[358,303,304,471],"class_list":["post-11307","post","type-post","status-publish","format-standard","hentry","category-qwien-books","category-literature-archive","tag-bewegung","tag-geschichte","tag-rezension","tag-theorie","grve-entry-item","grve-blog-item"],"acf":[],"yoast_head":"<!-- This site is optimized with the Yoast SEO plugin v27.5 - https:\/\/yoast.com\/product\/yoast-seo-wordpress\/ -->\n<title>Homosexualit\u00e4ten - Diskurse und Lebenswelten - Blog - Qwien - Zentrum f\u00fcr queere Geschichte<\/title>\n<meta name=\"robots\" content=\"index, follow, max-snippet:-1, max-image-preview:large, max-video-preview:-1\" \/>\n<link rel=\"canonical\" href=\"https:\/\/www.qwien.at\/en\/qwien-books\/homosexualitaten-diskurse-und-lebenswelten\/\" \/>\n<meta property=\"og:locale\" content=\"en_US\" \/>\n<meta property=\"og:type\" content=\"article\" \/>\n<meta property=\"og:title\" content=\"Homosexualit\u00e4ten - Diskurse und Lebenswelten - Blog - Qwien - Zentrum f\u00fcr queere Geschichte\" \/>\n<meta property=\"og:url\" content=\"https:\/\/www.qwien.at\/en\/qwien-books\/homosexualitaten-diskurse-und-lebenswelten\/\" \/>\n<meta property=\"og:site_name\" content=\"Qwien - Zentrum f\u00fcr queere Geschichte\" \/>\n<meta property=\"article:published_time\" content=\"2025-07-15T19:36:59+00:00\" \/>\n<meta property=\"og:image\" content=\"https:\/\/www.qwien.at\/wp-content\/uploads\/2011\/05\/Eder.jpg\" \/>\n\t<meta property=\"og:image:width\" content=\"500\" \/>\n\t<meta property=\"og:image:height\" content=\"500\" \/>\n\t<meta property=\"og:image:type\" content=\"image\/jpeg\" \/>\n<meta name=\"author\" content=\"Andreas Brunner\" \/>\n<meta name=\"twitter:card\" content=\"summary_large_image\" \/>\n<meta name=\"twitter:label1\" content=\"Written by\" \/>\n\t<meta name=\"twitter:data1\" content=\"Andreas Brunner\" \/>\n\t<meta name=\"twitter:label2\" content=\"Est. reading time\" \/>\n\t<meta name=\"twitter:data2\" content=\"2 minutes\" \/>\n<script type=\"application\/ld+json\" class=\"yoast-schema-graph\">{\"@context\":\"https:\\\/\\\/schema.org\",\"@graph\":[{\"@type\":[\"Article\",\"BlogPosting\"],\"@id\":\"https:\\\/\\\/www.qwien.at\\\/en\\\/qwien-books\\\/homosexualitaten-diskurse-und-lebenswelten\\\/#article\",\"isPartOf\":{\"@id\":\"https:\\\/\\\/www.qwien.at\\\/en\\\/qwien-books\\\/homosexualitaten-diskurse-und-lebenswelten\\\/\"},\"author\":{\"name\":\"Andreas Brunner\",\"@id\":\"https:\\\/\\\/www.qwien.at\\\/en\\\/#\\\/schema\\\/person\\\/d3fe9114b43d8e5a558a6d20ca3e2920\"},\"headline\":\"Homosexualit\u00e4ten &#8211; Diskurse und Lebenswelten\",\"datePublished\":\"2025-07-15T19:36:59+00:00\",\"mainEntityOfPage\":{\"@id\":\"https:\\\/\\\/www.qwien.at\\\/en\\\/qwien-books\\\/homosexualitaten-diskurse-und-lebenswelten\\\/\"},\"wordCount\":321,\"publisher\":{\"@id\":\"https:\\\/\\\/www.qwien.at\\\/en\\\/#organization\"},\"image\":{\"@id\":\"https:\\\/\\\/www.qwien.at\\\/en\\\/qwien-books\\\/homosexualitaten-diskurse-und-lebenswelten\\\/#primaryimage\"},\"thumbnailUrl\":\"https:\\\/\\\/www.qwien.at\\\/wp-content\\\/uploads\\\/2011\\\/05\\\/Eder-150x150.jpg\",\"keywords\":[\"Bewegung\",\"Geschichte\",\"Rezension\",\"Theorie\"],\"articleSection\":[\"Books\",\"Literature archive\"],\"inLanguage\":\"en-US\"},{\"@type\":\"WebPage\",\"@id\":\"https:\\\/\\\/www.qwien.at\\\/en\\\/qwien-books\\\/homosexualitaten-diskurse-und-lebenswelten\\\/\",\"url\":\"https:\\\/\\\/www.qwien.at\\\/en\\\/qwien-books\\\/homosexualitaten-diskurse-und-lebenswelten\\\/\",\"name\":\"Homosexualit\u00e4ten - Diskurse und Lebenswelten - Blog - Qwien - Zentrum f\u00fcr queere Geschichte\",\"isPartOf\":{\"@id\":\"https:\\\/\\\/www.qwien.at\\\/en\\\/#website\"},\"primaryImageOfPage\":{\"@id\":\"https:\\\/\\\/www.qwien.at\\\/en\\\/qwien-books\\\/homosexualitaten-diskurse-und-lebenswelten\\\/#primaryimage\"},\"image\":{\"@id\":\"https:\\\/\\\/www.qwien.at\\\/en\\\/qwien-books\\\/homosexualitaten-diskurse-und-lebenswelten\\\/#primaryimage\"},\"thumbnailUrl\":\"https:\\\/\\\/www.qwien.at\\\/wp-content\\\/uploads\\\/2011\\\/05\\\/Eder-150x150.jpg\",\"datePublished\":\"2025-07-15T19:36:59+00:00\",\"breadcrumb\":{\"@id\":\"https:\\\/\\\/www.qwien.at\\\/en\\\/qwien-books\\\/homosexualitaten-diskurse-und-lebenswelten\\\/#breadcrumb\"},\"inLanguage\":\"en-US\",\"potentialAction\":[{\"@type\":\"ReadAction\",\"target\":[\"https:\\\/\\\/www.qwien.at\\\/en\\\/qwien-books\\\/homosexualitaten-diskurse-und-lebenswelten\\\/\"]}]},{\"@type\":\"ImageObject\",\"inLanguage\":\"en-US\",\"@id\":\"https:\\\/\\\/www.qwien.at\\\/en\\\/qwien-books\\\/homosexualitaten-diskurse-und-lebenswelten\\\/#primaryimage\",\"url\":\"https:\\\/\\\/www.qwien.at\\\/wp-content\\\/uploads\\\/2011\\\/05\\\/Eder-150x150.jpg\",\"contentUrl\":\"https:\\\/\\\/www.qwien.at\\\/wp-content\\\/uploads\\\/2011\\\/05\\\/Eder-150x150.jpg\"},{\"@type\":\"BreadcrumbList\",\"@id\":\"https:\\\/\\\/www.qwien.at\\\/en\\\/qwien-books\\\/homosexualitaten-diskurse-und-lebenswelten\\\/#breadcrumb\",\"itemListElement\":[{\"@type\":\"ListItem\",\"position\":1,\"name\":\"Startseite\",\"item\":\"https:\\\/\\\/www.qwien.at\\\/en\\\/\"},{\"@type\":\"ListItem\",\"position\":2,\"name\":\"Homosexualit\u00e4ten &#8211; Diskurse und Lebenswelten\"}]},{\"@type\":\"WebSite\",\"@id\":\"https:\\\/\\\/www.qwien.at\\\/en\\\/#website\",\"url\":\"https:\\\/\\\/www.qwien.at\\\/en\\\/\",\"name\":\"Qwien - Zentrum f\u00fcr queere Geschichte\",\"description\":\"\",\"publisher\":{\"@id\":\"https:\\\/\\\/www.qwien.at\\\/en\\\/#organization\"},\"potentialAction\":[{\"@type\":\"SearchAction\",\"target\":{\"@type\":\"EntryPoint\",\"urlTemplate\":\"https:\\\/\\\/www.qwien.at\\\/en\\\/?s={search_term_string}\"},\"query-input\":{\"@type\":\"PropertyValueSpecification\",\"valueRequired\":true,\"valueName\":\"search_term_string\"}}],\"inLanguage\":\"en-US\"},{\"@type\":\"Organization\",\"@id\":\"https:\\\/\\\/www.qwien.at\\\/en\\\/#organization\",\"name\":\"Qwien\",\"url\":\"https:\\\/\\\/www.qwien.at\\\/en\\\/\",\"logo\":{\"@type\":\"ImageObject\",\"inLanguage\":\"en-US\",\"@id\":\"https:\\\/\\\/www.qwien.at\\\/en\\\/#\\\/schema\\\/logo\\\/image\\\/\",\"url\":\"https:\\\/\\\/www.qwien.at\\\/wp-content\\\/uploads\\\/2025\\\/06\\\/seo-yoast-2.png\",\"contentUrl\":\"https:\\\/\\\/www.qwien.at\\\/wp-content\\\/uploads\\\/2025\\\/06\\\/seo-yoast-2.png\",\"width\":697,\"height\":697,\"caption\":\"Qwien\"},\"image\":{\"@id\":\"https:\\\/\\\/www.qwien.at\\\/en\\\/#\\\/schema\\\/logo\\\/image\\\/\"},\"sameAs\":[\"https:\\\/\\\/www.instagram.com\\\/qwien.zentrum\\\/\"]},{\"@type\":\"Person\",\"@id\":\"https:\\\/\\\/www.qwien.at\\\/en\\\/#\\\/schema\\\/person\\\/d3fe9114b43d8e5a558a6d20ca3e2920\",\"name\":\"Andreas Brunner\"}]}<\/script>\n<!-- \/ Yoast SEO plugin. -->","yoast_head_json":{"title":"Homosexualit\u00e4ten - Diskurse und Lebenswelten - Blog - Qwien - Zentrum f\u00fcr queere Geschichte","robots":{"index":"index","follow":"follow","max-snippet":"max-snippet:-1","max-image-preview":"max-image-preview:large","max-video-preview":"max-video-preview:-1"},"canonical":"https:\/\/www.qwien.at\/en\/qwien-books\/homosexualitaten-diskurse-und-lebenswelten\/","og_locale":"en_US","og_type":"article","og_title":"Homosexualit\u00e4ten - Diskurse und Lebenswelten - Blog - Qwien - Zentrum f\u00fcr queere Geschichte","og_url":"https:\/\/www.qwien.at\/en\/qwien-books\/homosexualitaten-diskurse-und-lebenswelten\/","og_site_name":"Qwien - Zentrum f\u00fcr queere Geschichte","article_published_time":"2025-07-15T19:36:59+00:00","og_image":[{"width":500,"height":500,"url":"https:\/\/www.qwien.at\/wp-content\/uploads\/2011\/05\/Eder.jpg","type":"image\/jpeg"}],"author":"Andreas Brunner","twitter_card":"summary_large_image","twitter_misc":{"Written by":"Andreas Brunner","Est. reading time":"2 minutes"},"schema":{"@context":"https:\/\/schema.org","@graph":[{"@type":["Article","BlogPosting"],"@id":"https:\/\/www.qwien.at\/en\/qwien-books\/homosexualitaten-diskurse-und-lebenswelten\/#article","isPartOf":{"@id":"https:\/\/www.qwien.at\/en\/qwien-books\/homosexualitaten-diskurse-und-lebenswelten\/"},"author":{"name":"Andreas Brunner","@id":"https:\/\/www.qwien.at\/en\/#\/schema\/person\/d3fe9114b43d8e5a558a6d20ca3e2920"},"headline":"Homosexualit\u00e4ten &#8211; Diskurse und Lebenswelten","datePublished":"2025-07-15T19:36:59+00:00","mainEntityOfPage":{"@id":"https:\/\/www.qwien.at\/en\/qwien-books\/homosexualitaten-diskurse-und-lebenswelten\/"},"wordCount":321,"publisher":{"@id":"https:\/\/www.qwien.at\/en\/#organization"},"image":{"@id":"https:\/\/www.qwien.at\/en\/qwien-books\/homosexualitaten-diskurse-und-lebenswelten\/#primaryimage"},"thumbnailUrl":"https:\/\/www.qwien.at\/wp-content\/uploads\/2011\/05\/Eder-150x150.jpg","keywords":["Bewegung","Geschichte","Rezension","Theorie"],"articleSection":["Books","Literature archive"],"inLanguage":"en-US"},{"@type":"WebPage","@id":"https:\/\/www.qwien.at\/en\/qwien-books\/homosexualitaten-diskurse-und-lebenswelten\/","url":"https:\/\/www.qwien.at\/en\/qwien-books\/homosexualitaten-diskurse-und-lebenswelten\/","name":"Homosexualit\u00e4ten - Diskurse und Lebenswelten - Blog - Qwien - Zentrum f\u00fcr queere Geschichte","isPartOf":{"@id":"https:\/\/www.qwien.at\/en\/#website"},"primaryImageOfPage":{"@id":"https:\/\/www.qwien.at\/en\/qwien-books\/homosexualitaten-diskurse-und-lebenswelten\/#primaryimage"},"image":{"@id":"https:\/\/www.qwien.at\/en\/qwien-books\/homosexualitaten-diskurse-und-lebenswelten\/#primaryimage"},"thumbnailUrl":"https:\/\/www.qwien.at\/wp-content\/uploads\/2011\/05\/Eder-150x150.jpg","datePublished":"2025-07-15T19:36:59+00:00","breadcrumb":{"@id":"https:\/\/www.qwien.at\/en\/qwien-books\/homosexualitaten-diskurse-und-lebenswelten\/#breadcrumb"},"inLanguage":"en-US","potentialAction":[{"@type":"ReadAction","target":["https:\/\/www.qwien.at\/en\/qwien-books\/homosexualitaten-diskurse-und-lebenswelten\/"]}]},{"@type":"ImageObject","inLanguage":"en-US","@id":"https:\/\/www.qwien.at\/en\/qwien-books\/homosexualitaten-diskurse-und-lebenswelten\/#primaryimage","url":"https:\/\/www.qwien.at\/wp-content\/uploads\/2011\/05\/Eder-150x150.jpg","contentUrl":"https:\/\/www.qwien.at\/wp-content\/uploads\/2011\/05\/Eder-150x150.jpg"},{"@type":"BreadcrumbList","@id":"https:\/\/www.qwien.at\/en\/qwien-books\/homosexualitaten-diskurse-und-lebenswelten\/#breadcrumb","itemListElement":[{"@type":"ListItem","position":1,"name":"Startseite","item":"https:\/\/www.qwien.at\/en\/"},{"@type":"ListItem","position":2,"name":"Homosexualit\u00e4ten &#8211; Diskurse und Lebenswelten"}]},{"@type":"WebSite","@id":"https:\/\/www.qwien.at\/en\/#website","url":"https:\/\/www.qwien.at\/en\/","name":"Qwien - Zentrum f\u00fcr queere Geschichte","description":"","publisher":{"@id":"https:\/\/www.qwien.at\/en\/#organization"},"potentialAction":[{"@type":"SearchAction","target":{"@type":"EntryPoint","urlTemplate":"https:\/\/www.qwien.at\/en\/?s={search_term_string}"},"query-input":{"@type":"PropertyValueSpecification","valueRequired":true,"valueName":"search_term_string"}}],"inLanguage":"en-US"},{"@type":"Organization","@id":"https:\/\/www.qwien.at\/en\/#organization","name":"Qwien","url":"https:\/\/www.qwien.at\/en\/","logo":{"@type":"ImageObject","inLanguage":"en-US","@id":"https:\/\/www.qwien.at\/en\/#\/schema\/logo\/image\/","url":"https:\/\/www.qwien.at\/wp-content\/uploads\/2025\/06\/seo-yoast-2.png","contentUrl":"https:\/\/www.qwien.at\/wp-content\/uploads\/2025\/06\/seo-yoast-2.png","width":697,"height":697,"caption":"Qwien"},"image":{"@id":"https:\/\/www.qwien.at\/en\/#\/schema\/logo\/image\/"},"sameAs":["https:\/\/www.instagram.com\/qwien.zentrum\/"]},{"@type":"Person","@id":"https:\/\/www.qwien.at\/en\/#\/schema\/person\/d3fe9114b43d8e5a558a6d20ca3e2920","name":"Andreas Brunner"}]}},"_links":{"self":[{"href":"https:\/\/www.qwien.at\/en\/wp-json\/wp\/v2\/posts\/11307","targetHints":{"allow":["GET"]}}],"collection":[{"href":"https:\/\/www.qwien.at\/en\/wp-json\/wp\/v2\/posts"}],"about":[{"href":"https:\/\/www.qwien.at\/en\/wp-json\/wp\/v2\/types\/post"}],"author":[{"embeddable":true,"href":"https:\/\/www.qwien.at\/en\/wp-json\/wp\/v2\/users\/4"}],"replies":[{"embeddable":true,"href":"https:\/\/www.qwien.at\/en\/wp-json\/wp\/v2\/comments?post=11307"}],"version-history":[{"count":0,"href":"https:\/\/www.qwien.at\/en\/wp-json\/wp\/v2\/posts\/11307\/revisions"}],"wp:attachment":[{"href":"https:\/\/www.qwien.at\/en\/wp-json\/wp\/v2\/media?parent=11307"}],"wp:term":[{"taxonomy":"category","embeddable":true,"href":"https:\/\/www.qwien.at\/en\/wp-json\/wp\/v2\/categories?post=11307"},{"taxonomy":"post_tag","embeddable":true,"href":"https:\/\/www.qwien.at\/en\/wp-json\/wp\/v2\/tags?post=11307"}],"curies":[{"name":"wp","href":"https:\/\/api.w.org\/{rel}","templated":true}]}}