{"id":11313,"date":"2025-06-10T12:54:32","date_gmt":"2025-06-10T10:54:32","guid":{"rendered":"https:\/\/www.qwien.at\/nicht-kategorisiert\/veranstaltungs-und-ausstellungsorganisatorin-w-m-d-20-wochenstunden\/"},"modified":"2025-06-10T12:54:32","modified_gmt":"2025-06-10T10:54:32","slug":"veranstaltungs-und-ausstellungsorganisatorin-w-m-d-20-wochenstunden","status":"publish","type":"post","link":"https:\/\/www.qwien.at\/en\/qwien\/veranstaltungs-und-ausstellungsorganisatorin-w-m-d-20-wochenstunden\/","title":{"rendered":"Veranstaltungs- und Ausstellungsorganisator*in (w\/m\/d), 20 Wochenstunden"},"content":{"rendered":"\n<p>Seit \u00fcber 15 Jahren ist <strong>Qwien<\/strong> ein Ort f\u00fcr queere Geschichte, Bibliothek, Archiv und Forschungszentrum. Nun wachsen wir: Am neuen Standort im 5. Wiener Gemeindebezirk entsteht ein queeres Ausstellungs- und Kulturveranstaltungszentrum, dessen gro\u00dfe Er\u00f6ffnung am 11. Juni 2025 stattfindet.<\/p>\n\n\n\n<p><strong>Seien Sie dabei und gestalten Sie mit<\/strong>! Wir suchen eine*n engagierten und vielseitigen Mitarbeiter*in (m\/w\/d), welche*r Qwien mit Begeisterung und Kreativit\u00e4t mitpr\u00e4gen m\u00f6chte. Die<br>Organisation von Veranstaltungen ist Ihre Leidenschaft? Sie m\u00f6chten vielf\u00e4ltige Events von<br>Lesungen \u00fcber Tagungen bis hin zu Ausstellungen mitgestalten? Sie haben Interesse an queerer<br>Kultur und Geschichte? Dann sind Sie bei uns <strong>ab 6. Mai 2025<\/strong> genau richtig!<\/p>\n\n\n\n<p><br><strong>Ihre Aufgaben<\/strong>:<\/p>\n\n\n\n<ul class=\"wp-block-list\">\n<li>Schnittstelle bei der Planung, Organisation und Durchf\u00fchrung von Ausstellungen und<\/li>\n\n\n\n<li>Veranstaltungen (z. B. Lesungen, Gespr\u00e4che, Diskussionen, Vortr\u00e4ge, Tagungen)<\/li>\n\n\n\n<li>Koordination, Terminplanung, Bearbeitung der Korrespondenz in enger Abstimmung mit<br>der Programmleitung<\/li>\n\n\n\n<li>Vertrags- und Budgetmanagement gemeinsam mit der wirtschaftlichen Leitung<\/li>\n\n\n\n<li>Netzwerkaufbau und Zusammenarbeit mit Promotion und Social-Media-Kan\u00e4len<br>gemeinsam mit der \u00d6ffentlichkeitsarbeit<\/li>\n\n\n\n<li>Auf- und Abbau, Personalplanung und Diensteinteilung<\/li>\n\n\n\n<li>Technische Betreuung der Kulturformate<\/li>\n\n\n\n<li>Aktive Mitarbeit beim Aufbau von Qwien als queerem Ausstellungs- und<br>Kulturveranstaltungszentrum<\/li>\n<\/ul>\n\n\n\n<p><strong>Ihr Profil:<\/strong><\/p>\n\n\n\n<ul class=\"wp-block-list\">\n<li>Umfangreiche Erfahrung in der Kulturbranche und im Veranstaltungsmanagement<\/li>\n\n\n\n<li>Organisationstalent mit Faible f\u00fcr kreative Eventgestaltung<\/li>\n\n\n\n<li>Hervorragende Kommunikationsf\u00e4higkeiten<\/li>\n\n\n\n<li>Belastbarkeit, Flexibilit\u00e4t und die F\u00e4higkeit, auch in stressigen Situationen den \u00dcberblick<br>zu behalten<\/li>\n\n\n\n<li>Hands-on-Mentalit\u00e4t, Zuverl\u00e4ssigkeit sowie eine strukturierte und eigenst\u00e4ndige<br>Arbeitsweise<\/li>\n\n\n\n<li>Begeisterung f\u00fcr Kultur- und Veranstaltungsformate und ein offenes,<br>besucher*innenorientiertes Auftreten.<\/li>\n\n\n\n<li>Sehr gute Deutsch- und Englischkenntnisse, weitere Fremdsprachen von Vorteil<\/li>\n\n\n\n<li>Gute EDV-Kenntnisse<\/li>\n\n\n\n<li>Kenntnisse in Erste-Hilfe und Brandschutz von Vorteil<\/li>\n\n\n\n<li>Vernetzung in der LGBTIQ-Community<\/li>\n<\/ul>\n\n\n\n<p><strong>Unser Angebot<\/strong>:<\/p>\n\n\n\n<ul class=\"wp-block-list\">\n<li>Eine verantwortungsvolle T\u00e4tigkeit bei Qwien<\/li>\n\n\n\n<li>Teilzeitstelle (20 Wochenstunden) mit flexiblen Einsatzzeiten, angepasst an unsere<br>\u00d6ffnungs- und Veranstaltungszeiten<\/li>\n\n\n\n<li>Regelm\u00e4\u00dfige Wochenend-, Feiertags- und Sp\u00e4tdienste mit einem Fokus auf<br>ausgewogene Arbeitszeitgestaltung<\/li>\n\n\n\n<li>Die M\u00f6glichkeit, Ihre Begeisterung f\u00fcr queere Kultur und Geschichte in den Arbeitsalltag<\/li>\n\n\n\n<li>zu integrieren<\/li>\n\n\n\n<li>Zusammenarbeit in einem engagierten, freundlichen und motivierten Team<\/li>\n\n\n\n<li>Respektvoller und wertsch\u00e4tzender Umgang miteinander<\/li>\n\n\n\n<li>Gute \u00f6ffentliche Anbindung<\/li>\n\n\n\n<li>Befristetes Dienstverh\u00e4ltnis bis 30. November 2025 mit Option auf eine unbefristete<br>Verl\u00e4ngerung.<\/li>\n\n\n\n<li>Brutto-Monatsgehalt von \u20ac 2.499,30,- (bei 40 Wochenstunden)<br><\/li>\n<\/ul>\n\n\n\n<p>Unser Team lebt von Vielfalt, Sichtbarkeit und gegenseitigem Respekt. Besonders freuen wir<br>uns \u00fcber Bewerbungen von Personen, die sich als Frauen definieren! <\/p>\n\n\n\n<p><strong>Kontakt<\/strong><br>Bitte bewerben Sie sich <strong>bis Montag, den 31.03.2025<\/strong>, mit Ihrem aussagekr\u00e4ftigen Lebenslauf<br>und einem Motivationsschreiben via E-Mail an: Mag.a Harriet Leischko, M: office@qwien.at<\/p>\n","protected":false},"excerpt":{"rendered":"<p>Seit \u00fcber 15 Jahren ist Qwien ein Ort f\u00fcr queere Geschichte, Bibliothek, Archiv und Forschungszentrum. Nun wachsen wir: Am neuen Standort im 5. Wiener Gemeindebezirk entsteht ein queeres Ausstellungs- und Kulturveranstaltungszentrum, dessen gro\u00dfe Er\u00f6ffnung am 11. Juni 2025 stattfindet. Seien Sie dabei und gestalten Sie mit! Wir suchen eine*n engagierten und vielseitigen Mitarbeiter*in (m\/w\/d), welche*r [&hellip;]<\/p>\n","protected":false},"author":4,"featured_media":10061,"comment_status":"closed","ping_status":"open","sticky":false,"template":"","format":"standard","meta":{"_acf_changed":false,"footnotes":""},"categories":[272,276],"tags":[475,476],"class_list":["post-11313","post","type-post","status-publish","format-standard","has-post-thumbnail","hentry","category-qwien","category-webarchive","tag-qwien","tag-stellenausschreibung","grve-entry-item","grve-blog-item"],"acf":[],"yoast_head":"<!-- This site is optimized with the Yoast SEO plugin v27.5 - https:\/\/yoast.com\/product\/yoast-seo-wordpress\/ -->\n<title>Veranstaltungs- und Ausstellungsorganisator*in (w\/m\/d), 20 Wochenstunden - Blog - Qwien - Zentrum f\u00fcr queere Geschichte<\/title>\n<meta name=\"robots\" content=\"index, follow, max-snippet:-1, max-image-preview:large, max-video-preview:-1\" \/>\n<link rel=\"canonical\" href=\"https:\/\/www.qwien.at\/en\/qwien\/veranstaltungs-und-ausstellungsorganisatorin-w-m-d-20-wochenstunden\/\" \/>\n<meta property=\"og:locale\" content=\"en_US\" \/>\n<meta property=\"og:type\" content=\"article\" \/>\n<meta property=\"og:title\" content=\"Veranstaltungs- und Ausstellungsorganisator*in (w\/m\/d), 20 Wochenstunden - Blog - Qwien - Zentrum f\u00fcr queere Geschichte\" \/>\n<meta property=\"og:description\" content=\"Seit \u00fcber 15 Jahren ist Qwien ein Ort f\u00fcr queere Geschichte, Bibliothek, Archiv und Forschungszentrum. Nun wachsen wir: Am neuen Standort im 5. Wiener Gemeindebezirk entsteht ein queeres Ausstellungs- und Kulturveranstaltungszentrum, dessen gro\u00dfe Er\u00f6ffnung am 11. Juni 2025 stattfindet. Seien Sie dabei und gestalten Sie mit! Wir suchen eine*n engagierten und vielseitigen Mitarbeiter*in (m\/w\/d), welche*r [&hellip;]\" \/>\n<meta property=\"og:url\" content=\"https:\/\/www.qwien.at\/en\/qwien\/veranstaltungs-und-ausstellungsorganisatorin-w-m-d-20-wochenstunden\/\" \/>\n<meta property=\"og:site_name\" content=\"Qwien - Zentrum f\u00fcr queere Geschichte\" \/>\n<meta property=\"article:published_time\" content=\"2025-06-10T10:54:32+00:00\" \/>\n<meta property=\"og:image\" content=\"https:\/\/www.qwien.at\/wp-content\/uploads\/2025\/06\/seo-yoast-1.png\" \/>\n\t<meta property=\"og:image:width\" content=\"1921\" \/>\n\t<meta property=\"og:image:height\" content=\"1081\" \/>\n\t<meta property=\"og:image:type\" content=\"image\/png\" \/>\n<meta name=\"author\" content=\"Andreas Brunner\" \/>\n<meta name=\"twitter:card\" content=\"summary_large_image\" \/>\n<meta name=\"twitter:label1\" content=\"Written by\" \/>\n\t<meta name=\"twitter:data1\" content=\"Andreas Brunner\" \/>\n\t<meta name=\"twitter:label2\" content=\"Est. reading time\" \/>\n\t<meta name=\"twitter:data2\" content=\"2 minutes\" \/>\n<script type=\"application\/ld+json\" class=\"yoast-schema-graph\">{\"@context\":\"https:\\\/\\\/schema.org\",\"@graph\":[{\"@type\":[\"Article\",\"BlogPosting\"],\"@id\":\"https:\\\/\\\/www.qwien.at\\\/en\\\/qwien\\\/veranstaltungs-und-ausstellungsorganisatorin-w-m-d-20-wochenstunden\\\/#article\",\"isPartOf\":{\"@id\":\"https:\\\/\\\/www.qwien.at\\\/en\\\/qwien\\\/veranstaltungs-und-ausstellungsorganisatorin-w-m-d-20-wochenstunden\\\/\"},\"author\":{\"name\":\"Andreas Brunner\",\"@id\":\"https:\\\/\\\/www.qwien.at\\\/en\\\/#\\\/schema\\\/person\\\/d3fe9114b43d8e5a558a6d20ca3e2920\"},\"headline\":\"Veranstaltungs- und Ausstellungsorganisator*in (w\\\/m\\\/d), 20 Wochenstunden\",\"datePublished\":\"2025-06-10T10:54:32+00:00\",\"mainEntityOfPage\":{\"@id\":\"https:\\\/\\\/www.qwien.at\\\/en\\\/qwien\\\/veranstaltungs-und-ausstellungsorganisatorin-w-m-d-20-wochenstunden\\\/\"},\"wordCount\":390,\"publisher\":{\"@id\":\"https:\\\/\\\/www.qwien.at\\\/en\\\/#organization\"},\"image\":{\"@id\":\"https:\\\/\\\/www.qwien.at\\\/en\\\/qwien\\\/veranstaltungs-und-ausstellungsorganisatorin-w-m-d-20-wochenstunden\\\/#primaryimage\"},\"thumbnailUrl\":\"https:\\\/\\\/www.qwien.at\\\/wp-content\\\/uploads\\\/2025\\\/03\\\/Kein-Titel-Facebook-Post-1.png\",\"keywords\":[\"Qwien\",\"Stellenausschreibung\"],\"articleSection\":[\"Qwien\",\"Webarchiv\"],\"inLanguage\":\"en-US\"},{\"@type\":\"WebPage\",\"@id\":\"https:\\\/\\\/www.qwien.at\\\/en\\\/qwien\\\/veranstaltungs-und-ausstellungsorganisatorin-w-m-d-20-wochenstunden\\\/\",\"url\":\"https:\\\/\\\/www.qwien.at\\\/en\\\/qwien\\\/veranstaltungs-und-ausstellungsorganisatorin-w-m-d-20-wochenstunden\\\/\",\"name\":\"Veranstaltungs- und Ausstellungsorganisator*in (w\\\/m\\\/d), 20 Wochenstunden - Blog - Qwien - Zentrum f\u00fcr queere Geschichte\",\"isPartOf\":{\"@id\":\"https:\\\/\\\/www.qwien.at\\\/en\\\/#website\"},\"primaryImageOfPage\":{\"@id\":\"https:\\\/\\\/www.qwien.at\\\/en\\\/qwien\\\/veranstaltungs-und-ausstellungsorganisatorin-w-m-d-20-wochenstunden\\\/#primaryimage\"},\"image\":{\"@id\":\"https:\\\/\\\/www.qwien.at\\\/en\\\/qwien\\\/veranstaltungs-und-ausstellungsorganisatorin-w-m-d-20-wochenstunden\\\/#primaryimage\"},\"thumbnailUrl\":\"https:\\\/\\\/www.qwien.at\\\/wp-content\\\/uploads\\\/2025\\\/03\\\/Kein-Titel-Facebook-Post-1.png\",\"datePublished\":\"2025-06-10T10:54:32+00:00\",\"breadcrumb\":{\"@id\":\"https:\\\/\\\/www.qwien.at\\\/en\\\/qwien\\\/veranstaltungs-und-ausstellungsorganisatorin-w-m-d-20-wochenstunden\\\/#breadcrumb\"},\"inLanguage\":\"en-US\",\"potentialAction\":[{\"@type\":\"ReadAction\",\"target\":[\"https:\\\/\\\/www.qwien.at\\\/en\\\/qwien\\\/veranstaltungs-und-ausstellungsorganisatorin-w-m-d-20-wochenstunden\\\/\"]}]},{\"@type\":\"ImageObject\",\"inLanguage\":\"en-US\",\"@id\":\"https:\\\/\\\/www.qwien.at\\\/en\\\/qwien\\\/veranstaltungs-und-ausstellungsorganisatorin-w-m-d-20-wochenstunden\\\/#primaryimage\",\"url\":\"https:\\\/\\\/www.qwien.at\\\/wp-content\\\/uploads\\\/2025\\\/03\\\/Kein-Titel-Facebook-Post-1.png\",\"contentUrl\":\"https:\\\/\\\/www.qwien.at\\\/wp-content\\\/uploads\\\/2025\\\/03\\\/Kein-Titel-Facebook-Post-1.png\",\"width\":1200,\"height\":630,\"caption\":\"Text graphic announcing \\\"Wir stellen ein!\\\" for Mitarbeiter*innen im Besucher*innenservice recruitment.\"},{\"@type\":\"BreadcrumbList\",\"@id\":\"https:\\\/\\\/www.qwien.at\\\/en\\\/qwien\\\/veranstaltungs-und-ausstellungsorganisatorin-w-m-d-20-wochenstunden\\\/#breadcrumb\",\"itemListElement\":[{\"@type\":\"ListItem\",\"position\":1,\"name\":\"Startseite\",\"item\":\"https:\\\/\\\/www.qwien.at\\\/en\\\/\"},{\"@type\":\"ListItem\",\"position\":2,\"name\":\"Veranstaltungs- und Ausstellungsorganisator*in (w\\\/m\\\/d), 20 Wochenstunden\"}]},{\"@type\":\"WebSite\",\"@id\":\"https:\\\/\\\/www.qwien.at\\\/en\\\/#website\",\"url\":\"https:\\\/\\\/www.qwien.at\\\/en\\\/\",\"name\":\"Qwien - Zentrum f\u00fcr queere Geschichte\",\"description\":\"\",\"publisher\":{\"@id\":\"https:\\\/\\\/www.qwien.at\\\/en\\\/#organization\"},\"potentialAction\":[{\"@type\":\"SearchAction\",\"target\":{\"@type\":\"EntryPoint\",\"urlTemplate\":\"https:\\\/\\\/www.qwien.at\\\/en\\\/?s={search_term_string}\"},\"query-input\":{\"@type\":\"PropertyValueSpecification\",\"valueRequired\":true,\"valueName\":\"search_term_string\"}}],\"inLanguage\":\"en-US\"},{\"@type\":\"Organization\",\"@id\":\"https:\\\/\\\/www.qwien.at\\\/en\\\/#organization\",\"name\":\"Qwien\",\"url\":\"https:\\\/\\\/www.qwien.at\\\/en\\\/\",\"logo\":{\"@type\":\"ImageObject\",\"inLanguage\":\"en-US\",\"@id\":\"https:\\\/\\\/www.qwien.at\\\/en\\\/#\\\/schema\\\/logo\\\/image\\\/\",\"url\":\"https:\\\/\\\/www.qwien.at\\\/wp-content\\\/uploads\\\/2025\\\/06\\\/seo-yoast-2.png\",\"contentUrl\":\"https:\\\/\\\/www.qwien.at\\\/wp-content\\\/uploads\\\/2025\\\/06\\\/seo-yoast-2.png\",\"width\":697,\"height\":697,\"caption\":\"Qwien\"},\"image\":{\"@id\":\"https:\\\/\\\/www.qwien.at\\\/en\\\/#\\\/schema\\\/logo\\\/image\\\/\"},\"sameAs\":[\"https:\\\/\\\/www.instagram.com\\\/qwien.zentrum\\\/\"]},{\"@type\":\"Person\",\"@id\":\"https:\\\/\\\/www.qwien.at\\\/en\\\/#\\\/schema\\\/person\\\/d3fe9114b43d8e5a558a6d20ca3e2920\",\"name\":\"Andreas Brunner\"}]}<\/script>\n<!-- \/ Yoast SEO plugin. -->","yoast_head_json":{"title":"Veranstaltungs- und Ausstellungsorganisator*in (w\/m\/d), 20 Wochenstunden - Blog - Qwien - Zentrum f\u00fcr queere Geschichte","robots":{"index":"index","follow":"follow","max-snippet":"max-snippet:-1","max-image-preview":"max-image-preview:large","max-video-preview":"max-video-preview:-1"},"canonical":"https:\/\/www.qwien.at\/en\/qwien\/veranstaltungs-und-ausstellungsorganisatorin-w-m-d-20-wochenstunden\/","og_locale":"en_US","og_type":"article","og_title":"Veranstaltungs- und Ausstellungsorganisator*in (w\/m\/d), 20 Wochenstunden - Blog - Qwien - Zentrum f\u00fcr queere Geschichte","og_description":"Seit \u00fcber 15 Jahren ist Qwien ein Ort f\u00fcr queere Geschichte, Bibliothek, Archiv und Forschungszentrum. Nun wachsen wir: Am neuen Standort im 5. Wiener Gemeindebezirk entsteht ein queeres Ausstellungs- und Kulturveranstaltungszentrum, dessen gro\u00dfe Er\u00f6ffnung am 11. Juni 2025 stattfindet. Seien Sie dabei und gestalten Sie mit! Wir suchen eine*n engagierten und vielseitigen Mitarbeiter*in (m\/w\/d), welche*r [&hellip;]","og_url":"https:\/\/www.qwien.at\/en\/qwien\/veranstaltungs-und-ausstellungsorganisatorin-w-m-d-20-wochenstunden\/","og_site_name":"Qwien - Zentrum f\u00fcr queere Geschichte","article_published_time":"2025-06-10T10:54:32+00:00","og_image":[{"width":1921,"height":1081,"url":"https:\/\/www.qwien.at\/wp-content\/uploads\/2025\/06\/seo-yoast-1.png","type":"image\/png"}],"author":"Andreas Brunner","twitter_card":"summary_large_image","twitter_misc":{"Written by":"Andreas Brunner","Est. reading time":"2 minutes"},"schema":{"@context":"https:\/\/schema.org","@graph":[{"@type":["Article","BlogPosting"],"@id":"https:\/\/www.qwien.at\/en\/qwien\/veranstaltungs-und-ausstellungsorganisatorin-w-m-d-20-wochenstunden\/#article","isPartOf":{"@id":"https:\/\/www.qwien.at\/en\/qwien\/veranstaltungs-und-ausstellungsorganisatorin-w-m-d-20-wochenstunden\/"},"author":{"name":"Andreas Brunner","@id":"https:\/\/www.qwien.at\/en\/#\/schema\/person\/d3fe9114b43d8e5a558a6d20ca3e2920"},"headline":"Veranstaltungs- und Ausstellungsorganisator*in (w\/m\/d), 20 Wochenstunden","datePublished":"2025-06-10T10:54:32+00:00","mainEntityOfPage":{"@id":"https:\/\/www.qwien.at\/en\/qwien\/veranstaltungs-und-ausstellungsorganisatorin-w-m-d-20-wochenstunden\/"},"wordCount":390,"publisher":{"@id":"https:\/\/www.qwien.at\/en\/#organization"},"image":{"@id":"https:\/\/www.qwien.at\/en\/qwien\/veranstaltungs-und-ausstellungsorganisatorin-w-m-d-20-wochenstunden\/#primaryimage"},"thumbnailUrl":"https:\/\/www.qwien.at\/wp-content\/uploads\/2025\/03\/Kein-Titel-Facebook-Post-1.png","keywords":["Qwien","Stellenausschreibung"],"articleSection":["Qwien","Webarchiv"],"inLanguage":"en-US"},{"@type":"WebPage","@id":"https:\/\/www.qwien.at\/en\/qwien\/veranstaltungs-und-ausstellungsorganisatorin-w-m-d-20-wochenstunden\/","url":"https:\/\/www.qwien.at\/en\/qwien\/veranstaltungs-und-ausstellungsorganisatorin-w-m-d-20-wochenstunden\/","name":"Veranstaltungs- und Ausstellungsorganisator*in (w\/m\/d), 20 Wochenstunden - Blog - Qwien - Zentrum f\u00fcr queere Geschichte","isPartOf":{"@id":"https:\/\/www.qwien.at\/en\/#website"},"primaryImageOfPage":{"@id":"https:\/\/www.qwien.at\/en\/qwien\/veranstaltungs-und-ausstellungsorganisatorin-w-m-d-20-wochenstunden\/#primaryimage"},"image":{"@id":"https:\/\/www.qwien.at\/en\/qwien\/veranstaltungs-und-ausstellungsorganisatorin-w-m-d-20-wochenstunden\/#primaryimage"},"thumbnailUrl":"https:\/\/www.qwien.at\/wp-content\/uploads\/2025\/03\/Kein-Titel-Facebook-Post-1.png","datePublished":"2025-06-10T10:54:32+00:00","breadcrumb":{"@id":"https:\/\/www.qwien.at\/en\/qwien\/veranstaltungs-und-ausstellungsorganisatorin-w-m-d-20-wochenstunden\/#breadcrumb"},"inLanguage":"en-US","potentialAction":[{"@type":"ReadAction","target":["https:\/\/www.qwien.at\/en\/qwien\/veranstaltungs-und-ausstellungsorganisatorin-w-m-d-20-wochenstunden\/"]}]},{"@type":"ImageObject","inLanguage":"en-US","@id":"https:\/\/www.qwien.at\/en\/qwien\/veranstaltungs-und-ausstellungsorganisatorin-w-m-d-20-wochenstunden\/#primaryimage","url":"https:\/\/www.qwien.at\/wp-content\/uploads\/2025\/03\/Kein-Titel-Facebook-Post-1.png","contentUrl":"https:\/\/www.qwien.at\/wp-content\/uploads\/2025\/03\/Kein-Titel-Facebook-Post-1.png","width":1200,"height":630,"caption":"Text graphic announcing \"Wir stellen ein!\" for Mitarbeiter*innen im Besucher*innenservice recruitment."},{"@type":"BreadcrumbList","@id":"https:\/\/www.qwien.at\/en\/qwien\/veranstaltungs-und-ausstellungsorganisatorin-w-m-d-20-wochenstunden\/#breadcrumb","itemListElement":[{"@type":"ListItem","position":1,"name":"Startseite","item":"https:\/\/www.qwien.at\/en\/"},{"@type":"ListItem","position":2,"name":"Veranstaltungs- und Ausstellungsorganisator*in (w\/m\/d), 20 Wochenstunden"}]},{"@type":"WebSite","@id":"https:\/\/www.qwien.at\/en\/#website","url":"https:\/\/www.qwien.at\/en\/","name":"Qwien - Zentrum f\u00fcr queere Geschichte","description":"","publisher":{"@id":"https:\/\/www.qwien.at\/en\/#organization"},"potentialAction":[{"@type":"SearchAction","target":{"@type":"EntryPoint","urlTemplate":"https:\/\/www.qwien.at\/en\/?s={search_term_string}"},"query-input":{"@type":"PropertyValueSpecification","valueRequired":true,"valueName":"search_term_string"}}],"inLanguage":"en-US"},{"@type":"Organization","@id":"https:\/\/www.qwien.at\/en\/#organization","name":"Qwien","url":"https:\/\/www.qwien.at\/en\/","logo":{"@type":"ImageObject","inLanguage":"en-US","@id":"https:\/\/www.qwien.at\/en\/#\/schema\/logo\/image\/","url":"https:\/\/www.qwien.at\/wp-content\/uploads\/2025\/06\/seo-yoast-2.png","contentUrl":"https:\/\/www.qwien.at\/wp-content\/uploads\/2025\/06\/seo-yoast-2.png","width":697,"height":697,"caption":"Qwien"},"image":{"@id":"https:\/\/www.qwien.at\/en\/#\/schema\/logo\/image\/"},"sameAs":["https:\/\/www.instagram.com\/qwien.zentrum\/"]},{"@type":"Person","@id":"https:\/\/www.qwien.at\/en\/#\/schema\/person\/d3fe9114b43d8e5a558a6d20ca3e2920","name":"Andreas Brunner"}]}},"_links":{"self":[{"href":"https:\/\/www.qwien.at\/en\/wp-json\/wp\/v2\/posts\/11313","targetHints":{"allow":["GET"]}}],"collection":[{"href":"https:\/\/www.qwien.at\/en\/wp-json\/wp\/v2\/posts"}],"about":[{"href":"https:\/\/www.qwien.at\/en\/wp-json\/wp\/v2\/types\/post"}],"author":[{"embeddable":true,"href":"https:\/\/www.qwien.at\/en\/wp-json\/wp\/v2\/users\/4"}],"replies":[{"embeddable":true,"href":"https:\/\/www.qwien.at\/en\/wp-json\/wp\/v2\/comments?post=11313"}],"version-history":[{"count":0,"href":"https:\/\/www.qwien.at\/en\/wp-json\/wp\/v2\/posts\/11313\/revisions"}],"wp:featuredmedia":[{"embeddable":true,"href":"https:\/\/www.qwien.at\/en\/wp-json\/wp\/v2\/media\/10061"}],"wp:attachment":[{"href":"https:\/\/www.qwien.at\/en\/wp-json\/wp\/v2\/media?parent=11313"}],"wp:term":[{"taxonomy":"category","embeddable":true,"href":"https:\/\/www.qwien.at\/en\/wp-json\/wp\/v2\/categories?post=11313"},{"taxonomy":"post_tag","embeddable":true,"href":"https:\/\/www.qwien.at\/en\/wp-json\/wp\/v2\/tags?post=11313"}],"curies":[{"name":"wp","href":"https:\/\/api.w.org\/{rel}","templated":true}]}}