{"id":11315,"date":"2025-06-10T12:54:32","date_gmt":"2025-06-10T10:54:32","guid":{"rendered":"https:\/\/www.qwien.at\/nicht-kategorisiert\/schwule-nazis\/"},"modified":"2025-06-10T12:54:32","modified_gmt":"2025-06-10T10:54:32","slug":"schwule-nazis","status":"publish","type":"post","link":"https:\/\/www.qwien.at\/en\/qwien-books\/schwule-nazis\/","title":{"rendered":"Schwule Nazis"},"content":{"rendered":"\n<p><em>Imke Interbieten hat die Neuauflage der Studie von Alexander Zinne f\u00fcr uns gelesen.<\/em><\/p>\n\n\n\n<p>Diskussionen \u00fcber die tats\u00e4chliche oder vermeintliche Homosexualit\u00e4t rechter Politiker*innen scheinen gegenw\u00e4rtig ein vertrautes Ph\u00e4nomen zu sein. Der Autor Alexander Zinn nimmt in seinem Werk <em>Schwule Nazis. Zur Genese und Etablierung eines Stereotyps<\/em> eine sozialhistorische Perspektive auf das Thema ein. Es handelt sich um eine Neuausgabe, doch wie bereits in der Ver\u00f6ffentlichung von 1997 geht der Historiker und Soziologe der konstruierten Beziehung von Homosexualit\u00e4t und Nationalsozialismus auf den Grund.<\/p>\n\n\n\n<p>In der neuen Ausgabe vorangestellt ist die Frage nach dem \u201erealen Kern\u201c des Stereotyps. In diesem einleitenden Kapitel findet auch der aktuelle Forschungsdiskurs Geh\u00f6r. Es folgen Ausf\u00fchrungen zu seiner Studie aus dem Jahre 1997. In vier Teilen analysiert Zinn das Vorurteil der urspr\u00fcnglichen Verbindung von Nationalsozialismus und Homosexualit\u00e4t. Auf eine kurze Einleitung zum Gegenstand und Aufbau der Arbeit folgt ein Kapitel zur homosexuellen Emanzipationsbewegung. Anhand der relevantesten Erkenntnisse der zeitgeschichtlichen Forschung werden die historische Entwicklung sowie Homosexuellenbild und -politik zwischen 1897 und 1933 nachvollzogen. Den Kern seiner Untersuchungen finden wir im folgenden dritten Kapitel. In \u201eHomosexualit\u00e4t im Exildiskurs\u201c wird die Entstehung und Etablierung des Stereotyps \u201eSchwule Nazis\u201c zur\u00fcckverfolgt. Die Untersuchung st\u00fctzt sich auf die Auswertung von Exilliteratur, genauer auf der Analyse von 19 Exilperiodika unterschiedlicher politischer Ausrichtung. Der vierte Teil nimmt abschlie\u00dfend eine Analyse der Quellen aus soziologischer Perspektive vor.<\/p>\n\n\n\n<p>Die Auswertung der Exilliteratur hinterl\u00e4sst einen nachhaltigen Eindruck. Das zugrundeliegende Material ist nicht nur aufgrund des Umfangs und der inhaltlichen Breite beindruckend, sondern gelingt Zinn ebenso seine zielgerichtete Auswertung: Die Analyse zeigt pr\u00e4zise die Errichtung und Etablierung des Stereotyps vom homosexuellen Nationalsozialisten. Der Autor beschreibt die Studie in einigen einf\u00fchrenden Bemerkungen ihrerseits als \u201ehistorisches Dokument\u201c. Es wurde die Entscheidung getroffen, die bereits 1997 ver\u00f6ffentlichte Studie beinahe unver\u00e4ndert zu \u00fcbernehmen. Hier offenbart die Konzeption der Neuauflage eine kleinere Schwachstelle. F\u00fcr Gehalt und Aktualit\u00e4t des Gesamtwerks absolut notwendig ist die sehr gelungene Einf\u00fchrung zur Neuausgabe, die sich dem m\u00f6glichen \u201erealen Kern\u201c des Ph\u00e4nomens widmet. Der Transfer zwischen dieser Einbettung in den gegenw\u00e4rtigen Forschungsdiskurs und der folgenden Studie liegt jedoch in der Hand der Leser*innenschaft. <\/p>\n\n\n\n<p><strong>Alexander Zinn: Schwule Nazis. Zur Genese und Etablierung eines Stereotyps. Frankfurt\/New York: Campus 2025.<\/strong> (bei <a href=\"https:\/\/www.loewenherz.at\/index_lw_nr.php?LWNR=23856\">L\u00f6wenherz <\/a>erh\u00e4ltlich)<\/p>\n","protected":false},"excerpt":{"rendered":"<p>Imke Interbieten hat die Neuauflage der Studie von Alexander Zinne f\u00fcr uns gelesen. Diskussionen \u00fcber die tats\u00e4chliche oder vermeintliche Homosexualit\u00e4t rechter Politiker*innen scheinen gegenw\u00e4rtig ein vertrautes Ph\u00e4nomen zu sein. Der Autor Alexander Zinn nimmt in seinem Werk Schwule Nazis. Zur Genese und Etablierung eines Stereotyps eine sozialhistorische Perspektive auf das Thema ein. Es handelt sich [&hellip;]<\/p>\n","protected":false},"author":4,"featured_media":10063,"comment_status":"closed","ping_status":"open","sticky":false,"template":"","format":"standard","meta":{"_acf_changed":false,"footnotes":""},"categories":[267,271,272],"tags":[303,305,307],"class_list":["post-11315","post","type-post","status-publish","format-standard","has-post-thumbnail","hentry","category-qwien-books","category-literature-archive","category-qwien","tag-geschichte","tag-homosexualitaet","tag-nationalsozialismus","grve-entry-item","grve-blog-item"],"acf":[],"yoast_head":"<!-- This site is optimized with the Yoast SEO plugin v27.5 - https:\/\/yoast.com\/product\/yoast-seo-wordpress\/ -->\n<title>Schwule Nazis - Blog - Qwien - Zentrum f\u00fcr queere Geschichte<\/title>\n<meta name=\"robots\" content=\"index, follow, max-snippet:-1, max-image-preview:large, max-video-preview:-1\" \/>\n<link rel=\"canonical\" href=\"https:\/\/www.qwien.at\/en\/qwien-books\/schwule-nazis\/\" \/>\n<meta property=\"og:locale\" content=\"en_US\" \/>\n<meta property=\"og:type\" content=\"article\" \/>\n<meta property=\"og:title\" content=\"Schwule Nazis - Blog - Qwien - Zentrum f\u00fcr queere Geschichte\" \/>\n<meta property=\"og:description\" content=\"Imke Interbieten hat die Neuauflage der Studie von Alexander Zinne f\u00fcr uns gelesen. Diskussionen \u00fcber die tats\u00e4chliche oder vermeintliche Homosexualit\u00e4t rechter Politiker*innen scheinen gegenw\u00e4rtig ein vertrautes Ph\u00e4nomen zu sein. Der Autor Alexander Zinn nimmt in seinem Werk Schwule Nazis. Zur Genese und Etablierung eines Stereotyps eine sozialhistorische Perspektive auf das Thema ein. Es handelt sich [&hellip;]\" \/>\n<meta property=\"og:url\" content=\"https:\/\/www.qwien.at\/en\/qwien-books\/schwule-nazis\/\" \/>\n<meta property=\"og:site_name\" content=\"Qwien - Zentrum f\u00fcr queere Geschichte\" \/>\n<meta property=\"article:published_time\" content=\"2025-06-10T10:54:32+00:00\" \/>\n<meta property=\"og:image\" content=\"https:\/\/www.qwien.at\/wp-content\/uploads\/2025\/06\/seo-yoast-1.png\" \/>\n\t<meta property=\"og:image:width\" content=\"1921\" \/>\n\t<meta property=\"og:image:height\" content=\"1081\" \/>\n\t<meta property=\"og:image:type\" content=\"image\/png\" \/>\n<meta name=\"author\" content=\"Andreas Brunner\" \/>\n<meta name=\"twitter:card\" content=\"summary_large_image\" \/>\n<meta name=\"twitter:label1\" content=\"Written by\" \/>\n\t<meta name=\"twitter:data1\" content=\"Andreas Brunner\" \/>\n\t<meta name=\"twitter:label2\" content=\"Est. reading time\" \/>\n\t<meta name=\"twitter:data2\" content=\"2 minutes\" \/>\n<script type=\"application\/ld+json\" class=\"yoast-schema-graph\">{\"@context\":\"https:\\\/\\\/schema.org\",\"@graph\":[{\"@type\":[\"Article\",\"BlogPosting\"],\"@id\":\"https:\\\/\\\/www.qwien.at\\\/en\\\/qwien-books\\\/schwule-nazis\\\/#article\",\"isPartOf\":{\"@id\":\"https:\\\/\\\/www.qwien.at\\\/en\\\/qwien-books\\\/schwule-nazis\\\/\"},\"author\":{\"name\":\"Andreas Brunner\",\"@id\":\"https:\\\/\\\/www.qwien.at\\\/en\\\/#\\\/schema\\\/person\\\/d3fe9114b43d8e5a558a6d20ca3e2920\"},\"headline\":\"Schwule Nazis\",\"datePublished\":\"2025-06-10T10:54:32+00:00\",\"mainEntityOfPage\":{\"@id\":\"https:\\\/\\\/www.qwien.at\\\/en\\\/qwien-books\\\/schwule-nazis\\\/\"},\"wordCount\":386,\"publisher\":{\"@id\":\"https:\\\/\\\/www.qwien.at\\\/en\\\/#organization\"},\"image\":{\"@id\":\"https:\\\/\\\/www.qwien.at\\\/en\\\/qwien-books\\\/schwule-nazis\\\/#primaryimage\"},\"thumbnailUrl\":\"https:\\\/\\\/www.qwien.at\\\/wp-content\\\/uploads\\\/2025\\\/04\\\/Zinn-Ausschnittt.jpg\",\"keywords\":[\"Geschichte\",\"Homosexualit\u00e4t\",\"Nationalsozialismus\"],\"articleSection\":[\"Books\",\"Literature archive\",\"Qwien\"],\"inLanguage\":\"en-US\"},{\"@type\":\"WebPage\",\"@id\":\"https:\\\/\\\/www.qwien.at\\\/en\\\/qwien-books\\\/schwule-nazis\\\/\",\"url\":\"https:\\\/\\\/www.qwien.at\\\/en\\\/qwien-books\\\/schwule-nazis\\\/\",\"name\":\"Schwule Nazis - Blog - Qwien - Zentrum f\u00fcr queere Geschichte\",\"isPartOf\":{\"@id\":\"https:\\\/\\\/www.qwien.at\\\/en\\\/#website\"},\"primaryImageOfPage\":{\"@id\":\"https:\\\/\\\/www.qwien.at\\\/en\\\/qwien-books\\\/schwule-nazis\\\/#primaryimage\"},\"image\":{\"@id\":\"https:\\\/\\\/www.qwien.at\\\/en\\\/qwien-books\\\/schwule-nazis\\\/#primaryimage\"},\"thumbnailUrl\":\"https:\\\/\\\/www.qwien.at\\\/wp-content\\\/uploads\\\/2025\\\/04\\\/Zinn-Ausschnittt.jpg\",\"datePublished\":\"2025-06-10T10:54:32+00:00\",\"breadcrumb\":{\"@id\":\"https:\\\/\\\/www.qwien.at\\\/en\\\/qwien-books\\\/schwule-nazis\\\/#breadcrumb\"},\"inLanguage\":\"en-US\",\"potentialAction\":[{\"@type\":\"ReadAction\",\"target\":[\"https:\\\/\\\/www.qwien.at\\\/en\\\/qwien-books\\\/schwule-nazis\\\/\"]}]},{\"@type\":\"ImageObject\",\"inLanguage\":\"en-US\",\"@id\":\"https:\\\/\\\/www.qwien.at\\\/en\\\/qwien-books\\\/schwule-nazis\\\/#primaryimage\",\"url\":\"https:\\\/\\\/www.qwien.at\\\/wp-content\\\/uploads\\\/2025\\\/04\\\/Zinn-Ausschnittt.jpg\",\"contentUrl\":\"https:\\\/\\\/www.qwien.at\\\/wp-content\\\/uploads\\\/2025\\\/04\\\/Zinn-Ausschnittt.jpg\",\"width\":481,\"height\":388,\"caption\":\"Political cartoon depicting a crowd with exaggerated features, referencing Nazis and LGBTQ themes, 1934.\"},{\"@type\":\"BreadcrumbList\",\"@id\":\"https:\\\/\\\/www.qwien.at\\\/en\\\/qwien-books\\\/schwule-nazis\\\/#breadcrumb\",\"itemListElement\":[{\"@type\":\"ListItem\",\"position\":1,\"name\":\"Startseite\",\"item\":\"https:\\\/\\\/www.qwien.at\\\/en\\\/\"},{\"@type\":\"ListItem\",\"position\":2,\"name\":\"Schwule Nazis\"}]},{\"@type\":\"WebSite\",\"@id\":\"https:\\\/\\\/www.qwien.at\\\/en\\\/#website\",\"url\":\"https:\\\/\\\/www.qwien.at\\\/en\\\/\",\"name\":\"Qwien - Zentrum f\u00fcr queere Geschichte\",\"description\":\"\",\"publisher\":{\"@id\":\"https:\\\/\\\/www.qwien.at\\\/en\\\/#organization\"},\"potentialAction\":[{\"@type\":\"SearchAction\",\"target\":{\"@type\":\"EntryPoint\",\"urlTemplate\":\"https:\\\/\\\/www.qwien.at\\\/en\\\/?s={search_term_string}\"},\"query-input\":{\"@type\":\"PropertyValueSpecification\",\"valueRequired\":true,\"valueName\":\"search_term_string\"}}],\"inLanguage\":\"en-US\"},{\"@type\":\"Organization\",\"@id\":\"https:\\\/\\\/www.qwien.at\\\/en\\\/#organization\",\"name\":\"Qwien\",\"url\":\"https:\\\/\\\/www.qwien.at\\\/en\\\/\",\"logo\":{\"@type\":\"ImageObject\",\"inLanguage\":\"en-US\",\"@id\":\"https:\\\/\\\/www.qwien.at\\\/en\\\/#\\\/schema\\\/logo\\\/image\\\/\",\"url\":\"https:\\\/\\\/www.qwien.at\\\/wp-content\\\/uploads\\\/2025\\\/06\\\/seo-yoast-2.png\",\"contentUrl\":\"https:\\\/\\\/www.qwien.at\\\/wp-content\\\/uploads\\\/2025\\\/06\\\/seo-yoast-2.png\",\"width\":697,\"height\":697,\"caption\":\"Qwien\"},\"image\":{\"@id\":\"https:\\\/\\\/www.qwien.at\\\/en\\\/#\\\/schema\\\/logo\\\/image\\\/\"},\"sameAs\":[\"https:\\\/\\\/www.instagram.com\\\/qwien.zentrum\\\/\"]},{\"@type\":\"Person\",\"@id\":\"https:\\\/\\\/www.qwien.at\\\/en\\\/#\\\/schema\\\/person\\\/d3fe9114b43d8e5a558a6d20ca3e2920\",\"name\":\"Andreas Brunner\"}]}<\/script>\n<!-- \/ Yoast SEO plugin. -->","yoast_head_json":{"title":"Schwule Nazis - Blog - Qwien - Zentrum f\u00fcr queere Geschichte","robots":{"index":"index","follow":"follow","max-snippet":"max-snippet:-1","max-image-preview":"max-image-preview:large","max-video-preview":"max-video-preview:-1"},"canonical":"https:\/\/www.qwien.at\/en\/qwien-books\/schwule-nazis\/","og_locale":"en_US","og_type":"article","og_title":"Schwule Nazis - Blog - Qwien - Zentrum f\u00fcr queere Geschichte","og_description":"Imke Interbieten hat die Neuauflage der Studie von Alexander Zinne f\u00fcr uns gelesen. Diskussionen \u00fcber die tats\u00e4chliche oder vermeintliche Homosexualit\u00e4t rechter Politiker*innen scheinen gegenw\u00e4rtig ein vertrautes Ph\u00e4nomen zu sein. Der Autor Alexander Zinn nimmt in seinem Werk Schwule Nazis. Zur Genese und Etablierung eines Stereotyps eine sozialhistorische Perspektive auf das Thema ein. Es handelt sich [&hellip;]","og_url":"https:\/\/www.qwien.at\/en\/qwien-books\/schwule-nazis\/","og_site_name":"Qwien - Zentrum f\u00fcr queere Geschichte","article_published_time":"2025-06-10T10:54:32+00:00","og_image":[{"width":1921,"height":1081,"url":"https:\/\/www.qwien.at\/wp-content\/uploads\/2025\/06\/seo-yoast-1.png","type":"image\/png"}],"author":"Andreas Brunner","twitter_card":"summary_large_image","twitter_misc":{"Written by":"Andreas Brunner","Est. reading time":"2 minutes"},"schema":{"@context":"https:\/\/schema.org","@graph":[{"@type":["Article","BlogPosting"],"@id":"https:\/\/www.qwien.at\/en\/qwien-books\/schwule-nazis\/#article","isPartOf":{"@id":"https:\/\/www.qwien.at\/en\/qwien-books\/schwule-nazis\/"},"author":{"name":"Andreas Brunner","@id":"https:\/\/www.qwien.at\/en\/#\/schema\/person\/d3fe9114b43d8e5a558a6d20ca3e2920"},"headline":"Schwule Nazis","datePublished":"2025-06-10T10:54:32+00:00","mainEntityOfPage":{"@id":"https:\/\/www.qwien.at\/en\/qwien-books\/schwule-nazis\/"},"wordCount":386,"publisher":{"@id":"https:\/\/www.qwien.at\/en\/#organization"},"image":{"@id":"https:\/\/www.qwien.at\/en\/qwien-books\/schwule-nazis\/#primaryimage"},"thumbnailUrl":"https:\/\/www.qwien.at\/wp-content\/uploads\/2025\/04\/Zinn-Ausschnittt.jpg","keywords":["Geschichte","Homosexualit\u00e4t","Nationalsozialismus"],"articleSection":["Books","Literature archive","Qwien"],"inLanguage":"en-US"},{"@type":"WebPage","@id":"https:\/\/www.qwien.at\/en\/qwien-books\/schwule-nazis\/","url":"https:\/\/www.qwien.at\/en\/qwien-books\/schwule-nazis\/","name":"Schwule Nazis - Blog - Qwien - Zentrum f\u00fcr queere Geschichte","isPartOf":{"@id":"https:\/\/www.qwien.at\/en\/#website"},"primaryImageOfPage":{"@id":"https:\/\/www.qwien.at\/en\/qwien-books\/schwule-nazis\/#primaryimage"},"image":{"@id":"https:\/\/www.qwien.at\/en\/qwien-books\/schwule-nazis\/#primaryimage"},"thumbnailUrl":"https:\/\/www.qwien.at\/wp-content\/uploads\/2025\/04\/Zinn-Ausschnittt.jpg","datePublished":"2025-06-10T10:54:32+00:00","breadcrumb":{"@id":"https:\/\/www.qwien.at\/en\/qwien-books\/schwule-nazis\/#breadcrumb"},"inLanguage":"en-US","potentialAction":[{"@type":"ReadAction","target":["https:\/\/www.qwien.at\/en\/qwien-books\/schwule-nazis\/"]}]},{"@type":"ImageObject","inLanguage":"en-US","@id":"https:\/\/www.qwien.at\/en\/qwien-books\/schwule-nazis\/#primaryimage","url":"https:\/\/www.qwien.at\/wp-content\/uploads\/2025\/04\/Zinn-Ausschnittt.jpg","contentUrl":"https:\/\/www.qwien.at\/wp-content\/uploads\/2025\/04\/Zinn-Ausschnittt.jpg","width":481,"height":388,"caption":"Political cartoon depicting a crowd with exaggerated features, referencing Nazis and LGBTQ themes, 1934."},{"@type":"BreadcrumbList","@id":"https:\/\/www.qwien.at\/en\/qwien-books\/schwule-nazis\/#breadcrumb","itemListElement":[{"@type":"ListItem","position":1,"name":"Startseite","item":"https:\/\/www.qwien.at\/en\/"},{"@type":"ListItem","position":2,"name":"Schwule Nazis"}]},{"@type":"WebSite","@id":"https:\/\/www.qwien.at\/en\/#website","url":"https:\/\/www.qwien.at\/en\/","name":"Qwien - Zentrum f\u00fcr queere Geschichte","description":"","publisher":{"@id":"https:\/\/www.qwien.at\/en\/#organization"},"potentialAction":[{"@type":"SearchAction","target":{"@type":"EntryPoint","urlTemplate":"https:\/\/www.qwien.at\/en\/?s={search_term_string}"},"query-input":{"@type":"PropertyValueSpecification","valueRequired":true,"valueName":"search_term_string"}}],"inLanguage":"en-US"},{"@type":"Organization","@id":"https:\/\/www.qwien.at\/en\/#organization","name":"Qwien","url":"https:\/\/www.qwien.at\/en\/","logo":{"@type":"ImageObject","inLanguage":"en-US","@id":"https:\/\/www.qwien.at\/en\/#\/schema\/logo\/image\/","url":"https:\/\/www.qwien.at\/wp-content\/uploads\/2025\/06\/seo-yoast-2.png","contentUrl":"https:\/\/www.qwien.at\/wp-content\/uploads\/2025\/06\/seo-yoast-2.png","width":697,"height":697,"caption":"Qwien"},"image":{"@id":"https:\/\/www.qwien.at\/en\/#\/schema\/logo\/image\/"},"sameAs":["https:\/\/www.instagram.com\/qwien.zentrum\/"]},{"@type":"Person","@id":"https:\/\/www.qwien.at\/en\/#\/schema\/person\/d3fe9114b43d8e5a558a6d20ca3e2920","name":"Andreas Brunner"}]}},"_links":{"self":[{"href":"https:\/\/www.qwien.at\/en\/wp-json\/wp\/v2\/posts\/11315","targetHints":{"allow":["GET"]}}],"collection":[{"href":"https:\/\/www.qwien.at\/en\/wp-json\/wp\/v2\/posts"}],"about":[{"href":"https:\/\/www.qwien.at\/en\/wp-json\/wp\/v2\/types\/post"}],"author":[{"embeddable":true,"href":"https:\/\/www.qwien.at\/en\/wp-json\/wp\/v2\/users\/4"}],"replies":[{"embeddable":true,"href":"https:\/\/www.qwien.at\/en\/wp-json\/wp\/v2\/comments?post=11315"}],"version-history":[{"count":0,"href":"https:\/\/www.qwien.at\/en\/wp-json\/wp\/v2\/posts\/11315\/revisions"}],"wp:featuredmedia":[{"embeddable":true,"href":"https:\/\/www.qwien.at\/en\/wp-json\/wp\/v2\/media\/10063"}],"wp:attachment":[{"href":"https:\/\/www.qwien.at\/en\/wp-json\/wp\/v2\/media?parent=11315"}],"wp:term":[{"taxonomy":"category","embeddable":true,"href":"https:\/\/www.qwien.at\/en\/wp-json\/wp\/v2\/categories?post=11315"},{"taxonomy":"post_tag","embeddable":true,"href":"https:\/\/www.qwien.at\/en\/wp-json\/wp\/v2\/tags?post=11315"}],"curies":[{"name":"wp","href":"https:\/\/api.w.org\/{rel}","templated":true}]}}