{"id":11319,"date":"2025-06-10T12:54:32","date_gmt":"2025-06-10T10:54:32","guid":{"rendered":"https:\/\/www.qwien.at\/nicht-kategorisiert\/queere-filmgeschichte-und-das-potenzial-der-negativitaet\/"},"modified":"2025-06-10T12:54:32","modified_gmt":"2025-06-10T10:54:32","slug":"queere-filmgeschichte-und-das-potenzial-der-negativitaet","status":"publish","type":"post","link":"https:\/\/www.qwien.at\/en\/qwien-books\/queere-filmgeschichte-und-das-potenzial-der-negativitaet\/","title":{"rendered":"Queere Filmgeschichte und das Potenzial der Negativit\u00e4t"},"content":{"rendered":"\n<p><em>Ervin Malakaj analysiert den deutschen Film <\/em><strong>Anders als die Anderen <\/strong><em>in seinem Beitrag zur Reihe <\/em>Queer Film Classics<em> (hrsg. Matthew Hays, Thomas Waugh). Tara Prochaska empfiehlt das Buch f\u00fcr Liebhaber*innen queerer Filmgeschichte.<\/em><\/p>\n\n\n\n<p><em>Anders als die Anderen<\/em> wurde 1919 erstmals im Berliner Apollo-Theater gezeigt. Der Musiker Paul K\u00f6rner wird aufgrund seiner Homosexualit\u00e4t und Beziehung zu seinem Sch\u00fcler Kurt Sivers erpresst und angezeigt. Obwohl der Richter Sympathie mit K\u00f6rner zeigt; muss dieser aufgrund des Paragraphen 175 eine Woche ins Gef\u00e4ngnis. Weil seine Homosexualit\u00e4t w\u00e4hrend des Prozesses an die \u00d6ffentlichkeit gelangt ist, er von Bekannten ignoriert wird und ihn sein Vater in einem Brief dazu auffordert, nimmt er sich schlussendlich das Leben.<\/p>\n\n\n\n<p>Obwohl die gesamte Zusammenfassung aus zweiter Hand bekannt ist, ist der Film aufgrund seiner Rezeptionsgeschichte nur noch in Fragmenten erhalten. Im Nationalsozialismus wurde der Film verboten und teilweise zerst\u00f6rt, bis in die 1970er Jahre war er verschollen. Der Fokus Ervin Malakajs Diskussion liegt vor allem auf der Rolle von Negativit\u00e4t, Melodramatik und Trauer in <em>Anders als die Anderen<\/em>. Durch diese Darstellung queeren Lebens kommentiert der Regisseur Richard Oswald zeitgen\u00f6ssische Lebenswelten queerer Personen und die Komplexit\u00e4t ihrer Emotionen.<\/p>\n\n\n\n<p>Ervin Malakaj widmet sich zun\u00e4chst der Entstehungsgeschichte des Films, welche in enger Beziehung zum Melodrama als Genre, fr\u00fchen Diskursen zur Gleichberechtigung von nicht heterosexuellen Personen und zeitgen\u00f6ssischen Auffassungen der Sexologie zu Homosexualit\u00e4t steht. Dabei sind auch die Beteiligung und das Auftreten des renommierten Sexualwissenschaftlers Magnus Hirschfeld, welcher einen Vortrag zu Homosexualit\u00e4t und ihren nat\u00fcrlichen Urspr\u00fcngen h\u00e4lt, interessant. Die Mimik und Gestik sowie der generelle Stil des Filmes stehen im Mittelpunkt des zweiten Kapitels. Im Kontext dieser Aspekte wird das Genre des Melodramas analysiert und die k\u00fcnstlerisch erschaffene Verbindung zwischen Publikum und den negativen Innenwelten der Charaktere hervorgehoben. Durch Methoden der Filmwissenschaft wird tiefer in die Intimit\u00e4t und Komplexit\u00e4t des Filmes eingetaucht.<\/p>\n\n\n\n<p>Das dritte Kapitel besch\u00e4ftigt sich intensiver mit der Aktualit\u00e4t des Filmes und der Bedeutung von Negativit\u00e4t im Umgang mit queerer Geschichte. Laut Malakaj ist die Auseinandersetzung mit historischen Dokumenten wie <em>Anders als die Anderen<\/em> relevant, um schwierige Aspekte queerer Geschichte aufzuarbeiten. Er schreibt:<\/p>\n\n\n\n<p><em>&nbsp;&nbsp;&nbsp;&nbsp;&nbsp;&nbsp;&nbsp;&nbsp;&nbsp;&nbsp;&nbsp; \u201eGiving ourselves over to the painful stories in queer history means confronting the<br>&nbsp;&nbsp;&nbsp;&nbsp;&nbsp;&nbsp;&nbsp;&nbsp;&nbsp;&nbsp;&nbsp; heavy burden of historical injury commited against queer people.\u201c<\/em><\/p>\n\n\n\n<p>Damit wird ein Bogen zur heutigen Relevanz fr\u00fcher queerer Medien und der Auseinandersetzung mit Filmen wie <em>Anders als die Anderen<\/em> gespannt. Negativit\u00e4t ist f\u00fcr den Autor eine wertvolle Analysekategorie f\u00fcr den Bereich queerer Filmgeschichte, welche zu neuen Perspektiven und Erkenntnissen f\u00fchren kann. <\/p>\n\n\n\n<p>Dieser Beitrag zu der <em>Queer Film Classics<\/em> Reihe diskutiert interessante Aspekte eines Meilensteins im Bereich queerer Medien. Der kultur- und filmhistorische Bezugsrahmen des Films wird von Malakaj neu beleuchtet, der Autor zeigt die Relevanz des Werkes und leistet beeindruckende Arbeit zu dessen Aufarbeitung, bestehender Relevanz und Kontextualisierung.<\/p>\n\n\n\n<p><strong>Ervin Malakaj: Anders als die Anderen. Montreal: McGill-Queen\u2019s University Press 2023 (in englischer Sprache)<\/strong><\/p>\n\n\n\n<p><\/p>\n","protected":false},"excerpt":{"rendered":"<p>Ervin Malakaj analysiert den deutschen Film Anders als die Anderen in seinem Beitrag zur Reihe Queer Film Classics (hrsg. Matthew Hays, Thomas Waugh). Tara Prochaska empfiehlt das Buch f\u00fcr Liebhaber*innen queerer Filmgeschichte. Anders als die Anderen wurde 1919 erstmals im Berliner Apollo-Theater gezeigt. Der Musiker Paul K\u00f6rner wird aufgrund seiner Homosexualit\u00e4t und Beziehung zu seinem [&hellip;]<\/p>\n","protected":false},"author":4,"featured_media":10070,"comment_status":"closed","ping_status":"open","sticky":false,"template":"","format":"standard","meta":{"_acf_changed":false,"footnotes":""},"categories":[267,271,272],"tags":[357,305],"class_list":["post-11319","post","type-post","status-publish","format-standard","has-post-thumbnail","hentry","category-qwien-books","category-literature-archive","category-qwien","tag-film","tag-homosexualitaet","grve-entry-item","grve-blog-item"],"acf":[],"yoast_head":"<!-- This site is optimized with the Yoast SEO plugin v27.5 - https:\/\/yoast.com\/product\/yoast-seo-wordpress\/ -->\n<title>Queere Filmgeschichte und das Potenzial der Negativit\u00e4t - Blog - Qwien - Zentrum f\u00fcr queere Geschichte<\/title>\n<meta name=\"robots\" content=\"index, follow, max-snippet:-1, max-image-preview:large, max-video-preview:-1\" \/>\n<link rel=\"canonical\" href=\"https:\/\/www.qwien.at\/en\/qwien-books\/queere-filmgeschichte-und-das-potenzial-der-negativitaet\/\" \/>\n<meta property=\"og:locale\" content=\"en_US\" \/>\n<meta property=\"og:type\" content=\"article\" \/>\n<meta property=\"og:title\" content=\"Queere Filmgeschichte und das Potenzial der Negativit\u00e4t - Blog - Qwien - Zentrum f\u00fcr queere Geschichte\" \/>\n<meta property=\"og:description\" content=\"Ervin Malakaj analysiert den deutschen Film Anders als die Anderen in seinem Beitrag zur Reihe Queer Film Classics (hrsg. Matthew Hays, Thomas Waugh). Tara Prochaska empfiehlt das Buch f\u00fcr Liebhaber*innen queerer Filmgeschichte. Anders als die Anderen wurde 1919 erstmals im Berliner Apollo-Theater gezeigt. Der Musiker Paul K\u00f6rner wird aufgrund seiner Homosexualit\u00e4t und Beziehung zu seinem [&hellip;]\" \/>\n<meta property=\"og:url\" content=\"https:\/\/www.qwien.at\/en\/qwien-books\/queere-filmgeschichte-und-das-potenzial-der-negativitaet\/\" \/>\n<meta property=\"og:site_name\" content=\"Qwien - Zentrum f\u00fcr queere Geschichte\" \/>\n<meta property=\"article:published_time\" content=\"2025-06-10T10:54:32+00:00\" \/>\n<meta property=\"og:image\" content=\"https:\/\/www.qwien.at\/wp-content\/uploads\/2025\/06\/seo-yoast-1.png\" \/>\n\t<meta property=\"og:image:width\" content=\"1921\" \/>\n\t<meta property=\"og:image:height\" content=\"1081\" \/>\n\t<meta property=\"og:image:type\" content=\"image\/png\" \/>\n<meta name=\"author\" content=\"Andreas Brunner\" \/>\n<meta name=\"twitter:card\" content=\"summary_large_image\" \/>\n<meta name=\"twitter:label1\" content=\"Written by\" \/>\n\t<meta name=\"twitter:data1\" content=\"Andreas Brunner\" \/>\n\t<meta name=\"twitter:label2\" content=\"Est. reading time\" \/>\n\t<meta name=\"twitter:data2\" content=\"3 minutes\" \/>\n<script type=\"application\/ld+json\" class=\"yoast-schema-graph\">{\"@context\":\"https:\\\/\\\/schema.org\",\"@graph\":[{\"@type\":[\"Article\",\"BlogPosting\"],\"@id\":\"https:\\\/\\\/www.qwien.at\\\/en\\\/qwien-books\\\/queere-filmgeschichte-und-das-potenzial-der-negativitaet\\\/#article\",\"isPartOf\":{\"@id\":\"https:\\\/\\\/www.qwien.at\\\/en\\\/qwien-books\\\/queere-filmgeschichte-und-das-potenzial-der-negativitaet\\\/\"},\"author\":{\"name\":\"Andreas Brunner\",\"@id\":\"https:\\\/\\\/www.qwien.at\\\/en\\\/#\\\/schema\\\/person\\\/d3fe9114b43d8e5a558a6d20ca3e2920\"},\"headline\":\"Queere Filmgeschichte und das Potenzial der Negativit\u00e4t\",\"datePublished\":\"2025-06-10T10:54:32+00:00\",\"mainEntityOfPage\":{\"@id\":\"https:\\\/\\\/www.qwien.at\\\/en\\\/qwien-books\\\/queere-filmgeschichte-und-das-potenzial-der-negativitaet\\\/\"},\"wordCount\":525,\"publisher\":{\"@id\":\"https:\\\/\\\/www.qwien.at\\\/en\\\/#organization\"},\"image\":{\"@id\":\"https:\\\/\\\/www.qwien.at\\\/en\\\/qwien-books\\\/queere-filmgeschichte-und-das-potenzial-der-negativitaet\\\/#primaryimage\"},\"thumbnailUrl\":\"https:\\\/\\\/www.qwien.at\\\/wp-content\\\/uploads\\\/2025\\\/05\\\/Anders-Detail.jpg\",\"keywords\":[\"Film\",\"Homosexualit\u00e4t\"],\"articleSection\":[\"Books\",\"Literature archive\",\"Qwien\"],\"inLanguage\":\"en-US\"},{\"@type\":\"WebPage\",\"@id\":\"https:\\\/\\\/www.qwien.at\\\/en\\\/qwien-books\\\/queere-filmgeschichte-und-das-potenzial-der-negativitaet\\\/\",\"url\":\"https:\\\/\\\/www.qwien.at\\\/en\\\/qwien-books\\\/queere-filmgeschichte-und-das-potenzial-der-negativitaet\\\/\",\"name\":\"Queere Filmgeschichte und das Potenzial der Negativit\u00e4t - Blog - Qwien - Zentrum f\u00fcr queere Geschichte\",\"isPartOf\":{\"@id\":\"https:\\\/\\\/www.qwien.at\\\/en\\\/#website\"},\"primaryImageOfPage\":{\"@id\":\"https:\\\/\\\/www.qwien.at\\\/en\\\/qwien-books\\\/queere-filmgeschichte-und-das-potenzial-der-negativitaet\\\/#primaryimage\"},\"image\":{\"@id\":\"https:\\\/\\\/www.qwien.at\\\/en\\\/qwien-books\\\/queere-filmgeschichte-und-das-potenzial-der-negativitaet\\\/#primaryimage\"},\"thumbnailUrl\":\"https:\\\/\\\/www.qwien.at\\\/wp-content\\\/uploads\\\/2025\\\/05\\\/Anders-Detail.jpg\",\"datePublished\":\"2025-06-10T10:54:32+00:00\",\"breadcrumb\":{\"@id\":\"https:\\\/\\\/www.qwien.at\\\/en\\\/qwien-books\\\/queere-filmgeschichte-und-das-potenzial-der-negativitaet\\\/#breadcrumb\"},\"inLanguage\":\"en-US\",\"potentialAction\":[{\"@type\":\"ReadAction\",\"target\":[\"https:\\\/\\\/www.qwien.at\\\/en\\\/qwien-books\\\/queere-filmgeschichte-und-das-potenzial-der-negativitaet\\\/\"]}]},{\"@type\":\"ImageObject\",\"inLanguage\":\"en-US\",\"@id\":\"https:\\\/\\\/www.qwien.at\\\/en\\\/qwien-books\\\/queere-filmgeschichte-und-das-potenzial-der-negativitaet\\\/#primaryimage\",\"url\":\"https:\\\/\\\/www.qwien.at\\\/wp-content\\\/uploads\\\/2025\\\/05\\\/Anders-Detail.jpg\",\"contentUrl\":\"https:\\\/\\\/www.qwien.at\\\/wp-content\\\/uploads\\\/2025\\\/05\\\/Anders-Detail.jpg\",\"width\":628,\"height\":417,\"caption\":\"\\\"Collage highlighting queer film history and potential, featuring expressive male characters.\\\"\"},{\"@type\":\"BreadcrumbList\",\"@id\":\"https:\\\/\\\/www.qwien.at\\\/en\\\/qwien-books\\\/queere-filmgeschichte-und-das-potenzial-der-negativitaet\\\/#breadcrumb\",\"itemListElement\":[{\"@type\":\"ListItem\",\"position\":1,\"name\":\"Startseite\",\"item\":\"https:\\\/\\\/www.qwien.at\\\/en\\\/\"},{\"@type\":\"ListItem\",\"position\":2,\"name\":\"Queere Filmgeschichte und das Potenzial der Negativit\u00e4t\"}]},{\"@type\":\"WebSite\",\"@id\":\"https:\\\/\\\/www.qwien.at\\\/en\\\/#website\",\"url\":\"https:\\\/\\\/www.qwien.at\\\/en\\\/\",\"name\":\"Qwien - Zentrum f\u00fcr queere Geschichte\",\"description\":\"\",\"publisher\":{\"@id\":\"https:\\\/\\\/www.qwien.at\\\/en\\\/#organization\"},\"potentialAction\":[{\"@type\":\"SearchAction\",\"target\":{\"@type\":\"EntryPoint\",\"urlTemplate\":\"https:\\\/\\\/www.qwien.at\\\/en\\\/?s={search_term_string}\"},\"query-input\":{\"@type\":\"PropertyValueSpecification\",\"valueRequired\":true,\"valueName\":\"search_term_string\"}}],\"inLanguage\":\"en-US\"},{\"@type\":\"Organization\",\"@id\":\"https:\\\/\\\/www.qwien.at\\\/en\\\/#organization\",\"name\":\"Qwien\",\"url\":\"https:\\\/\\\/www.qwien.at\\\/en\\\/\",\"logo\":{\"@type\":\"ImageObject\",\"inLanguage\":\"en-US\",\"@id\":\"https:\\\/\\\/www.qwien.at\\\/en\\\/#\\\/schema\\\/logo\\\/image\\\/\",\"url\":\"https:\\\/\\\/www.qwien.at\\\/wp-content\\\/uploads\\\/2025\\\/06\\\/seo-yoast-2.png\",\"contentUrl\":\"https:\\\/\\\/www.qwien.at\\\/wp-content\\\/uploads\\\/2025\\\/06\\\/seo-yoast-2.png\",\"width\":697,\"height\":697,\"caption\":\"Qwien\"},\"image\":{\"@id\":\"https:\\\/\\\/www.qwien.at\\\/en\\\/#\\\/schema\\\/logo\\\/image\\\/\"},\"sameAs\":[\"https:\\\/\\\/www.instagram.com\\\/qwien.zentrum\\\/\"]},{\"@type\":\"Person\",\"@id\":\"https:\\\/\\\/www.qwien.at\\\/en\\\/#\\\/schema\\\/person\\\/d3fe9114b43d8e5a558a6d20ca3e2920\",\"name\":\"Andreas Brunner\"}]}<\/script>\n<!-- \/ Yoast SEO plugin. -->","yoast_head_json":{"title":"Queere Filmgeschichte und das Potenzial der Negativit\u00e4t - Blog - Qwien - Zentrum f\u00fcr queere Geschichte","robots":{"index":"index","follow":"follow","max-snippet":"max-snippet:-1","max-image-preview":"max-image-preview:large","max-video-preview":"max-video-preview:-1"},"canonical":"https:\/\/www.qwien.at\/en\/qwien-books\/queere-filmgeschichte-und-das-potenzial-der-negativitaet\/","og_locale":"en_US","og_type":"article","og_title":"Queere Filmgeschichte und das Potenzial der Negativit\u00e4t - Blog - Qwien - Zentrum f\u00fcr queere Geschichte","og_description":"Ervin Malakaj analysiert den deutschen Film Anders als die Anderen in seinem Beitrag zur Reihe Queer Film Classics (hrsg. Matthew Hays, Thomas Waugh). Tara Prochaska empfiehlt das Buch f\u00fcr Liebhaber*innen queerer Filmgeschichte. Anders als die Anderen wurde 1919 erstmals im Berliner Apollo-Theater gezeigt. Der Musiker Paul K\u00f6rner wird aufgrund seiner Homosexualit\u00e4t und Beziehung zu seinem [&hellip;]","og_url":"https:\/\/www.qwien.at\/en\/qwien-books\/queere-filmgeschichte-und-das-potenzial-der-negativitaet\/","og_site_name":"Qwien - Zentrum f\u00fcr queere Geschichte","article_published_time":"2025-06-10T10:54:32+00:00","og_image":[{"width":1921,"height":1081,"url":"https:\/\/www.qwien.at\/wp-content\/uploads\/2025\/06\/seo-yoast-1.png","type":"image\/png"}],"author":"Andreas Brunner","twitter_card":"summary_large_image","twitter_misc":{"Written by":"Andreas Brunner","Est. reading time":"3 minutes"},"schema":{"@context":"https:\/\/schema.org","@graph":[{"@type":["Article","BlogPosting"],"@id":"https:\/\/www.qwien.at\/en\/qwien-books\/queere-filmgeschichte-und-das-potenzial-der-negativitaet\/#article","isPartOf":{"@id":"https:\/\/www.qwien.at\/en\/qwien-books\/queere-filmgeschichte-und-das-potenzial-der-negativitaet\/"},"author":{"name":"Andreas Brunner","@id":"https:\/\/www.qwien.at\/en\/#\/schema\/person\/d3fe9114b43d8e5a558a6d20ca3e2920"},"headline":"Queere Filmgeschichte und das Potenzial der Negativit\u00e4t","datePublished":"2025-06-10T10:54:32+00:00","mainEntityOfPage":{"@id":"https:\/\/www.qwien.at\/en\/qwien-books\/queere-filmgeschichte-und-das-potenzial-der-negativitaet\/"},"wordCount":525,"publisher":{"@id":"https:\/\/www.qwien.at\/en\/#organization"},"image":{"@id":"https:\/\/www.qwien.at\/en\/qwien-books\/queere-filmgeschichte-und-das-potenzial-der-negativitaet\/#primaryimage"},"thumbnailUrl":"https:\/\/www.qwien.at\/wp-content\/uploads\/2025\/05\/Anders-Detail.jpg","keywords":["Film","Homosexualit\u00e4t"],"articleSection":["Books","Literature archive","Qwien"],"inLanguage":"en-US"},{"@type":"WebPage","@id":"https:\/\/www.qwien.at\/en\/qwien-books\/queere-filmgeschichte-und-das-potenzial-der-negativitaet\/","url":"https:\/\/www.qwien.at\/en\/qwien-books\/queere-filmgeschichte-und-das-potenzial-der-negativitaet\/","name":"Queere Filmgeschichte und das Potenzial der Negativit\u00e4t - Blog - Qwien - Zentrum f\u00fcr queere Geschichte","isPartOf":{"@id":"https:\/\/www.qwien.at\/en\/#website"},"primaryImageOfPage":{"@id":"https:\/\/www.qwien.at\/en\/qwien-books\/queere-filmgeschichte-und-das-potenzial-der-negativitaet\/#primaryimage"},"image":{"@id":"https:\/\/www.qwien.at\/en\/qwien-books\/queere-filmgeschichte-und-das-potenzial-der-negativitaet\/#primaryimage"},"thumbnailUrl":"https:\/\/www.qwien.at\/wp-content\/uploads\/2025\/05\/Anders-Detail.jpg","datePublished":"2025-06-10T10:54:32+00:00","breadcrumb":{"@id":"https:\/\/www.qwien.at\/en\/qwien-books\/queere-filmgeschichte-und-das-potenzial-der-negativitaet\/#breadcrumb"},"inLanguage":"en-US","potentialAction":[{"@type":"ReadAction","target":["https:\/\/www.qwien.at\/en\/qwien-books\/queere-filmgeschichte-und-das-potenzial-der-negativitaet\/"]}]},{"@type":"ImageObject","inLanguage":"en-US","@id":"https:\/\/www.qwien.at\/en\/qwien-books\/queere-filmgeschichte-und-das-potenzial-der-negativitaet\/#primaryimage","url":"https:\/\/www.qwien.at\/wp-content\/uploads\/2025\/05\/Anders-Detail.jpg","contentUrl":"https:\/\/www.qwien.at\/wp-content\/uploads\/2025\/05\/Anders-Detail.jpg","width":628,"height":417,"caption":"\"Collage highlighting queer film history and potential, featuring expressive male characters.\""},{"@type":"BreadcrumbList","@id":"https:\/\/www.qwien.at\/en\/qwien-books\/queere-filmgeschichte-und-das-potenzial-der-negativitaet\/#breadcrumb","itemListElement":[{"@type":"ListItem","position":1,"name":"Startseite","item":"https:\/\/www.qwien.at\/en\/"},{"@type":"ListItem","position":2,"name":"Queere Filmgeschichte und das Potenzial der Negativit\u00e4t"}]},{"@type":"WebSite","@id":"https:\/\/www.qwien.at\/en\/#website","url":"https:\/\/www.qwien.at\/en\/","name":"Qwien - Zentrum f\u00fcr queere Geschichte","description":"","publisher":{"@id":"https:\/\/www.qwien.at\/en\/#organization"},"potentialAction":[{"@type":"SearchAction","target":{"@type":"EntryPoint","urlTemplate":"https:\/\/www.qwien.at\/en\/?s={search_term_string}"},"query-input":{"@type":"PropertyValueSpecification","valueRequired":true,"valueName":"search_term_string"}}],"inLanguage":"en-US"},{"@type":"Organization","@id":"https:\/\/www.qwien.at\/en\/#organization","name":"Qwien","url":"https:\/\/www.qwien.at\/en\/","logo":{"@type":"ImageObject","inLanguage":"en-US","@id":"https:\/\/www.qwien.at\/en\/#\/schema\/logo\/image\/","url":"https:\/\/www.qwien.at\/wp-content\/uploads\/2025\/06\/seo-yoast-2.png","contentUrl":"https:\/\/www.qwien.at\/wp-content\/uploads\/2025\/06\/seo-yoast-2.png","width":697,"height":697,"caption":"Qwien"},"image":{"@id":"https:\/\/www.qwien.at\/en\/#\/schema\/logo\/image\/"},"sameAs":["https:\/\/www.instagram.com\/qwien.zentrum\/"]},{"@type":"Person","@id":"https:\/\/www.qwien.at\/en\/#\/schema\/person\/d3fe9114b43d8e5a558a6d20ca3e2920","name":"Andreas Brunner"}]}},"_links":{"self":[{"href":"https:\/\/www.qwien.at\/en\/wp-json\/wp\/v2\/posts\/11319","targetHints":{"allow":["GET"]}}],"collection":[{"href":"https:\/\/www.qwien.at\/en\/wp-json\/wp\/v2\/posts"}],"about":[{"href":"https:\/\/www.qwien.at\/en\/wp-json\/wp\/v2\/types\/post"}],"author":[{"embeddable":true,"href":"https:\/\/www.qwien.at\/en\/wp-json\/wp\/v2\/users\/4"}],"replies":[{"embeddable":true,"href":"https:\/\/www.qwien.at\/en\/wp-json\/wp\/v2\/comments?post=11319"}],"version-history":[{"count":0,"href":"https:\/\/www.qwien.at\/en\/wp-json\/wp\/v2\/posts\/11319\/revisions"}],"wp:featuredmedia":[{"embeddable":true,"href":"https:\/\/www.qwien.at\/en\/wp-json\/wp\/v2\/media\/10070"}],"wp:attachment":[{"href":"https:\/\/www.qwien.at\/en\/wp-json\/wp\/v2\/media?parent=11319"}],"wp:term":[{"taxonomy":"category","embeddable":true,"href":"https:\/\/www.qwien.at\/en\/wp-json\/wp\/v2\/categories?post=11319"},{"taxonomy":"post_tag","embeddable":true,"href":"https:\/\/www.qwien.at\/en\/wp-json\/wp\/v2\/tags?post=11319"}],"curies":[{"name":"wp","href":"https:\/\/api.w.org\/{rel}","templated":true}]}}