{"id":11324,"date":"2025-06-10T12:54:32","date_gmt":"2025-06-10T10:54:32","guid":{"rendered":"https:\/\/www.qwien.at\/nicht-kategorisiert\/gedenken-in-der-josefstadt\/"},"modified":"2025-06-10T12:54:32","modified_gmt":"2025-06-10T10:54:32","slug":"gedenken-in-der-josefstadt","status":"publish","type":"post","link":"https:\/\/www.qwien.at\/en\/webarchive\/gedenken-in-der-josefstadt\/","title":{"rendered":"Gedenken in der Josefstadt"},"content":{"rendered":"\n<p>Es ist dem Engagement der Eigent\u00fcmergemeinschaft des Hauses in der Josefst\u00e4dterstra\u00dfe 14 zu verdanken, dass direkt neben der Haust\u00fcr eine Tafel angebracht wurde, auf der an sieben ehemalige Bewohner:innen erinnert wird, die in der NS-Zeit ermordet wurden. Wegen ihrer j\u00fcdischen Herkunft deportiert und in unterschiedlichen Konzentrationslagern ermordet wurden: C\u00e4cilie Binder, Karl Elster, Mina Elster, Emma Lusic, Marie Singer und Otto Singer. \u00dcber ihre Lebensgeschichten ist wenig bekannt.<\/p>\n\n\n\n<p>Die siebte Person ist Josef Salomon. Er wurde als Homosexueller verfolgt und ermordet. Es ist der Hausgemeinschaft und dem Verein Steine der Erinnerung zu danken, dass damit erstmals in Wien mit einer Gedenktafel einem homosexuellen NS-Opfer gedacht wird. Qwien wurde zudem eingeladen, bei der Enth\u00fcllung letzte Woche seine Recherchen \u00fcber Josef Salomon zu seinem Gedenken vorzutragen:<\/p>\n\n\n\n<p><strong>Josef Salomon (6.8.1868 \u2013 12.1.1945)<\/strong><\/p>\n\n\n\n<p>Wir wissen wenig \u00fcber die Lebensumst\u00e4nde von Josef Salomon, da die Akten seines Strafverfahrens verloren gegangen sind. Er wurde 1868 in der kleinen Ortschaft Gro\u00dfhaselbach im Bezirk Zwettl in Nieder\u00f6sterreich geboren. Er war r\u00f6misch-katholisch getauft und irgendwann einmal verheiratet gewesen, denn er wird in Dokumenten als \u201egeschieden\u201c bezeichnet. Erstmals taucht sein Name im Lehmann \u2013 dem Wiener Adressverzeichnis \u2013 des Jahres 1920 auf. Schon damals mit der Adresse Josefst\u00e4dterstra\u00dfe 14.<\/p>\n\n\n\n<p>Als Berufsbezeichnung wird Schneidermeister angegeben. Zum Zeitpunkt seiner Verhaftung am 14. Oktober 1942 war er mit 74 Jahren aber schon pensioniert. Seine Festnahme erfolgte im Zuge einer Razzia durch Kripobeamte im R\u00f6merbad, das in der N\u00e4he des Pratersterns gelegen als Treffpunkt homosexueller M\u00e4nner polizeibekannt war. Josef Salomon wurde beschuldigt, mit jungen M\u00e4nnern, die sich dort als Strichjungen einen Unterhalt verdienten, sexuelle Kontakte aufgenommen zu haben.<\/p>\n\n\n\n<p>Da er bereits 1938 und 1940 wegen des \u201eVerbrechens der Unzucht wider die Natur\u201c, wie es im seit 1852 geltenden \u00a7 129 Ib des auch in der NS-Zeit geltenden \u00f6sterreichischen Strafrecht hie\u00df, zu vier bzw. f\u00fcnf Monaten schwerem Kerker verurteilt worden, fiel die Strafe diesmal mit zwei Jahren Zuchthaus drastisch hoch aus. Wo er die Strafe absa\u00df, ist nicht klar. Die Haftanstalt Stein an der Donau w\u00e4re eine M\u00f6glichkeit.<\/p>\n\n\n\n<p>Auf einem Meldezettel aus dem Jahr 1944 erfahren wir, dass Salomon seit 13. November 1944 \u201eals Homosexueller mit der Bestimmung f\u00fcr V. H. im hiesigen Polizeigef\u00e4ngnis\u201c einsa\u00df. Die Abk\u00fcrzung V.H. bedeutet Vorbeugehaft, das hei\u00dft, dass eine Einweisung in ein Konzentrationslager angewiesen wurde. Josef Salomon galt nach NS-Kriterien wegen seiner dreimaligen Verurteilung als \u201eGewohnheitsverbrecher\u201c, vor dem die \u201eVolksgemeinschaft\u201c zu sch\u00fctzen sei.<\/p>\n\n\n\n<figure class=\"wp-block-image size-large\"><img loading=\"lazy\" decoding=\"async\" width=\"1024\" height=\"735\" src=\"https:\/\/www.qwien.at\/wp-content\/uploads\/2025\/02\/Meldezettel_20240626_145738-1024x735.jpg\" alt=\"\" class=\"wp-image-7876\" srcset=\"https:\/\/www.qwien.at\/wp-content\/uploads\/2025\/02\/Meldezettel_20240626_145738-1024x735.jpg 1024w, https:\/\/www.qwien.at\/wp-content\/uploads\/2025\/02\/Meldezettel_20240626_145738-300x215.jpg 300w, https:\/\/www.qwien.at\/wp-content\/uploads\/2025\/02\/Meldezettel_20240626_145738-768x552.jpg 768w, https:\/\/www.qwien.at\/wp-content\/uploads\/2025\/02\/Meldezettel_20240626_145738-18x12.jpg 18w, https:\/\/www.qwien.at\/wp-content\/uploads\/2025\/02\/Meldezettel_20240626_145738.jpg 1512w\" sizes=\"auto, (max-width: 1024px) 100vw, 1024px\" \/><\/figure>\n\n\n\n<p>Der letzte Meldezettel von Josef Salomon (Foto: Irmtraud Karlsson)<\/p>\n\n\n\n<p>Am 30. Dezember 1944 wurde er ins KZ Dachau eingeliefert und dort als \u201eSicherheitsverwahrter\u201c (im NS-Jargon: Berufsverbrecher) mit einem gr\u00fcnen Winkel gef\u00fchrt. Gemeinhin gelten Homosexuelle heute als Rosa-Winkel-H\u00e4ftlinge, j\u00fcngere Forschungen zeigen aber, dass eine nicht zu untersch\u00e4tzende Zahl Homosexueller nicht dieser Kategorie zugeschlagen wurden.<\/p>\n\n\n\n<p>In der Sterbeurkunde des KZ ist als Todesdatum der 12.1.1945 verzeichnet. Aus den Notizen der Schreiber des Krankenreviers entnehmen wir, dass Salomon in den Block 9, Stube 3 des Krankenreviers gebracht wurde und dort bereits am 11.1.1945 starb. Die tats\u00e4chliche Todesursache ist nicht bekannt. Aufgrund des hohen Alters von Salomon mit 76 Jahren hatte er angesichts der katastrophalen Zust\u00e4nde im KZ Dachau zum Jahresbeginn 1945 kaum eine \u00dcberlebenschance.<\/p>\n\n\n\n<p>Aus Wien wurden mehr als 120 M\u00e4nner wegen homosexueller Handlungen in NS-Konzentrationslager eingewiesen. 70% dieser M\u00e4nner \u00fcberlebten die KZ-Haft nicht. Jene die \u00fcberlebten galten auch in der Nachkriegszeit als rechtskr\u00e4ftig verurteilte Sexualstraft\u00e4ter, die keinen Anspruch auf Wiedergutmachung hatten. So wurde ihre Haftzeiten nicht als pensionsrelevante Zeiten anerkannt, h\u00e4tten sie als Aufseher im KZ gearbeitet, w\u00e4re dies kein Problem gewesen. Auch mit der Abschaffung des Totalverbots durch die Minderheitsregierung von Bruno Kreisky im August 1971 \u00e4nderte sich nichts f\u00fcr die homosexuellen NS-Opfer.<\/p>\n\n\n\n<p>Erst mit der Schaffung des Nationalfonds der Republik \u00d6sterreich f\u00fcr die Opfer des Nationalsozialismus hatten sie Anspruch auf eine einmalige Zahlung von ca. 5.000,- bis 7.000,- Euro. Erst 2005 \u2013 60 Jahre nach dem Ende des Nazi-Terrors \u2013 wurden sie offiziell ins Opferf\u00fcrsorgegesetz aufgenommen. Zu Sp\u00e4t! Es hat sich beim Nationalfonds kein einziger Antragsberechtigter gemeldet.<\/p>\n\n\n\n<p>Daf\u00fcr gedenken wir hier heute 80 Jahre nach der Befreiung eines Opfers der NS-Homosexuellenverfolgung. Das Gedenken an Josef Salomon mag stellvertretend stehen f\u00fcr die Vielen, derer bislang nicht gedacht wurde.<\/p>\n\n\n\n<p>Der Hausgemeinschaft der Josefst\u00e4dterstra\u00dfe 14 ist daf\u00fcr herzlich zu danken.<\/p>\n\n\n\n<p>Text Andreas Brunner; Foto: Shervin Sadari\/BV8<\/p>\n","protected":false},"excerpt":{"rendered":"<p>Es ist dem Engagement der Eigent\u00fcmergemeinschaft des Hauses in der Josefst\u00e4dterstra\u00dfe 14 zu verdanken, dass direkt neben der Haust\u00fcr eine Tafel angebracht wurde, auf der an sieben ehemalige Bewohner:innen erinnert wird, die in der NS-Zeit ermordet wurden. Wegen ihrer j\u00fcdischen Herkunft deportiert und in unterschiedlichen Konzentrationslagern ermordet wurden: C\u00e4cilie Binder, Karl Elster, Mina Elster, Emma [&hellip;]<\/p>\n","protected":false},"author":4,"featured_media":10033,"comment_status":"closed","ping_status":"open","sticky":false,"template":"","format":"standard","meta":{"_acf_changed":false,"footnotes":""},"categories":[276],"tags":[485,303,307],"class_list":["post-11324","post","type-post","status-publish","format-standard","has-post-thumbnail","hentry","category-webarchive","tag-gedenken","tag-geschichte","tag-nationalsozialismus","grve-entry-item","grve-blog-item"],"acf":[],"yoast_head":"<!-- This site is optimized with the Yoast SEO plugin v27.5 - https:\/\/yoast.com\/product\/yoast-seo-wordpress\/ -->\n<title>Gedenken in der Josefstadt - Blog - Qwien - Zentrum f\u00fcr queere Geschichte<\/title>\n<meta name=\"robots\" content=\"index, follow, max-snippet:-1, max-image-preview:large, max-video-preview:-1\" \/>\n<link rel=\"canonical\" href=\"https:\/\/www.qwien.at\/en\/webarchive\/gedenken-in-der-josefstadt\/\" \/>\n<meta property=\"og:locale\" content=\"en_US\" \/>\n<meta property=\"og:type\" content=\"article\" \/>\n<meta property=\"og:title\" content=\"Gedenken in der Josefstadt - Blog - Qwien - Zentrum f\u00fcr queere Geschichte\" \/>\n<meta property=\"og:description\" content=\"Es ist dem Engagement der Eigent\u00fcmergemeinschaft des Hauses in der Josefst\u00e4dterstra\u00dfe 14 zu verdanken, dass direkt neben der Haust\u00fcr eine Tafel angebracht wurde, auf der an sieben ehemalige Bewohner:innen erinnert wird, die in der NS-Zeit ermordet wurden. Wegen ihrer j\u00fcdischen Herkunft deportiert und in unterschiedlichen Konzentrationslagern ermordet wurden: C\u00e4cilie Binder, Karl Elster, Mina Elster, Emma [&hellip;]\" \/>\n<meta property=\"og:url\" content=\"https:\/\/www.qwien.at\/en\/webarchive\/gedenken-in-der-josefstadt\/\" \/>\n<meta property=\"og:site_name\" content=\"Qwien - Zentrum f\u00fcr queere Geschichte\" \/>\n<meta property=\"article:published_time\" content=\"2025-06-10T10:54:32+00:00\" \/>\n<meta property=\"og:image\" content=\"https:\/\/www.qwien.at\/wp-content\/uploads\/2025\/02\/Meldezettel_20240626_145738.jpg\" \/>\n\t<meta property=\"og:image:width\" content=\"1512\" \/>\n\t<meta property=\"og:image:height\" content=\"1086\" \/>\n\t<meta property=\"og:image:type\" content=\"image\/jpeg\" \/>\n<meta name=\"author\" content=\"Andreas Brunner\" \/>\n<meta name=\"twitter:card\" content=\"summary_large_image\" \/>\n<meta name=\"twitter:label1\" content=\"Written by\" \/>\n\t<meta name=\"twitter:data1\" content=\"Andreas Brunner\" \/>\n\t<meta name=\"twitter:label2\" content=\"Est. reading time\" \/>\n\t<meta name=\"twitter:data2\" content=\"4 minutes\" \/>\n<script type=\"application\/ld+json\" class=\"yoast-schema-graph\">{\"@context\":\"https:\\\/\\\/schema.org\",\"@graph\":[{\"@type\":[\"Article\",\"BlogPosting\"],\"@id\":\"https:\\\/\\\/www.qwien.at\\\/en\\\/webarchive\\\/gedenken-in-der-josefstadt\\\/#article\",\"isPartOf\":{\"@id\":\"https:\\\/\\\/www.qwien.at\\\/en\\\/webarchive\\\/gedenken-in-der-josefstadt\\\/\"},\"author\":{\"name\":\"Andreas Brunner\",\"@id\":\"https:\\\/\\\/www.qwien.at\\\/en\\\/#\\\/schema\\\/person\\\/d3fe9114b43d8e5a558a6d20ca3e2920\"},\"headline\":\"Gedenken in der Josefstadt\",\"datePublished\":\"2025-06-10T10:54:32+00:00\",\"mainEntityOfPage\":{\"@id\":\"https:\\\/\\\/www.qwien.at\\\/en\\\/webarchive\\\/gedenken-in-der-josefstadt\\\/\"},\"wordCount\":712,\"publisher\":{\"@id\":\"https:\\\/\\\/www.qwien.at\\\/en\\\/#organization\"},\"image\":{\"@id\":\"https:\\\/\\\/www.qwien.at\\\/en\\\/webarchive\\\/gedenken-in-der-josefstadt\\\/#primaryimage\"},\"thumbnailUrl\":\"https:\\\/\\\/www.qwien.at\\\/wp-content\\\/uploads\\\/2025\\\/02\\\/SARD2172.jpg\",\"keywords\":[\"Gedenken\",\"Geschichte\",\"Nationalsozialismus\"],\"articleSection\":[\"Webarchiv\"],\"inLanguage\":\"en-US\"},{\"@type\":\"WebPage\",\"@id\":\"https:\\\/\\\/www.qwien.at\\\/en\\\/webarchive\\\/gedenken-in-der-josefstadt\\\/\",\"url\":\"https:\\\/\\\/www.qwien.at\\\/en\\\/webarchive\\\/gedenken-in-der-josefstadt\\\/\",\"name\":\"Gedenken in der Josefstadt - Blog - Qwien - Zentrum f\u00fcr queere Geschichte\",\"isPartOf\":{\"@id\":\"https:\\\/\\\/www.qwien.at\\\/en\\\/#website\"},\"primaryImageOfPage\":{\"@id\":\"https:\\\/\\\/www.qwien.at\\\/en\\\/webarchive\\\/gedenken-in-der-josefstadt\\\/#primaryimage\"},\"image\":{\"@id\":\"https:\\\/\\\/www.qwien.at\\\/en\\\/webarchive\\\/gedenken-in-der-josefstadt\\\/#primaryimage\"},\"thumbnailUrl\":\"https:\\\/\\\/www.qwien.at\\\/wp-content\\\/uploads\\\/2025\\\/02\\\/SARD2172.jpg\",\"datePublished\":\"2025-06-10T10:54:32+00:00\",\"breadcrumb\":{\"@id\":\"https:\\\/\\\/www.qwien.at\\\/en\\\/webarchive\\\/gedenken-in-der-josefstadt\\\/#breadcrumb\"},\"inLanguage\":\"en-US\",\"potentialAction\":[{\"@type\":\"ReadAction\",\"target\":[\"https:\\\/\\\/www.qwien.at\\\/en\\\/webarchive\\\/gedenken-in-der-josefstadt\\\/\"]}]},{\"@type\":\"ImageObject\",\"inLanguage\":\"en-US\",\"@id\":\"https:\\\/\\\/www.qwien.at\\\/en\\\/webarchive\\\/gedenken-in-der-josefstadt\\\/#primaryimage\",\"url\":\"https:\\\/\\\/www.qwien.at\\\/wp-content\\\/uploads\\\/2025\\\/02\\\/SARD2172.jpg\",\"contentUrl\":\"https:\\\/\\\/www.qwien.at\\\/wp-content\\\/uploads\\\/2025\\\/02\\\/SARD2172.jpg\",\"width\":2500,\"height\":1667},{\"@type\":\"BreadcrumbList\",\"@id\":\"https:\\\/\\\/www.qwien.at\\\/en\\\/webarchive\\\/gedenken-in-der-josefstadt\\\/#breadcrumb\",\"itemListElement\":[{\"@type\":\"ListItem\",\"position\":1,\"name\":\"Startseite\",\"item\":\"https:\\\/\\\/www.qwien.at\\\/en\\\/\"},{\"@type\":\"ListItem\",\"position\":2,\"name\":\"Gedenken in der Josefstadt\"}]},{\"@type\":\"WebSite\",\"@id\":\"https:\\\/\\\/www.qwien.at\\\/en\\\/#website\",\"url\":\"https:\\\/\\\/www.qwien.at\\\/en\\\/\",\"name\":\"Qwien - Zentrum f\u00fcr queere Geschichte\",\"description\":\"\",\"publisher\":{\"@id\":\"https:\\\/\\\/www.qwien.at\\\/en\\\/#organization\"},\"potentialAction\":[{\"@type\":\"SearchAction\",\"target\":{\"@type\":\"EntryPoint\",\"urlTemplate\":\"https:\\\/\\\/www.qwien.at\\\/en\\\/?s={search_term_string}\"},\"query-input\":{\"@type\":\"PropertyValueSpecification\",\"valueRequired\":true,\"valueName\":\"search_term_string\"}}],\"inLanguage\":\"en-US\"},{\"@type\":\"Organization\",\"@id\":\"https:\\\/\\\/www.qwien.at\\\/en\\\/#organization\",\"name\":\"Qwien\",\"url\":\"https:\\\/\\\/www.qwien.at\\\/en\\\/\",\"logo\":{\"@type\":\"ImageObject\",\"inLanguage\":\"en-US\",\"@id\":\"https:\\\/\\\/www.qwien.at\\\/en\\\/#\\\/schema\\\/logo\\\/image\\\/\",\"url\":\"https:\\\/\\\/www.qwien.at\\\/wp-content\\\/uploads\\\/2025\\\/06\\\/seo-yoast-2.png\",\"contentUrl\":\"https:\\\/\\\/www.qwien.at\\\/wp-content\\\/uploads\\\/2025\\\/06\\\/seo-yoast-2.png\",\"width\":697,\"height\":697,\"caption\":\"Qwien\"},\"image\":{\"@id\":\"https:\\\/\\\/www.qwien.at\\\/en\\\/#\\\/schema\\\/logo\\\/image\\\/\"},\"sameAs\":[\"https:\\\/\\\/www.instagram.com\\\/qwien.zentrum\\\/\"]},{\"@type\":\"Person\",\"@id\":\"https:\\\/\\\/www.qwien.at\\\/en\\\/#\\\/schema\\\/person\\\/d3fe9114b43d8e5a558a6d20ca3e2920\",\"name\":\"Andreas Brunner\"}]}<\/script>\n<!-- \/ Yoast SEO plugin. -->","yoast_head_json":{"title":"Gedenken in der Josefstadt - Blog - Qwien - Zentrum f\u00fcr queere Geschichte","robots":{"index":"index","follow":"follow","max-snippet":"max-snippet:-1","max-image-preview":"max-image-preview:large","max-video-preview":"max-video-preview:-1"},"canonical":"https:\/\/www.qwien.at\/en\/webarchive\/gedenken-in-der-josefstadt\/","og_locale":"en_US","og_type":"article","og_title":"Gedenken in der Josefstadt - Blog - Qwien - Zentrum f\u00fcr queere Geschichte","og_description":"Es ist dem Engagement der Eigent\u00fcmergemeinschaft des Hauses in der Josefst\u00e4dterstra\u00dfe 14 zu verdanken, dass direkt neben der Haust\u00fcr eine Tafel angebracht wurde, auf der an sieben ehemalige Bewohner:innen erinnert wird, die in der NS-Zeit ermordet wurden. Wegen ihrer j\u00fcdischen Herkunft deportiert und in unterschiedlichen Konzentrationslagern ermordet wurden: C\u00e4cilie Binder, Karl Elster, Mina Elster, Emma [&hellip;]","og_url":"https:\/\/www.qwien.at\/en\/webarchive\/gedenken-in-der-josefstadt\/","og_site_name":"Qwien - Zentrum f\u00fcr queere Geschichte","article_published_time":"2025-06-10T10:54:32+00:00","og_image":[{"width":1512,"height":1086,"url":"https:\/\/www.qwien.at\/wp-content\/uploads\/2025\/02\/Meldezettel_20240626_145738.jpg","type":"image\/jpeg"}],"author":"Andreas Brunner","twitter_card":"summary_large_image","twitter_misc":{"Written by":"Andreas Brunner","Est. reading time":"4 minutes"},"schema":{"@context":"https:\/\/schema.org","@graph":[{"@type":["Article","BlogPosting"],"@id":"https:\/\/www.qwien.at\/en\/webarchive\/gedenken-in-der-josefstadt\/#article","isPartOf":{"@id":"https:\/\/www.qwien.at\/en\/webarchive\/gedenken-in-der-josefstadt\/"},"author":{"name":"Andreas Brunner","@id":"https:\/\/www.qwien.at\/en\/#\/schema\/person\/d3fe9114b43d8e5a558a6d20ca3e2920"},"headline":"Gedenken in der Josefstadt","datePublished":"2025-06-10T10:54:32+00:00","mainEntityOfPage":{"@id":"https:\/\/www.qwien.at\/en\/webarchive\/gedenken-in-der-josefstadt\/"},"wordCount":712,"publisher":{"@id":"https:\/\/www.qwien.at\/en\/#organization"},"image":{"@id":"https:\/\/www.qwien.at\/en\/webarchive\/gedenken-in-der-josefstadt\/#primaryimage"},"thumbnailUrl":"https:\/\/www.qwien.at\/wp-content\/uploads\/2025\/02\/SARD2172.jpg","keywords":["Gedenken","Geschichte","Nationalsozialismus"],"articleSection":["Webarchiv"],"inLanguage":"en-US"},{"@type":"WebPage","@id":"https:\/\/www.qwien.at\/en\/webarchive\/gedenken-in-der-josefstadt\/","url":"https:\/\/www.qwien.at\/en\/webarchive\/gedenken-in-der-josefstadt\/","name":"Gedenken in der Josefstadt - Blog - Qwien - Zentrum f\u00fcr queere Geschichte","isPartOf":{"@id":"https:\/\/www.qwien.at\/en\/#website"},"primaryImageOfPage":{"@id":"https:\/\/www.qwien.at\/en\/webarchive\/gedenken-in-der-josefstadt\/#primaryimage"},"image":{"@id":"https:\/\/www.qwien.at\/en\/webarchive\/gedenken-in-der-josefstadt\/#primaryimage"},"thumbnailUrl":"https:\/\/www.qwien.at\/wp-content\/uploads\/2025\/02\/SARD2172.jpg","datePublished":"2025-06-10T10:54:32+00:00","breadcrumb":{"@id":"https:\/\/www.qwien.at\/en\/webarchive\/gedenken-in-der-josefstadt\/#breadcrumb"},"inLanguage":"en-US","potentialAction":[{"@type":"ReadAction","target":["https:\/\/www.qwien.at\/en\/webarchive\/gedenken-in-der-josefstadt\/"]}]},{"@type":"ImageObject","inLanguage":"en-US","@id":"https:\/\/www.qwien.at\/en\/webarchive\/gedenken-in-der-josefstadt\/#primaryimage","url":"https:\/\/www.qwien.at\/wp-content\/uploads\/2025\/02\/SARD2172.jpg","contentUrl":"https:\/\/www.qwien.at\/wp-content\/uploads\/2025\/02\/SARD2172.jpg","width":2500,"height":1667},{"@type":"BreadcrumbList","@id":"https:\/\/www.qwien.at\/en\/webarchive\/gedenken-in-der-josefstadt\/#breadcrumb","itemListElement":[{"@type":"ListItem","position":1,"name":"Startseite","item":"https:\/\/www.qwien.at\/en\/"},{"@type":"ListItem","position":2,"name":"Gedenken in der Josefstadt"}]},{"@type":"WebSite","@id":"https:\/\/www.qwien.at\/en\/#website","url":"https:\/\/www.qwien.at\/en\/","name":"Qwien - Zentrum f\u00fcr queere Geschichte","description":"","publisher":{"@id":"https:\/\/www.qwien.at\/en\/#organization"},"potentialAction":[{"@type":"SearchAction","target":{"@type":"EntryPoint","urlTemplate":"https:\/\/www.qwien.at\/en\/?s={search_term_string}"},"query-input":{"@type":"PropertyValueSpecification","valueRequired":true,"valueName":"search_term_string"}}],"inLanguage":"en-US"},{"@type":"Organization","@id":"https:\/\/www.qwien.at\/en\/#organization","name":"Qwien","url":"https:\/\/www.qwien.at\/en\/","logo":{"@type":"ImageObject","inLanguage":"en-US","@id":"https:\/\/www.qwien.at\/en\/#\/schema\/logo\/image\/","url":"https:\/\/www.qwien.at\/wp-content\/uploads\/2025\/06\/seo-yoast-2.png","contentUrl":"https:\/\/www.qwien.at\/wp-content\/uploads\/2025\/06\/seo-yoast-2.png","width":697,"height":697,"caption":"Qwien"},"image":{"@id":"https:\/\/www.qwien.at\/en\/#\/schema\/logo\/image\/"},"sameAs":["https:\/\/www.instagram.com\/qwien.zentrum\/"]},{"@type":"Person","@id":"https:\/\/www.qwien.at\/en\/#\/schema\/person\/d3fe9114b43d8e5a558a6d20ca3e2920","name":"Andreas Brunner"}]}},"_links":{"self":[{"href":"https:\/\/www.qwien.at\/en\/wp-json\/wp\/v2\/posts\/11324","targetHints":{"allow":["GET"]}}],"collection":[{"href":"https:\/\/www.qwien.at\/en\/wp-json\/wp\/v2\/posts"}],"about":[{"href":"https:\/\/www.qwien.at\/en\/wp-json\/wp\/v2\/types\/post"}],"author":[{"embeddable":true,"href":"https:\/\/www.qwien.at\/en\/wp-json\/wp\/v2\/users\/4"}],"replies":[{"embeddable":true,"href":"https:\/\/www.qwien.at\/en\/wp-json\/wp\/v2\/comments?post=11324"}],"version-history":[{"count":0,"href":"https:\/\/www.qwien.at\/en\/wp-json\/wp\/v2\/posts\/11324\/revisions"}],"wp:featuredmedia":[{"embeddable":true,"href":"https:\/\/www.qwien.at\/en\/wp-json\/wp\/v2\/media\/10033"}],"wp:attachment":[{"href":"https:\/\/www.qwien.at\/en\/wp-json\/wp\/v2\/media?parent=11324"}],"wp:term":[{"taxonomy":"category","embeddable":true,"href":"https:\/\/www.qwien.at\/en\/wp-json\/wp\/v2\/categories?post=11324"},{"taxonomy":"post_tag","embeddable":true,"href":"https:\/\/www.qwien.at\/en\/wp-json\/wp\/v2\/tags?post=11324"}],"curies":[{"name":"wp","href":"https:\/\/api.w.org\/{rel}","templated":true}]}}