{"id":11325,"date":"2025-06-10T12:54:32","date_gmt":"2025-06-10T10:54:32","guid":{"rendered":"https:\/\/www.qwien.at\/nicht-kategorisiert\/mit-andreas-brunner-auf-den-spuren-queerer-menschen-im-mariahilf-der-ns-zeit\/"},"modified":"2025-06-10T12:54:32","modified_gmt":"2025-06-10T10:54:32","slug":"mit-andreas-brunner-auf-den-spuren-queerer-menschen-im-mariahilf-der-ns-zeit","status":"publish","type":"post","link":"https:\/\/www.qwien.at\/en\/qwien\/mit-andreas-brunner-auf-den-spuren-queerer-menschen-im-mariahilf-der-ns-zeit\/","title":{"rendered":"Mit Andreas Brunner auf den Spuren queerer Menschen im Mariahilf der NS-Zeit"},"content":{"rendered":"\n<h3 class=\"wp-block-heading\">Kuratorenf\u00fchrung mit Andreas Brunner<\/h3>\n\n\n\n<p>Im Rahmen der Kuratorenf\u00fchrung mit Andreas Brunner erhalten die Besucher*innen nicht nur spannende Einblicke in die Geschichte der queeren Szene in Mariahilf, sondern auch in die pers\u00f6nlichen Schicksale von Menschen, die w\u00e4hrend der NS-Zeit verfolgt wurden. Brunner f\u00fchrt an historische Orte im Bezirk, die einst Treffpunkte f\u00fcr homosexuelle M\u00e4nner und Frauen waren, und vermittelt dabei einen tiefgehenden Blick auf die damaligen Lebensrealit\u00e4ten. Dar\u00fcber hinaus spricht er \u00fcber die Herausforderungen, die bei der Recherche dieser Geschichten auftraten, insbesondere in Bezug auf die begrenzte und teils fragmentierte Quellenlage. Die F\u00fchrung bietet somit eine einzigartige Gelegenheit, nicht nur die historischen Fakten, sondern auch die Methodik und die Schwierigkeiten der historischen Aufarbeitung queerer Geschichte zu verstehen. <\/p>\n\n\n\n<div class=\"wp-block-group is-nowrap is-layout-flex wp-container-core-group-is-layout-ad2f72ca wp-block-group-is-layout-flex\">\n<p><strong>Wann?<\/strong> 23. Februar 2025, 11:30<\/p>\n\n\n\n<p><strong>Wo?<\/strong> Bezirksmuseum Mariahilf, Mollardgasse 8, 1060 Wien<\/p>\n<\/div>\n\n\n\n<figure class=\"wp-block-image size-large is-resized\"><img loading=\"lazy\" decoding=\"async\" width=\"1024\" height=\"1024\" src=\"https:\/\/www.qwien.at\/wp-content\/uploads\/2025\/02\/13951-1200x1200-1-1024x1024.png\" alt=\"\" class=\"wp-image-7885\" style=\"width:838px;height:auto\" srcset=\"https:\/\/www.qwien.at\/wp-content\/uploads\/2025\/02\/13951-1200x1200-1-1024x1024.png 1024w, https:\/\/www.qwien.at\/wp-content\/uploads\/2025\/02\/13951-1200x1200-1-300x300.png 300w, https:\/\/www.qwien.at\/wp-content\/uploads\/2025\/02\/13951-1200x1200-1-150x150.png 150w, https:\/\/www.qwien.at\/wp-content\/uploads\/2025\/02\/13951-1200x1200-1-768x768.png 768w, https:\/\/www.qwien.at\/wp-content\/uploads\/2025\/02\/13951-1200x1200-1-12x12.png 12w, https:\/\/www.qwien.at\/wp-content\/uploads\/2025\/02\/13951-1200x1200-1-100x100.png 100w, https:\/\/www.qwien.at\/wp-content\/uploads\/2025\/02\/13951-1200x1200-1.png 1200w\" sizes=\"auto, (max-width: 1024px) 100vw, 1024px\" \/><figcaption class=\"wp-element-caption\"><br><br>Im Esterhazybad fanden zahlreiche Verhaftungen von M\u00e4nnern aufgrund homosexueller Handlungen statt.<br>August Stauda, 6., Gumpendorfer Stra\u00dfe 59 \u2013 Esterhazybad, um 1900 (Ausschnitt), Wien Museum<\/figcaption><\/figure>\n\n\n\n<p><\/p>\n\n\n\n<h3 class=\"wp-block-heading\">Ausstellung<\/h3>\n\n\n\n<p>Das Bezirksmuseum Mariahilf widmet sich in seiner Ausstellung der Verfolgung homosexueller Menschen w\u00e4hrend der NS-Zeit. Erstmals werden die Schicksale von Homosexuellen aus dem sechsten Bezirk detailliert dargestellt und somit einer breiten \u00d6ffentlichkeit zug\u00e4nglich gemacht. Die Ausstellung \u201eAls homosexuell verfolgt \u2013 Mariahilf in der NS-Zeit\u201c, kuratiert von Andreas Brunner vom Zentrum QWIEN, gibt diesen oft vergessenen Geschichten Raum.<\/p>\n\n\n\n<p>Die Ausstellung gew\u00e4hrt uns wertvolle Einblicke in historische Schicksale queerer Personen, wie das von Josef Weisseneder, der im Zuge von Ermittlungen gegen einen weitverzweigten schwulen Freundeskreis von der Gestapo verhaftet wurde. Weisseneder, der in seiner Wohnung keine Liebhaber und Freunde empfangen wollte, um nicht von Nachbar*innen als Homosexueller verd\u00e4chtigt zu werden, sondern diese lieber an \u00f6ffentlichen Orten wie der hintersten Reihe im Kino traf, verbrachte seine Haftzeit zun\u00e4chst im KZ Dachau und sp\u00e4ter im KZ Mauthausen, wo er wie durch ein Wunder die Zwangsarbeit \u00fcberlebte. 1945 wurde er von der US-Armee befreit.<\/p>\n\n\n\n<p>Ein anderes Beispiel ist der 65-j\u00e4hrige Hofrat Johann Friedrich Allg\u00e4uer, der zusammen mit seinem 20-j\u00e4hrigen Liebhaber von der Gestapo denunziert und in der Wohnung Allg\u00e4uers in der Theobaldgasse verhaftet wurde. Der junge Mann tauchte sp\u00e4ter auf einer Liste von Zwangsarbeitern auf, danach verliert sich seine Spur. Allg\u00e4uer selbst wurde ins KZ Sachsenhausen deportiert, wo er 1941 ermordet wurde. Die genauen Umst\u00e4nde seines Todes bleiben unklar.<\/p>\n\n\n\n<figure class=\"wp-block-image size-large\"><img loading=\"lazy\" decoding=\"async\" width=\"1024\" height=\"683\" src=\"https:\/\/www.qwien.at\/wp-content\/uploads\/2025\/02\/bm6_als_homosexuell_verfolgt_004-1200x800-1-1024x683.jpg\" alt=\"\" class=\"wp-image-7886\" srcset=\"https:\/\/www.qwien.at\/wp-content\/uploads\/2025\/02\/bm6_als_homosexuell_verfolgt_004-1200x800-1-1024x683.jpg 1024w, https:\/\/www.qwien.at\/wp-content\/uploads\/2025\/02\/bm6_als_homosexuell_verfolgt_004-1200x800-1-300x200.jpg 300w, https:\/\/www.qwien.at\/wp-content\/uploads\/2025\/02\/bm6_als_homosexuell_verfolgt_004-1200x800-1-768x512.jpg 768w, https:\/\/www.qwien.at\/wp-content\/uploads\/2025\/02\/bm6_als_homosexuell_verfolgt_004-1200x800-1-18x12.jpg 18w, https:\/\/www.qwien.at\/wp-content\/uploads\/2025\/02\/bm6_als_homosexuell_verfolgt_004-1200x800-1.jpg 1200w\" sizes=\"auto, (max-width: 1024px) 100vw, 1024px\" \/><figcaption class=\"wp-element-caption\">Ausstellungsansicht, Foto: Klaus Pichler, 2024<\/figcaption><\/figure>\n\n\n\n<p><\/p>\n\n\n\n<p>Die Ausstellung thematisiert auch das Esterhazybad in der Gumpendorferstra\u00dfe, einen beliebten Treffpunkt f\u00fcr schwule M\u00e4nner, der von der Kriminalpolizei regelm\u00e4\u00dfig \u00fcberwacht wurde. Kriminalinspektor Karl Seiringer sa\u00df eine Zeit lang w\u00f6chentlich in die Dampfkammer des Bades, um die M\u00e4nner zu beobachten. An keinem Ort in Wien wurden w\u00e4hrend der NS-Zeit mehr homosexuelle M\u00e4nner festgenommen als dort.<\/p>\n\n\n\n<p>Es wird aber auch klar: Nicht nur schwule M\u00e4nner wurden in der NS-Zeit verhaftet und verfolgt. So stellt die Ausstellung auch das Schicksal zweier Frauen vor, denen ihr Aufenthalt in einem Hotel auf der Mariahilferstra\u00dfe zum Verh\u00e4ngnis wurde. Sie wurden auch der Prostitution verd\u00e4chtigt, was die Zusammenwirkung der von den Nazis verfolgte Abweichungen von staats- und ideologiekonformen Sexualit\u00e4tspraktiken und Identit\u00e4ten verdeutlicht. <\/p>\n\n\n\n<p><strong>Wann?<\/strong> bis zum 30.06.2025 <strong>Wo? <\/strong>Bezirksmuseum Mariahilf, Mollardgasse 8, 1060 Wien<\/p>\n\n\n\n<p>Text Andreas Brunner und Eddie van Gemmern<\/p>\n","protected":false},"excerpt":{"rendered":"<p>Kuratorenf\u00fchrung mit Andreas Brunner Im Rahmen der Kuratorenf\u00fchrung mit Andreas Brunner erhalten die Besucher*innen nicht nur spannende Einblicke in die Geschichte der queeren Szene in Mariahilf, sondern auch in die pers\u00f6nlichen Schicksale von Menschen, die w\u00e4hrend der NS-Zeit verfolgt wurden. Brunner f\u00fchrt an historische Orte im Bezirk, die einst Treffpunkte f\u00fcr homosexuelle M\u00e4nner und Frauen [&hellip;]<\/p>\n","protected":false},"author":4,"featured_media":10038,"comment_status":"closed","ping_status":"open","sticky":false,"template":"","format":"standard","meta":{"_acf_changed":false,"footnotes":""},"categories":[272,275,276],"tags":[289,303,305,307],"class_list":["post-11325","post","type-post","status-publish","format-standard","has-post-thumbnail","hentry","category-qwien","category-qwien-tipp","category-webarchive","tag-ausstellung","tag-geschichte","tag-homosexualitaet","tag-nationalsozialismus","grve-entry-item","grve-blog-item"],"acf":[],"yoast_head":"<!-- This site is optimized with the Yoast SEO plugin v27.5 - https:\/\/yoast.com\/product\/yoast-seo-wordpress\/ -->\n<title>Mit Andreas Brunner auf den Spuren queerer Menschen im Mariahilf der NS-Zeit - Blog - Qwien - Zentrum f\u00fcr queere Geschichte<\/title>\n<meta name=\"robots\" content=\"index, follow, max-snippet:-1, max-image-preview:large, max-video-preview:-1\" \/>\n<link rel=\"canonical\" href=\"https:\/\/www.qwien.at\/en\/qwien\/mit-andreas-brunner-auf-den-spuren-queerer-menschen-im-mariahilf-der-ns-zeit\/\" \/>\n<meta property=\"og:locale\" content=\"en_US\" \/>\n<meta property=\"og:type\" content=\"article\" \/>\n<meta property=\"og:title\" content=\"Mit Andreas Brunner auf den Spuren queerer Menschen im Mariahilf der NS-Zeit - Blog - Qwien - Zentrum f\u00fcr queere Geschichte\" \/>\n<meta property=\"og:description\" content=\"Kuratorenf\u00fchrung mit Andreas Brunner Im Rahmen der Kuratorenf\u00fchrung mit Andreas Brunner erhalten die Besucher*innen nicht nur spannende Einblicke in die Geschichte der queeren Szene in Mariahilf, sondern auch in die pers\u00f6nlichen Schicksale von Menschen, die w\u00e4hrend der NS-Zeit verfolgt wurden. Brunner f\u00fchrt an historische Orte im Bezirk, die einst Treffpunkte f\u00fcr homosexuelle M\u00e4nner und Frauen [&hellip;]\" \/>\n<meta property=\"og:url\" content=\"https:\/\/www.qwien.at\/en\/qwien\/mit-andreas-brunner-auf-den-spuren-queerer-menschen-im-mariahilf-der-ns-zeit\/\" \/>\n<meta property=\"og:site_name\" content=\"Qwien - Zentrum f\u00fcr queere Geschichte\" \/>\n<meta property=\"article:published_time\" content=\"2025-06-10T10:54:32+00:00\" \/>\n<meta property=\"og:image\" content=\"https:\/\/www.qwien.at\/wp-content\/uploads\/2025\/02\/13951-1200x1200-1.png\" \/>\n\t<meta property=\"og:image:width\" content=\"1200\" \/>\n\t<meta property=\"og:image:height\" content=\"1200\" \/>\n\t<meta property=\"og:image:type\" content=\"image\/png\" \/>\n<meta name=\"author\" content=\"Andreas Brunner\" \/>\n<meta name=\"twitter:card\" content=\"summary_large_image\" \/>\n<meta name=\"twitter:label1\" content=\"Written by\" \/>\n\t<meta name=\"twitter:data1\" content=\"Andreas Brunner\" \/>\n\t<meta name=\"twitter:label2\" content=\"Est. reading time\" \/>\n\t<meta name=\"twitter:data2\" content=\"3 minutes\" \/>\n<script type=\"application\/ld+json\" class=\"yoast-schema-graph\">{\"@context\":\"https:\\\/\\\/schema.org\",\"@graph\":[{\"@type\":[\"Article\",\"BlogPosting\"],\"@id\":\"https:\\\/\\\/www.qwien.at\\\/en\\\/qwien\\\/mit-andreas-brunner-auf-den-spuren-queerer-menschen-im-mariahilf-der-ns-zeit\\\/#article\",\"isPartOf\":{\"@id\":\"https:\\\/\\\/www.qwien.at\\\/en\\\/qwien\\\/mit-andreas-brunner-auf-den-spuren-queerer-menschen-im-mariahilf-der-ns-zeit\\\/\"},\"author\":{\"name\":\"Andreas Brunner\",\"@id\":\"https:\\\/\\\/www.qwien.at\\\/en\\\/#\\\/schema\\\/person\\\/d3fe9114b43d8e5a558a6d20ca3e2920\"},\"headline\":\"Mit Andreas Brunner auf den Spuren queerer Menschen im Mariahilf der NS-Zeit\",\"datePublished\":\"2025-06-10T10:54:32+00:00\",\"mainEntityOfPage\":{\"@id\":\"https:\\\/\\\/www.qwien.at\\\/en\\\/qwien\\\/mit-andreas-brunner-auf-den-spuren-queerer-menschen-im-mariahilf-der-ns-zeit\\\/\"},\"wordCount\":543,\"publisher\":{\"@id\":\"https:\\\/\\\/www.qwien.at\\\/en\\\/#organization\"},\"image\":{\"@id\":\"https:\\\/\\\/www.qwien.at\\\/en\\\/qwien\\\/mit-andreas-brunner-auf-den-spuren-queerer-menschen-im-mariahilf-der-ns-zeit\\\/#primaryimage\"},\"thumbnailUrl\":\"https:\\\/\\\/www.qwien.at\\\/wp-content\\\/uploads\\\/2025\\\/02\\\/InstaPost_Kuraterfuehrung.png\",\"keywords\":[\"Ausstellung\",\"Geschichte\",\"Homosexualit\u00e4t\",\"Nationalsozialismus\"],\"articleSection\":[\"Qwien\",\"Tipp\",\"Webarchiv\"],\"inLanguage\":\"en-US\"},{\"@type\":\"WebPage\",\"@id\":\"https:\\\/\\\/www.qwien.at\\\/en\\\/qwien\\\/mit-andreas-brunner-auf-den-spuren-queerer-menschen-im-mariahilf-der-ns-zeit\\\/\",\"url\":\"https:\\\/\\\/www.qwien.at\\\/en\\\/qwien\\\/mit-andreas-brunner-auf-den-spuren-queerer-menschen-im-mariahilf-der-ns-zeit\\\/\",\"name\":\"Mit Andreas Brunner auf den Spuren queerer Menschen im Mariahilf der NS-Zeit - Blog - Qwien - Zentrum f\u00fcr queere Geschichte\",\"isPartOf\":{\"@id\":\"https:\\\/\\\/www.qwien.at\\\/en\\\/#website\"},\"primaryImageOfPage\":{\"@id\":\"https:\\\/\\\/www.qwien.at\\\/en\\\/qwien\\\/mit-andreas-brunner-auf-den-spuren-queerer-menschen-im-mariahilf-der-ns-zeit\\\/#primaryimage\"},\"image\":{\"@id\":\"https:\\\/\\\/www.qwien.at\\\/en\\\/qwien\\\/mit-andreas-brunner-auf-den-spuren-queerer-menschen-im-mariahilf-der-ns-zeit\\\/#primaryimage\"},\"thumbnailUrl\":\"https:\\\/\\\/www.qwien.at\\\/wp-content\\\/uploads\\\/2025\\\/02\\\/InstaPost_Kuraterfuehrung.png\",\"datePublished\":\"2025-06-10T10:54:32+00:00\",\"breadcrumb\":{\"@id\":\"https:\\\/\\\/www.qwien.at\\\/en\\\/qwien\\\/mit-andreas-brunner-auf-den-spuren-queerer-menschen-im-mariahilf-der-ns-zeit\\\/#breadcrumb\"},\"inLanguage\":\"en-US\",\"potentialAction\":[{\"@type\":\"ReadAction\",\"target\":[\"https:\\\/\\\/www.qwien.at\\\/en\\\/qwien\\\/mit-andreas-brunner-auf-den-spuren-queerer-menschen-im-mariahilf-der-ns-zeit\\\/\"]}]},{\"@type\":\"ImageObject\",\"inLanguage\":\"en-US\",\"@id\":\"https:\\\/\\\/www.qwien.at\\\/en\\\/qwien\\\/mit-andreas-brunner-auf-den-spuren-queerer-menschen-im-mariahilf-der-ns-zeit\\\/#primaryimage\",\"url\":\"https:\\\/\\\/www.qwien.at\\\/wp-content\\\/uploads\\\/2025\\\/02\\\/InstaPost_Kuraterfuehrung.png\",\"contentUrl\":\"https:\\\/\\\/www.qwien.at\\\/wp-content\\\/uploads\\\/2025\\\/02\\\/InstaPost_Kuraterfuehrung.png\",\"width\":1080,\"height\":1350},{\"@type\":\"BreadcrumbList\",\"@id\":\"https:\\\/\\\/www.qwien.at\\\/en\\\/qwien\\\/mit-andreas-brunner-auf-den-spuren-queerer-menschen-im-mariahilf-der-ns-zeit\\\/#breadcrumb\",\"itemListElement\":[{\"@type\":\"ListItem\",\"position\":1,\"name\":\"Startseite\",\"item\":\"https:\\\/\\\/www.qwien.at\\\/en\\\/\"},{\"@type\":\"ListItem\",\"position\":2,\"name\":\"Mit Andreas Brunner auf den Spuren queerer Menschen im Mariahilf der NS-Zeit\"}]},{\"@type\":\"WebSite\",\"@id\":\"https:\\\/\\\/www.qwien.at\\\/en\\\/#website\",\"url\":\"https:\\\/\\\/www.qwien.at\\\/en\\\/\",\"name\":\"Qwien - Zentrum f\u00fcr queere Geschichte\",\"description\":\"\",\"publisher\":{\"@id\":\"https:\\\/\\\/www.qwien.at\\\/en\\\/#organization\"},\"potentialAction\":[{\"@type\":\"SearchAction\",\"target\":{\"@type\":\"EntryPoint\",\"urlTemplate\":\"https:\\\/\\\/www.qwien.at\\\/en\\\/?s={search_term_string}\"},\"query-input\":{\"@type\":\"PropertyValueSpecification\",\"valueRequired\":true,\"valueName\":\"search_term_string\"}}],\"inLanguage\":\"en-US\"},{\"@type\":\"Organization\",\"@id\":\"https:\\\/\\\/www.qwien.at\\\/en\\\/#organization\",\"name\":\"Qwien\",\"url\":\"https:\\\/\\\/www.qwien.at\\\/en\\\/\",\"logo\":{\"@type\":\"ImageObject\",\"inLanguage\":\"en-US\",\"@id\":\"https:\\\/\\\/www.qwien.at\\\/en\\\/#\\\/schema\\\/logo\\\/image\\\/\",\"url\":\"https:\\\/\\\/www.qwien.at\\\/wp-content\\\/uploads\\\/2025\\\/06\\\/seo-yoast-2.png\",\"contentUrl\":\"https:\\\/\\\/www.qwien.at\\\/wp-content\\\/uploads\\\/2025\\\/06\\\/seo-yoast-2.png\",\"width\":697,\"height\":697,\"caption\":\"Qwien\"},\"image\":{\"@id\":\"https:\\\/\\\/www.qwien.at\\\/en\\\/#\\\/schema\\\/logo\\\/image\\\/\"},\"sameAs\":[\"https:\\\/\\\/www.instagram.com\\\/qwien.zentrum\\\/\"]},{\"@type\":\"Person\",\"@id\":\"https:\\\/\\\/www.qwien.at\\\/en\\\/#\\\/schema\\\/person\\\/d3fe9114b43d8e5a558a6d20ca3e2920\",\"name\":\"Andreas Brunner\"}]}<\/script>\n<!-- \/ Yoast SEO plugin. -->","yoast_head_json":{"title":"Mit Andreas Brunner auf den Spuren queerer Menschen im Mariahilf der NS-Zeit - Blog - Qwien - Zentrum f\u00fcr queere Geschichte","robots":{"index":"index","follow":"follow","max-snippet":"max-snippet:-1","max-image-preview":"max-image-preview:large","max-video-preview":"max-video-preview:-1"},"canonical":"https:\/\/www.qwien.at\/en\/qwien\/mit-andreas-brunner-auf-den-spuren-queerer-menschen-im-mariahilf-der-ns-zeit\/","og_locale":"en_US","og_type":"article","og_title":"Mit Andreas Brunner auf den Spuren queerer Menschen im Mariahilf der NS-Zeit - Blog - Qwien - Zentrum f\u00fcr queere Geschichte","og_description":"Kuratorenf\u00fchrung mit Andreas Brunner Im Rahmen der Kuratorenf\u00fchrung mit Andreas Brunner erhalten die Besucher*innen nicht nur spannende Einblicke in die Geschichte der queeren Szene in Mariahilf, sondern auch in die pers\u00f6nlichen Schicksale von Menschen, die w\u00e4hrend der NS-Zeit verfolgt wurden. Brunner f\u00fchrt an historische Orte im Bezirk, die einst Treffpunkte f\u00fcr homosexuelle M\u00e4nner und Frauen [&hellip;]","og_url":"https:\/\/www.qwien.at\/en\/qwien\/mit-andreas-brunner-auf-den-spuren-queerer-menschen-im-mariahilf-der-ns-zeit\/","og_site_name":"Qwien - Zentrum f\u00fcr queere Geschichte","article_published_time":"2025-06-10T10:54:32+00:00","og_image":[{"width":1200,"height":1200,"url":"https:\/\/www.qwien.at\/wp-content\/uploads\/2025\/02\/13951-1200x1200-1.png","type":"image\/png"}],"author":"Andreas Brunner","twitter_card":"summary_large_image","twitter_misc":{"Written by":"Andreas Brunner","Est. reading time":"3 minutes"},"schema":{"@context":"https:\/\/schema.org","@graph":[{"@type":["Article","BlogPosting"],"@id":"https:\/\/www.qwien.at\/en\/qwien\/mit-andreas-brunner-auf-den-spuren-queerer-menschen-im-mariahilf-der-ns-zeit\/#article","isPartOf":{"@id":"https:\/\/www.qwien.at\/en\/qwien\/mit-andreas-brunner-auf-den-spuren-queerer-menschen-im-mariahilf-der-ns-zeit\/"},"author":{"name":"Andreas Brunner","@id":"https:\/\/www.qwien.at\/en\/#\/schema\/person\/d3fe9114b43d8e5a558a6d20ca3e2920"},"headline":"Mit Andreas Brunner auf den Spuren queerer Menschen im Mariahilf der NS-Zeit","datePublished":"2025-06-10T10:54:32+00:00","mainEntityOfPage":{"@id":"https:\/\/www.qwien.at\/en\/qwien\/mit-andreas-brunner-auf-den-spuren-queerer-menschen-im-mariahilf-der-ns-zeit\/"},"wordCount":543,"publisher":{"@id":"https:\/\/www.qwien.at\/en\/#organization"},"image":{"@id":"https:\/\/www.qwien.at\/en\/qwien\/mit-andreas-brunner-auf-den-spuren-queerer-menschen-im-mariahilf-der-ns-zeit\/#primaryimage"},"thumbnailUrl":"https:\/\/www.qwien.at\/wp-content\/uploads\/2025\/02\/InstaPost_Kuraterfuehrung.png","keywords":["Ausstellung","Geschichte","Homosexualit\u00e4t","Nationalsozialismus"],"articleSection":["Qwien","Tipp","Webarchiv"],"inLanguage":"en-US"},{"@type":"WebPage","@id":"https:\/\/www.qwien.at\/en\/qwien\/mit-andreas-brunner-auf-den-spuren-queerer-menschen-im-mariahilf-der-ns-zeit\/","url":"https:\/\/www.qwien.at\/en\/qwien\/mit-andreas-brunner-auf-den-spuren-queerer-menschen-im-mariahilf-der-ns-zeit\/","name":"Mit Andreas Brunner auf den Spuren queerer Menschen im Mariahilf der NS-Zeit - Blog - Qwien - Zentrum f\u00fcr queere Geschichte","isPartOf":{"@id":"https:\/\/www.qwien.at\/en\/#website"},"primaryImageOfPage":{"@id":"https:\/\/www.qwien.at\/en\/qwien\/mit-andreas-brunner-auf-den-spuren-queerer-menschen-im-mariahilf-der-ns-zeit\/#primaryimage"},"image":{"@id":"https:\/\/www.qwien.at\/en\/qwien\/mit-andreas-brunner-auf-den-spuren-queerer-menschen-im-mariahilf-der-ns-zeit\/#primaryimage"},"thumbnailUrl":"https:\/\/www.qwien.at\/wp-content\/uploads\/2025\/02\/InstaPost_Kuraterfuehrung.png","datePublished":"2025-06-10T10:54:32+00:00","breadcrumb":{"@id":"https:\/\/www.qwien.at\/en\/qwien\/mit-andreas-brunner-auf-den-spuren-queerer-menschen-im-mariahilf-der-ns-zeit\/#breadcrumb"},"inLanguage":"en-US","potentialAction":[{"@type":"ReadAction","target":["https:\/\/www.qwien.at\/en\/qwien\/mit-andreas-brunner-auf-den-spuren-queerer-menschen-im-mariahilf-der-ns-zeit\/"]}]},{"@type":"ImageObject","inLanguage":"en-US","@id":"https:\/\/www.qwien.at\/en\/qwien\/mit-andreas-brunner-auf-den-spuren-queerer-menschen-im-mariahilf-der-ns-zeit\/#primaryimage","url":"https:\/\/www.qwien.at\/wp-content\/uploads\/2025\/02\/InstaPost_Kuraterfuehrung.png","contentUrl":"https:\/\/www.qwien.at\/wp-content\/uploads\/2025\/02\/InstaPost_Kuraterfuehrung.png","width":1080,"height":1350},{"@type":"BreadcrumbList","@id":"https:\/\/www.qwien.at\/en\/qwien\/mit-andreas-brunner-auf-den-spuren-queerer-menschen-im-mariahilf-der-ns-zeit\/#breadcrumb","itemListElement":[{"@type":"ListItem","position":1,"name":"Startseite","item":"https:\/\/www.qwien.at\/en\/"},{"@type":"ListItem","position":2,"name":"Mit Andreas Brunner auf den Spuren queerer Menschen im Mariahilf der NS-Zeit"}]},{"@type":"WebSite","@id":"https:\/\/www.qwien.at\/en\/#website","url":"https:\/\/www.qwien.at\/en\/","name":"Qwien - Zentrum f\u00fcr queere Geschichte","description":"","publisher":{"@id":"https:\/\/www.qwien.at\/en\/#organization"},"potentialAction":[{"@type":"SearchAction","target":{"@type":"EntryPoint","urlTemplate":"https:\/\/www.qwien.at\/en\/?s={search_term_string}"},"query-input":{"@type":"PropertyValueSpecification","valueRequired":true,"valueName":"search_term_string"}}],"inLanguage":"en-US"},{"@type":"Organization","@id":"https:\/\/www.qwien.at\/en\/#organization","name":"Qwien","url":"https:\/\/www.qwien.at\/en\/","logo":{"@type":"ImageObject","inLanguage":"en-US","@id":"https:\/\/www.qwien.at\/en\/#\/schema\/logo\/image\/","url":"https:\/\/www.qwien.at\/wp-content\/uploads\/2025\/06\/seo-yoast-2.png","contentUrl":"https:\/\/www.qwien.at\/wp-content\/uploads\/2025\/06\/seo-yoast-2.png","width":697,"height":697,"caption":"Qwien"},"image":{"@id":"https:\/\/www.qwien.at\/en\/#\/schema\/logo\/image\/"},"sameAs":["https:\/\/www.instagram.com\/qwien.zentrum\/"]},{"@type":"Person","@id":"https:\/\/www.qwien.at\/en\/#\/schema\/person\/d3fe9114b43d8e5a558a6d20ca3e2920","name":"Andreas Brunner"}]}},"_links":{"self":[{"href":"https:\/\/www.qwien.at\/en\/wp-json\/wp\/v2\/posts\/11325","targetHints":{"allow":["GET"]}}],"collection":[{"href":"https:\/\/www.qwien.at\/en\/wp-json\/wp\/v2\/posts"}],"about":[{"href":"https:\/\/www.qwien.at\/en\/wp-json\/wp\/v2\/types\/post"}],"author":[{"embeddable":true,"href":"https:\/\/www.qwien.at\/en\/wp-json\/wp\/v2\/users\/4"}],"replies":[{"embeddable":true,"href":"https:\/\/www.qwien.at\/en\/wp-json\/wp\/v2\/comments?post=11325"}],"version-history":[{"count":0,"href":"https:\/\/www.qwien.at\/en\/wp-json\/wp\/v2\/posts\/11325\/revisions"}],"wp:featuredmedia":[{"embeddable":true,"href":"https:\/\/www.qwien.at\/en\/wp-json\/wp\/v2\/media\/10038"}],"wp:attachment":[{"href":"https:\/\/www.qwien.at\/en\/wp-json\/wp\/v2\/media?parent=11325"}],"wp:term":[{"taxonomy":"category","embeddable":true,"href":"https:\/\/www.qwien.at\/en\/wp-json\/wp\/v2\/categories?post=11325"},{"taxonomy":"post_tag","embeddable":true,"href":"https:\/\/www.qwien.at\/en\/wp-json\/wp\/v2\/tags?post=11325"}],"curies":[{"name":"wp","href":"https:\/\/api.w.org\/{rel}","templated":true}]}}