{"id":11327,"date":"2025-06-10T12:54:32","date_gmt":"2025-06-10T10:54:32","guid":{"rendered":"https:\/\/www.qwien.at\/nicht-kategorisiert\/call-for-papers-fachverband-homosexualitaet-und-geschichte-fhg-jahrestagung-2025\/"},"modified":"2025-06-10T12:54:32","modified_gmt":"2025-06-10T10:54:32","slug":"call-for-papers-fachverband-homosexualitaet-und-geschichte-fhg-jahrestagung-2025","status":"publish","type":"post","link":"https:\/\/www.qwien.at\/en\/qwien\/call-for-papers-fachverband-homosexualitaet-und-geschichte-fhg-jahrestagung-2025\/","title":{"rendered":"Call for Papers:                                               Fachverband Homosexualit\u00e4t und Geschichte (FHG) \u2013 Jahrestagung 2025"},"content":{"rendered":"\n<p class=\"has-text-align-left\">Zur Jahrestagung des Fachverbands <strong>Homosexualit\u00e4t und Geschichte (FHG)<\/strong> laden wir Sie\/Euch in diesem Jahr nach Graz\/\u00d6sterreich ein und freuen uns sehr, dass wir dabei von der Stadt Graz unterst\u00fctzt werden. Der \u00f6ffentliche Teil der Jahrestagung, die ganzt\u00e4gige Fachtagung, wird am Samstag, 11. Oktober 2025 im<br>Pavillon der Sozialdemokrat*innen im Grazer Volksgarten stattfinden.<br>Wir m\u00f6chten die diesj\u00e4hrige Jahrestagung erneut dem <strong>Themenfeld der (queeren) Erinnerungskultur<\/strong><br>widmen. Als Vortragsdauer sind 30 Minuten mit anschlie\u00dfender Diskussion vorgesehen. F\u00fcr die<br>Vortragenden sind Honorarzahlungen und die Erstattung von Hotel- und Fahrkosten vorgesehen. Die<br>Vortragstexte werden als Beitr\u00e4ge f\u00fcr die vereinseigene Fachzeitschrift \u201einvertito. Jahrbuch f\u00fcr die<br>Geschichte der Homosexualit\u00e4ten\u201c angefragt werden.<\/p>\n\n\n\n<p class=\"has-medium-font-size\"><br><strong>Aufruf zur Einreichung von Beitr\u00e4gen (Call for Papers)!<\/strong><\/p>\n\n\n\n<p><br>Gedenken hat einen hohen Stellenwert im \u00f6ffentlichen Diskurs und Handeln. Erst in den letzten Jahrzehnten haben sexuelle und geschlechtliche Identit\u00e4ten jenseits der Heterosexualit\u00e4t einen Raum und festen Ort in der Gedenkkultur gefunden. Oft wurden diese angeregt und\/oder erstritten von lokalen Geschichtsinitiativen und h\u00e4ufig erst nach langen Diskussionen umgesetzt.<br>F\u00fcr die Vortragsthemen der Jahrestagung k\u00f6nnen konkrete Gedenk-Projekte in den Blick genommen<br>werden: Solche, die umgesetzt wurden wie z.B. 1994 der \u201eFrankfurter Engel\u201c in Frankfurt\/Main, 1995 das<br>\u201eMahnmal f\u00fcr die lesbischen und schwulen Opfer des Nationalsozialismus\u201c in K\u00f6ln, 2008 das \u201eMahnmal f\u00fcr die im Nationalsozialismus verfolgten Homosexuellen\u201c in Berlin oder die \u201eGedenkkugel\u201c der Initiative<br>&#8220;Autonome feministische Frauen und Lesben aus Deutschland und \u00d6sterreich&#8221; als Gedenkzeichen an<br>lesbische Frauen im KZ Ravensbr\u00fcck im Jahr 2022 oder das j\u00fcngste \u201eDenkmal f\u00fcr M\u00e4nner und Frauen, die<br>Opfer der Homosexuellen-Verfolgung in der NS-Zeit wurden&#8221; 2023 in Wien. Insbesondere interessiert auch die Auseinandersetzung mit Projekten in Planung wie das \u201eProjekt Gedenkzeichen in Graz\u201c.<\/p>\n\n\n\n<p class=\"has-medium-font-size\"><br><strong>Uns interessieren folgende Fragestellungen:<\/strong><\/p>\n\n\n\n<p><br><strong>\u2013<\/strong> Wie werden bereits bestehende Denkmale oder Gedenkorte angenommen? Wie ist ihre Wirkung<br>auf den sie umgebenden (zumeist \u00f6ffentlichen) Raum? Gibt es Formen der Interaktion? Gibt es<br>Aneignungsprozesse, Bedeutungsverschiebungen, Bedeutungsverengungen oder -erweiterungen?<br><strong>\u2013<\/strong> Wie gesichert\/gef\u00e4hrdet sind sie?<br><strong>\u2013<\/strong> Wie sehr zeigen die Gedenkprojekte in die Vergangenheit? Inwiefern beziehen sie Gegenw\u00e4rtiges<br>ein oder sind sie in die Zukunft gerichtet? Gibt es andere Formen des Erinnerns\/Gedenkens?<\/p>\n\n\n\n<p>Dar\u00fcber hinaus besteht die M\u00f6glichkeit Werkstattberichte aus aktuellen Forschungsprojekten einzureichen.<\/p>\n\n\n\n<p><br>Themenvorschl\u00e4ge (maximal <strong>1 Seite DIN A 4<\/strong> mit zus\u00e4tzlichen kurzen <strong>biographischen Angaben<\/strong>) k\u00f6nnen <strong>bis 30. April 2025<\/strong> an den Fachverband Homosexualit\u00e4t und Geschichte, Email: <strong>fhg@invertito.de<\/strong> gerichtet<br>werden. Die ausgew\u00e4hlten Vortragenden werden bis 31. Mai 2025 informiert. Wir freuen uns \u00fcber Ihre\/Eure Themenvorschl\u00e4ge!<\/p>\n\n\n\n<figure class=\"wp-block-image size-full is-resized\"><img loading=\"lazy\" decoding=\"async\" width=\"612\" height=\"205\" src=\"https:\/\/www.qwien.at\/wp-content\/uploads\/2025\/02\/image.png\" alt=\"\" class=\"wp-image-7915\" style=\"width:222px;height:auto\" srcset=\"https:\/\/www.qwien.at\/wp-content\/uploads\/2025\/02\/image.png 612w, https:\/\/www.qwien.at\/wp-content\/uploads\/2025\/02\/image-300x100.png 300w, https:\/\/www.qwien.at\/wp-content\/uploads\/2025\/02\/image-18x6.png 18w\" sizes=\"auto, (max-width: 612px) 100vw, 612px\" \/><\/figure>\n\n\n\n<p class=\"has-small-font-size\"><br>K\u00f6ln, Februar 2025, Vorstand Fachverband Homosexualit\u00e4t und Geschichte e.V. (https:\/\/fhg-invertito.de\/)<br>Elena Barta, Michael Sch\u00f6n, Martin S\u00f6lle, Karl-Heinz Steinle<\/p>\n","protected":false},"excerpt":{"rendered":"<p>Zur Jahrestagung des Fachverbands Homosexualit\u00e4t und Geschichte (FHG) laden wir Sie\/Euch in diesem Jahr nach Graz\/\u00d6sterreich ein und freuen uns sehr, dass wir dabei von der Stadt Graz unterst\u00fctzt werden. Der \u00f6ffentliche Teil der Jahrestagung, die ganzt\u00e4gige Fachtagung, wird am Samstag, 11. Oktober 2025 imPavillon der Sozialdemokrat*innen im Grazer Volksgarten stattfinden.Wir m\u00f6chten die diesj\u00e4hrige Jahrestagung [&hellip;]<\/p>\n","protected":false},"author":4,"featured_media":10046,"comment_status":"closed","ping_status":"open","sticky":false,"template":"","format":"standard","meta":{"_acf_changed":false,"footnotes":""},"categories":[272,274,276],"tags":[490,485,303,305,491],"class_list":["post-11327","post","type-post","status-publish","format-standard","has-post-thumbnail","hentry","category-qwien","category-qwien-studies","category-webarchive","tag-forschen","tag-gedenken","tag-geschichte","tag-homosexualitaet","tag-open-call","grve-entry-item","grve-blog-item"],"acf":[],"yoast_head":"<!-- This site is optimized with the Yoast SEO plugin v27.5 - https:\/\/yoast.com\/product\/yoast-seo-wordpress\/ -->\n<title>Call for Papers:                        Fachverband Homosexualit\u00e4t und Geschichte (FHG) \u2013 Jahrestagung 2025 - Blog - Qwien - Zentrum f\u00fcr queere Geschichte<\/title>\n<meta name=\"robots\" content=\"index, follow, max-snippet:-1, max-image-preview:large, max-video-preview:-1\" \/>\n<link rel=\"canonical\" href=\"https:\/\/www.qwien.at\/en\/qwien\/call-for-papers-fachverband-homosexualitaet-und-geschichte-fhg-jahrestagung-2025\/\" \/>\n<meta property=\"og:locale\" content=\"en_US\" \/>\n<meta property=\"og:type\" content=\"article\" \/>\n<meta property=\"og:title\" content=\"Call for Papers:                        Fachverband Homosexualit\u00e4t und Geschichte (FHG) \u2013 Jahrestagung 2025 - Blog - Qwien - Zentrum f\u00fcr queere Geschichte\" \/>\n<meta property=\"og:description\" content=\"Zur Jahrestagung des Fachverbands Homosexualit\u00e4t und Geschichte (FHG) laden wir Sie\/Euch in diesem Jahr nach Graz\/\u00d6sterreich ein und freuen uns sehr, dass wir dabei von der Stadt Graz unterst\u00fctzt werden. Der \u00f6ffentliche Teil der Jahrestagung, die ganzt\u00e4gige Fachtagung, wird am Samstag, 11. Oktober 2025 imPavillon der Sozialdemokrat*innen im Grazer Volksgarten stattfinden.Wir m\u00f6chten die diesj\u00e4hrige Jahrestagung [&hellip;]\" \/>\n<meta property=\"og:url\" content=\"https:\/\/www.qwien.at\/en\/qwien\/call-for-papers-fachverband-homosexualitaet-und-geschichte-fhg-jahrestagung-2025\/\" \/>\n<meta property=\"og:site_name\" content=\"Qwien - Zentrum f\u00fcr queere Geschichte\" \/>\n<meta property=\"article:published_time\" content=\"2025-06-10T10:54:32+00:00\" \/>\n<meta property=\"og:image\" content=\"https:\/\/www.qwien.at\/wp-content\/uploads\/2025\/02\/image.png\" \/>\n\t<meta property=\"og:image:width\" content=\"612\" \/>\n\t<meta property=\"og:image:height\" content=\"205\" \/>\n\t<meta property=\"og:image:type\" content=\"image\/png\" \/>\n<meta name=\"author\" content=\"Andreas Brunner\" \/>\n<meta name=\"twitter:card\" content=\"summary_large_image\" \/>\n<meta name=\"twitter:label1\" content=\"Written by\" \/>\n\t<meta name=\"twitter:data1\" content=\"Andreas Brunner\" \/>\n\t<meta name=\"twitter:label2\" content=\"Est. reading time\" \/>\n\t<meta name=\"twitter:data2\" content=\"2 minutes\" \/>\n<script type=\"application\/ld+json\" class=\"yoast-schema-graph\">{\"@context\":\"https:\\\/\\\/schema.org\",\"@graph\":[{\"@type\":[\"Article\",\"BlogPosting\"],\"@id\":\"https:\\\/\\\/www.qwien.at\\\/en\\\/qwien\\\/call-for-papers-fachverband-homosexualitaet-und-geschichte-fhg-jahrestagung-2025\\\/#article\",\"isPartOf\":{\"@id\":\"https:\\\/\\\/www.qwien.at\\\/en\\\/qwien\\\/call-for-papers-fachverband-homosexualitaet-und-geschichte-fhg-jahrestagung-2025\\\/\"},\"author\":{\"name\":\"Andreas Brunner\",\"@id\":\"https:\\\/\\\/www.qwien.at\\\/en\\\/#\\\/schema\\\/person\\\/d3fe9114b43d8e5a558a6d20ca3e2920\"},\"headline\":\"Call for Papers: Fachverband Homosexualit\u00e4t und Geschichte (FHG) \u2013 Jahrestagung 2025\",\"datePublished\":\"2025-06-10T10:54:32+00:00\",\"mainEntityOfPage\":{\"@id\":\"https:\\\/\\\/www.qwien.at\\\/en\\\/qwien\\\/call-for-papers-fachverband-homosexualitaet-und-geschichte-fhg-jahrestagung-2025\\\/\"},\"wordCount\":439,\"publisher\":{\"@id\":\"https:\\\/\\\/www.qwien.at\\\/en\\\/#organization\"},\"image\":{\"@id\":\"https:\\\/\\\/www.qwien.at\\\/en\\\/qwien\\\/call-for-papers-fachverband-homosexualitaet-und-geschichte-fhg-jahrestagung-2025\\\/#primaryimage\"},\"thumbnailUrl\":\"https:\\\/\\\/www.qwien.at\\\/wp-content\\\/uploads\\\/2025\\\/02\\\/Arcus-im-Regen_c-Qwien_Andreas-Brunner.jpeg\",\"keywords\":[\"Forschen\",\"Gedenken\",\"Geschichte\",\"Homosexualit\u00e4t\",\"Open Call\"],\"articleSection\":[\"Qwien\",\"Studies\",\"Webarchiv\"],\"inLanguage\":\"en-US\"},{\"@type\":\"WebPage\",\"@id\":\"https:\\\/\\\/www.qwien.at\\\/en\\\/qwien\\\/call-for-papers-fachverband-homosexualitaet-und-geschichte-fhg-jahrestagung-2025\\\/\",\"url\":\"https:\\\/\\\/www.qwien.at\\\/en\\\/qwien\\\/call-for-papers-fachverband-homosexualitaet-und-geschichte-fhg-jahrestagung-2025\\\/\",\"name\":\"Call for Papers: Fachverband Homosexualit\u00e4t und Geschichte (FHG) \u2013 Jahrestagung 2025 - Blog - Qwien - Zentrum f\u00fcr queere Geschichte\",\"isPartOf\":{\"@id\":\"https:\\\/\\\/www.qwien.at\\\/en\\\/#website\"},\"primaryImageOfPage\":{\"@id\":\"https:\\\/\\\/www.qwien.at\\\/en\\\/qwien\\\/call-for-papers-fachverband-homosexualitaet-und-geschichte-fhg-jahrestagung-2025\\\/#primaryimage\"},\"image\":{\"@id\":\"https:\\\/\\\/www.qwien.at\\\/en\\\/qwien\\\/call-for-papers-fachverband-homosexualitaet-und-geschichte-fhg-jahrestagung-2025\\\/#primaryimage\"},\"thumbnailUrl\":\"https:\\\/\\\/www.qwien.at\\\/wp-content\\\/uploads\\\/2025\\\/02\\\/Arcus-im-Regen_c-Qwien_Andreas-Brunner.jpeg\",\"datePublished\":\"2025-06-10T10:54:32+00:00\",\"breadcrumb\":{\"@id\":\"https:\\\/\\\/www.qwien.at\\\/en\\\/qwien\\\/call-for-papers-fachverband-homosexualitaet-und-geschichte-fhg-jahrestagung-2025\\\/#breadcrumb\"},\"inLanguage\":\"en-US\",\"potentialAction\":[{\"@type\":\"ReadAction\",\"target\":[\"https:\\\/\\\/www.qwien.at\\\/en\\\/qwien\\\/call-for-papers-fachverband-homosexualitaet-und-geschichte-fhg-jahrestagung-2025\\\/\"]}]},{\"@type\":\"ImageObject\",\"inLanguage\":\"en-US\",\"@id\":\"https:\\\/\\\/www.qwien.at\\\/en\\\/qwien\\\/call-for-papers-fachverband-homosexualitaet-und-geschichte-fhg-jahrestagung-2025\\\/#primaryimage\",\"url\":\"https:\\\/\\\/www.qwien.at\\\/wp-content\\\/uploads\\\/2025\\\/02\\\/Arcus-im-Regen_c-Qwien_Andreas-Brunner.jpeg\",\"contentUrl\":\"https:\\\/\\\/www.qwien.at\\\/wp-content\\\/uploads\\\/2025\\\/02\\\/Arcus-im-Regen_c-Qwien_Andreas-Brunner.jpeg\",\"width\":2048,\"height\":1536},{\"@type\":\"BreadcrumbList\",\"@id\":\"https:\\\/\\\/www.qwien.at\\\/en\\\/qwien\\\/call-for-papers-fachverband-homosexualitaet-und-geschichte-fhg-jahrestagung-2025\\\/#breadcrumb\",\"itemListElement\":[{\"@type\":\"ListItem\",\"position\":1,\"name\":\"Startseite\",\"item\":\"https:\\\/\\\/www.qwien.at\\\/en\\\/\"},{\"@type\":\"ListItem\",\"position\":2,\"name\":\"Call for Papers: Fachverband Homosexualit\u00e4t und Geschichte (FHG) \u2013 Jahrestagung 2025\"}]},{\"@type\":\"WebSite\",\"@id\":\"https:\\\/\\\/www.qwien.at\\\/en\\\/#website\",\"url\":\"https:\\\/\\\/www.qwien.at\\\/en\\\/\",\"name\":\"Qwien - Zentrum f\u00fcr queere Geschichte\",\"description\":\"\",\"publisher\":{\"@id\":\"https:\\\/\\\/www.qwien.at\\\/en\\\/#organization\"},\"potentialAction\":[{\"@type\":\"SearchAction\",\"target\":{\"@type\":\"EntryPoint\",\"urlTemplate\":\"https:\\\/\\\/www.qwien.at\\\/en\\\/?s={search_term_string}\"},\"query-input\":{\"@type\":\"PropertyValueSpecification\",\"valueRequired\":true,\"valueName\":\"search_term_string\"}}],\"inLanguage\":\"en-US\"},{\"@type\":\"Organization\",\"@id\":\"https:\\\/\\\/www.qwien.at\\\/en\\\/#organization\",\"name\":\"Qwien\",\"url\":\"https:\\\/\\\/www.qwien.at\\\/en\\\/\",\"logo\":{\"@type\":\"ImageObject\",\"inLanguage\":\"en-US\",\"@id\":\"https:\\\/\\\/www.qwien.at\\\/en\\\/#\\\/schema\\\/logo\\\/image\\\/\",\"url\":\"https:\\\/\\\/www.qwien.at\\\/wp-content\\\/uploads\\\/2025\\\/06\\\/seo-yoast-2.png\",\"contentUrl\":\"https:\\\/\\\/www.qwien.at\\\/wp-content\\\/uploads\\\/2025\\\/06\\\/seo-yoast-2.png\",\"width\":697,\"height\":697,\"caption\":\"Qwien\"},\"image\":{\"@id\":\"https:\\\/\\\/www.qwien.at\\\/en\\\/#\\\/schema\\\/logo\\\/image\\\/\"},\"sameAs\":[\"https:\\\/\\\/www.instagram.com\\\/qwien.zentrum\\\/\"]},{\"@type\":\"Person\",\"@id\":\"https:\\\/\\\/www.qwien.at\\\/en\\\/#\\\/schema\\\/person\\\/d3fe9114b43d8e5a558a6d20ca3e2920\",\"name\":\"Andreas Brunner\"}]}<\/script>\n<!-- \/ Yoast SEO plugin. -->","yoast_head_json":{"title":"Call for Papers:                        Fachverband Homosexualit\u00e4t und Geschichte (FHG) \u2013 Jahrestagung 2025 - Blog - Qwien - Zentrum f\u00fcr queere Geschichte","robots":{"index":"index","follow":"follow","max-snippet":"max-snippet:-1","max-image-preview":"max-image-preview:large","max-video-preview":"max-video-preview:-1"},"canonical":"https:\/\/www.qwien.at\/en\/qwien\/call-for-papers-fachverband-homosexualitaet-und-geschichte-fhg-jahrestagung-2025\/","og_locale":"en_US","og_type":"article","og_title":"Call for Papers:                        Fachverband Homosexualit\u00e4t und Geschichte (FHG) \u2013 Jahrestagung 2025 - Blog - Qwien - Zentrum f\u00fcr queere Geschichte","og_description":"Zur Jahrestagung des Fachverbands Homosexualit\u00e4t und Geschichte (FHG) laden wir Sie\/Euch in diesem Jahr nach Graz\/\u00d6sterreich ein und freuen uns sehr, dass wir dabei von der Stadt Graz unterst\u00fctzt werden. Der \u00f6ffentliche Teil der Jahrestagung, die ganzt\u00e4gige Fachtagung, wird am Samstag, 11. Oktober 2025 imPavillon der Sozialdemokrat*innen im Grazer Volksgarten stattfinden.Wir m\u00f6chten die diesj\u00e4hrige Jahrestagung [&hellip;]","og_url":"https:\/\/www.qwien.at\/en\/qwien\/call-for-papers-fachverband-homosexualitaet-und-geschichte-fhg-jahrestagung-2025\/","og_site_name":"Qwien - Zentrum f\u00fcr queere Geschichte","article_published_time":"2025-06-10T10:54:32+00:00","og_image":[{"width":612,"height":205,"url":"https:\/\/www.qwien.at\/wp-content\/uploads\/2025\/02\/image.png","type":"image\/png"}],"author":"Andreas Brunner","twitter_card":"summary_large_image","twitter_misc":{"Written by":"Andreas Brunner","Est. reading time":"2 minutes"},"schema":{"@context":"https:\/\/schema.org","@graph":[{"@type":["Article","BlogPosting"],"@id":"https:\/\/www.qwien.at\/en\/qwien\/call-for-papers-fachverband-homosexualitaet-und-geschichte-fhg-jahrestagung-2025\/#article","isPartOf":{"@id":"https:\/\/www.qwien.at\/en\/qwien\/call-for-papers-fachverband-homosexualitaet-und-geschichte-fhg-jahrestagung-2025\/"},"author":{"name":"Andreas Brunner","@id":"https:\/\/www.qwien.at\/en\/#\/schema\/person\/d3fe9114b43d8e5a558a6d20ca3e2920"},"headline":"Call for Papers: Fachverband Homosexualit\u00e4t und Geschichte (FHG) \u2013 Jahrestagung 2025","datePublished":"2025-06-10T10:54:32+00:00","mainEntityOfPage":{"@id":"https:\/\/www.qwien.at\/en\/qwien\/call-for-papers-fachverband-homosexualitaet-und-geschichte-fhg-jahrestagung-2025\/"},"wordCount":439,"publisher":{"@id":"https:\/\/www.qwien.at\/en\/#organization"},"image":{"@id":"https:\/\/www.qwien.at\/en\/qwien\/call-for-papers-fachverband-homosexualitaet-und-geschichte-fhg-jahrestagung-2025\/#primaryimage"},"thumbnailUrl":"https:\/\/www.qwien.at\/wp-content\/uploads\/2025\/02\/Arcus-im-Regen_c-Qwien_Andreas-Brunner.jpeg","keywords":["Forschen","Gedenken","Geschichte","Homosexualit\u00e4t","Open Call"],"articleSection":["Qwien","Studies","Webarchiv"],"inLanguage":"en-US"},{"@type":"WebPage","@id":"https:\/\/www.qwien.at\/en\/qwien\/call-for-papers-fachverband-homosexualitaet-und-geschichte-fhg-jahrestagung-2025\/","url":"https:\/\/www.qwien.at\/en\/qwien\/call-for-papers-fachverband-homosexualitaet-und-geschichte-fhg-jahrestagung-2025\/","name":"Call for Papers: Fachverband Homosexualit\u00e4t und Geschichte (FHG) \u2013 Jahrestagung 2025 - Blog - Qwien - Zentrum f\u00fcr queere Geschichte","isPartOf":{"@id":"https:\/\/www.qwien.at\/en\/#website"},"primaryImageOfPage":{"@id":"https:\/\/www.qwien.at\/en\/qwien\/call-for-papers-fachverband-homosexualitaet-und-geschichte-fhg-jahrestagung-2025\/#primaryimage"},"image":{"@id":"https:\/\/www.qwien.at\/en\/qwien\/call-for-papers-fachverband-homosexualitaet-und-geschichte-fhg-jahrestagung-2025\/#primaryimage"},"thumbnailUrl":"https:\/\/www.qwien.at\/wp-content\/uploads\/2025\/02\/Arcus-im-Regen_c-Qwien_Andreas-Brunner.jpeg","datePublished":"2025-06-10T10:54:32+00:00","breadcrumb":{"@id":"https:\/\/www.qwien.at\/en\/qwien\/call-for-papers-fachverband-homosexualitaet-und-geschichte-fhg-jahrestagung-2025\/#breadcrumb"},"inLanguage":"en-US","potentialAction":[{"@type":"ReadAction","target":["https:\/\/www.qwien.at\/en\/qwien\/call-for-papers-fachverband-homosexualitaet-und-geschichte-fhg-jahrestagung-2025\/"]}]},{"@type":"ImageObject","inLanguage":"en-US","@id":"https:\/\/www.qwien.at\/en\/qwien\/call-for-papers-fachverband-homosexualitaet-und-geschichte-fhg-jahrestagung-2025\/#primaryimage","url":"https:\/\/www.qwien.at\/wp-content\/uploads\/2025\/02\/Arcus-im-Regen_c-Qwien_Andreas-Brunner.jpeg","contentUrl":"https:\/\/www.qwien.at\/wp-content\/uploads\/2025\/02\/Arcus-im-Regen_c-Qwien_Andreas-Brunner.jpeg","width":2048,"height":1536},{"@type":"BreadcrumbList","@id":"https:\/\/www.qwien.at\/en\/qwien\/call-for-papers-fachverband-homosexualitaet-und-geschichte-fhg-jahrestagung-2025\/#breadcrumb","itemListElement":[{"@type":"ListItem","position":1,"name":"Startseite","item":"https:\/\/www.qwien.at\/en\/"},{"@type":"ListItem","position":2,"name":"Call for Papers: Fachverband Homosexualit\u00e4t und Geschichte (FHG) \u2013 Jahrestagung 2025"}]},{"@type":"WebSite","@id":"https:\/\/www.qwien.at\/en\/#website","url":"https:\/\/www.qwien.at\/en\/","name":"Qwien - Zentrum f\u00fcr queere Geschichte","description":"","publisher":{"@id":"https:\/\/www.qwien.at\/en\/#organization"},"potentialAction":[{"@type":"SearchAction","target":{"@type":"EntryPoint","urlTemplate":"https:\/\/www.qwien.at\/en\/?s={search_term_string}"},"query-input":{"@type":"PropertyValueSpecification","valueRequired":true,"valueName":"search_term_string"}}],"inLanguage":"en-US"},{"@type":"Organization","@id":"https:\/\/www.qwien.at\/en\/#organization","name":"Qwien","url":"https:\/\/www.qwien.at\/en\/","logo":{"@type":"ImageObject","inLanguage":"en-US","@id":"https:\/\/www.qwien.at\/en\/#\/schema\/logo\/image\/","url":"https:\/\/www.qwien.at\/wp-content\/uploads\/2025\/06\/seo-yoast-2.png","contentUrl":"https:\/\/www.qwien.at\/wp-content\/uploads\/2025\/06\/seo-yoast-2.png","width":697,"height":697,"caption":"Qwien"},"image":{"@id":"https:\/\/www.qwien.at\/en\/#\/schema\/logo\/image\/"},"sameAs":["https:\/\/www.instagram.com\/qwien.zentrum\/"]},{"@type":"Person","@id":"https:\/\/www.qwien.at\/en\/#\/schema\/person\/d3fe9114b43d8e5a558a6d20ca3e2920","name":"Andreas Brunner"}]}},"_links":{"self":[{"href":"https:\/\/www.qwien.at\/en\/wp-json\/wp\/v2\/posts\/11327","targetHints":{"allow":["GET"]}}],"collection":[{"href":"https:\/\/www.qwien.at\/en\/wp-json\/wp\/v2\/posts"}],"about":[{"href":"https:\/\/www.qwien.at\/en\/wp-json\/wp\/v2\/types\/post"}],"author":[{"embeddable":true,"href":"https:\/\/www.qwien.at\/en\/wp-json\/wp\/v2\/users\/4"}],"replies":[{"embeddable":true,"href":"https:\/\/www.qwien.at\/en\/wp-json\/wp\/v2\/comments?post=11327"}],"version-history":[{"count":0,"href":"https:\/\/www.qwien.at\/en\/wp-json\/wp\/v2\/posts\/11327\/revisions"}],"wp:featuredmedia":[{"embeddable":true,"href":"https:\/\/www.qwien.at\/en\/wp-json\/wp\/v2\/media\/10046"}],"wp:attachment":[{"href":"https:\/\/www.qwien.at\/en\/wp-json\/wp\/v2\/media?parent=11327"}],"wp:term":[{"taxonomy":"category","embeddable":true,"href":"https:\/\/www.qwien.at\/en\/wp-json\/wp\/v2\/categories?post=11327"},{"taxonomy":"post_tag","embeddable":true,"href":"https:\/\/www.qwien.at\/en\/wp-json\/wp\/v2\/tags?post=11327"}],"curies":[{"name":"wp","href":"https:\/\/api.w.org\/{rel}","templated":true}]}}