{"id":11329,"date":"2025-06-10T12:54:32","date_gmt":"2025-06-10T10:54:32","guid":{"rendered":"https:\/\/www.qwien.at\/nicht-kategorisiert\/neu-eingetroffen-geschichte-und-erinnerungskultur\/"},"modified":"2025-06-10T12:54:32","modified_gmt":"2025-06-10T10:54:32","slug":"neu-eingetroffen-geschichte-und-erinnerungskultur","status":"publish","type":"post","link":"https:\/\/www.qwien.at\/en\/qwien-books\/neu-eingetroffen-geschichte-und-erinnerungskultur\/","title":{"rendered":"Neu eingetroffen \u2013 Geschichte und Erinnerungskultur"},"content":{"rendered":"\n<p>Tara Prochaska empfiehlt vier neu eingetroffene B\u00fccher, welche sich mit verschiedenen Aspekten queerer Geschichte und Erinnerungskultur auseinandersetzen. Klaus van Eickels und Christine van Eickels schreiben eine \u00dcberblicksgeschichte m\u00e4nnlicher Homosexualit\u00e4ten von der Antike bis heute. Magda Borys\u0142awska befasst sich mit einem Aspekt homosexueller Geschichte: Homosexuellenverfolgung im Dritten Reich und die Erinnerung an ihre Opfer. Erinnerungskultur steht auch in Mittelpunkt der Publikation S\u00e9bastien Tremblays. Er diskutiert den Rosa Winkel als globales Symbol der Erinnerung mit einem Fokus auf seine Bedeutung und Geschichte.\u00a0<\/p>\n\n\n\n<p><strong>Klaus van Eickels, Christine van Eickels (Hrsg.): Sodomiter, P\u00e4derasten, Homosexuelle. Mann-m\u00e4nnliches Begehren und homosexuelles Handeln von der Antike bis zur Ehe f\u00fcr alle. Bamberg: University of Bamberg Press 2024 (bei <a href=\"https:\/\/www.loewenherz.at\/index_lw_nr.php?LWNR=24425\">L\u00f6wenherz<\/a> erh\u00e4ltlich) <\/strong><\/p>\n\n\n\n<p>In diesem ersten Band der Reihe <em>Editionen und Studien zur Geschichte der Sexualit\u00e4ten<\/em> befassen sich mehrere Historiker:innen mit mann-m\u00e4nnlichen Homosexualit\u00e4ten in der Geschichte. Die Beitr\u00e4ge reichen von der Antike bis zur Gegenwart und von der Weimarer Republik bis zur heutigen islamischen Welt. Zu Beginn des Sammelbandes diskutiert Klaus van Eickels den Wandel von Wahrnehmungen homosexueller Handlungen im vormodernen Europa und damit auch die Problematik einer unreflektierten Projektion des Begriffs \u201ehomosexuell\u201c auf die Vergangenheit. Die darauffolgenden Beitr\u00e4ge bieten geographisch verteilte Einblicke in die verschiedensten historischen Abschnitte.<\/p>\n\n\n\n<p>Joachim K\u00fcgler besch\u00e4ftigt sich mit dem Verh\u00e4ltnis zwischen historischen Gesellschaften und biblischen Texten mit Bezug auf mann-m\u00e4nnliche sexuelle Handlungen. Jan B. Meister stellt antike M\u00e4nnlichkeiten und Vorstellungen m\u00e4nnlicher Sexualit\u00e4ten in den Fokus seines Beitrags. Sabine Freitag vergleicht die F\u00e4lle der beiden homosexuellen Monarchen Ludwig II. von Bayern und Karl I. von W\u00fcrttemberg. Norman Domeier stellt neue Fragen zum Eulenburgskandal 1907-1909. Stefan Micheler zieht Zeitschriften der Weimarer Republik heran, um homosexuelle Identit\u00e4ten zu erforschen. Alexander Zinn handelt neue Erkenntnisse und Debatten zu Homosexualit\u00e4t im Nationalsozialismus ab. Muslimische Diskurse und islamisches Recht im Bereich des mann-m\u00e4nnlichen Begehren bis in die Gegenwart werden von Serena Tolino beleuchtet. Abschlie\u00dfend schreibt Arash Guitoo zu mann-m\u00e4nnlichen Begierden und gesellschaftlichen Haltungen gegen\u00fcber Homosexualit\u00e4t im Iran.<\/p>\n\n\n\n<p>Eine Vielfalt an Bereichen der m\u00e4nnlich homosexuellen Geschichte wird in <em>Sodomiter, P\u00e4derasten, Homosexuelle<\/em> aufgegriffen: eine Bereicherung f\u00fcr alle, die sich f\u00fcr globale queere Geschichte interessieren.<\/p>\n\n\n\n<p><strong>Magda Borys\u0142awska: Von der Stigmatisierung zur Massenvernichtung. New York u.a.: Peter Lang 2024 (bei <a href=\"https:\/\/www.loewenherz.at\/index_lw_nr.php?LWNR=24405\">L\u00f6wenherz <\/a>erh\u00e4ltlich)<\/strong><\/p>\n\n\n\n<p>Die studierte Germanistin und interdisziplin\u00e4re Diskursforscherin Magda Borys\u0142awska setzt sich in diesem Werk, welches Teil der Reihe Lodzer Arbeiten zur Literatur- und Kulturwissenschaft (hrsg, Joanna Jablowska, Kalina Kupczynska, Arthur Pelka) ist, mit der Verfolgung homosexueller M\u00e4nner im Nationalsozialismus auseinander. Dabei st\u00fctzt sich die Arbeit auf einen gro\u00dfen Literaturkorpus und pers\u00f6nliche Dokumente. Es wird die These formuliert, dass moralische Panik der Grund f\u00fcr die Stigmatisierung homosexueller M\u00e4nner war und aufgezeigt, wie diese im Laufe des Zweiten Weltkrieges zu einer systematischen Massenvernichtung f\u00fchrte. F\u00fcr diese Diskussion sind nicht nur historische Fakten, sondern auch die ihnen zugrunde liegenden Mechanismen und Diskurse von gro\u00dfer Relevanz.<\/p>\n\n\n\n<p>Dieser Band \u00f6ffnet durch das Heranziehen verschiedener Quellen und Einsetzen soziologischer Methoden neue Perspektiven auf die Verfolgung homosexueller M\u00e4nner im Nationalsozialismus und die dahinter gelegenen vielschichtigen Prozesse.<\/p>\n\n\n\n<p><strong>Sebastien Tremblay: A Badge Of Injury. The Pink Triangle as Global Symbol of Memory. Berlin\/Boston: De Gruyter Oldenburg 2024.<\/strong><\/p>\n\n\n\n<p>Im Mittelpunkt dieses zweiten Bandes der Reihe <em>Transnational Queer Histories<\/em> (hrsg. Bodie A. Ashton und Sabrina Mittermeier) steht der Rosa Winkel als Symbol f\u00fcr Erinnerung der homosexuellen Opfer des Nationalsozialismus. Mit dem Rosa Winkel als roten Faden hantelt sich der Autor von seiner Entstehungsgeschichte \u00fcber den Gebrauch als Erkennungszeichen homosexueller H\u00e4ftlinge in Konzentrationslager bis zu seiner heutigen Verwendung. In Zuge dessen erh\u00e4lt der Rosa Winkel mehrere Bezeichnungen, welche seine Konnotation in verschiedenen Kontexten anschaulich machen sollen \u2013 ein Abzeichen der Erinnerung, Narrative, Inklusion, Exklusion, Universalisierung, Verg\u00e4nglichkeiten, des \u00dcberlebens. Methodisch sprengt Tremblay durch den Fokus auf ein Symbol, welches auf der ganzen Welt Verwendung fand, nationale Grenzen und leistet somit nicht nur einen Beitrag zum Bereich queerer Geschichte, sondern auch der globalen Geschichte mit einem Fokus auf Aktivismus und Erinnerungskulturen. <em>A Badge Of Injury<\/em> grenzt sich zudem von der Tradition einer Euro-Amerikanischen Geschichtsschreibung und Binarit\u00e4tsdenken in der queeren Geschichte ab. Nicht nur der Rosa Winkel wird reflektiert, sondern auch die historischen Landschaften und Diskurse, in welchen er sich bewegte. In Tremblays Arbeit repr\u00e4sentiert der Rosa Winkel eine M\u00f6glichkeit, viele verschiedene Aspekte queerer Geschichte zu analysieren und Hegemonien zu dekonstruieren.<\/p>\n\n\n\n<p><em>A Badge Of Injury<\/em> bietet interessante Einblicke in die Geschichte des Rosa Winkels und gr\u00f6\u00dfere transnationale Prozesse, in welchen das Symbol verschiedene Bedeutungen hatte. Eine interessante Arbeit, welche eine gro\u00dfe Bandbreite an wichtigen Bereichen queerer Geschichte behandelt.<\/p>\n\n\n\n<p><strong>Glam \u2013 Performance \u2013 Drag \u2013 Critical Queerness \u2013 Camp. Neue Rundschau (135. Jahrgang, 2024, Heft 2). Frankfurt: S. Fischer 2024 (bei <a href=\"https:\/\/www.loewenherz.at\/index_lw_nr.php?LWNR=23238\">L\u00f6wenherz<\/a> erh\u00e4ltlich) <\/strong><\/p>\n\n\n\n<p>\u201eHeteronormative Grenzen sprengen\u201c lautet die Devise f\u00fcr diese Ausgabe der altehrw\u00fcrdigen Literaturzeitschrift <em>Neue Rundschau, <\/em>in der schon Texte von Thomas Mann u.\u00e4. publiziert wurden. Ein Blick in das aktuelle Heft empfiehlt f\u00fcr alle literaturbegeisterte Leser:innen, die sich auf die verschiedensten Themen und Textsorten einlassen wollen.<\/p>\n\n\n\n<p><em>Glam \u2013 Performance \u2013 Drag \u2013 Critical Queerness \u2013 Camp<\/em> sind die Schlagworte, mit denen sich die dreizehn Beitr\u00e4ge in dieser Ausgabe befassen. Zwischen diesen Texten zu georgischem Drag, Barbie und ihren Bezug zu Susan Sontags bahnbrechendem Essay zum Camp-Begriff, Mode der Literaturwelt und Prosa mit queeren Thematiken finden sich immer wieder kurze Gedichte des queeren Aktivisten Rosa von Praunheim und Fotos aus dem Archiv des franz\u00f6sischen Regisseurs S\u00e9bastien Lifshitz. Eine bunte Mischung, die anregt sich mit manchen Fragen weiter zu besch\u00e4ftigen.&nbsp;<\/p>\n","protected":false},"excerpt":{"rendered":"<p>Tara Prochaska empfiehlt vier neu eingetroffene B\u00fccher, welche sich mit verschiedenen Aspekten queerer Geschichte und Erinnerungskultur auseinandersetzen. Klaus van Eickels und Christine van Eickels schreiben eine \u00dcberblicksgeschichte m\u00e4nnlicher Homosexualit\u00e4ten von der Antike bis heute. Magda Borys\u0142awska befasst sich mit einem Aspekt homosexueller Geschichte: Homosexuellenverfolgung im Dritten Reich und die Erinnerung an ihre Opfer. Erinnerungskultur steht [&hellip;]<\/p>\n","protected":false},"author":4,"featured_media":10056,"comment_status":"closed","ping_status":"open","sticky":false,"template":"","format":"standard","meta":{"_acf_changed":false,"footnotes":""},"categories":[267,271],"tags":[494,495,303,363,304],"class_list":["post-11329","post","type-post","status-publish","format-standard","has-post-thumbnail","hentry","category-qwien-books","category-literature-archive","tag-buecher","tag-camp","tag-geschichte","tag-queere-geschichte","tag-rezension","grve-entry-item","grve-blog-item"],"acf":[],"yoast_head":"<!-- This site is optimized with the Yoast SEO plugin v27.5 - https:\/\/yoast.com\/product\/yoast-seo-wordpress\/ -->\n<title>Neu eingetroffen \u2013 Geschichte und Erinnerungskultur - Blog - Qwien - Zentrum f\u00fcr queere Geschichte<\/title>\n<meta name=\"robots\" content=\"index, follow, max-snippet:-1, max-image-preview:large, max-video-preview:-1\" \/>\n<link rel=\"canonical\" href=\"https:\/\/www.qwien.at\/en\/qwien-books\/neu-eingetroffen-geschichte-und-erinnerungskultur\/\" \/>\n<meta property=\"og:locale\" content=\"en_US\" \/>\n<meta property=\"og:type\" content=\"article\" \/>\n<meta property=\"og:title\" content=\"Neu eingetroffen \u2013 Geschichte und Erinnerungskultur - Blog - Qwien - Zentrum f\u00fcr queere Geschichte\" \/>\n<meta property=\"og:description\" content=\"Tara Prochaska empfiehlt vier neu eingetroffene B\u00fccher, welche sich mit verschiedenen Aspekten queerer Geschichte und Erinnerungskultur auseinandersetzen. Klaus van Eickels und Christine van Eickels schreiben eine \u00dcberblicksgeschichte m\u00e4nnlicher Homosexualit\u00e4ten von der Antike bis heute. Magda Borys\u0142awska befasst sich mit einem Aspekt homosexueller Geschichte: Homosexuellenverfolgung im Dritten Reich und die Erinnerung an ihre Opfer. Erinnerungskultur steht [&hellip;]\" \/>\n<meta property=\"og:url\" content=\"https:\/\/www.qwien.at\/en\/qwien-books\/neu-eingetroffen-geschichte-und-erinnerungskultur\/\" \/>\n<meta property=\"og:site_name\" content=\"Qwien - Zentrum f\u00fcr queere Geschichte\" \/>\n<meta property=\"article:published_time\" content=\"2025-06-10T10:54:32+00:00\" \/>\n<meta property=\"og:image\" content=\"https:\/\/www.qwien.at\/wp-content\/uploads\/2025\/06\/seo-yoast-1.png\" \/>\n\t<meta property=\"og:image:width\" content=\"1921\" \/>\n\t<meta property=\"og:image:height\" content=\"1081\" \/>\n\t<meta property=\"og:image:type\" content=\"image\/png\" \/>\n<meta name=\"author\" content=\"Andreas Brunner\" \/>\n<meta name=\"twitter:card\" content=\"summary_large_image\" \/>\n<meta name=\"twitter:label1\" content=\"Written by\" \/>\n\t<meta name=\"twitter:data1\" content=\"Andreas Brunner\" \/>\n\t<meta name=\"twitter:label2\" content=\"Est. reading time\" \/>\n\t<meta name=\"twitter:data2\" content=\"5 minutes\" \/>\n<script type=\"application\/ld+json\" class=\"yoast-schema-graph\">{\"@context\":\"https:\\\/\\\/schema.org\",\"@graph\":[{\"@type\":[\"Article\",\"BlogPosting\"],\"@id\":\"https:\\\/\\\/www.qwien.at\\\/en\\\/qwien-books\\\/neu-eingetroffen-geschichte-und-erinnerungskultur\\\/#article\",\"isPartOf\":{\"@id\":\"https:\\\/\\\/www.qwien.at\\\/en\\\/qwien-books\\\/neu-eingetroffen-geschichte-und-erinnerungskultur\\\/\"},\"author\":{\"name\":\"Andreas Brunner\",\"@id\":\"https:\\\/\\\/www.qwien.at\\\/en\\\/#\\\/schema\\\/person\\\/d3fe9114b43d8e5a558a6d20ca3e2920\"},\"headline\":\"Neu eingetroffen \u2013 Geschichte und Erinnerungskultur\",\"datePublished\":\"2025-06-10T10:54:32+00:00\",\"mainEntityOfPage\":{\"@id\":\"https:\\\/\\\/www.qwien.at\\\/en\\\/qwien-books\\\/neu-eingetroffen-geschichte-und-erinnerungskultur\\\/\"},\"wordCount\":941,\"publisher\":{\"@id\":\"https:\\\/\\\/www.qwien.at\\\/en\\\/#organization\"},\"image\":{\"@id\":\"https:\\\/\\\/www.qwien.at\\\/en\\\/qwien-books\\\/neu-eingetroffen-geschichte-und-erinnerungskultur\\\/#primaryimage\"},\"thumbnailUrl\":\"https:\\\/\\\/www.qwien.at\\\/wp-content\\\/uploads\\\/2025\\\/03\\\/Buecherblock.jpg\",\"keywords\":[\"B\u00fccher\",\"Camp\",\"Geschichte\",\"queere Geschichte\",\"Rezension\"],\"articleSection\":[\"Books\",\"Literature archive\"],\"inLanguage\":\"en-US\"},{\"@type\":\"WebPage\",\"@id\":\"https:\\\/\\\/www.qwien.at\\\/en\\\/qwien-books\\\/neu-eingetroffen-geschichte-und-erinnerungskultur\\\/\",\"url\":\"https:\\\/\\\/www.qwien.at\\\/en\\\/qwien-books\\\/neu-eingetroffen-geschichte-und-erinnerungskultur\\\/\",\"name\":\"Neu eingetroffen \u2013 Geschichte und Erinnerungskultur - Blog - Qwien - Zentrum f\u00fcr queere Geschichte\",\"isPartOf\":{\"@id\":\"https:\\\/\\\/www.qwien.at\\\/en\\\/#website\"},\"primaryImageOfPage\":{\"@id\":\"https:\\\/\\\/www.qwien.at\\\/en\\\/qwien-books\\\/neu-eingetroffen-geschichte-und-erinnerungskultur\\\/#primaryimage\"},\"image\":{\"@id\":\"https:\\\/\\\/www.qwien.at\\\/en\\\/qwien-books\\\/neu-eingetroffen-geschichte-und-erinnerungskultur\\\/#primaryimage\"},\"thumbnailUrl\":\"https:\\\/\\\/www.qwien.at\\\/wp-content\\\/uploads\\\/2025\\\/03\\\/Buecherblock.jpg\",\"datePublished\":\"2025-06-10T10:54:32+00:00\",\"breadcrumb\":{\"@id\":\"https:\\\/\\\/www.qwien.at\\\/en\\\/qwien-books\\\/neu-eingetroffen-geschichte-und-erinnerungskultur\\\/#breadcrumb\"},\"inLanguage\":\"en-US\",\"potentialAction\":[{\"@type\":\"ReadAction\",\"target\":[\"https:\\\/\\\/www.qwien.at\\\/en\\\/qwien-books\\\/neu-eingetroffen-geschichte-und-erinnerungskultur\\\/\"]}]},{\"@type\":\"ImageObject\",\"inLanguage\":\"en-US\",\"@id\":\"https:\\\/\\\/www.qwien.at\\\/en\\\/qwien-books\\\/neu-eingetroffen-geschichte-und-erinnerungskultur\\\/#primaryimage\",\"url\":\"https:\\\/\\\/www.qwien.at\\\/wp-content\\\/uploads\\\/2025\\\/03\\\/Buecherblock.jpg\",\"contentUrl\":\"https:\\\/\\\/www.qwien.at\\\/wp-content\\\/uploads\\\/2025\\\/03\\\/Buecherblock.jpg\",\"width\":1997,\"height\":830,\"caption\":\"Five books on history, memory culture, and queer studies displayed on a wooden surface.\"},{\"@type\":\"BreadcrumbList\",\"@id\":\"https:\\\/\\\/www.qwien.at\\\/en\\\/qwien-books\\\/neu-eingetroffen-geschichte-und-erinnerungskultur\\\/#breadcrumb\",\"itemListElement\":[{\"@type\":\"ListItem\",\"position\":1,\"name\":\"Startseite\",\"item\":\"https:\\\/\\\/www.qwien.at\\\/en\\\/\"},{\"@type\":\"ListItem\",\"position\":2,\"name\":\"Neu eingetroffen \u2013 Geschichte und Erinnerungskultur\"}]},{\"@type\":\"WebSite\",\"@id\":\"https:\\\/\\\/www.qwien.at\\\/en\\\/#website\",\"url\":\"https:\\\/\\\/www.qwien.at\\\/en\\\/\",\"name\":\"Qwien - Zentrum f\u00fcr queere Geschichte\",\"description\":\"\",\"publisher\":{\"@id\":\"https:\\\/\\\/www.qwien.at\\\/en\\\/#organization\"},\"potentialAction\":[{\"@type\":\"SearchAction\",\"target\":{\"@type\":\"EntryPoint\",\"urlTemplate\":\"https:\\\/\\\/www.qwien.at\\\/en\\\/?s={search_term_string}\"},\"query-input\":{\"@type\":\"PropertyValueSpecification\",\"valueRequired\":true,\"valueName\":\"search_term_string\"}}],\"inLanguage\":\"en-US\"},{\"@type\":\"Organization\",\"@id\":\"https:\\\/\\\/www.qwien.at\\\/en\\\/#organization\",\"name\":\"Qwien\",\"url\":\"https:\\\/\\\/www.qwien.at\\\/en\\\/\",\"logo\":{\"@type\":\"ImageObject\",\"inLanguage\":\"en-US\",\"@id\":\"https:\\\/\\\/www.qwien.at\\\/en\\\/#\\\/schema\\\/logo\\\/image\\\/\",\"url\":\"https:\\\/\\\/www.qwien.at\\\/wp-content\\\/uploads\\\/2025\\\/06\\\/seo-yoast-2.png\",\"contentUrl\":\"https:\\\/\\\/www.qwien.at\\\/wp-content\\\/uploads\\\/2025\\\/06\\\/seo-yoast-2.png\",\"width\":697,\"height\":697,\"caption\":\"Qwien\"},\"image\":{\"@id\":\"https:\\\/\\\/www.qwien.at\\\/en\\\/#\\\/schema\\\/logo\\\/image\\\/\"},\"sameAs\":[\"https:\\\/\\\/www.instagram.com\\\/qwien.zentrum\\\/\"]},{\"@type\":\"Person\",\"@id\":\"https:\\\/\\\/www.qwien.at\\\/en\\\/#\\\/schema\\\/person\\\/d3fe9114b43d8e5a558a6d20ca3e2920\",\"name\":\"Andreas Brunner\"}]}<\/script>\n<!-- \/ Yoast SEO plugin. -->","yoast_head_json":{"title":"Neu eingetroffen \u2013 Geschichte und Erinnerungskultur - Blog - Qwien - Zentrum f\u00fcr queere Geschichte","robots":{"index":"index","follow":"follow","max-snippet":"max-snippet:-1","max-image-preview":"max-image-preview:large","max-video-preview":"max-video-preview:-1"},"canonical":"https:\/\/www.qwien.at\/en\/qwien-books\/neu-eingetroffen-geschichte-und-erinnerungskultur\/","og_locale":"en_US","og_type":"article","og_title":"Neu eingetroffen \u2013 Geschichte und Erinnerungskultur - Blog - Qwien - Zentrum f\u00fcr queere Geschichte","og_description":"Tara Prochaska empfiehlt vier neu eingetroffene B\u00fccher, welche sich mit verschiedenen Aspekten queerer Geschichte und Erinnerungskultur auseinandersetzen. Klaus van Eickels und Christine van Eickels schreiben eine \u00dcberblicksgeschichte m\u00e4nnlicher Homosexualit\u00e4ten von der Antike bis heute. Magda Borys\u0142awska befasst sich mit einem Aspekt homosexueller Geschichte: Homosexuellenverfolgung im Dritten Reich und die Erinnerung an ihre Opfer. Erinnerungskultur steht [&hellip;]","og_url":"https:\/\/www.qwien.at\/en\/qwien-books\/neu-eingetroffen-geschichte-und-erinnerungskultur\/","og_site_name":"Qwien - Zentrum f\u00fcr queere Geschichte","article_published_time":"2025-06-10T10:54:32+00:00","og_image":[{"width":1921,"height":1081,"url":"https:\/\/www.qwien.at\/wp-content\/uploads\/2025\/06\/seo-yoast-1.png","type":"image\/png"}],"author":"Andreas Brunner","twitter_card":"summary_large_image","twitter_misc":{"Written by":"Andreas Brunner","Est. reading time":"5 minutes"},"schema":{"@context":"https:\/\/schema.org","@graph":[{"@type":["Article","BlogPosting"],"@id":"https:\/\/www.qwien.at\/en\/qwien-books\/neu-eingetroffen-geschichte-und-erinnerungskultur\/#article","isPartOf":{"@id":"https:\/\/www.qwien.at\/en\/qwien-books\/neu-eingetroffen-geschichte-und-erinnerungskultur\/"},"author":{"name":"Andreas Brunner","@id":"https:\/\/www.qwien.at\/en\/#\/schema\/person\/d3fe9114b43d8e5a558a6d20ca3e2920"},"headline":"Neu eingetroffen \u2013 Geschichte und Erinnerungskultur","datePublished":"2025-06-10T10:54:32+00:00","mainEntityOfPage":{"@id":"https:\/\/www.qwien.at\/en\/qwien-books\/neu-eingetroffen-geschichte-und-erinnerungskultur\/"},"wordCount":941,"publisher":{"@id":"https:\/\/www.qwien.at\/en\/#organization"},"image":{"@id":"https:\/\/www.qwien.at\/en\/qwien-books\/neu-eingetroffen-geschichte-und-erinnerungskultur\/#primaryimage"},"thumbnailUrl":"https:\/\/www.qwien.at\/wp-content\/uploads\/2025\/03\/Buecherblock.jpg","keywords":["B\u00fccher","Camp","Geschichte","queere Geschichte","Rezension"],"articleSection":["Books","Literature archive"],"inLanguage":"en-US"},{"@type":"WebPage","@id":"https:\/\/www.qwien.at\/en\/qwien-books\/neu-eingetroffen-geschichte-und-erinnerungskultur\/","url":"https:\/\/www.qwien.at\/en\/qwien-books\/neu-eingetroffen-geschichte-und-erinnerungskultur\/","name":"Neu eingetroffen \u2013 Geschichte und Erinnerungskultur - Blog - Qwien - Zentrum f\u00fcr queere Geschichte","isPartOf":{"@id":"https:\/\/www.qwien.at\/en\/#website"},"primaryImageOfPage":{"@id":"https:\/\/www.qwien.at\/en\/qwien-books\/neu-eingetroffen-geschichte-und-erinnerungskultur\/#primaryimage"},"image":{"@id":"https:\/\/www.qwien.at\/en\/qwien-books\/neu-eingetroffen-geschichte-und-erinnerungskultur\/#primaryimage"},"thumbnailUrl":"https:\/\/www.qwien.at\/wp-content\/uploads\/2025\/03\/Buecherblock.jpg","datePublished":"2025-06-10T10:54:32+00:00","breadcrumb":{"@id":"https:\/\/www.qwien.at\/en\/qwien-books\/neu-eingetroffen-geschichte-und-erinnerungskultur\/#breadcrumb"},"inLanguage":"en-US","potentialAction":[{"@type":"ReadAction","target":["https:\/\/www.qwien.at\/en\/qwien-books\/neu-eingetroffen-geschichte-und-erinnerungskultur\/"]}]},{"@type":"ImageObject","inLanguage":"en-US","@id":"https:\/\/www.qwien.at\/en\/qwien-books\/neu-eingetroffen-geschichte-und-erinnerungskultur\/#primaryimage","url":"https:\/\/www.qwien.at\/wp-content\/uploads\/2025\/03\/Buecherblock.jpg","contentUrl":"https:\/\/www.qwien.at\/wp-content\/uploads\/2025\/03\/Buecherblock.jpg","width":1997,"height":830,"caption":"Five books on history, memory culture, and queer studies displayed on a wooden surface."},{"@type":"BreadcrumbList","@id":"https:\/\/www.qwien.at\/en\/qwien-books\/neu-eingetroffen-geschichte-und-erinnerungskultur\/#breadcrumb","itemListElement":[{"@type":"ListItem","position":1,"name":"Startseite","item":"https:\/\/www.qwien.at\/en\/"},{"@type":"ListItem","position":2,"name":"Neu eingetroffen \u2013 Geschichte und Erinnerungskultur"}]},{"@type":"WebSite","@id":"https:\/\/www.qwien.at\/en\/#website","url":"https:\/\/www.qwien.at\/en\/","name":"Qwien - Zentrum f\u00fcr queere Geschichte","description":"","publisher":{"@id":"https:\/\/www.qwien.at\/en\/#organization"},"potentialAction":[{"@type":"SearchAction","target":{"@type":"EntryPoint","urlTemplate":"https:\/\/www.qwien.at\/en\/?s={search_term_string}"},"query-input":{"@type":"PropertyValueSpecification","valueRequired":true,"valueName":"search_term_string"}}],"inLanguage":"en-US"},{"@type":"Organization","@id":"https:\/\/www.qwien.at\/en\/#organization","name":"Qwien","url":"https:\/\/www.qwien.at\/en\/","logo":{"@type":"ImageObject","inLanguage":"en-US","@id":"https:\/\/www.qwien.at\/en\/#\/schema\/logo\/image\/","url":"https:\/\/www.qwien.at\/wp-content\/uploads\/2025\/06\/seo-yoast-2.png","contentUrl":"https:\/\/www.qwien.at\/wp-content\/uploads\/2025\/06\/seo-yoast-2.png","width":697,"height":697,"caption":"Qwien"},"image":{"@id":"https:\/\/www.qwien.at\/en\/#\/schema\/logo\/image\/"},"sameAs":["https:\/\/www.instagram.com\/qwien.zentrum\/"]},{"@type":"Person","@id":"https:\/\/www.qwien.at\/en\/#\/schema\/person\/d3fe9114b43d8e5a558a6d20ca3e2920","name":"Andreas Brunner"}]}},"_links":{"self":[{"href":"https:\/\/www.qwien.at\/en\/wp-json\/wp\/v2\/posts\/11329","targetHints":{"allow":["GET"]}}],"collection":[{"href":"https:\/\/www.qwien.at\/en\/wp-json\/wp\/v2\/posts"}],"about":[{"href":"https:\/\/www.qwien.at\/en\/wp-json\/wp\/v2\/types\/post"}],"author":[{"embeddable":true,"href":"https:\/\/www.qwien.at\/en\/wp-json\/wp\/v2\/users\/4"}],"replies":[{"embeddable":true,"href":"https:\/\/www.qwien.at\/en\/wp-json\/wp\/v2\/comments?post=11329"}],"version-history":[{"count":0,"href":"https:\/\/www.qwien.at\/en\/wp-json\/wp\/v2\/posts\/11329\/revisions"}],"wp:featuredmedia":[{"embeddable":true,"href":"https:\/\/www.qwien.at\/en\/wp-json\/wp\/v2\/media\/10056"}],"wp:attachment":[{"href":"https:\/\/www.qwien.at\/en\/wp-json\/wp\/v2\/media?parent=11329"}],"wp:term":[{"taxonomy":"category","embeddable":true,"href":"https:\/\/www.qwien.at\/en\/wp-json\/wp\/v2\/categories?post=11329"},{"taxonomy":"post_tag","embeddable":true,"href":"https:\/\/www.qwien.at\/en\/wp-json\/wp\/v2\/tags?post=11329"}],"curies":[{"name":"wp","href":"https:\/\/api.w.org\/{rel}","templated":true}]}}