{"id":12981,"date":"2026-04-30T11:13:00","date_gmt":"2026-04-30T09:13:00","guid":{"rendered":"https:\/\/www.qwien.at\/?p=12981"},"modified":"2026-04-30T16:43:04","modified_gmt":"2026-04-30T14:43:04","slug":"ralf-koenig-sweet-urges","status":"publish","type":"post","link":"https:\/\/www.qwien.at\/en\/exhibitions\/ralf-koenig-sweet-urges\/","title":{"rendered":"Ralf K\u00f6nig &#8211; Sweet Urges"},"content":{"rendered":"<div class=\"wpb-content-wrapper\"><p>[vc_row section_type=&#8221;container-width&#8221; padding_top_multiplier=&#8221;&#8221; padding_bottom_multiplier=&#8221;2x&#8221;][vc_column width=&#8221;1\/3&#8243; column_sticky=&#8221;yes&#8221; column_sticky_offset=&#8221;150&#8243;]<div class=\"grve-element grve-image grve-align-center\">\r\n\t<div class=\"grve-image-item\">\r\n\t\t\r\n\r\n<div class=\"grve-image-wrapper grve-no-effect\">\r\n\t\t<div class=\"grve-thumbnail-wrapper\"  style=\"width: 1120px;\"><div class=\"grve-thumbnail\"  style=\"padding-top: 133.393%;\"><img loading=\"lazy\" decoding=\"async\" width=\"1120\" height=\"1494\" src=\"https:\/\/www.qwien.at\/wp-content\/uploads\/2026\/04\/Kacheln_RK__2.png\" class=\"attachment-full size-full\" alt=\"Cartoon illustration of two characters engaging in playful artistic expression, promoting Ralf K\u00f6nig&#039;s exhibition.\" srcset=\"https:\/\/www.qwien.at\/wp-content\/uploads\/2026\/04\/Kacheln_RK__2.png 1x,https:\/\/www.qwien.at\/wp-content\/uploads\/2026\/04\/Kacheln_RK__2.png 2x\" data-column-space=\"auto\" data-lazyload=\"\" data-grve-filter=\"yes\" \/><\/div><\/div>\t<\/div>\r\n\t<\/div>\r\n<\/div>\r\n[vc_row_inner][vc_column_inner width=&#8221;1\/3&#8243;]<div class=\"grve-element grve-image grve-align-center grve-image-space-100 grve-image-expand-width\">\r\n\t<div class=\"grve-image-item\">\r\n\t\t\r\n\r\n<div class=\"grve-image-wrapper grve-no-effect\">\r\n\t\t<div class=\"grve-thumbnail-wrapper\"><div class=\"grve-thumbnail\"  style=\"padding-top: 75%;\"><img loading=\"lazy\" decoding=\"async\" width=\"2240\" height=\"1680\" src=\"https:\/\/www.qwien.at\/wp-content\/uploads\/2026\/02\/stadtwien-kutur-logo.png\" class=\"attachment-full size-full\" alt=\"Logo of Stadt Wien, featuring a shield and the word &quot;Kultur&quot; in pink.\" data-column-space=\"100\" data-lazyload=\"\" data-grve-filter=\"yes\" srcset=\"https:\/\/www.qwien.at\/wp-content\/uploads\/2026\/02\/stadtwien-kutur-logo.png 2240w, https:\/\/www.qwien.at\/wp-content\/uploads\/2026\/02\/stadtwien-kutur-logo-300x225.png 300w, https:\/\/www.qwien.at\/wp-content\/uploads\/2026\/02\/stadtwien-kutur-logo-1024x768.png 1024w, https:\/\/www.qwien.at\/wp-content\/uploads\/2026\/02\/stadtwien-kutur-logo-768x576.png 768w, https:\/\/www.qwien.at\/wp-content\/uploads\/2026\/02\/stadtwien-kutur-logo-1536x1152.png 1536w, https:\/\/www.qwien.at\/wp-content\/uploads\/2026\/02\/stadtwien-kutur-logo-560x420.png 560w, https:\/\/www.qwien.at\/wp-content\/uploads\/2026\/02\/stadtwien-kutur-logo-900x675.png 900w, https:\/\/www.qwien.at\/wp-content\/uploads\/2026\/02\/stadtwien-kutur-logo-1920x1440.png 1920w\" sizes=\"auto, (max-width: 2240px) 100vw, 2240px\" \/><\/div><\/div>\t<\/div>\r\n\t<\/div>\r\n<\/div>\r\n[\/vc_column_inner][vc_column_inner width=&#8221;1\/3&#8243;]<div class=\"grve-element grve-image grve-align-center grve-image-space-100 grve-image-expand-width\">\r\n\t<div class=\"grve-image-item\">\r\n\t\t\r\n\r\n<div class=\"grve-image-wrapper grve-no-effect\">\r\n\t\t<div class=\"grve-thumbnail-wrapper\"><div class=\"grve-thumbnail\"  style=\"padding-top: 75%;\"><img loading=\"lazy\" decoding=\"async\" width=\"2240\" height=\"1680\" src=\"https:\/\/www.qwien.at\/wp-content\/uploads\/2026\/02\/stadtwien-bildungjugend-logo.png\" class=\"attachment-full size-full\" alt=\"Logo of Stadt Wien, focusing on education and youth services.\" data-column-space=\"100\" data-lazyload=\"\" data-grve-filter=\"yes\" srcset=\"https:\/\/www.qwien.at\/wp-content\/uploads\/2026\/02\/stadtwien-bildungjugend-logo.png 2240w, https:\/\/www.qwien.at\/wp-content\/uploads\/2026\/02\/stadtwien-bildungjugend-logo-300x225.png 300w, https:\/\/www.qwien.at\/wp-content\/uploads\/2026\/02\/stadtwien-bildungjugend-logo-1024x768.png 1024w, https:\/\/www.qwien.at\/wp-content\/uploads\/2026\/02\/stadtwien-bildungjugend-logo-768x576.png 768w, https:\/\/www.qwien.at\/wp-content\/uploads\/2026\/02\/stadtwien-bildungjugend-logo-1536x1152.png 1536w, https:\/\/www.qwien.at\/wp-content\/uploads\/2026\/02\/stadtwien-bildungjugend-logo-560x420.png 560w, https:\/\/www.qwien.at\/wp-content\/uploads\/2026\/02\/stadtwien-bildungjugend-logo-900x675.png 900w, https:\/\/www.qwien.at\/wp-content\/uploads\/2026\/02\/stadtwien-bildungjugend-logo-1920x1440.png 1920w\" sizes=\"auto, (max-width: 2240px) 100vw, 2240px\" \/><\/div><\/div>\t<\/div>\r\n\t<\/div>\r\n<\/div>\r\n[\/vc_column_inner][vc_column_inner width=&#8221;1\/3&#8243;]<div style=\"height: 16px;\" class=\"grve-empty-space\"><\/div><div class=\"grve-element grve-image grve-align-center grve-image-space-100 grve-image-expand-width\">\r\n\t<div class=\"grve-image-item\">\r\n\t\t\r\n\r\n<div class=\"grve-image-wrapper grve-no-effect\">\r\n\t\t<div class=\"grve-thumbnail-wrapper\"><div class=\"grve-thumbnail\"  style=\"padding-top: 42.913%;\"><img loading=\"lazy\" decoding=\"async\" width=\"3302\" height=\"1417\" src=\"https:\/\/www.qwien.at\/wp-content\/uploads\/2026\/04\/LMC-40-Jahr-schwarz.svg\" class=\"attachment-full size-full\" alt=\"\" data-column-space=\"100\" data-lazyload=\"\" data-grve-filter=\"yes\" \/><\/div><\/div>\t<\/div>\r\n\t<\/div>\r\n<\/div>\r\n[\/vc_column_inner][\/vc_row_inner][\/vc_column][vc_column width=&#8221;1\/6&#8243;][\/vc_column][vc_column width=&#8221;1\/2&#8243; full_height=&#8221;yes&#8221;]<h2 class=\"grve-element grve-title grve-align-inherit grve-h3\"><span>The first major exhibition of German comic artist Ralf K\u00f6nig in Austria. With over 100 original drawings.<\/span><\/h2>[vc_column_text css=&#8221;&#8221;]<\/p>\n<p class=\"font-claude-response-body break-words whitespace-normal leading-[1.7]\">For more than 45 years, Ralf K\u00f6nig has been drawing gay comics. When he began creating gay characters in the early 1980s, he was entirely on his own. Today he can look back on an extensive body of work that is unique in the world of drawn narratives. His unmistakable bulbous noses became companions through whom one could laugh heartily, cry without restraint, or sometimes feel outright annoyed.<\/p>\n<p class=\"font-claude-response-body break-words whitespace-normal leading-[1.7]\">With Konrad &amp; Paul, he created a gay couple whose stories reflect not only the positive developments of recent decades but also the great tragedies of the community. Like a seismograph, Ralf K\u00f6nig traced social shifts, emotional turbulence, and gay love affairs with often biting humor, becoming a chronicler of a world in which sex never got short shrift.<\/p>\n<p class=\"font-claude-response-body break-words whitespace-normal leading-[1.7]\">&#8220;Sweet Urges \u2013 45 Years of Gay Comics&#8221; offers an in-depth look into Ralf K\u00f6nig&#8217;s drawn universe through over 100 originals. The largest exhibition of the star cartoonist in Austria to date traces the key developments in his comics and illuminates the secret of his success: there is nothing better to laugh at than yourself.<\/p>\n<p>[\/vc_column_text]<div class=\"grve-empty-space grve-height-1x\"><\/div><h3 class=\"grve-element grve-title grve-align-inherit grve-h3\"><span>Opening Events<\/span><\/h3>[vc_column_text css=&#8221;&#8221;]<a href=\"https:\/\/www.qwien.at\/en\/events\/opening-ralf-koenig-sweet-urges\/\">Opening: 3 June, 6:30 pm<\/a><\/p>\n<p><a href=\"https:\/\/www.qwien.at\/en\/events\/ralf-koenig-macht-maennchen\/\">Ralf K\u00f6nig macht M\u00e4nnchen! 45 Jahre Schwulcomix: 4 June, 7 pm<\/a><\/p>\n<div><a href=\"https:\/\/www.qwien.at\/en\/events\/konrad-und-paul-herbst-in-der-hose\/\">Konrad und Paul: Herbst in der Hose: 5 June, 7 pm<\/a><\/div>\n<p>[\/vc_column_text][\/vc_column][\/vc_row]<\/p>\n<\/div>","protected":false},"excerpt":{"rendered":"<p>June 4th \u2013 October 18th 2026<\/p>\n","protected":false},"author":13,"featured_media":12990,"comment_status":"closed","ping_status":"open","sticky":false,"template":"","format":"standard","meta":{"_acf_changed":false,"footnotes":""},"categories":[260],"tags":[],"class_list":["post-12981","post","type-post","status-publish","format-standard","has-post-thumbnail","hentry","category-exhibitions","grve-entry-item","grve-blog-item"],"acf":[],"yoast_head":"<!-- This site is optimized with the Yoast SEO plugin v27.5 - https:\/\/yoast.com\/product\/yoast-seo-wordpress\/ -->\n<title>Ralf K\u00f6nig - Sweet Urges - Blog - Qwien - Zentrum f\u00fcr queere Geschichte<\/title>\n<meta name=\"description\" content=\"For more than 45 years, Ralf K\u00f6nig has been drawing gay comics. When he began creating gay characters in the early 1980s, he was entirely on his own. Today he can look back on an extensive body of work that is unique in the world of drawn narratives. His unmistakable bulbous noses became companions through whom one could laugh heartily, cry without restraint, or sometimes feel outright annoyed.\" \/>\n<meta name=\"robots\" content=\"index, follow, max-snippet:-1, max-image-preview:large, max-video-preview:-1\" \/>\n<link rel=\"canonical\" href=\"https:\/\/www.qwien.at\/en\/exhibitions\/ralf-koenig-sweet-urges\/\" \/>\n<meta property=\"og:locale\" content=\"en_US\" \/>\n<meta property=\"og:type\" content=\"article\" \/>\n<meta property=\"og:title\" content=\"Ralf K\u00f6nig - Sweet Urges - Blog - Qwien - Zentrum f\u00fcr queere Geschichte\" \/>\n<meta property=\"og:description\" content=\"For more than 45 years, Ralf K\u00f6nig has been drawing gay comics. When he began creating gay characters in the early 1980s, he was entirely on his own. Today he can look back on an extensive body of work that is unique in the world of drawn narratives. His unmistakable bulbous noses became companions through whom one could laugh heartily, cry without restraint, or sometimes feel outright annoyed.\" \/>\n<meta property=\"og:url\" content=\"https:\/\/www.qwien.at\/en\/exhibitions\/ralf-koenig-sweet-urges\/\" \/>\n<meta property=\"og:site_name\" content=\"Qwien - Zentrum f\u00fcr queere Geschichte\" \/>\n<meta property=\"article:published_time\" content=\"2026-04-30T09:13:00+00:00\" \/>\n<meta property=\"article:modified_time\" content=\"2026-04-30T14:43:04+00:00\" \/>\n<meta property=\"og:image\" content=\"https:\/\/www.qwien.at\/wp-content\/uploads\/2026\/04\/Kacheln_RK__1.png\" \/>\n\t<meta property=\"og:image:width\" content=\"1120\" \/>\n\t<meta property=\"og:image:height\" content=\"1494\" \/>\n\t<meta property=\"og:image:type\" content=\"image\/png\" \/>\n<meta name=\"author\" content=\"Max Sohm\" \/>\n<meta name=\"twitter:card\" content=\"summary_large_image\" \/>\n<meta name=\"twitter:label1\" content=\"Written by\" \/>\n\t<meta name=\"twitter:data1\" content=\"Max Sohm\" \/>\n\t<meta name=\"twitter:label2\" content=\"Est. reading time\" \/>\n\t<meta name=\"twitter:data2\" content=\"3 minutes\" \/>\n<script type=\"application\/ld+json\" class=\"yoast-schema-graph\">{\"@context\":\"https:\\\/\\\/schema.org\",\"@graph\":[{\"@type\":[\"Article\",\"BlogPosting\"],\"@id\":\"https:\\\/\\\/www.qwien.at\\\/en\\\/exhibitions\\\/ralf-koenig-sweet-urges\\\/#article\",\"isPartOf\":{\"@id\":\"https:\\\/\\\/www.qwien.at\\\/en\\\/exhibitions\\\/ralf-koenig-sweet-urges\\\/\"},\"author\":{\"name\":\"Max Sohm\",\"@id\":\"https:\\\/\\\/www.qwien.at\\\/en\\\/#\\\/schema\\\/person\\\/ae99a9cf404d3bd4044efc69c8de17f9\"},\"headline\":\"Ralf K\u00f6nig &#8211; Sweet Urges\",\"datePublished\":\"2026-04-30T09:13:00+00:00\",\"dateModified\":\"2026-04-30T14:43:04+00:00\",\"mainEntityOfPage\":{\"@id\":\"https:\\\/\\\/www.qwien.at\\\/en\\\/exhibitions\\\/ralf-koenig-sweet-urges\\\/\"},\"wordCount\":357,\"publisher\":{\"@id\":\"https:\\\/\\\/www.qwien.at\\\/en\\\/#organization\"},\"image\":{\"@id\":\"https:\\\/\\\/www.qwien.at\\\/en\\\/exhibitions\\\/ralf-koenig-sweet-urges\\\/#primaryimage\"},\"thumbnailUrl\":\"https:\\\/\\\/www.qwien.at\\\/wp-content\\\/uploads\\\/2026\\\/04\\\/Kacheln_RK__1.png\",\"articleSection\":[\"Exhibitions\"],\"inLanguage\":\"en-US\"},{\"@type\":\"WebPage\",\"@id\":\"https:\\\/\\\/www.qwien.at\\\/en\\\/exhibitions\\\/ralf-koenig-sweet-urges\\\/\",\"url\":\"https:\\\/\\\/www.qwien.at\\\/en\\\/exhibitions\\\/ralf-koenig-sweet-urges\\\/\",\"name\":\"Ralf K\u00f6nig - Sweet Urges - Blog - Qwien - Zentrum f\u00fcr queere Geschichte\",\"isPartOf\":{\"@id\":\"https:\\\/\\\/www.qwien.at\\\/en\\\/#website\"},\"primaryImageOfPage\":{\"@id\":\"https:\\\/\\\/www.qwien.at\\\/en\\\/exhibitions\\\/ralf-koenig-sweet-urges\\\/#primaryimage\"},\"image\":{\"@id\":\"https:\\\/\\\/www.qwien.at\\\/en\\\/exhibitions\\\/ralf-koenig-sweet-urges\\\/#primaryimage\"},\"thumbnailUrl\":\"https:\\\/\\\/www.qwien.at\\\/wp-content\\\/uploads\\\/2026\\\/04\\\/Kacheln_RK__1.png\",\"datePublished\":\"2026-04-30T09:13:00+00:00\",\"dateModified\":\"2026-04-30T14:43:04+00:00\",\"description\":\"For more than 45 years, Ralf K\u00f6nig has been drawing gay comics. When he began creating gay characters in the early 1980s, he was entirely on his own. Today he can look back on an extensive body of work that is unique in the world of drawn narratives. His unmistakable bulbous noses became companions through whom one could laugh heartily, cry without restraint, or sometimes feel outright annoyed.\",\"breadcrumb\":{\"@id\":\"https:\\\/\\\/www.qwien.at\\\/en\\\/exhibitions\\\/ralf-koenig-sweet-urges\\\/#breadcrumb\"},\"inLanguage\":\"en-US\",\"potentialAction\":[{\"@type\":\"ReadAction\",\"target\":[\"https:\\\/\\\/www.qwien.at\\\/en\\\/exhibitions\\\/ralf-koenig-sweet-urges\\\/\"]}]},{\"@type\":\"ImageObject\",\"inLanguage\":\"en-US\",\"@id\":\"https:\\\/\\\/www.qwien.at\\\/en\\\/exhibitions\\\/ralf-koenig-sweet-urges\\\/#primaryimage\",\"url\":\"https:\\\/\\\/www.qwien.at\\\/wp-content\\\/uploads\\\/2026\\\/04\\\/Kacheln_RK__1.png\",\"contentUrl\":\"https:\\\/\\\/www.qwien.at\\\/wp-content\\\/uploads\\\/2026\\\/04\\\/Kacheln_RK__1.png\",\"width\":1120,\"height\":1494,\"caption\":\"Cartoon illustration by Ralf K\u00f6nig promoting the exhibition \\\"S\u00fc\u00dfe Triebe\\\" celebrating queerness and unity.\"},{\"@type\":\"BreadcrumbList\",\"@id\":\"https:\\\/\\\/www.qwien.at\\\/en\\\/exhibitions\\\/ralf-koenig-sweet-urges\\\/#breadcrumb\",\"itemListElement\":[{\"@type\":\"ListItem\",\"position\":1,\"name\":\"Startseite\",\"item\":\"https:\\\/\\\/www.qwien.at\\\/en\\\/\"},{\"@type\":\"ListItem\",\"position\":2,\"name\":\"Ralf K\u00f6nig &#8211; Sweet Urges\"}]},{\"@type\":\"WebSite\",\"@id\":\"https:\\\/\\\/www.qwien.at\\\/en\\\/#website\",\"url\":\"https:\\\/\\\/www.qwien.at\\\/en\\\/\",\"name\":\"Qwien - Zentrum f\u00fcr queere Geschichte\",\"description\":\"\",\"publisher\":{\"@id\":\"https:\\\/\\\/www.qwien.at\\\/en\\\/#organization\"},\"potentialAction\":[{\"@type\":\"SearchAction\",\"target\":{\"@type\":\"EntryPoint\",\"urlTemplate\":\"https:\\\/\\\/www.qwien.at\\\/en\\\/?s={search_term_string}\"},\"query-input\":{\"@type\":\"PropertyValueSpecification\",\"valueRequired\":true,\"valueName\":\"search_term_string\"}}],\"inLanguage\":\"en-US\"},{\"@type\":\"Organization\",\"@id\":\"https:\\\/\\\/www.qwien.at\\\/en\\\/#organization\",\"name\":\"Qwien\",\"url\":\"https:\\\/\\\/www.qwien.at\\\/en\\\/\",\"logo\":{\"@type\":\"ImageObject\",\"inLanguage\":\"en-US\",\"@id\":\"https:\\\/\\\/www.qwien.at\\\/en\\\/#\\\/schema\\\/logo\\\/image\\\/\",\"url\":\"https:\\\/\\\/www.qwien.at\\\/wp-content\\\/uploads\\\/2025\\\/06\\\/seo-yoast-2.png\",\"contentUrl\":\"https:\\\/\\\/www.qwien.at\\\/wp-content\\\/uploads\\\/2025\\\/06\\\/seo-yoast-2.png\",\"width\":697,\"height\":697,\"caption\":\"Qwien\"},\"image\":{\"@id\":\"https:\\\/\\\/www.qwien.at\\\/en\\\/#\\\/schema\\\/logo\\\/image\\\/\"},\"sameAs\":[\"https:\\\/\\\/www.instagram.com\\\/qwien.zentrum\\\/\"]},{\"@type\":\"Person\",\"@id\":\"https:\\\/\\\/www.qwien.at\\\/en\\\/#\\\/schema\\\/person\\\/ae99a9cf404d3bd4044efc69c8de17f9\",\"name\":\"Max Sohm\"}]}<\/script>\n<!-- \/ Yoast SEO plugin. -->","yoast_head_json":{"title":"Ralf K\u00f6nig - Sweet Urges - Blog - Qwien - Zentrum f\u00fcr queere Geschichte","description":"For more than 45 years, Ralf K\u00f6nig has been drawing gay comics. When he began creating gay characters in the early 1980s, he was entirely on his own. Today he can look back on an extensive body of work that is unique in the world of drawn narratives. His unmistakable bulbous noses became companions through whom one could laugh heartily, cry without restraint, or sometimes feel outright annoyed.","robots":{"index":"index","follow":"follow","max-snippet":"max-snippet:-1","max-image-preview":"max-image-preview:large","max-video-preview":"max-video-preview:-1"},"canonical":"https:\/\/www.qwien.at\/en\/exhibitions\/ralf-koenig-sweet-urges\/","og_locale":"en_US","og_type":"article","og_title":"Ralf K\u00f6nig - Sweet Urges - Blog - Qwien - Zentrum f\u00fcr queere Geschichte","og_description":"For more than 45 years, Ralf K\u00f6nig has been drawing gay comics. When he began creating gay characters in the early 1980s, he was entirely on his own. Today he can look back on an extensive body of work that is unique in the world of drawn narratives. His unmistakable bulbous noses became companions through whom one could laugh heartily, cry without restraint, or sometimes feel outright annoyed.","og_url":"https:\/\/www.qwien.at\/en\/exhibitions\/ralf-koenig-sweet-urges\/","og_site_name":"Qwien - Zentrum f\u00fcr queere Geschichte","article_published_time":"2026-04-30T09:13:00+00:00","article_modified_time":"2026-04-30T14:43:04+00:00","og_image":[{"width":1120,"height":1494,"url":"https:\/\/www.qwien.at\/wp-content\/uploads\/2026\/04\/Kacheln_RK__1.png","type":"image\/png"}],"author":"Max Sohm","twitter_card":"summary_large_image","twitter_misc":{"Written by":"Max Sohm","Est. reading time":"3 minutes"},"schema":{"@context":"https:\/\/schema.org","@graph":[{"@type":["Article","BlogPosting"],"@id":"https:\/\/www.qwien.at\/en\/exhibitions\/ralf-koenig-sweet-urges\/#article","isPartOf":{"@id":"https:\/\/www.qwien.at\/en\/exhibitions\/ralf-koenig-sweet-urges\/"},"author":{"name":"Max Sohm","@id":"https:\/\/www.qwien.at\/en\/#\/schema\/person\/ae99a9cf404d3bd4044efc69c8de17f9"},"headline":"Ralf K\u00f6nig &#8211; Sweet Urges","datePublished":"2026-04-30T09:13:00+00:00","dateModified":"2026-04-30T14:43:04+00:00","mainEntityOfPage":{"@id":"https:\/\/www.qwien.at\/en\/exhibitions\/ralf-koenig-sweet-urges\/"},"wordCount":357,"publisher":{"@id":"https:\/\/www.qwien.at\/en\/#organization"},"image":{"@id":"https:\/\/www.qwien.at\/en\/exhibitions\/ralf-koenig-sweet-urges\/#primaryimage"},"thumbnailUrl":"https:\/\/www.qwien.at\/wp-content\/uploads\/2026\/04\/Kacheln_RK__1.png","articleSection":["Exhibitions"],"inLanguage":"en-US"},{"@type":"WebPage","@id":"https:\/\/www.qwien.at\/en\/exhibitions\/ralf-koenig-sweet-urges\/","url":"https:\/\/www.qwien.at\/en\/exhibitions\/ralf-koenig-sweet-urges\/","name":"Ralf K\u00f6nig - Sweet Urges - Blog - Qwien - Zentrum f\u00fcr queere Geschichte","isPartOf":{"@id":"https:\/\/www.qwien.at\/en\/#website"},"primaryImageOfPage":{"@id":"https:\/\/www.qwien.at\/en\/exhibitions\/ralf-koenig-sweet-urges\/#primaryimage"},"image":{"@id":"https:\/\/www.qwien.at\/en\/exhibitions\/ralf-koenig-sweet-urges\/#primaryimage"},"thumbnailUrl":"https:\/\/www.qwien.at\/wp-content\/uploads\/2026\/04\/Kacheln_RK__1.png","datePublished":"2026-04-30T09:13:00+00:00","dateModified":"2026-04-30T14:43:04+00:00","description":"For more than 45 years, Ralf K\u00f6nig has been drawing gay comics. When he began creating gay characters in the early 1980s, he was entirely on his own. Today he can look back on an extensive body of work that is unique in the world of drawn narratives. His unmistakable bulbous noses became companions through whom one could laugh heartily, cry without restraint, or sometimes feel outright annoyed.","breadcrumb":{"@id":"https:\/\/www.qwien.at\/en\/exhibitions\/ralf-koenig-sweet-urges\/#breadcrumb"},"inLanguage":"en-US","potentialAction":[{"@type":"ReadAction","target":["https:\/\/www.qwien.at\/en\/exhibitions\/ralf-koenig-sweet-urges\/"]}]},{"@type":"ImageObject","inLanguage":"en-US","@id":"https:\/\/www.qwien.at\/en\/exhibitions\/ralf-koenig-sweet-urges\/#primaryimage","url":"https:\/\/www.qwien.at\/wp-content\/uploads\/2026\/04\/Kacheln_RK__1.png","contentUrl":"https:\/\/www.qwien.at\/wp-content\/uploads\/2026\/04\/Kacheln_RK__1.png","width":1120,"height":1494,"caption":"Cartoon illustration by Ralf K\u00f6nig promoting the exhibition \"S\u00fc\u00dfe Triebe\" celebrating queerness and unity."},{"@type":"BreadcrumbList","@id":"https:\/\/www.qwien.at\/en\/exhibitions\/ralf-koenig-sweet-urges\/#breadcrumb","itemListElement":[{"@type":"ListItem","position":1,"name":"Startseite","item":"https:\/\/www.qwien.at\/en\/"},{"@type":"ListItem","position":2,"name":"Ralf K\u00f6nig &#8211; Sweet Urges"}]},{"@type":"WebSite","@id":"https:\/\/www.qwien.at\/en\/#website","url":"https:\/\/www.qwien.at\/en\/","name":"Qwien - Zentrum f\u00fcr queere Geschichte","description":"","publisher":{"@id":"https:\/\/www.qwien.at\/en\/#organization"},"potentialAction":[{"@type":"SearchAction","target":{"@type":"EntryPoint","urlTemplate":"https:\/\/www.qwien.at\/en\/?s={search_term_string}"},"query-input":{"@type":"PropertyValueSpecification","valueRequired":true,"valueName":"search_term_string"}}],"inLanguage":"en-US"},{"@type":"Organization","@id":"https:\/\/www.qwien.at\/en\/#organization","name":"Qwien","url":"https:\/\/www.qwien.at\/en\/","logo":{"@type":"ImageObject","inLanguage":"en-US","@id":"https:\/\/www.qwien.at\/en\/#\/schema\/logo\/image\/","url":"https:\/\/www.qwien.at\/wp-content\/uploads\/2025\/06\/seo-yoast-2.png","contentUrl":"https:\/\/www.qwien.at\/wp-content\/uploads\/2025\/06\/seo-yoast-2.png","width":697,"height":697,"caption":"Qwien"},"image":{"@id":"https:\/\/www.qwien.at\/en\/#\/schema\/logo\/image\/"},"sameAs":["https:\/\/www.instagram.com\/qwien.zentrum\/"]},{"@type":"Person","@id":"https:\/\/www.qwien.at\/en\/#\/schema\/person\/ae99a9cf404d3bd4044efc69c8de17f9","name":"Max Sohm"}]}},"_links":{"self":[{"href":"https:\/\/www.qwien.at\/en\/wp-json\/wp\/v2\/posts\/12981","targetHints":{"allow":["GET"]}}],"collection":[{"href":"https:\/\/www.qwien.at\/en\/wp-json\/wp\/v2\/posts"}],"about":[{"href":"https:\/\/www.qwien.at\/en\/wp-json\/wp\/v2\/types\/post"}],"author":[{"embeddable":true,"href":"https:\/\/www.qwien.at\/en\/wp-json\/wp\/v2\/users\/13"}],"replies":[{"embeddable":true,"href":"https:\/\/www.qwien.at\/en\/wp-json\/wp\/v2\/comments?post=12981"}],"version-history":[{"count":6,"href":"https:\/\/www.qwien.at\/en\/wp-json\/wp\/v2\/posts\/12981\/revisions"}],"predecessor-version":[{"id":13042,"href":"https:\/\/www.qwien.at\/en\/wp-json\/wp\/v2\/posts\/12981\/revisions\/13042"}],"wp:featuredmedia":[{"embeddable":true,"href":"https:\/\/www.qwien.at\/en\/wp-json\/wp\/v2\/media\/12990"}],"wp:attachment":[{"href":"https:\/\/www.qwien.at\/en\/wp-json\/wp\/v2\/media?parent=12981"}],"wp:term":[{"taxonomy":"category","embeddable":true,"href":"https:\/\/www.qwien.at\/en\/wp-json\/wp\/v2\/categories?post=12981"},{"taxonomy":"post_tag","embeddable":true,"href":"https:\/\/www.qwien.at\/en\/wp-json\/wp\/v2\/tags?post=12981"}],"curies":[{"name":"wp","href":"https:\/\/api.w.org\/{rel}","templated":true}]}}