{"id":13026,"date":"2026-04-30T16:10:52","date_gmt":"2026-04-30T14:10:52","guid":{"rendered":"https:\/\/www.qwien.at\/?p=13026"},"modified":"2026-04-30T16:41:30","modified_gmt":"2026-04-30T14:41:30","slug":"ralf-koenig-macht-maennchen","status":"publish","type":"post","link":"https:\/\/www.qwien.at\/en\/events\/ralf-koenig-macht-maennchen\/","title":{"rendered":"Ralf K\u00f6nig macht M\u00e4nnchen! 45 Jahre Schwulcomix"},"content":{"rendered":"<div class=\"wpb-content-wrapper\"><p>[vc_row section_type=&#8221;container-width&#8221; padding_top_multiplier=&#8221;&#8221; padding_bottom_multiplier=&#8221;4x&#8221;][vc_column width=&#8221;1\/3&#8243; column_sticky=&#8221;yes&#8221; column_sticky_offset=&#8221;150&#8243;]<div class=\"grve-element grve-image grve-align-center\">\r\n\t<div class=\"grve-image-item\">\r\n\t\t\r\n\r\n<div class=\"grve-image-wrapper grve-no-effect\">\r\n\t\t<div class=\"grve-thumbnail-wrapper\"  style=\"width: 1120px;\"><div class=\"grve-thumbnail\"  style=\"padding-top: 133.393%;\"><img loading=\"lazy\" decoding=\"async\" width=\"1120\" height=\"1494\" src=\"https:\/\/www.qwien.at\/wp-content\/uploads\/2026\/04\/Kacheln_Website_rk_Lesung_1.png\" class=\"attachment-full size-full\" alt=\"Ralf K\u00f6nig smiles at his book launch event, surrounded by artwork and promotional details.\" srcset=\"https:\/\/www.qwien.at\/wp-content\/uploads\/2026\/04\/Kacheln_Website_rk_Lesung_1.png 1x,https:\/\/www.qwien.at\/wp-content\/uploads\/2026\/04\/Kacheln_Website_rk_Lesung_1.png 2x\" data-column-space=\"auto\" data-lazyload=\"\" data-grve-filter=\"yes\" \/><\/div><\/div>\t<\/div>\r\n\t<\/div>\r\n<\/div>\r\n[\/vc_column][vc_column width=&#8221;1\/6&#8243;][\/vc_column][vc_column width=&#8221;1\/2&#8243; full_height=&#8221;yes&#8221;]<h2 class=\"grve-element grve-title grve-align-inherit grve-h3\"><span>Ralf K\u00f6nig LIVE!<\/span><\/h2>[vc_column_text css=&#8221;&#8221;]<\/p>\n<p class=\"font-claude-response-body break-words whitespace-normal leading-[1.7]\">Ralf K\u00f6nig is not only a visual artist but a performer. In a unique live show, he brings his bulbous noses to life. To coincide with his exhibition opening, he presents his anniversary show &#8220;Ralf K\u00f6nig macht M\u00e4nnchen! 45 Years of Gay Comics&#8221; exclusively at Qwien over two evenings.<\/p>\n<p class=\"font-claude-response-body break-words whitespace-normal leading-[1.7]\">With self-deprecating wit and sharp timing, Ralf K\u00f6nig presents new and old stories from his extensive comic work \u2014 with familiar favorites like Konrad &amp; Paul sure to make an appearance.<\/p>\n<p class=\"font-claude-response-body break-words whitespace-normal leading-[1.7]\">Limited seating available.<\/p>\n<p class=\"font-claude-response-body break-words whitespace-normal leading-[1.7]\">Advance tickets: \u20ac25<\/p>\n<p>[\/vc_column_text]<div class=\"grve-empty-space grve-height-1x\"><\/div>[\/vc_column][\/vc_row][vc_row section_type=&#8221;container-width&#8221; padding_top_multiplier=&#8221;2x&#8221;][vc_column][\/vc_column][\/vc_row]<\/p>\n<\/div>","protected":false},"excerpt":{"rendered":"<p>4 Jun, 7 pm <\/p>\n","protected":false},"author":13,"featured_media":13029,"comment_status":"closed","ping_status":"open","sticky":false,"template":"","format":"standard","meta":{"_acf_changed":false,"footnotes":""},"categories":[261],"tags":[],"class_list":["post-13026","post","type-post","status-publish","format-standard","has-post-thumbnail","hentry","category-events","grve-entry-item","grve-blog-item"],"acf":[],"yoast_head":"<!-- This site is optimized with the Yoast SEO plugin v27.5 - https:\/\/yoast.com\/product\/yoast-seo-wordpress\/ -->\n<title>Ralf K\u00f6nig macht M\u00e4nnchen! 45 Jahre Schwulcomix - Blog - Qwien - Zentrum f\u00fcr queere Geschichte<\/title>\n<meta name=\"description\" content=\"Ralf K\u00f6nig is not only a visual artist but a performer. In a unique live show, he brings his bulbous noses to life. To coincide with his exhibition opening, he presents his anniversary show &quot;Ralf K\u00f6nig macht M\u00e4nnchen! 45 Years of Gay Comics&quot; exclusively at Qwien over two evenings.\" \/>\n<meta name=\"robots\" content=\"index, follow, max-snippet:-1, max-image-preview:large, max-video-preview:-1\" \/>\n<link rel=\"canonical\" href=\"https:\/\/www.qwien.at\/en\/events\/ralf-koenig-macht-maennchen\/\" \/>\n<meta property=\"og:locale\" content=\"en_US\" \/>\n<meta property=\"og:type\" content=\"article\" \/>\n<meta property=\"og:title\" content=\"Ralf K\u00f6nig macht M\u00e4nnchen! 45 Jahre Schwulcomix - Blog - Qwien - Zentrum f\u00fcr queere Geschichte\" \/>\n<meta property=\"og:description\" content=\"Ralf K\u00f6nig is not only a visual artist but a performer. In a unique live show, he brings his bulbous noses to life. To coincide with his exhibition opening, he presents his anniversary show &quot;Ralf K\u00f6nig macht M\u00e4nnchen! 45 Years of Gay Comics&quot; exclusively at Qwien over two evenings.\" \/>\n<meta property=\"og:url\" content=\"https:\/\/www.qwien.at\/en\/events\/ralf-koenig-macht-maennchen\/\" \/>\n<meta property=\"og:site_name\" content=\"Qwien - Zentrum f\u00fcr queere Geschichte\" \/>\n<meta property=\"article:published_time\" content=\"2026-04-30T14:10:52+00:00\" \/>\n<meta property=\"article:modified_time\" content=\"2026-04-30T14:41:30+00:00\" \/>\n<meta property=\"og:image\" content=\"https:\/\/www.qwien.at\/wp-content\/uploads\/2026\/04\/Kacheln_Website_rk_Lesung_1.png\" \/>\n\t<meta property=\"og:image:width\" content=\"1120\" \/>\n\t<meta property=\"og:image:height\" content=\"1494\" \/>\n\t<meta property=\"og:image:type\" content=\"image\/png\" \/>\n<meta name=\"author\" content=\"Max Sohm\" \/>\n<meta name=\"twitter:card\" content=\"summary_large_image\" \/>\n<meta name=\"twitter:label1\" content=\"Written by\" \/>\n\t<meta name=\"twitter:data1\" content=\"Max Sohm\" \/>\n\t<meta name=\"twitter:label2\" content=\"Est. reading time\" \/>\n\t<meta name=\"twitter:data2\" content=\"2 minutes\" \/>\n<script type=\"application\/ld+json\" class=\"yoast-schema-graph\">{\"@context\":\"https:\\\/\\\/schema.org\",\"@graph\":[{\"@type\":[\"Article\",\"BlogPosting\"],\"@id\":\"https:\\\/\\\/www.qwien.at\\\/en\\\/events\\\/ralf-koenig-macht-maennchen\\\/#article\",\"isPartOf\":{\"@id\":\"https:\\\/\\\/www.qwien.at\\\/en\\\/events\\\/ralf-koenig-macht-maennchen\\\/\"},\"author\":{\"name\":\"Max Sohm\",\"@id\":\"https:\\\/\\\/www.qwien.at\\\/en\\\/#\\\/schema\\\/person\\\/ae99a9cf404d3bd4044efc69c8de17f9\"},\"headline\":\"Ralf K\u00f6nig macht M\u00e4nnchen! 45 Jahre Schwulcomix\",\"datePublished\":\"2026-04-30T14:10:52+00:00\",\"dateModified\":\"2026-04-30T14:41:30+00:00\",\"mainEntityOfPage\":{\"@id\":\"https:\\\/\\\/www.qwien.at\\\/en\\\/events\\\/ralf-koenig-macht-maennchen\\\/\"},\"wordCount\":175,\"publisher\":{\"@id\":\"https:\\\/\\\/www.qwien.at\\\/en\\\/#organization\"},\"image\":{\"@id\":\"https:\\\/\\\/www.qwien.at\\\/en\\\/events\\\/ralf-koenig-macht-maennchen\\\/#primaryimage\"},\"thumbnailUrl\":\"https:\\\/\\\/www.qwien.at\\\/wp-content\\\/uploads\\\/2026\\\/04\\\/Kacheln_Website_rk_Lesung_1.png\",\"articleSection\":[\"Events\"],\"inLanguage\":\"en-US\"},{\"@type\":\"WebPage\",\"@id\":\"https:\\\/\\\/www.qwien.at\\\/en\\\/events\\\/ralf-koenig-macht-maennchen\\\/\",\"url\":\"https:\\\/\\\/www.qwien.at\\\/en\\\/events\\\/ralf-koenig-macht-maennchen\\\/\",\"name\":\"Ralf K\u00f6nig macht M\u00e4nnchen! 45 Jahre Schwulcomix - Blog - Qwien - Zentrum f\u00fcr queere Geschichte\",\"isPartOf\":{\"@id\":\"https:\\\/\\\/www.qwien.at\\\/en\\\/#website\"},\"primaryImageOfPage\":{\"@id\":\"https:\\\/\\\/www.qwien.at\\\/en\\\/events\\\/ralf-koenig-macht-maennchen\\\/#primaryimage\"},\"image\":{\"@id\":\"https:\\\/\\\/www.qwien.at\\\/en\\\/events\\\/ralf-koenig-macht-maennchen\\\/#primaryimage\"},\"thumbnailUrl\":\"https:\\\/\\\/www.qwien.at\\\/wp-content\\\/uploads\\\/2026\\\/04\\\/Kacheln_Website_rk_Lesung_1.png\",\"datePublished\":\"2026-04-30T14:10:52+00:00\",\"dateModified\":\"2026-04-30T14:41:30+00:00\",\"description\":\"Ralf K\u00f6nig is not only a visual artist but a performer. In a unique live show, he brings his bulbous noses to life. To coincide with his exhibition opening, he presents his anniversary show \\\"Ralf K\u00f6nig macht M\u00e4nnchen! 45 Years of Gay Comics\\\" exclusively at Qwien over two evenings.\",\"breadcrumb\":{\"@id\":\"https:\\\/\\\/www.qwien.at\\\/en\\\/events\\\/ralf-koenig-macht-maennchen\\\/#breadcrumb\"},\"inLanguage\":\"en-US\",\"potentialAction\":[{\"@type\":\"ReadAction\",\"target\":[\"https:\\\/\\\/www.qwien.at\\\/en\\\/events\\\/ralf-koenig-macht-maennchen\\\/\"]}]},{\"@type\":\"ImageObject\",\"inLanguage\":\"en-US\",\"@id\":\"https:\\\/\\\/www.qwien.at\\\/en\\\/events\\\/ralf-koenig-macht-maennchen\\\/#primaryimage\",\"url\":\"https:\\\/\\\/www.qwien.at\\\/wp-content\\\/uploads\\\/2026\\\/04\\\/Kacheln_Website_rk_Lesung_1.png\",\"contentUrl\":\"https:\\\/\\\/www.qwien.at\\\/wp-content\\\/uploads\\\/2026\\\/04\\\/Kacheln_Website_rk_Lesung_1.png\",\"width\":1120,\"height\":1494,\"caption\":\"Ralf K\u00f6nig smiles at his book launch event, surrounded by artwork and promotional details.\"},{\"@type\":\"BreadcrumbList\",\"@id\":\"https:\\\/\\\/www.qwien.at\\\/en\\\/events\\\/ralf-koenig-macht-maennchen\\\/#breadcrumb\",\"itemListElement\":[{\"@type\":\"ListItem\",\"position\":1,\"name\":\"Startseite\",\"item\":\"https:\\\/\\\/www.qwien.at\\\/en\\\/\"},{\"@type\":\"ListItem\",\"position\":2,\"name\":\"Ralf K\u00f6nig macht M\u00e4nnchen! 45 Jahre Schwulcomix\"}]},{\"@type\":\"WebSite\",\"@id\":\"https:\\\/\\\/www.qwien.at\\\/en\\\/#website\",\"url\":\"https:\\\/\\\/www.qwien.at\\\/en\\\/\",\"name\":\"Qwien - Zentrum f\u00fcr queere Geschichte\",\"description\":\"\",\"publisher\":{\"@id\":\"https:\\\/\\\/www.qwien.at\\\/en\\\/#organization\"},\"potentialAction\":[{\"@type\":\"SearchAction\",\"target\":{\"@type\":\"EntryPoint\",\"urlTemplate\":\"https:\\\/\\\/www.qwien.at\\\/en\\\/?s={search_term_string}\"},\"query-input\":{\"@type\":\"PropertyValueSpecification\",\"valueRequired\":true,\"valueName\":\"search_term_string\"}}],\"inLanguage\":\"en-US\"},{\"@type\":\"Organization\",\"@id\":\"https:\\\/\\\/www.qwien.at\\\/en\\\/#organization\",\"name\":\"Qwien\",\"url\":\"https:\\\/\\\/www.qwien.at\\\/en\\\/\",\"logo\":{\"@type\":\"ImageObject\",\"inLanguage\":\"en-US\",\"@id\":\"https:\\\/\\\/www.qwien.at\\\/en\\\/#\\\/schema\\\/logo\\\/image\\\/\",\"url\":\"https:\\\/\\\/www.qwien.at\\\/wp-content\\\/uploads\\\/2025\\\/06\\\/seo-yoast-2.png\",\"contentUrl\":\"https:\\\/\\\/www.qwien.at\\\/wp-content\\\/uploads\\\/2025\\\/06\\\/seo-yoast-2.png\",\"width\":697,\"height\":697,\"caption\":\"Qwien\"},\"image\":{\"@id\":\"https:\\\/\\\/www.qwien.at\\\/en\\\/#\\\/schema\\\/logo\\\/image\\\/\"},\"sameAs\":[\"https:\\\/\\\/www.instagram.com\\\/qwien.zentrum\\\/\"]},{\"@type\":\"Person\",\"@id\":\"https:\\\/\\\/www.qwien.at\\\/en\\\/#\\\/schema\\\/person\\\/ae99a9cf404d3bd4044efc69c8de17f9\",\"name\":\"Max Sohm\"}]}<\/script>\n<!-- \/ Yoast SEO plugin. -->","yoast_head_json":{"title":"Ralf K\u00f6nig macht M\u00e4nnchen! 45 Jahre Schwulcomix - Blog - Qwien - Zentrum f\u00fcr queere Geschichte","description":"Ralf K\u00f6nig is not only a visual artist but a performer. In a unique live show, he brings his bulbous noses to life. To coincide with his exhibition opening, he presents his anniversary show \"Ralf K\u00f6nig macht M\u00e4nnchen! 45 Years of Gay Comics\" exclusively at Qwien over two evenings.","robots":{"index":"index","follow":"follow","max-snippet":"max-snippet:-1","max-image-preview":"max-image-preview:large","max-video-preview":"max-video-preview:-1"},"canonical":"https:\/\/www.qwien.at\/en\/events\/ralf-koenig-macht-maennchen\/","og_locale":"en_US","og_type":"article","og_title":"Ralf K\u00f6nig macht M\u00e4nnchen! 45 Jahre Schwulcomix - Blog - Qwien - Zentrum f\u00fcr queere Geschichte","og_description":"Ralf K\u00f6nig is not only a visual artist but a performer. In a unique live show, he brings his bulbous noses to life. To coincide with his exhibition opening, he presents his anniversary show \"Ralf K\u00f6nig macht M\u00e4nnchen! 45 Years of Gay Comics\" exclusively at Qwien over two evenings.","og_url":"https:\/\/www.qwien.at\/en\/events\/ralf-koenig-macht-maennchen\/","og_site_name":"Qwien - Zentrum f\u00fcr queere Geschichte","article_published_time":"2026-04-30T14:10:52+00:00","article_modified_time":"2026-04-30T14:41:30+00:00","og_image":[{"width":1120,"height":1494,"url":"https:\/\/www.qwien.at\/wp-content\/uploads\/2026\/04\/Kacheln_Website_rk_Lesung_1.png","type":"image\/png"}],"author":"Max Sohm","twitter_card":"summary_large_image","twitter_misc":{"Written by":"Max Sohm","Est. reading time":"2 minutes"},"schema":{"@context":"https:\/\/schema.org","@graph":[{"@type":["Article","BlogPosting"],"@id":"https:\/\/www.qwien.at\/en\/events\/ralf-koenig-macht-maennchen\/#article","isPartOf":{"@id":"https:\/\/www.qwien.at\/en\/events\/ralf-koenig-macht-maennchen\/"},"author":{"name":"Max Sohm","@id":"https:\/\/www.qwien.at\/en\/#\/schema\/person\/ae99a9cf404d3bd4044efc69c8de17f9"},"headline":"Ralf K\u00f6nig macht M\u00e4nnchen! 45 Jahre Schwulcomix","datePublished":"2026-04-30T14:10:52+00:00","dateModified":"2026-04-30T14:41:30+00:00","mainEntityOfPage":{"@id":"https:\/\/www.qwien.at\/en\/events\/ralf-koenig-macht-maennchen\/"},"wordCount":175,"publisher":{"@id":"https:\/\/www.qwien.at\/en\/#organization"},"image":{"@id":"https:\/\/www.qwien.at\/en\/events\/ralf-koenig-macht-maennchen\/#primaryimage"},"thumbnailUrl":"https:\/\/www.qwien.at\/wp-content\/uploads\/2026\/04\/Kacheln_Website_rk_Lesung_1.png","articleSection":["Events"],"inLanguage":"en-US"},{"@type":"WebPage","@id":"https:\/\/www.qwien.at\/en\/events\/ralf-koenig-macht-maennchen\/","url":"https:\/\/www.qwien.at\/en\/events\/ralf-koenig-macht-maennchen\/","name":"Ralf K\u00f6nig macht M\u00e4nnchen! 45 Jahre Schwulcomix - Blog - Qwien - Zentrum f\u00fcr queere Geschichte","isPartOf":{"@id":"https:\/\/www.qwien.at\/en\/#website"},"primaryImageOfPage":{"@id":"https:\/\/www.qwien.at\/en\/events\/ralf-koenig-macht-maennchen\/#primaryimage"},"image":{"@id":"https:\/\/www.qwien.at\/en\/events\/ralf-koenig-macht-maennchen\/#primaryimage"},"thumbnailUrl":"https:\/\/www.qwien.at\/wp-content\/uploads\/2026\/04\/Kacheln_Website_rk_Lesung_1.png","datePublished":"2026-04-30T14:10:52+00:00","dateModified":"2026-04-30T14:41:30+00:00","description":"Ralf K\u00f6nig is not only a visual artist but a performer. In a unique live show, he brings his bulbous noses to life. To coincide with his exhibition opening, he presents his anniversary show \"Ralf K\u00f6nig macht M\u00e4nnchen! 45 Years of Gay Comics\" exclusively at Qwien over two evenings.","breadcrumb":{"@id":"https:\/\/www.qwien.at\/en\/events\/ralf-koenig-macht-maennchen\/#breadcrumb"},"inLanguage":"en-US","potentialAction":[{"@type":"ReadAction","target":["https:\/\/www.qwien.at\/en\/events\/ralf-koenig-macht-maennchen\/"]}]},{"@type":"ImageObject","inLanguage":"en-US","@id":"https:\/\/www.qwien.at\/en\/events\/ralf-koenig-macht-maennchen\/#primaryimage","url":"https:\/\/www.qwien.at\/wp-content\/uploads\/2026\/04\/Kacheln_Website_rk_Lesung_1.png","contentUrl":"https:\/\/www.qwien.at\/wp-content\/uploads\/2026\/04\/Kacheln_Website_rk_Lesung_1.png","width":1120,"height":1494,"caption":"Ralf K\u00f6nig smiles at his book launch event, surrounded by artwork and promotional details."},{"@type":"BreadcrumbList","@id":"https:\/\/www.qwien.at\/en\/events\/ralf-koenig-macht-maennchen\/#breadcrumb","itemListElement":[{"@type":"ListItem","position":1,"name":"Startseite","item":"https:\/\/www.qwien.at\/en\/"},{"@type":"ListItem","position":2,"name":"Ralf K\u00f6nig macht M\u00e4nnchen! 45 Jahre Schwulcomix"}]},{"@type":"WebSite","@id":"https:\/\/www.qwien.at\/en\/#website","url":"https:\/\/www.qwien.at\/en\/","name":"Qwien - Zentrum f\u00fcr queere Geschichte","description":"","publisher":{"@id":"https:\/\/www.qwien.at\/en\/#organization"},"potentialAction":[{"@type":"SearchAction","target":{"@type":"EntryPoint","urlTemplate":"https:\/\/www.qwien.at\/en\/?s={search_term_string}"},"query-input":{"@type":"PropertyValueSpecification","valueRequired":true,"valueName":"search_term_string"}}],"inLanguage":"en-US"},{"@type":"Organization","@id":"https:\/\/www.qwien.at\/en\/#organization","name":"Qwien","url":"https:\/\/www.qwien.at\/en\/","logo":{"@type":"ImageObject","inLanguage":"en-US","@id":"https:\/\/www.qwien.at\/en\/#\/schema\/logo\/image\/","url":"https:\/\/www.qwien.at\/wp-content\/uploads\/2025\/06\/seo-yoast-2.png","contentUrl":"https:\/\/www.qwien.at\/wp-content\/uploads\/2025\/06\/seo-yoast-2.png","width":697,"height":697,"caption":"Qwien"},"image":{"@id":"https:\/\/www.qwien.at\/en\/#\/schema\/logo\/image\/"},"sameAs":["https:\/\/www.instagram.com\/qwien.zentrum\/"]},{"@type":"Person","@id":"https:\/\/www.qwien.at\/en\/#\/schema\/person\/ae99a9cf404d3bd4044efc69c8de17f9","name":"Max Sohm"}]}},"_links":{"self":[{"href":"https:\/\/www.qwien.at\/en\/wp-json\/wp\/v2\/posts\/13026","targetHints":{"allow":["GET"]}}],"collection":[{"href":"https:\/\/www.qwien.at\/en\/wp-json\/wp\/v2\/posts"}],"about":[{"href":"https:\/\/www.qwien.at\/en\/wp-json\/wp\/v2\/types\/post"}],"author":[{"embeddable":true,"href":"https:\/\/www.qwien.at\/en\/wp-json\/wp\/v2\/users\/13"}],"replies":[{"embeddable":true,"href":"https:\/\/www.qwien.at\/en\/wp-json\/wp\/v2\/comments?post=13026"}],"version-history":[{"count":3,"href":"https:\/\/www.qwien.at\/en\/wp-json\/wp\/v2\/posts\/13026\/revisions"}],"predecessor-version":[{"id":13032,"href":"https:\/\/www.qwien.at\/en\/wp-json\/wp\/v2\/posts\/13026\/revisions\/13032"}],"wp:featuredmedia":[{"embeddable":true,"href":"https:\/\/www.qwien.at\/en\/wp-json\/wp\/v2\/media\/13029"}],"wp:attachment":[{"href":"https:\/\/www.qwien.at\/en\/wp-json\/wp\/v2\/media?parent=13026"}],"wp:term":[{"taxonomy":"category","embeddable":true,"href":"https:\/\/www.qwien.at\/en\/wp-json\/wp\/v2\/categories?post=13026"},{"taxonomy":"post_tag","embeddable":true,"href":"https:\/\/www.qwien.at\/en\/wp-json\/wp\/v2\/tags?post=13026"}],"curies":[{"name":"wp","href":"https:\/\/api.w.org\/{rel}","templated":true}]}}