{"id":13710,"date":"2026-09-02T15:58:16","date_gmt":"2026-09-02T13:58:16","guid":{"rendered":"https:\/\/www.qwien.at\/?p=13710"},"modified":"2026-09-02T15:58:16","modified_gmt":"2026-09-02T13:58:16","slug":"samstags-um-4-mit-nicole-salomon","status":"publish","type":"post","link":"https:\/\/www.qwien.at\/en\/events\/samstags-um-4-mit-nicole-salomon\/","title":{"rendered":"Samstags um 4 mit Nicole Salomon"},"content":{"rendered":"<div class=\"wpb-content-wrapper\"><p>[vc_row section_type=&#8221;container-width&#8221; padding_top_multiplier=&#8221;&#8221; padding_bottom_multiplier=&#8221;4x&#8221;][vc_column width=&#8221;1\/3&#8243; column_sticky=&#8221;yes&#8221; column_sticky_offset=&#8221;150&#8243;]<div class=\"grve-element grve-image grve-align-center\">\r\n\t<div class=\"grve-image-item\">\r\n\t\t\r\n\r\n<div class=\"grve-image-wrapper grve-no-effect\">\r\n\t\t<div class=\"grve-thumbnail-wrapper\"  style=\"width: 1120px;\"><div class=\"grve-thumbnail\"  style=\"padding-top: 133.393%;\"><img loading=\"lazy\" decoding=\"async\" width=\"1120\" height=\"1494\" src=\"https:\/\/www.qwien.at\/wp-content\/uploads\/2026\/09\/Kacheln_SALOMON_1.png\" class=\"attachment-full size-full\" alt=\"Event poster for &quot;Samstags um 4&quot; featuring Nicole Salomon, reading and performance on October 3.\" srcset=\"https:\/\/www.qwien.at\/wp-content\/uploads\/2026\/09\/Kacheln_SALOMON_1.png 1x,https:\/\/www.qwien.at\/wp-content\/uploads\/2026\/09\/Kacheln_SALOMON_1.png 2x\" data-column-space=\"auto\" data-lazyload=\"\" data-grve-filter=\"yes\" \/><\/div><\/div>\t<\/div>\r\n\t<\/div>\r\n<\/div>\r\n<div class=\"grve-empty-space grve-height-1x\"><\/div>[vc_column_text css=&#8221;&#8221;](c) Alexander Galler[\/vc_column_text][\/vc_column][vc_column width=&#8221;1\/6&#8243;][\/vc_column][vc_column width=&#8221;1\/2&#8243; full_height=&#8221;yes&#8221;]<h2 class=\"grve-element grve-title grve-align-inherit grve-h3\"><span><br>\n<p dir=\"ltr\">queer stories: Vom Mut, du selbst zu sein<br>\n<\/span><\/h2>[vc_column_text css=&#8221;&#8221;]<\/p>\n<p dir=\"ltr\"><strong>Reading, talk and performance | Saturday, 3 October, 4 pm<\/strong><\/p>\n<p dir=\"ltr\">The queer-feminist artist and activist reads from her non-fiction comic &#8220;queer stories: Vom Mut, du selbst zu sein&#8221;, self-published in 2026, in the context of our Ralf K\u00f6nig exhibition &#8220;S\u00fc\u00dfe Triebe&#8221;.<\/p>\n<p dir=\"ltr\">The book follows the journeys of self-discovery of six real queer* people who grew up in rural Austria. The illustrated personal experiences with topics such as coming out, discrimination, self-acceptance and much more are complemented by guest contributions from experts and a glossary. The idea for &#8220;queer stories&#8221; is rooted in Nicole&#8217;s own process of finding her way to queerness, and in the disillusionment at how strongly the subject is still treated as taboo or denied outright in the provinces. The comic is an attempt to break down prejudice and unease around queerness and to make the subject accessible to everyone.<\/p>\n<p dir=\"ltr\">As in her art, Nicole takes a multimedia approach to presenting &#8220;queer stories&#8221;: the reading is accompanied by a musical performance, personal insights into how the book came about, and a conversation with one of the people portrayed in it, Mitch Noah M\u00fcnzer.<\/p>\n<p dir=\"ltr\">(*queer in terms of gender, sexual orientation and relationship form)<\/p>\n<p>[\/vc_column_text]<div class=\"grve-empty-space grve-height-2x\"><\/div><div class=\"grve-element grve-image grve-align-center\">\r\n\t<div class=\"grve-image-item\">\r\n\t\t\r\n\r\n<div class=\"grve-image-wrapper grve-no-effect\">\r\n\t\t<div class=\"grve-thumbnail-wrapper\"  style=\"width: 2000px;\"><div class=\"grve-thumbnail\"  style=\"padding-top: 71.3%;\"><img loading=\"lazy\" decoding=\"async\" width=\"2000\" height=\"1426\" src=\"https:\/\/www.qwien.at\/wp-content\/uploads\/2026\/09\/Queer-stories-Front-cover.png\" class=\"attachment-full size-full\" alt=\"Colorful illustration featuring diverse faces with the text &quot;Queer Stories&quot; by Nicole Salomon.\" srcset=\"https:\/\/www.qwien.at\/wp-content\/uploads\/2026\/09\/Queer-stories-Front-cover.png 1x,https:\/\/www.qwien.at\/wp-content\/uploads\/2026\/09\/Queer-stories-Front-cover.png 2x\" data-column-space=\"auto\" data-lazyload=\"\" data-grve-filter=\"yes\" \/><\/div><\/div>\t<\/div>\r\n\t<\/div>\r\n<\/div>\r\n<div class=\"grve-empty-space grve-height-2x\"><\/div>[vc_column_text css=&#8221;&#8221;]<\/p>\n<p dir=\"ltr\"><strong>Nicole Salomon<\/strong> (she\/they) is a queer-feminist musician, artist, author and activist living in Vienna. She immerses herself in art across media: the process does not always start with a brush; often a few lines write themselves, turn out to be a song and only then find expression on a canvas. Which route the art takes to reach the surface is left up to the art itself. Working through emotions is a cornerstone of Nicole&#8217;s poetry in all its forms.<\/p>\n<p dir=\"ltr\"><strong>Mitch Noah M\u00fcnzer<\/strong> (he\/him), 26, works at the intersection of queer-feminist cultural work, diversity management and education. At schau.R\u00e4ume in Villach\/Beljak, a queer-feminist art and culture association, he develops projects and educational formats on gender, queerness, migration, violence and memory, and on whose stories get told in public space. He contributed his own text to the publication &#8220;Queer-feministische Stadtgeschichten aus Villach\/Beljak und Klagenfurt\/Celovec&#8221;. He studied Disability &amp; Diversity Studies; as a trans man, he brings his own path of transition and identity to public conversations about queerness.<\/p>\n<p>[\/vc_column_text][\/vc_column][\/vc_row][vc_row section_type=&#8221;container-width&#8221; padding_top_multiplier=&#8221;2x&#8221;][vc_column][\/vc_column][\/vc_row]<\/p>\n<\/div>","protected":false},"excerpt":{"rendered":"<p>Saturday, 3 October, 4 pm<\/p>\n","protected":false},"author":13,"featured_media":13711,"comment_status":"closed","ping_status":"open","sticky":false,"template":"","format":"standard","meta":{"_acf_changed":false,"footnotes":""},"categories":[261],"tags":[],"class_list":["post-13710","post","type-post","status-publish","format-standard","has-post-thumbnail","hentry","category-events","grve-entry-item","grve-blog-item"],"acf":[],"yoast_head":"<!-- This site is optimized with the Yoast SEO plugin v28.4 - https:\/\/yoast.com\/product\/yoast-seo-wordpress\/ -->\n<title>Samstags um 4 mit Nicole Salomon - Blog - Qwien - Zentrum f\u00fcr queere Geschichte<\/title>\n<meta name=\"description\" content=\"The queer-feminist artist and activist reads from her non-fiction comic &quot;queer stories: Vom Mut, du selbst zu sein&quot;, self-published in 2026, in the context of our Ralf K\u00f6nig exhibition &quot;S\u00fc\u00dfe Triebe&quot;.\" \/>\n<meta name=\"robots\" content=\"index, follow, max-snippet:-1, max-image-preview:large, max-video-preview:-1\" \/>\n<link rel=\"canonical\" href=\"https:\/\/www.qwien.at\/en\/events\/samstags-um-4-mit-nicole-salomon\/\" \/>\n<meta property=\"og:locale\" content=\"en_US\" \/>\n<meta property=\"og:type\" content=\"article\" \/>\n<meta property=\"og:title\" content=\"Samstags um 4 mit Nicole Salomon - Blog - Qwien - Zentrum f\u00fcr queere Geschichte\" \/>\n<meta property=\"og:description\" content=\"The queer-feminist artist and activist reads from her non-fiction comic &quot;queer stories: Vom Mut, du selbst zu sein&quot;, self-published in 2026, in the context of our Ralf K\u00f6nig exhibition &quot;S\u00fc\u00dfe Triebe&quot;.\" \/>\n<meta property=\"og:url\" content=\"https:\/\/www.qwien.at\/en\/events\/samstags-um-4-mit-nicole-salomon\/\" \/>\n<meta property=\"og:site_name\" content=\"Qwien - Zentrum f\u00fcr queere Geschichte\" \/>\n<meta property=\"article:published_time\" content=\"2026-09-02T13:58:16+00:00\" \/>\n<meta property=\"og:image\" content=\"https:\/\/www.qwien.at\/wp-content\/uploads\/2026\/09\/Kacheln_SALOMON_1.png\" \/>\n\t<meta property=\"og:image:width\" content=\"1120\" \/>\n\t<meta property=\"og:image:height\" content=\"1494\" \/>\n\t<meta property=\"og:image:type\" content=\"image\/png\" \/>\n<meta name=\"author\" content=\"Max Sohm\" \/>\n<meta name=\"twitter:card\" content=\"summary_large_image\" \/>\n<meta name=\"twitter:label1\" content=\"Written by\" \/>\n\t<meta name=\"twitter:data1\" content=\"Max Sohm\" \/>\n\t<meta name=\"twitter:label2\" content=\"Est. reading time\" \/>\n\t<meta name=\"twitter:data2\" content=\"6 minutes\" \/>\n<script type=\"application\/ld+json\" class=\"yoast-schema-graph\">{\"@context\":\"https:\\\/\\\/schema.org\",\"@graph\":[{\"@type\":[\"Article\",\"BlogPosting\"],\"@id\":\"https:\\\/\\\/www.qwien.at\\\/en\\\/events\\\/samstags-um-4-mit-nicole-salomon\\\/#article\",\"isPartOf\":{\"@id\":\"https:\\\/\\\/www.qwien.at\\\/en\\\/events\\\/samstags-um-4-mit-nicole-salomon\\\/\"},\"author\":{\"name\":\"Max Sohm\",\"@id\":\"https:\\\/\\\/www.qwien.at\\\/en\\\/#\\\/schema\\\/person\\\/ae99a9cf404d3bd4044efc69c8de17f9\"},\"headline\":\"Samstags um 4 mit Nicole Salomon\",\"datePublished\":\"2026-09-02T13:58:16+00:00\",\"mainEntityOfPage\":{\"@id\":\"https:\\\/\\\/www.qwien.at\\\/en\\\/events\\\/samstags-um-4-mit-nicole-salomon\\\/\"},\"wordCount\":493,\"publisher\":{\"@id\":\"https:\\\/\\\/www.qwien.at\\\/en\\\/#organization\"},\"image\":{\"@id\":\"https:\\\/\\\/www.qwien.at\\\/en\\\/events\\\/samstags-um-4-mit-nicole-salomon\\\/#primaryimage\"},\"thumbnailUrl\":\"https:\\\/\\\/www.qwien.at\\\/wp-content\\\/uploads\\\/2026\\\/09\\\/Kacheln_SALOMON_1.png\",\"articleSection\":[\"Events\"],\"inLanguage\":\"en-US\"},{\"@type\":\"WebPage\",\"@id\":\"https:\\\/\\\/www.qwien.at\\\/en\\\/events\\\/samstags-um-4-mit-nicole-salomon\\\/\",\"url\":\"https:\\\/\\\/www.qwien.at\\\/en\\\/events\\\/samstags-um-4-mit-nicole-salomon\\\/\",\"name\":\"Samstags um 4 mit Nicole Salomon - Blog - Qwien - Zentrum f\u00fcr queere Geschichte\",\"isPartOf\":{\"@id\":\"https:\\\/\\\/www.qwien.at\\\/en\\\/#website\"},\"primaryImageOfPage\":{\"@id\":\"https:\\\/\\\/www.qwien.at\\\/en\\\/events\\\/samstags-um-4-mit-nicole-salomon\\\/#primaryimage\"},\"image\":{\"@id\":\"https:\\\/\\\/www.qwien.at\\\/en\\\/events\\\/samstags-um-4-mit-nicole-salomon\\\/#primaryimage\"},\"thumbnailUrl\":\"https:\\\/\\\/www.qwien.at\\\/wp-content\\\/uploads\\\/2026\\\/09\\\/Kacheln_SALOMON_1.png\",\"datePublished\":\"2026-09-02T13:58:16+00:00\",\"description\":\"The queer-feminist artist and activist reads from her non-fiction comic \\\"queer stories: Vom Mut, du selbst zu sein\\\", self-published in 2026, in the context of our Ralf K\u00f6nig exhibition \\\"S\u00fc\u00dfe Triebe\\\".\",\"breadcrumb\":{\"@id\":\"https:\\\/\\\/www.qwien.at\\\/en\\\/events\\\/samstags-um-4-mit-nicole-salomon\\\/#breadcrumb\"},\"inLanguage\":\"en-US\",\"potentialAction\":[{\"@type\":\"ReadAction\",\"target\":[\"https:\\\/\\\/www.qwien.at\\\/en\\\/events\\\/samstags-um-4-mit-nicole-salomon\\\/\"]}]},{\"@type\":\"ImageObject\",\"inLanguage\":\"en-US\",\"@id\":\"https:\\\/\\\/www.qwien.at\\\/en\\\/events\\\/samstags-um-4-mit-nicole-salomon\\\/#primaryimage\",\"url\":\"https:\\\/\\\/www.qwien.at\\\/wp-content\\\/uploads\\\/2026\\\/09\\\/Kacheln_SALOMON_1.png\",\"contentUrl\":\"https:\\\/\\\/www.qwien.at\\\/wp-content\\\/uploads\\\/2026\\\/09\\\/Kacheln_SALOMON_1.png\",\"width\":1120,\"height\":1494,\"caption\":\"Event poster for \\\"Samstags um 4\\\" featuring Nicole Salomon, reading and performance on October 3.\"},{\"@type\":\"BreadcrumbList\",\"@id\":\"https:\\\/\\\/www.qwien.at\\\/en\\\/events\\\/samstags-um-4-mit-nicole-salomon\\\/#breadcrumb\",\"itemListElement\":[{\"@type\":\"ListItem\",\"position\":1,\"name\":\"Startseite\",\"item\":\"https:\\\/\\\/www.qwien.at\\\/en\\\/\"},{\"@type\":\"ListItem\",\"position\":2,\"name\":\"Samstags um 4 mit Nicole Salomon\"}]},{\"@type\":\"WebSite\",\"@id\":\"https:\\\/\\\/www.qwien.at\\\/en\\\/#website\",\"url\":\"https:\\\/\\\/www.qwien.at\\\/en\\\/\",\"name\":\"Qwien - Zentrum f\u00fcr queere Geschichte\",\"description\":\"\",\"publisher\":{\"@id\":\"https:\\\/\\\/www.qwien.at\\\/en\\\/#organization\"},\"potentialAction\":[{\"@type\":\"SearchAction\",\"target\":{\"@type\":\"EntryPoint\",\"urlTemplate\":\"https:\\\/\\\/www.qwien.at\\\/en\\\/?s={search_term_string}\"},\"query-input\":{\"@type\":\"PropertyValueSpecification\",\"valueRequired\":true,\"valueName\":\"search_term_string\"}}],\"inLanguage\":\"en-US\"},{\"@type\":\"Organization\",\"@id\":\"https:\\\/\\\/www.qwien.at\\\/en\\\/#organization\",\"name\":\"Qwien\",\"url\":\"https:\\\/\\\/www.qwien.at\\\/en\\\/\",\"logo\":{\"@type\":\"ImageObject\",\"inLanguage\":\"en-US\",\"@id\":\"https:\\\/\\\/www.qwien.at\\\/en\\\/#\\\/schema\\\/logo\\\/image\\\/\",\"url\":\"https:\\\/\\\/www.qwien.at\\\/wp-content\\\/uploads\\\/2025\\\/06\\\/seo-yoast-2.png\",\"contentUrl\":\"https:\\\/\\\/www.qwien.at\\\/wp-content\\\/uploads\\\/2025\\\/06\\\/seo-yoast-2.png\",\"width\":697,\"height\":697,\"caption\":\"Qwien\"},\"image\":{\"@id\":\"https:\\\/\\\/www.qwien.at\\\/en\\\/#\\\/schema\\\/logo\\\/image\\\/\"},\"sameAs\":[\"https:\\\/\\\/www.instagram.com\\\/qwien.zentrum\\\/\"]},{\"@type\":\"Person\",\"@id\":\"https:\\\/\\\/www.qwien.at\\\/en\\\/#\\\/schema\\\/person\\\/ae99a9cf404d3bd4044efc69c8de17f9\",\"name\":\"Max Sohm\"}]}<\/script>\n<!-- \/ Yoast SEO plugin. -->","yoast_head_json":{"title":"Samstags um 4 mit Nicole Salomon - Blog - Qwien - Zentrum f\u00fcr queere Geschichte","description":"The queer-feminist artist and activist reads from her non-fiction comic \"queer stories: Vom Mut, du selbst zu sein\", self-published in 2026, in the context of our Ralf K\u00f6nig exhibition \"S\u00fc\u00dfe Triebe\".","robots":{"index":"index","follow":"follow","max-snippet":"max-snippet:-1","max-image-preview":"max-image-preview:large","max-video-preview":"max-video-preview:-1"},"canonical":"https:\/\/www.qwien.at\/en\/events\/samstags-um-4-mit-nicole-salomon\/","og_locale":"en_US","og_type":"article","og_title":"Samstags um 4 mit Nicole Salomon - Blog - Qwien - Zentrum f\u00fcr queere Geschichte","og_description":"The queer-feminist artist and activist reads from her non-fiction comic \"queer stories: Vom Mut, du selbst zu sein\", self-published in 2026, in the context of our Ralf K\u00f6nig exhibition \"S\u00fc\u00dfe Triebe\".","og_url":"https:\/\/www.qwien.at\/en\/events\/samstags-um-4-mit-nicole-salomon\/","og_site_name":"Qwien - Zentrum f\u00fcr queere Geschichte","article_published_time":"2026-09-02T13:58:16+00:00","og_image":[{"width":1120,"height":1494,"url":"https:\/\/www.qwien.at\/wp-content\/uploads\/2026\/09\/Kacheln_SALOMON_1.png","type":"image\/png"}],"author":"Max Sohm","twitter_card":"summary_large_image","twitter_misc":{"Written by":"Max Sohm","Est. reading time":"6 minutes"},"schema":{"@context":"https:\/\/schema.org","@graph":[{"@type":["Article","BlogPosting"],"@id":"https:\/\/www.qwien.at\/en\/events\/samstags-um-4-mit-nicole-salomon\/#article","isPartOf":{"@id":"https:\/\/www.qwien.at\/en\/events\/samstags-um-4-mit-nicole-salomon\/"},"author":{"name":"Max Sohm","@id":"https:\/\/www.qwien.at\/en\/#\/schema\/person\/ae99a9cf404d3bd4044efc69c8de17f9"},"headline":"Samstags um 4 mit Nicole Salomon","datePublished":"2026-09-02T13:58:16+00:00","mainEntityOfPage":{"@id":"https:\/\/www.qwien.at\/en\/events\/samstags-um-4-mit-nicole-salomon\/"},"wordCount":493,"publisher":{"@id":"https:\/\/www.qwien.at\/en\/#organization"},"image":{"@id":"https:\/\/www.qwien.at\/en\/events\/samstags-um-4-mit-nicole-salomon\/#primaryimage"},"thumbnailUrl":"https:\/\/www.qwien.at\/wp-content\/uploads\/2026\/09\/Kacheln_SALOMON_1.png","articleSection":["Events"],"inLanguage":"en-US"},{"@type":"WebPage","@id":"https:\/\/www.qwien.at\/en\/events\/samstags-um-4-mit-nicole-salomon\/","url":"https:\/\/www.qwien.at\/en\/events\/samstags-um-4-mit-nicole-salomon\/","name":"Samstags um 4 mit Nicole Salomon - Blog - Qwien - Zentrum f\u00fcr queere Geschichte","isPartOf":{"@id":"https:\/\/www.qwien.at\/en\/#website"},"primaryImageOfPage":{"@id":"https:\/\/www.qwien.at\/en\/events\/samstags-um-4-mit-nicole-salomon\/#primaryimage"},"image":{"@id":"https:\/\/www.qwien.at\/en\/events\/samstags-um-4-mit-nicole-salomon\/#primaryimage"},"thumbnailUrl":"https:\/\/www.qwien.at\/wp-content\/uploads\/2026\/09\/Kacheln_SALOMON_1.png","datePublished":"2026-09-02T13:58:16+00:00","description":"The queer-feminist artist and activist reads from her non-fiction comic \"queer stories: Vom Mut, du selbst zu sein\", self-published in 2026, in the context of our Ralf K\u00f6nig exhibition \"S\u00fc\u00dfe Triebe\".","breadcrumb":{"@id":"https:\/\/www.qwien.at\/en\/events\/samstags-um-4-mit-nicole-salomon\/#breadcrumb"},"inLanguage":"en-US","potentialAction":[{"@type":"ReadAction","target":["https:\/\/www.qwien.at\/en\/events\/samstags-um-4-mit-nicole-salomon\/"]}]},{"@type":"ImageObject","inLanguage":"en-US","@id":"https:\/\/www.qwien.at\/en\/events\/samstags-um-4-mit-nicole-salomon\/#primaryimage","url":"https:\/\/www.qwien.at\/wp-content\/uploads\/2026\/09\/Kacheln_SALOMON_1.png","contentUrl":"https:\/\/www.qwien.at\/wp-content\/uploads\/2026\/09\/Kacheln_SALOMON_1.png","width":1120,"height":1494,"caption":"Event poster for \"Samstags um 4\" featuring Nicole Salomon, reading and performance on October 3."},{"@type":"BreadcrumbList","@id":"https:\/\/www.qwien.at\/en\/events\/samstags-um-4-mit-nicole-salomon\/#breadcrumb","itemListElement":[{"@type":"ListItem","position":1,"name":"Startseite","item":"https:\/\/www.qwien.at\/en\/"},{"@type":"ListItem","position":2,"name":"Samstags um 4 mit Nicole Salomon"}]},{"@type":"WebSite","@id":"https:\/\/www.qwien.at\/en\/#website","url":"https:\/\/www.qwien.at\/en\/","name":"Qwien - Zentrum f\u00fcr queere Geschichte","description":"","publisher":{"@id":"https:\/\/www.qwien.at\/en\/#organization"},"potentialAction":[{"@type":"SearchAction","target":{"@type":"EntryPoint","urlTemplate":"https:\/\/www.qwien.at\/en\/?s={search_term_string}"},"query-input":{"@type":"PropertyValueSpecification","valueRequired":true,"valueName":"search_term_string"}}],"inLanguage":"en-US"},{"@type":"Organization","@id":"https:\/\/www.qwien.at\/en\/#organization","name":"Qwien","url":"https:\/\/www.qwien.at\/en\/","logo":{"@type":"ImageObject","inLanguage":"en-US","@id":"https:\/\/www.qwien.at\/en\/#\/schema\/logo\/image\/","url":"https:\/\/www.qwien.at\/wp-content\/uploads\/2025\/06\/seo-yoast-2.png","contentUrl":"https:\/\/www.qwien.at\/wp-content\/uploads\/2025\/06\/seo-yoast-2.png","width":697,"height":697,"caption":"Qwien"},"image":{"@id":"https:\/\/www.qwien.at\/en\/#\/schema\/logo\/image\/"},"sameAs":["https:\/\/www.instagram.com\/qwien.zentrum\/"]},{"@type":"Person","@id":"https:\/\/www.qwien.at\/en\/#\/schema\/person\/ae99a9cf404d3bd4044efc69c8de17f9","name":"Max Sohm"}]}},"_links":{"self":[{"href":"https:\/\/www.qwien.at\/en\/wp-json\/wp\/v2\/posts\/13710","targetHints":{"allow":["GET"]}}],"collection":[{"href":"https:\/\/www.qwien.at\/en\/wp-json\/wp\/v2\/posts"}],"about":[{"href":"https:\/\/www.qwien.at\/en\/wp-json\/wp\/v2\/types\/post"}],"author":[{"embeddable":true,"href":"https:\/\/www.qwien.at\/en\/wp-json\/wp\/v2\/users\/13"}],"replies":[{"embeddable":true,"href":"https:\/\/www.qwien.at\/en\/wp-json\/wp\/v2\/comments?post=13710"}],"version-history":[{"count":6,"href":"https:\/\/www.qwien.at\/en\/wp-json\/wp\/v2\/posts\/13710\/revisions"}],"predecessor-version":[{"id":13721,"href":"https:\/\/www.qwien.at\/en\/wp-json\/wp\/v2\/posts\/13710\/revisions\/13721"}],"wp:featuredmedia":[{"embeddable":true,"href":"https:\/\/www.qwien.at\/en\/wp-json\/wp\/v2\/media\/13711"}],"wp:attachment":[{"href":"https:\/\/www.qwien.at\/en\/wp-json\/wp\/v2\/media?parent=13710"}],"wp:term":[{"taxonomy":"category","embeddable":true,"href":"https:\/\/www.qwien.at\/en\/wp-json\/wp\/v2\/categories?post=13710"},{"taxonomy":"post_tag","embeddable":true,"href":"https:\/\/www.qwien.at\/en\/wp-json\/wp\/v2\/tags?post=13710"}],"curies":[{"name":"wp","href":"https:\/\/api.w.org\/{rel}","templated":true}]}}